{"id":87529,"date":"2021-12-22T04:21:05","date_gmt":"2021-12-22T04:21:05","guid":{"rendered":"https:\/\/quehacerpolitico.mx\/?p=87529"},"modified":"2021-12-22T04:21:07","modified_gmt":"2021-12-22T04:21:07","slug":"hoy-mexico-acumula-mas-de-146-millones-dosis-aplicadas","status":"publish","type":"post","link":"https:\/\/quehacerpolitico.mx\/?p=87529","title":{"rendered":"Hoy M\u00e9xico acumula m\u00e1s de 146 millones dosis aplicadas"},"content":{"rendered":"\n<p>Por Redacci\u00f3n QP<\/p>\n\n\n\n<p>La Secretar\u00eda de Salud detall\u00f3 en un comunicado que que lunes se aplicaron 294 mil 016 inyecciones<\/p>\n\n\n\n<p>La Secretar\u00eda de Salud inform\u00f3 que hasta el momento&nbsp;<strong>81 millones 896 mil 526 personas han recibido al menos una dosis de la vacuna anticovid<\/strong>, de las cuales 72 millones 263 mil 651 tienen esquema completo y nueve millones 632 mil 875 recibieron su primera dosis.<\/p>\n\n\n\n<p>A trav\u00e9s de un comunicado, la instituci\u00f3n precis\u00f3 que contin\u00faa la Estrategia Nacional de Vacunaci\u00f3n en todo el pa\u00eds, y asegur\u00f3 que&nbsp;<strong>este lunes se aplicaron 294 mil 016 dosis, para un acumulado de 146 millones 863 mil 343 vacunas suministradas en todo el pa\u00eds.<\/strong><\/p>\n\n\n\n<p>Dijo que a\u00fan sigue la vacunaci\u00f3n para j\u00f3venes de entre 15 y 17 a\u00f1os y aplicaci\u00f3n de tercera dosis (refuerzo) para personas mayores de 60 a\u00f1os.<\/p>\n\n\n\n<p>Detall\u00f3 que en los embarques programados del 20 al 24 de diciembre se contar\u00e1 con tres millones 556 mil 540 dosis de Pfizer-BioNTech y AstraZeneca; de este \u00faltimo laboratorio, el 20 de diciembre se liberaron un mill\u00f3n 576 mil 900 envasadas en la planta Liomont, en el Estado de M\u00e9xico, y este d\u00eda arribaron 585 mil provenientes de Estados Unidos.<\/p>\n\n\n\n<p>Respecto a la situaci\u00f3n actual de la pandemia, la semana epidemiol\u00f3gica n\u00famero 49, indic\u00f3 que se registra\u00a0<strong>una disminuci\u00f3n de 17 por ciento en el n\u00famero de casos estimados en comparaci\u00f3n con la semana previa.<\/strong><\/p>\n\n\n\n<p>Tambi\u00e9n agreg\u00f3 que&nbsp;<strong>se estiman 16 mil 463 casos activos<\/strong>, que representan 0.4 por ciento del total reportado desde el inicio de la emergencia sanitaria. Adem\u00e1s,&nbsp;<strong>se han recuperado tres millones 292 mil 106 personas.<\/strong><\/p>\n\n\n\n<p>Indic\u00f3 que la hospitalizaci\u00f3n se redujo 91 por ciento con relaci\u00f3n al punto m\u00e1s alto de la tercera ola epid\u00e9mica en enero pasado. En la actualidad, la ocupaci\u00f3n de camas generales se ubica en 15 por ciento y la de camas con ventilador mec\u00e1nico se mantiene sin cambios, en 11 por ciento.<\/p>\n\n\n\n<p>Con Informaci\u00f3n de SUN <\/p>\n","protected":false},"excerpt":{"rendered":"<p>Por Redacci\u00f3n QP La Secretar\u00eda de Salud detall\u00f3 en un comunicado que que lunes se&#8230;<\/p>\n","protected":false},"author":2,"featured_media":87530,"comment_status":"open","ping_status":"open","sticky":false,"template":"","format":"standard","meta":{"_monsterinsights_skip_tracking":false,"_monsterinsights_sitenote_active":false,"_monsterinsights_sitenote_note":"","_monsterinsights_sitenote_category":0,"footnotes":""},"categories":[2],"tags":[],"class_list":["post-87529","post","type-post","status-publish","format-standard","has-post-thumbnail","hentry","category-noticias"],"yoast_head":"<!-- This site is optimized with the Yoast SEO plugin v27.3 - https:\/\/yoast.com\/product\/yoast-seo-wordpress\/ -->\n<title>Hoy M\u00e9xico acumula m\u00e1s de 146 millones dosis aplicadas -<\/title>\n<meta name=\"robots\" content=\"index, follow, max-snippet:-1, max-image-preview:large, max-video-preview:-1\" \/>\n<link rel=\"canonical\" href=\"https:\/\/quehacerpolitico.mx\/?p=87529\" \/>\n<meta property=\"og:locale\" content=\"es_MX\" \/>\n<meta property=\"og:type\" content=\"article\" \/>\n<meta property=\"og:title\" content=\"Hoy M\u00e9xico acumula m\u00e1s de 146 millones dosis aplicadas -\" \/>\n<meta property=\"og:description\" content=\"Por Redacci\u00f3n QP La Secretar\u00eda de Salud detall\u00f3 en un comunicado que que lunes se...\" \/>\n<meta property=\"og:url\" content=\"https:\/\/quehacerpolitico.mx\/?p=87529\" \/>\n<meta property=\"article:published_time\" content=\"2021-12-22T04:21:05+00:00\" \/>\n<meta property=\"article:modified_time\" content=\"2021-12-22T04:21:07+00:00\" \/>\n<meta property=\"og:image\" content=\"https:\/\/quehacerpolitico.mx\/wp-content\/uploads\/2021\/12\/B4610EF1-DD95-4967-8C37-185FC7399952.jpeg\" \/>\n\t<meta property=\"og:image:width\" content=\"678\" \/>\n\t<meta property=\"og:image:height\" content=\"452\" \/>\n\t<meta property=\"og:image:type\" content=\"image\/jpeg\" \/>\n<meta name=\"author\" content=\"Redacci\u00f3n QP\" \/>\n<meta name=\"twitter:card\" content=\"summary_large_image\" \/>\n<meta name=\"twitter:label1\" content=\"Escrito por\" \/>\n\t<meta name=\"twitter:data1\" content=\"Redacci\u00f3n QP\" \/>\n\t<meta name=\"twitter:label2\" content=\"Tiempo de lectura\" \/>\n\t<meta name=\"twitter:data2\" content=\"2 minutos\" \/>\n<script type=\"application\/ld+json\" class=\"yoast-schema-graph\">{\"@context\":\"https:\\\/\\\/schema.org\",\"@graph\":[{\"@type\":\"Article\",\"@id\":\"https:\\\/\\\/quehacerpolitico.mx\\\/?p=87529#article\",\"isPartOf\":{\"@id\":\"https:\\\/\\\/quehacerpolitico.mx\\\/?p=87529\"},\"author\":{\"name\":\"Redacci\u00f3n QP\",\"@id\":\"https:\\\/\\\/quehacerpolitico.mx\\\/#\\\/schema\\\/person\\\/496d8ad2d1d3f8036101dca7ee39e585\"},\"headline\":\"Hoy M\u00e9xico acumula m\u00e1s de 146 millones dosis aplicadas\",\"datePublished\":\"2021-12-22T04:21:05+00:00\",\"dateModified\":\"2021-12-22T04:21:07+00:00\",\"mainEntityOfPage\":{\"@id\":\"https:\\\/\\\/quehacerpolitico.mx\\\/?p=87529\"},\"wordCount\":334,\"commentCount\":0,\"image\":{\"@id\":\"https:\\\/\\\/quehacerpolitico.mx\\\/?p=87529#primaryimage\"},\"thumbnailUrl\":\"https:\\\/\\\/quehacerpolitico.mx\\\/wp-content\\\/uploads\\\/2021\\\/12\\\/B4610EF1-DD95-4967-8C37-185FC7399952.jpeg\",\"articleSection\":[\"Noticias\"],\"inLanguage\":\"es\",\"potentialAction\":[{\"@type\":\"CommentAction\",\"name\":\"Comment\",\"target\":[\"https:\\\/\\\/quehacerpolitico.mx\\\/?p=87529#respond\"]}]},{\"@type\":\"WebPage\",\"@id\":\"https:\\\/\\\/quehacerpolitico.mx\\\/?p=87529\",\"url\":\"https:\\\/\\\/quehacerpolitico.mx\\\/?p=87529\",\"name\":\"Hoy M\u00e9xico acumula m\u00e1s de 146 millones dosis aplicadas -\",\"isPartOf\":{\"@id\":\"https:\\\/\\\/quehacerpolitico.mx\\\/#website\"},\"primaryImageOfPage\":{\"@id\":\"https:\\\/\\\/quehacerpolitico.mx\\\/?p=87529#primaryimage\"},\"image\":{\"@id\":\"https:\\\/\\\/quehacerpolitico.mx\\\/?p=87529#primaryimage\"},\"thumbnailUrl\":\"https:\\\/\\\/quehacerpolitico.mx\\\/wp-content\\\/uploads\\\/2021\\\/12\\\/B4610EF1-DD95-4967-8C37-185FC7399952.jpeg\",\"datePublished\":\"2021-12-22T04:21:05+00:00\",\"dateModified\":\"2021-12-22T04:21:07+00:00\",\"author\":{\"@id\":\"https:\\\/\\\/quehacerpolitico.mx\\\/#\\\/schema\\\/person\\\/496d8ad2d1d3f8036101dca7ee39e585\"},\"breadcrumb\":{\"@id\":\"https:\\\/\\\/quehacerpolitico.mx\\\/?p=87529#breadcrumb\"},\"inLanguage\":\"es\",\"potentialAction\":[{\"@type\":\"ReadAction\",\"target\":[\"https:\\\/\\\/quehacerpolitico.mx\\\/?p=87529\"]}]},{\"@type\":\"ImageObject\",\"inLanguage\":\"es\",\"@id\":\"https:\\\/\\\/quehacerpolitico.mx\\\/?p=87529#primaryimage\",\"url\":\"https:\\\/\\\/quehacerpolitico.mx\\\/wp-content\\\/uploads\\\/2021\\\/12\\\/B4610EF1-DD95-4967-8C37-185FC7399952.jpeg\",\"contentUrl\":\"https:\\\/\\\/quehacerpolitico.mx\\\/wp-content\\\/uploads\\\/2021\\\/12\\\/B4610EF1-DD95-4967-8C37-185FC7399952.jpeg\",\"width\":678,\"height\":452},{\"@type\":\"BreadcrumbList\",\"@id\":\"https:\\\/\\\/quehacerpolitico.mx\\\/?p=87529#breadcrumb\",\"itemListElement\":[{\"@type\":\"ListItem\",\"position\":1,\"name\":\"Inicio\",\"item\":\"https:\\\/\\\/quehacerpolitico.mx\\\/\"},{\"@type\":\"ListItem\",\"position\":2,\"name\":\"Hoy M\u00e9xico acumula m\u00e1s de 146 millones dosis aplicadas\"}]},{\"@type\":\"WebSite\",\"@id\":\"https:\\\/\\\/quehacerpolitico.mx\\\/#website\",\"url\":\"https:\\\/\\\/quehacerpolitico.mx\\\/\",\"name\":\"\",\"description\":\"\",\"potentialAction\":[{\"@type\":\"SearchAction\",\"target\":{\"@type\":\"EntryPoint\",\"urlTemplate\":\"https:\\\/\\\/quehacerpolitico.mx\\\/?s={search_term_string}\"},\"query-input\":{\"@type\":\"PropertyValueSpecification\",\"valueRequired\":true,\"valueName\":\"search_term_string\"}}],\"inLanguage\":\"es\"},{\"@type\":\"Person\",\"@id\":\"https:\\\/\\\/quehacerpolitico.mx\\\/#\\\/schema\\\/person\\\/496d8ad2d1d3f8036101dca7ee39e585\",\"name\":\"Redacci\u00f3n QP\",\"image\":{\"@type\":\"ImageObject\",\"inLanguage\":\"es\",\"@id\":\"https:\\\/\\\/secure.gravatar.com\\\/avatar\\\/c7164ed6fdec453195284ad24a5ae5b6e1eed2b848477fa2a4787ba9adf39a41?s=96&d=mm&r=g\",\"url\":\"https:\\\/\\\/secure.gravatar.com\\\/avatar\\\/c7164ed6fdec453195284ad24a5ae5b6e1eed2b848477fa2a4787ba9adf39a41?s=96&d=mm&r=g\",\"contentUrl\":\"https:\\\/\\\/secure.gravatar.com\\\/avatar\\\/c7164ed6fdec453195284ad24a5ae5b6e1eed2b848477fa2a4787ba9adf39a41?s=96&d=mm&r=g\",\"caption\":\"Redacci\u00f3n QP\"},\"url\":\"https:\\\/\\\/quehacerpolitico.mx\\\/?author=2\"}]}<\/script>\n<!-- \/ Yoast SEO plugin. -->","yoast_head_json":{"title":"Hoy M\u00e9xico acumula m\u00e1s de 146 millones dosis aplicadas -","robots":{"index":"index","follow":"follow","max-snippet":"max-snippet:-1","max-image-preview":"max-image-preview:large","max-video-preview":"max-video-preview:-1"},"canonical":"https:\/\/quehacerpolitico.mx\/?p=87529","og_locale":"es_MX","og_type":"article","og_title":"Hoy M\u00e9xico acumula m\u00e1s de 146 millones dosis aplicadas -","og_description":"Por Redacci\u00f3n QP La Secretar\u00eda de Salud detall\u00f3 en un comunicado que que lunes se...","og_url":"https:\/\/quehacerpolitico.mx\/?p=87529","article_published_time":"2021-12-22T04:21:05+00:00","article_modified_time":"2021-12-22T04:21:07+00:00","og_image":[{"width":678,"height":452,"url":"https:\/\/quehacerpolitico.mx\/wp-content\/uploads\/2021\/12\/B4610EF1-DD95-4967-8C37-185FC7399952.jpeg","type":"image\/jpeg"}],"author":"Redacci\u00f3n QP","twitter_card":"summary_large_image","twitter_misc":{"Escrito por":"Redacci\u00f3n QP","Tiempo de lectura":"2 minutos"},"schema":{"@context":"https:\/\/schema.org","@graph":[{"@type":"Article","@id":"https:\/\/quehacerpolitico.mx\/?p=87529#article","isPartOf":{"@id":"https:\/\/quehacerpolitico.mx\/?p=87529"},"author":{"name":"Redacci\u00f3n QP","@id":"https:\/\/quehacerpolitico.mx\/#\/schema\/person\/496d8ad2d1d3f8036101dca7ee39e585"},"headline":"Hoy M\u00e9xico acumula m\u00e1s de 146 millones dosis aplicadas","datePublished":"2021-12-22T04:21:05+00:00","dateModified":"2021-12-22T04:21:07+00:00","mainEntityOfPage":{"@id":"https:\/\/quehacerpolitico.mx\/?p=87529"},"wordCount":334,"commentCount":0,"image":{"@id":"https:\/\/quehacerpolitico.mx\/?p=87529#primaryimage"},"thumbnailUrl":"https:\/\/quehacerpolitico.mx\/wp-content\/uploads\/2021\/12\/B4610EF1-DD95-4967-8C37-185FC7399952.jpeg","articleSection":["Noticias"],"inLanguage":"es","potentialAction":[{"@type":"CommentAction","name":"Comment","target":["https:\/\/quehacerpolitico.mx\/?p=87529#respond"]}]},{"@type":"WebPage","@id":"https:\/\/quehacerpolitico.mx\/?p=87529","url":"https:\/\/quehacerpolitico.mx\/?p=87529","name":"Hoy M\u00e9xico acumula m\u00e1s de 146 millones dosis aplicadas -","isPartOf":{"@id":"https:\/\/quehacerpolitico.mx\/#website"},"primaryImageOfPage":{"@id":"https:\/\/quehacerpolitico.mx\/?p=87529#primaryimage"},"image":{"@id":"https:\/\/quehacerpolitico.mx\/?p=87529#primaryimage"},"thumbnailUrl":"https:\/\/quehacerpolitico.mx\/wp-content\/uploads\/2021\/12\/B4610EF1-DD95-4967-8C37-185FC7399952.jpeg","datePublished":"2021-12-22T04:21:05+00:00","dateModified":"2021-12-22T04:21:07+00:00","author":{"@id":"https:\/\/quehacerpolitico.mx\/#\/schema\/person\/496d8ad2d1d3f8036101dca7ee39e585"},"breadcrumb":{"@id":"https:\/\/quehacerpolitico.mx\/?p=87529#breadcrumb"},"inLanguage":"es","potentialAction":[{"@type":"ReadAction","target":["https:\/\/quehacerpolitico.mx\/?p=87529"]}]},{"@type":"ImageObject","inLanguage":"es","@id":"https:\/\/quehacerpolitico.mx\/?p=87529#primaryimage","url":"https:\/\/quehacerpolitico.mx\/wp-content\/uploads\/2021\/12\/B4610EF1-DD95-4967-8C37-185FC7399952.jpeg","contentUrl":"https:\/\/quehacerpolitico.mx\/wp-content\/uploads\/2021\/12\/B4610EF1-DD95-4967-8C37-185FC7399952.jpeg","width":678,"height":452},{"@type":"BreadcrumbList","@id":"https:\/\/quehacerpolitico.mx\/?p=87529#breadcrumb","itemListElement":[{"@type":"ListItem","position":1,"name":"Inicio","item":"https:\/\/quehacerpolitico.mx\/"},{"@type":"ListItem","position":2,"name":"Hoy M\u00e9xico acumula m\u00e1s de 146 millones dosis aplicadas"}]},{"@type":"WebSite","@id":"https:\/\/quehacerpolitico.mx\/#website","url":"https:\/\/quehacerpolitico.mx\/","name":"","description":"","potentialAction":[{"@type":"SearchAction","target":{"@type":"EntryPoint","urlTemplate":"https:\/\/quehacerpolitico.mx\/?s={search_term_string}"},"query-input":{"@type":"PropertyValueSpecification","valueRequired":true,"valueName":"search_term_string"}}],"inLanguage":"es"},{"@type":"Person","@id":"https:\/\/quehacerpolitico.mx\/#\/schema\/person\/496d8ad2d1d3f8036101dca7ee39e585","name":"Redacci\u00f3n QP","image":{"@type":"ImageObject","inLanguage":"es","@id":"https:\/\/secure.gravatar.com\/avatar\/c7164ed6fdec453195284ad24a5ae5b6e1eed2b848477fa2a4787ba9adf39a41?s=96&d=mm&r=g","url":"https:\/\/secure.gravatar.com\/avatar\/c7164ed6fdec453195284ad24a5ae5b6e1eed2b848477fa2a4787ba9adf39a41?s=96&d=mm&r=g","contentUrl":"https:\/\/secure.gravatar.com\/avatar\/c7164ed6fdec453195284ad24a5ae5b6e1eed2b848477fa2a4787ba9adf39a41?s=96&d=mm&r=g","caption":"Redacci\u00f3n QP"},"url":"https:\/\/quehacerpolitico.mx\/?author=2"}]}},"featured_image_urls":{"full":["https:\/\/quehacerpolitico.mx\/wp-content\/uploads\/2021\/12\/B4610EF1-DD95-4967-8C37-185FC7399952.jpeg",678,452,false],"thumbnail":["https:\/\/quehacerpolitico.mx\/wp-content\/uploads\/2021\/12\/B4610EF1-DD95-4967-8C37-185FC7399952-150x150.jpeg",150,150,true],"medium":["https:\/\/quehacerpolitico.mx\/wp-content\/uploads\/2021\/12\/B4610EF1-DD95-4967-8C37-185FC7399952-300x200.jpeg",300,200,true],"medium_large":["https:\/\/quehacerpolitico.mx\/wp-content\/uploads\/2021\/12\/B4610EF1-DD95-4967-8C37-185FC7399952.jpeg",640,427,false],"large":["https:\/\/quehacerpolitico.mx\/wp-content\/uploads\/2021\/12\/B4610EF1-DD95-4967-8C37-185FC7399952.jpeg",640,427,false],"1536x1536":["https:\/\/quehacerpolitico.mx\/wp-content\/uploads\/2021\/12\/B4610EF1-DD95-4967-8C37-185FC7399952.jpeg",678,452,false],"2048x2048":["https:\/\/quehacerpolitico.mx\/wp-content\/uploads\/2021\/12\/B4610EF1-DD95-4967-8C37-185FC7399952.jpeg",678,452,false],"covernews-featured":["https:\/\/quehacerpolitico.mx\/wp-content\/uploads\/2021\/12\/B4610EF1-DD95-4967-8C37-185FC7399952.jpeg",678,452,false],"covernews-medium":["https:\/\/quehacerpolitico.mx\/wp-content\/uploads\/2021\/12\/B4610EF1-DD95-4967-8C37-185FC7399952.jpeg",510,340,false]},"author_info":{"display_name":"Redacci\u00f3n QP","author_link":"https:\/\/quehacerpolitico.mx\/?author=2"},"category_info":"<a href=\"https:\/\/quehacerpolitico.mx\/?cat=2\" rel=\"category\">Noticias<\/a>","tag_info":"Noticias","comment_count":"0","_links":{"self":[{"href":"https:\/\/quehacerpolitico.mx\/index.php?rest_route=\/wp\/v2\/posts\/87529","targetHints":{"allow":["GET"]}}],"collection":[{"href":"https:\/\/quehacerpolitico.mx\/index.php?rest_route=\/wp\/v2\/posts"}],"about":[{"href":"https:\/\/quehacerpolitico.mx\/index.php?rest_route=\/wp\/v2\/types\/post"}],"author":[{"embeddable":true,"href":"https:\/\/quehacerpolitico.mx\/index.php?rest_route=\/wp\/v2\/users\/2"}],"replies":[{"embeddable":true,"href":"https:\/\/quehacerpolitico.mx\/index.php?rest_route=%2Fwp%2Fv2%2Fcomments&post=87529"}],"version-history":[{"count":1,"href":"https:\/\/quehacerpolitico.mx\/index.php?rest_route=\/wp\/v2\/posts\/87529\/revisions"}],"predecessor-version":[{"id":87531,"href":"https:\/\/quehacerpolitico.mx\/index.php?rest_route=\/wp\/v2\/posts\/87529\/revisions\/87531"}],"wp:featuredmedia":[{"embeddable":true,"href":"https:\/\/quehacerpolitico.mx\/index.php?rest_route=\/wp\/v2\/media\/87530"}],"wp:attachment":[{"href":"https:\/\/quehacerpolitico.mx\/index.php?rest_route=%2Fwp%2Fv2%2Fmedia&parent=87529"}],"wp:term":[{"taxonomy":"category","embeddable":true,"href":"https:\/\/quehacerpolitico.mx\/index.php?rest_route=%2Fwp%2Fv2%2Fcategories&post=87529"},{"taxonomy":"post_tag","embeddable":true,"href":"https:\/\/quehacerpolitico.mx\/index.php?rest_route=%2Fwp%2Fv2%2Ftags&post=87529"}],"curies":[{"name":"wp","href":"https:\/\/api.w.org\/{rel}","templated":true}]}}