{"id":87514,"date":"2021-12-21T15:56:11","date_gmt":"2021-12-21T15:56:11","guid":{"rendered":"https:\/\/quehacerpolitico.mx\/?p=87514"},"modified":"2021-12-21T15:56:14","modified_gmt":"2021-12-21T15:56:14","slug":"cuantos-casos-de-la-nueva-variante-omicron-hay-en-mexico","status":"publish","type":"post","link":"https:\/\/quehacerpolitico.mx\/?p=87514","title":{"rendered":"\u00bfCu\u00e1ntos casos de la nueva variante \u00d3micron hay en M\u00e9xico?"},"content":{"rendered":"\n<p>Por Redacci\u00f3n QP<\/p>\n\n\n\n<p>L\u00f3pez-Gatell resalt\u00f3 que &#8220;70 % de quienes han sido identificados en este conjunto de 23 secuencias gen\u00e9ticas no hab\u00edan sido vacunados&#8221;<\/p>\n\n\n\n<p>A 15 d\u00edas de haberse confirmado el primer caso de \u00f3micron en M\u00e9xico, el subsecretario de Prevenci\u00f3n y Promoci\u00f3n de la Salud, Hugo L\u00f3pez-Gatell inform\u00f3 que hasta el momento se han identificado un total de 23 personas contagiadas con la nueva variante del COVID.<\/p>\n\n\n\n<p>&#8220;<strong>Hasta el momento tenemos 23 muestras identificadas de igual n\u00famero de personas<\/strong>, tres que fueron estudiadas a detalle y que dimos a conocer la semana pasada, (y) hay 20 adicionales que fueron detectadas por su secuenciaci\u00f3n gen\u00e9tica en un instituto nacional de salud&#8221;, expuso L\u00f3pez-Gatell.<\/p>\n\n\n\n<p>El primer caso de \u00f3micron en M\u00e9xico se detect\u00f3 el 3 de diciembre y fue un hombre de 51 a\u00f1os proveniente de Sud\u00e1frica, que ingres\u00f3 al hospital, pero solo fue por prevenci\u00f3n.<\/p>\n\n\n\n<p>&#8220;Estas 23 personas que han tenido la variante \u00f3micron tienen s\u00edntomas leves, ninguno ha sido hospitalizado por raz\u00f3n de salud. El \u00fanico fue el caso inicial que anunciamos hace un par de semanas que se hospitaliz\u00f3 de manera voluntaria para prevenir contagios, no contagi\u00f3 a ninguno&#8221;, expuso.<\/p>\n\n\n\n<figure class=\"wp-block-embed is-type-rich is-provider-twitter wp-block-embed-twitter\"><div class=\"wp-block-embed__wrapper\">\n<blockquote class=\"twitter-tweet\" data-width=\"550\" data-dnt=\"true\"><p lang=\"es\" dir=\"ltr\">\u00a1Ay nanita! En M\u00e9xico ya hay 23 casos de \u00d3MICRON \ud83e\udd7a<br><br>S\u00f3lo uno fue hospitalizado por voluntad propia, los dem\u00e1s casos tienen s\u00edntomas leves, seg\u00fan <a href=\"https:\/\/twitter.com\/HLGatell?ref_src=twsrc%5Etfw\">@HLGatell<\/a> <a href=\"https:\/\/t.co\/2yzSHmrtEv\">pic.twitter.com\/2yzSHmrtEv<\/a><\/p>&mdash; Ruido en la Red (@RuidoEnLaRed) <a href=\"https:\/\/twitter.com\/RuidoEnLaRed\/status\/1473285732710203400?ref_src=twsrc%5Etfw\">December 21, 2021<\/a><\/blockquote><script async src=\"https:\/\/platform.twitter.com\/widgets.js\" charset=\"utf-8\"><\/script>\n<\/div><\/figure>\n\n\n\n<p>L\u00f3pez-Gatell resalt\u00f3 que\u00a0<strong>&#8220;70 % de quienes han sido identificados en este conjunto de 23 secuencias gen\u00e9ticas no hab\u00edan sido vacunados&#8221;<\/strong>.<\/p>\n\n\n\n<p>Detall\u00f3 que los casos se concentran en tres regiones: Ciudad de M\u00e9xico, Estado de M\u00e9xico y Tamaulipas, adem\u00e1s de un caso sospechoso en Sinaloa.<\/p>\n\n\n\n<blockquote class=\"wp-block-quote is-layout-flow wp-block-quote-is-layout-flow\"><p>&#8220;La epidemia de COVID en este momento en M\u00e9xico y en muchos otros pa\u00edses con alta cobertura de vacunaci\u00f3n es una epidemia de personas no vacunadas&#8221;<\/p><\/blockquote>\n\n\n\n<p>M\u00e9xico acumula m\u00e1s de 3.93 millones de casos de COVID-19 y casi 298 mil muertes reconocidas, la cuarta cifra m\u00e1s alta del mundo.<\/p>\n\n\n\n<p>El pa\u00eds afront\u00f3 una tercera ola de contagios por la variante delta que alcanz\u00f3 su pico entre julio y agosto.<\/p>\n\n\n\n<p>Pero desde entonces hay una constante tendencia a la baja que se ha mantenido estas semanas, sostuvo L\u00f3pez-Gatell.<\/p>\n\n\n\n<p><strong>&#8220;Lo que vemos hasta este momento es una tendencia de reducci\u00f3n que ha sido sostenida ya por varios meses&#8221;<\/strong>, asever\u00f3.<\/p>\n\n\n\n<p>El Gobierno lo ha atribuido a la vacunaci\u00f3n, al afirmar que es el s\u00e9ptimo pa\u00eds del mundo que ha aplicado mayor cantidad de dosis absolutas.<\/p>\n\n\n\n<p>Hasta ahora, se han aplicado 146.8 millones de dosis a 81.9 millones de personas, lo que significa que el 88% de la poblaci\u00f3n adulta ha recibido al menos una dosis.<\/p>\n\n\n\n<p>Con Informaci\u00f3n de EFE<\/p>\n","protected":false},"excerpt":{"rendered":"<p>Por Redacci\u00f3n QP L\u00f3pez-Gatell resalt\u00f3 que &#8220;70 % de quienes han sido identificados en este&#8230;<\/p>\n","protected":false},"author":2,"featured_media":87515,"comment_status":"open","ping_status":"open","sticky":false,"template":"","format":"standard","meta":{"_monsterinsights_skip_tracking":false,"_monsterinsights_sitenote_active":false,"_monsterinsights_sitenote_note":"","_monsterinsights_sitenote_category":0,"footnotes":""},"categories":[2],"tags":[],"class_list":["post-87514","post","type-post","status-publish","format-standard","has-post-thumbnail","hentry","category-noticias"],"yoast_head":"<!-- This site is optimized with the Yoast SEO plugin v27.3 - https:\/\/yoast.com\/product\/yoast-seo-wordpress\/ -->\n<title>\u00bfCu\u00e1ntos casos de la nueva variante \u00d3micron hay en M\u00e9xico? -<\/title>\n<meta name=\"robots\" content=\"index, follow, max-snippet:-1, max-image-preview:large, max-video-preview:-1\" \/>\n<link rel=\"canonical\" href=\"https:\/\/quehacerpolitico.mx\/?p=87514\" \/>\n<meta property=\"og:locale\" content=\"es_MX\" \/>\n<meta property=\"og:type\" content=\"article\" \/>\n<meta property=\"og:title\" content=\"\u00bfCu\u00e1ntos casos de la nueva variante \u00d3micron hay en M\u00e9xico? -\" \/>\n<meta property=\"og:description\" content=\"Por Redacci\u00f3n QP L\u00f3pez-Gatell resalt\u00f3 que &#8220;70 % de quienes han sido identificados en este...\" \/>\n<meta property=\"og:url\" content=\"https:\/\/quehacerpolitico.mx\/?p=87514\" \/>\n<meta property=\"article:published_time\" content=\"2021-12-21T15:56:11+00:00\" \/>\n<meta property=\"article:modified_time\" content=\"2021-12-21T15:56:14+00:00\" \/>\n<meta property=\"og:image\" content=\"https:\/\/quehacerpolitico.mx\/wp-content\/uploads\/2021\/12\/76AE8409-6A65-433E-AF70-541A3D594A2D.jpeg\" \/>\n\t<meta property=\"og:image:width\" content=\"1284\" \/>\n\t<meta property=\"og:image:height\" content=\"582\" \/>\n\t<meta property=\"og:image:type\" content=\"image\/jpeg\" \/>\n<meta name=\"author\" content=\"Redacci\u00f3n QP\" \/>\n<meta name=\"twitter:card\" content=\"summary_large_image\" \/>\n<meta name=\"twitter:label1\" content=\"Escrito por\" \/>\n\t<meta name=\"twitter:data1\" content=\"Redacci\u00f3n QP\" \/>\n\t<meta name=\"twitter:label2\" content=\"Tiempo de lectura\" \/>\n\t<meta name=\"twitter:data2\" content=\"2 minutos\" \/>\n<script type=\"application\/ld+json\" class=\"yoast-schema-graph\">{\"@context\":\"https:\\\/\\\/schema.org\",\"@graph\":[{\"@type\":\"Article\",\"@id\":\"https:\\\/\\\/quehacerpolitico.mx\\\/?p=87514#article\",\"isPartOf\":{\"@id\":\"https:\\\/\\\/quehacerpolitico.mx\\\/?p=87514\"},\"author\":{\"name\":\"Redacci\u00f3n QP\",\"@id\":\"https:\\\/\\\/quehacerpolitico.mx\\\/#\\\/schema\\\/person\\\/496d8ad2d1d3f8036101dca7ee39e585\"},\"headline\":\"\u00bfCu\u00e1ntos casos de la nueva variante \u00d3micron hay en M\u00e9xico?\",\"datePublished\":\"2021-12-21T15:56:11+00:00\",\"dateModified\":\"2021-12-21T15:56:14+00:00\",\"mainEntityOfPage\":{\"@id\":\"https:\\\/\\\/quehacerpolitico.mx\\\/?p=87514\"},\"wordCount\":442,\"commentCount\":0,\"image\":{\"@id\":\"https:\\\/\\\/quehacerpolitico.mx\\\/?p=87514#primaryimage\"},\"thumbnailUrl\":\"https:\\\/\\\/quehacerpolitico.mx\\\/wp-content\\\/uploads\\\/2021\\\/12\\\/76AE8409-6A65-433E-AF70-541A3D594A2D.jpeg\",\"articleSection\":[\"Noticias\"],\"inLanguage\":\"es\",\"potentialAction\":[{\"@type\":\"CommentAction\",\"name\":\"Comment\",\"target\":[\"https:\\\/\\\/quehacerpolitico.mx\\\/?p=87514#respond\"]}]},{\"@type\":\"WebPage\",\"@id\":\"https:\\\/\\\/quehacerpolitico.mx\\\/?p=87514\",\"url\":\"https:\\\/\\\/quehacerpolitico.mx\\\/?p=87514\",\"name\":\"\u00bfCu\u00e1ntos casos de la nueva variante \u00d3micron hay en M\u00e9xico? -\",\"isPartOf\":{\"@id\":\"https:\\\/\\\/quehacerpolitico.mx\\\/#website\"},\"primaryImageOfPage\":{\"@id\":\"https:\\\/\\\/quehacerpolitico.mx\\\/?p=87514#primaryimage\"},\"image\":{\"@id\":\"https:\\\/\\\/quehacerpolitico.mx\\\/?p=87514#primaryimage\"},\"thumbnailUrl\":\"https:\\\/\\\/quehacerpolitico.mx\\\/wp-content\\\/uploads\\\/2021\\\/12\\\/76AE8409-6A65-433E-AF70-541A3D594A2D.jpeg\",\"datePublished\":\"2021-12-21T15:56:11+00:00\",\"dateModified\":\"2021-12-21T15:56:14+00:00\",\"author\":{\"@id\":\"https:\\\/\\\/quehacerpolitico.mx\\\/#\\\/schema\\\/person\\\/496d8ad2d1d3f8036101dca7ee39e585\"},\"breadcrumb\":{\"@id\":\"https:\\\/\\\/quehacerpolitico.mx\\\/?p=87514#breadcrumb\"},\"inLanguage\":\"es\",\"potentialAction\":[{\"@type\":\"ReadAction\",\"target\":[\"https:\\\/\\\/quehacerpolitico.mx\\\/?p=87514\"]}]},{\"@type\":\"ImageObject\",\"inLanguage\":\"es\",\"@id\":\"https:\\\/\\\/quehacerpolitico.mx\\\/?p=87514#primaryimage\",\"url\":\"https:\\\/\\\/quehacerpolitico.mx\\\/wp-content\\\/uploads\\\/2021\\\/12\\\/76AE8409-6A65-433E-AF70-541A3D594A2D.jpeg\",\"contentUrl\":\"https:\\\/\\\/quehacerpolitico.mx\\\/wp-content\\\/uploads\\\/2021\\\/12\\\/76AE8409-6A65-433E-AF70-541A3D594A2D.jpeg\",\"width\":1284,\"height\":582},{\"@type\":\"BreadcrumbList\",\"@id\":\"https:\\\/\\\/quehacerpolitico.mx\\\/?p=87514#breadcrumb\",\"itemListElement\":[{\"@type\":\"ListItem\",\"position\":1,\"name\":\"Inicio\",\"item\":\"https:\\\/\\\/quehacerpolitico.mx\\\/\"},{\"@type\":\"ListItem\",\"position\":2,\"name\":\"\u00bfCu\u00e1ntos casos de la nueva variante \u00d3micron hay en M\u00e9xico?\"}]},{\"@type\":\"WebSite\",\"@id\":\"https:\\\/\\\/quehacerpolitico.mx\\\/#website\",\"url\":\"https:\\\/\\\/quehacerpolitico.mx\\\/\",\"name\":\"\",\"description\":\"\",\"potentialAction\":[{\"@type\":\"SearchAction\",\"target\":{\"@type\":\"EntryPoint\",\"urlTemplate\":\"https:\\\/\\\/quehacerpolitico.mx\\\/?s={search_term_string}\"},\"query-input\":{\"@type\":\"PropertyValueSpecification\",\"valueRequired\":true,\"valueName\":\"search_term_string\"}}],\"inLanguage\":\"es\"},{\"@type\":\"Person\",\"@id\":\"https:\\\/\\\/quehacerpolitico.mx\\\/#\\\/schema\\\/person\\\/496d8ad2d1d3f8036101dca7ee39e585\",\"name\":\"Redacci\u00f3n QP\",\"image\":{\"@type\":\"ImageObject\",\"inLanguage\":\"es\",\"@id\":\"https:\\\/\\\/secure.gravatar.com\\\/avatar\\\/c7164ed6fdec453195284ad24a5ae5b6e1eed2b848477fa2a4787ba9adf39a41?s=96&d=mm&r=g\",\"url\":\"https:\\\/\\\/secure.gravatar.com\\\/avatar\\\/c7164ed6fdec453195284ad24a5ae5b6e1eed2b848477fa2a4787ba9adf39a41?s=96&d=mm&r=g\",\"contentUrl\":\"https:\\\/\\\/secure.gravatar.com\\\/avatar\\\/c7164ed6fdec453195284ad24a5ae5b6e1eed2b848477fa2a4787ba9adf39a41?s=96&d=mm&r=g\",\"caption\":\"Redacci\u00f3n QP\"},\"url\":\"https:\\\/\\\/quehacerpolitico.mx\\\/?author=2\"}]}<\/script>\n<!-- \/ Yoast SEO plugin. -->","yoast_head_json":{"title":"\u00bfCu\u00e1ntos casos de la nueva variante \u00d3micron hay en M\u00e9xico? -","robots":{"index":"index","follow":"follow","max-snippet":"max-snippet:-1","max-image-preview":"max-image-preview:large","max-video-preview":"max-video-preview:-1"},"canonical":"https:\/\/quehacerpolitico.mx\/?p=87514","og_locale":"es_MX","og_type":"article","og_title":"\u00bfCu\u00e1ntos casos de la nueva variante \u00d3micron hay en M\u00e9xico? -","og_description":"Por Redacci\u00f3n QP L\u00f3pez-Gatell resalt\u00f3 que &#8220;70 % de quienes han sido identificados en este...","og_url":"https:\/\/quehacerpolitico.mx\/?p=87514","article_published_time":"2021-12-21T15:56:11+00:00","article_modified_time":"2021-12-21T15:56:14+00:00","og_image":[{"width":1284,"height":582,"url":"https:\/\/quehacerpolitico.mx\/wp-content\/uploads\/2021\/12\/76AE8409-6A65-433E-AF70-541A3D594A2D.jpeg","type":"image\/jpeg"}],"author":"Redacci\u00f3n QP","twitter_card":"summary_large_image","twitter_misc":{"Escrito por":"Redacci\u00f3n QP","Tiempo de lectura":"2 minutos"},"schema":{"@context":"https:\/\/schema.org","@graph":[{"@type":"Article","@id":"https:\/\/quehacerpolitico.mx\/?p=87514#article","isPartOf":{"@id":"https:\/\/quehacerpolitico.mx\/?p=87514"},"author":{"name":"Redacci\u00f3n QP","@id":"https:\/\/quehacerpolitico.mx\/#\/schema\/person\/496d8ad2d1d3f8036101dca7ee39e585"},"headline":"\u00bfCu\u00e1ntos casos de la nueva variante \u00d3micron hay en M\u00e9xico?","datePublished":"2021-12-21T15:56:11+00:00","dateModified":"2021-12-21T15:56:14+00:00","mainEntityOfPage":{"@id":"https:\/\/quehacerpolitico.mx\/?p=87514"},"wordCount":442,"commentCount":0,"image":{"@id":"https:\/\/quehacerpolitico.mx\/?p=87514#primaryimage"},"thumbnailUrl":"https:\/\/quehacerpolitico.mx\/wp-content\/uploads\/2021\/12\/76AE8409-6A65-433E-AF70-541A3D594A2D.jpeg","articleSection":["Noticias"],"inLanguage":"es","potentialAction":[{"@type":"CommentAction","name":"Comment","target":["https:\/\/quehacerpolitico.mx\/?p=87514#respond"]}]},{"@type":"WebPage","@id":"https:\/\/quehacerpolitico.mx\/?p=87514","url":"https:\/\/quehacerpolitico.mx\/?p=87514","name":"\u00bfCu\u00e1ntos casos de la nueva variante \u00d3micron hay en M\u00e9xico? -","isPartOf":{"@id":"https:\/\/quehacerpolitico.mx\/#website"},"primaryImageOfPage":{"@id":"https:\/\/quehacerpolitico.mx\/?p=87514#primaryimage"},"image":{"@id":"https:\/\/quehacerpolitico.mx\/?p=87514#primaryimage"},"thumbnailUrl":"https:\/\/quehacerpolitico.mx\/wp-content\/uploads\/2021\/12\/76AE8409-6A65-433E-AF70-541A3D594A2D.jpeg","datePublished":"2021-12-21T15:56:11+00:00","dateModified":"2021-12-21T15:56:14+00:00","author":{"@id":"https:\/\/quehacerpolitico.mx\/#\/schema\/person\/496d8ad2d1d3f8036101dca7ee39e585"},"breadcrumb":{"@id":"https:\/\/quehacerpolitico.mx\/?p=87514#breadcrumb"},"inLanguage":"es","potentialAction":[{"@type":"ReadAction","target":["https:\/\/quehacerpolitico.mx\/?p=87514"]}]},{"@type":"ImageObject","inLanguage":"es","@id":"https:\/\/quehacerpolitico.mx\/?p=87514#primaryimage","url":"https:\/\/quehacerpolitico.mx\/wp-content\/uploads\/2021\/12\/76AE8409-6A65-433E-AF70-541A3D594A2D.jpeg","contentUrl":"https:\/\/quehacerpolitico.mx\/wp-content\/uploads\/2021\/12\/76AE8409-6A65-433E-AF70-541A3D594A2D.jpeg","width":1284,"height":582},{"@type":"BreadcrumbList","@id":"https:\/\/quehacerpolitico.mx\/?p=87514#breadcrumb","itemListElement":[{"@type":"ListItem","position":1,"name":"Inicio","item":"https:\/\/quehacerpolitico.mx\/"},{"@type":"ListItem","position":2,"name":"\u00bfCu\u00e1ntos casos de la nueva variante \u00d3micron hay en M\u00e9xico?"}]},{"@type":"WebSite","@id":"https:\/\/quehacerpolitico.mx\/#website","url":"https:\/\/quehacerpolitico.mx\/","name":"","description":"","potentialAction":[{"@type":"SearchAction","target":{"@type":"EntryPoint","urlTemplate":"https:\/\/quehacerpolitico.mx\/?s={search_term_string}"},"query-input":{"@type":"PropertyValueSpecification","valueRequired":true,"valueName":"search_term_string"}}],"inLanguage":"es"},{"@type":"Person","@id":"https:\/\/quehacerpolitico.mx\/#\/schema\/person\/496d8ad2d1d3f8036101dca7ee39e585","name":"Redacci\u00f3n QP","image":{"@type":"ImageObject","inLanguage":"es","@id":"https:\/\/secure.gravatar.com\/avatar\/c7164ed6fdec453195284ad24a5ae5b6e1eed2b848477fa2a4787ba9adf39a41?s=96&d=mm&r=g","url":"https:\/\/secure.gravatar.com\/avatar\/c7164ed6fdec453195284ad24a5ae5b6e1eed2b848477fa2a4787ba9adf39a41?s=96&d=mm&r=g","contentUrl":"https:\/\/secure.gravatar.com\/avatar\/c7164ed6fdec453195284ad24a5ae5b6e1eed2b848477fa2a4787ba9adf39a41?s=96&d=mm&r=g","caption":"Redacci\u00f3n QP"},"url":"https:\/\/quehacerpolitico.mx\/?author=2"}]}},"featured_image_urls":{"full":["https:\/\/quehacerpolitico.mx\/wp-content\/uploads\/2021\/12\/76AE8409-6A65-433E-AF70-541A3D594A2D.jpeg",1284,582,false],"thumbnail":["https:\/\/quehacerpolitico.mx\/wp-content\/uploads\/2021\/12\/76AE8409-6A65-433E-AF70-541A3D594A2D-150x150.jpeg",150,150,true],"medium":["https:\/\/quehacerpolitico.mx\/wp-content\/uploads\/2021\/12\/76AE8409-6A65-433E-AF70-541A3D594A2D-300x136.jpeg",300,136,true],"medium_large":["https:\/\/quehacerpolitico.mx\/wp-content\/uploads\/2021\/12\/76AE8409-6A65-433E-AF70-541A3D594A2D-768x348.jpeg",640,290,true],"large":["https:\/\/quehacerpolitico.mx\/wp-content\/uploads\/2021\/12\/76AE8409-6A65-433E-AF70-541A3D594A2D-1024x464.jpeg",640,290,true],"1536x1536":["https:\/\/quehacerpolitico.mx\/wp-content\/uploads\/2021\/12\/76AE8409-6A65-433E-AF70-541A3D594A2D.jpeg",1284,582,false],"2048x2048":["https:\/\/quehacerpolitico.mx\/wp-content\/uploads\/2021\/12\/76AE8409-6A65-433E-AF70-541A3D594A2D.jpeg",1284,582,false],"covernews-featured":["https:\/\/quehacerpolitico.mx\/wp-content\/uploads\/2021\/12\/76AE8409-6A65-433E-AF70-541A3D594A2D.jpeg",1024,464,false],"covernews-medium":["https:\/\/quehacerpolitico.mx\/wp-content\/uploads\/2021\/12\/76AE8409-6A65-433E-AF70-541A3D594A2D.jpeg",540,245,false]},"author_info":{"display_name":"Redacci\u00f3n QP","author_link":"https:\/\/quehacerpolitico.mx\/?author=2"},"category_info":"<a href=\"https:\/\/quehacerpolitico.mx\/?cat=2\" rel=\"category\">Noticias<\/a>","tag_info":"Noticias","comment_count":"0","_links":{"self":[{"href":"https:\/\/quehacerpolitico.mx\/index.php?rest_route=\/wp\/v2\/posts\/87514","targetHints":{"allow":["GET"]}}],"collection":[{"href":"https:\/\/quehacerpolitico.mx\/index.php?rest_route=\/wp\/v2\/posts"}],"about":[{"href":"https:\/\/quehacerpolitico.mx\/index.php?rest_route=\/wp\/v2\/types\/post"}],"author":[{"embeddable":true,"href":"https:\/\/quehacerpolitico.mx\/index.php?rest_route=\/wp\/v2\/users\/2"}],"replies":[{"embeddable":true,"href":"https:\/\/quehacerpolitico.mx\/index.php?rest_route=%2Fwp%2Fv2%2Fcomments&post=87514"}],"version-history":[{"count":1,"href":"https:\/\/quehacerpolitico.mx\/index.php?rest_route=\/wp\/v2\/posts\/87514\/revisions"}],"predecessor-version":[{"id":87516,"href":"https:\/\/quehacerpolitico.mx\/index.php?rest_route=\/wp\/v2\/posts\/87514\/revisions\/87516"}],"wp:featuredmedia":[{"embeddable":true,"href":"https:\/\/quehacerpolitico.mx\/index.php?rest_route=\/wp\/v2\/media\/87515"}],"wp:attachment":[{"href":"https:\/\/quehacerpolitico.mx\/index.php?rest_route=%2Fwp%2Fv2%2Fmedia&parent=87514"}],"wp:term":[{"taxonomy":"category","embeddable":true,"href":"https:\/\/quehacerpolitico.mx\/index.php?rest_route=%2Fwp%2Fv2%2Fcategories&post=87514"},{"taxonomy":"post_tag","embeddable":true,"href":"https:\/\/quehacerpolitico.mx\/index.php?rest_route=%2Fwp%2Fv2%2Ftags&post=87514"}],"curies":[{"name":"wp","href":"https:\/\/api.w.org\/{rel}","templated":true}]}}