{"id":87511,"date":"2021-12-21T15:40:16","date_gmt":"2021-12-21T15:40:16","guid":{"rendered":"https:\/\/quehacerpolitico.mx\/?p=87511"},"modified":"2021-12-21T15:40:19","modified_gmt":"2021-12-21T15:40:19","slug":"netflix-esta-de-estreno-con-la-pelicula-mexicana-una-navidad-no-tan-padre","status":"publish","type":"post","link":"https:\/\/quehacerpolitico.mx\/?p=87511","title":{"rendered":"Netflix est\u00e1 de estreno con la pel\u00edcula mexicana \u201cUna Navidad no tan padre\u201d"},"content":{"rendered":"\n<p>Por Redacci\u00f3n QP<\/p>\n\n\n\n<p>Netflix contin\u00faa con los estrenos de diciembre y hoy la plataforma estrena una comedia mexicana con la actuaci\u00f3n de H\u00e9ctor Bonilla<\/p>\n\n\n\n<p>Este 21 de diciembre se estrena en la plataforma de\u00a0<em>streaming<\/em>\u00a0internacional, Netflix, la pel\u00edcula\u00a0<strong>Una navidad no tan padre<\/strong>, protagonizada por H\u00e9ctor Bonilla, Ang\u00e9lica Mar\u00eda, Benny Ibarra, Jaqueline Bracamontes, Renata Notni, Juan Pablo de Santiago y Daniel Mart\u00ednez.<\/p>\n\n\n\n<figure class=\"wp-block-embed is-type-video is-provider-youtube wp-block-embed-youtube wp-embed-aspect-16-9 wp-has-aspect-ratio\"><div class=\"wp-block-embed__wrapper\">\n<iframe loading=\"lazy\" title=\"Una navidad no tan padre | Tr\u00e1iler oficial | Netflix\" width=\"640\" height=\"360\" src=\"https:\/\/www.youtube.com\/embed\/jlZBmiOfk2E?feature=oembed\" frameborder=\"0\" allow=\"accelerometer; autoplay; clipboard-write; encrypted-media; gyroscope; picture-in-picture; web-share\" referrerpolicy=\"strict-origin-when-cross-origin\" allowfullscreen><\/iframe>\n<\/div><\/figure>\n\n\n\n<p>La comedia con una historia de acuerdo a la temporada decembrina, ahora narra una original trama en la que\u00a0<em>Don Servando<\/em>,\u00a0<em>Fran<\/em>,\u00a0<em>Alma<\/em>\u00a0y su familia extendida se van de vacaciones para Navidad.<\/p>\n\n\n\n<p>Despu\u00e9s de los acontecimientos de\u00a0<strong>Un padre no tan padre<\/strong>\u00a0(2016),\u00a0<strong><em>Don\u00a0Servando<\/em>, mejor conocido como el abuelo gru\u00f1\u00f3n. Pasar\u00e1 la Navidad junto con una nueva familia extendida<\/strong>\u00a0formada por su hijo\u00a0<em>Fran<\/em>, su nuera\u00a0<em>Alma<\/em>\u00a0y una divertida comuna\u00a0<em>hippie<\/em>\u00a0que incluye a\u00a0<em>Gala<\/em>,\u00a0<em>Renato<\/em>\u00a0y\u00a0<em>Bill<\/em>.<\/p>\n\n\n\n<p>Todos viajar\u00e1n a la playa para pasar la Navidad con la t\u00eda de\u00a0<em>Alma<\/em>,\u00a0<em>Do\u00f1a Alicia<\/em>, una exigente mujer que se convierte en la n\u00e9mesis definitiva de\u00a0<em>Don Servando<\/em>.\u00a0<strong>Cuando su posici\u00f3n en la familia es cuestionada,\u00a0<em>Don\u00a0Servando<\/em>\u00a0no se detendr\u00e1 ante nada para demostrar que\u00a0<em>Alicia<\/em>\u00a0es una persona horrible<\/strong>\u00a0que solo ve por s\u00ed misma, incluso si eso significa arruinar la Navidad para todos.<\/p>\n\n\n\n<p>Con la participaci\u00f3n de un gran elenco,\u00a0<strong>Una Navidad no tan padre<\/strong>\u00a0est\u00e1 disponible en\u00a0Netflixa partir de este 21 de diciembre, bajo la direcci\u00f3n de Ra\u00fal Mart\u00ednez, escrita por Eduardo Donjuan &amp; Pedro Gonz\u00e1lez \u201cZulu\u201d, y Michelle S. Castro como director de fotograf\u00eda.<\/p>\n","protected":false},"excerpt":{"rendered":"<p>Por Redacci\u00f3n QP Netflix contin\u00faa con los estrenos de diciembre y hoy la plataforma estrena&#8230;<\/p>\n","protected":false},"author":2,"featured_media":87512,"comment_status":"open","ping_status":"open","sticky":false,"template":"","format":"standard","meta":{"_monsterinsights_skip_tracking":false,"_monsterinsights_sitenote_active":false,"_monsterinsights_sitenote_note":"","_monsterinsights_sitenote_category":0,"footnotes":""},"categories":[58],"tags":[],"class_list":["post-87511","post","type-post","status-publish","format-standard","has-post-thumbnail","hentry","category-cultura"],"yoast_head":"<!-- This site is optimized with the Yoast SEO plugin v27.3 - https:\/\/yoast.com\/product\/yoast-seo-wordpress\/ -->\n<title>Netflix est\u00e1 de estreno con la pel\u00edcula mexicana \u201cUna Navidad no tan padre\u201d -<\/title>\n<meta name=\"robots\" content=\"index, follow, max-snippet:-1, max-image-preview:large, max-video-preview:-1\" \/>\n<link rel=\"canonical\" href=\"https:\/\/quehacerpolitico.mx\/?p=87511\" \/>\n<meta property=\"og:locale\" content=\"es_MX\" \/>\n<meta property=\"og:type\" content=\"article\" \/>\n<meta property=\"og:title\" content=\"Netflix est\u00e1 de estreno con la pel\u00edcula mexicana \u201cUna Navidad no tan padre\u201d -\" \/>\n<meta property=\"og:description\" content=\"Por Redacci\u00f3n QP Netflix contin\u00faa con los estrenos de diciembre y hoy la plataforma estrena...\" \/>\n<meta property=\"og:url\" content=\"https:\/\/quehacerpolitico.mx\/?p=87511\" \/>\n<meta property=\"article:published_time\" content=\"2021-12-21T15:40:16+00:00\" \/>\n<meta property=\"article:modified_time\" content=\"2021-12-21T15:40:19+00:00\" \/>\n<meta property=\"og:image\" content=\"https:\/\/quehacerpolitico.mx\/wp-content\/uploads\/2021\/12\/10BF19C4-0A80-44D1-86CB-D9B7309DB1BE.webp\" \/>\n\t<meta property=\"og:image:width\" content=\"800\" \/>\n\t<meta property=\"og:image:height\" content=\"501\" \/>\n\t<meta property=\"og:image:type\" content=\"image\/webp\" \/>\n<meta name=\"author\" content=\"Redacci\u00f3n QP\" \/>\n<meta name=\"twitter:card\" content=\"summary_large_image\" \/>\n<meta name=\"twitter:label1\" content=\"Escrito por\" \/>\n\t<meta name=\"twitter:data1\" content=\"Redacci\u00f3n QP\" \/>\n\t<meta name=\"twitter:label2\" content=\"Tiempo de lectura\" \/>\n\t<meta name=\"twitter:data2\" content=\"1 minuto\" \/>\n<script type=\"application\/ld+json\" class=\"yoast-schema-graph\">{\"@context\":\"https:\\\/\\\/schema.org\",\"@graph\":[{\"@type\":\"Article\",\"@id\":\"https:\\\/\\\/quehacerpolitico.mx\\\/?p=87511#article\",\"isPartOf\":{\"@id\":\"https:\\\/\\\/quehacerpolitico.mx\\\/?p=87511\"},\"author\":{\"name\":\"Redacci\u00f3n QP\",\"@id\":\"https:\\\/\\\/quehacerpolitico.mx\\\/#\\\/schema\\\/person\\\/496d8ad2d1d3f8036101dca7ee39e585\"},\"headline\":\"Netflix est\u00e1 de estreno con la pel\u00edcula mexicana \u201cUna Navidad no tan padre\u201d\",\"datePublished\":\"2021-12-21T15:40:16+00:00\",\"dateModified\":\"2021-12-21T15:40:19+00:00\",\"mainEntityOfPage\":{\"@id\":\"https:\\\/\\\/quehacerpolitico.mx\\\/?p=87511\"},\"wordCount\":293,\"commentCount\":0,\"image\":{\"@id\":\"https:\\\/\\\/quehacerpolitico.mx\\\/?p=87511#primaryimage\"},\"thumbnailUrl\":\"https:\\\/\\\/quehacerpolitico.mx\\\/wp-content\\\/uploads\\\/2021\\\/12\\\/10BF19C4-0A80-44D1-86CB-D9B7309DB1BE.webp\",\"articleSection\":[\"Cultura y Entretenimiento\"],\"inLanguage\":\"es\",\"potentialAction\":[{\"@type\":\"CommentAction\",\"name\":\"Comment\",\"target\":[\"https:\\\/\\\/quehacerpolitico.mx\\\/?p=87511#respond\"]}]},{\"@type\":\"WebPage\",\"@id\":\"https:\\\/\\\/quehacerpolitico.mx\\\/?p=87511\",\"url\":\"https:\\\/\\\/quehacerpolitico.mx\\\/?p=87511\",\"name\":\"Netflix est\u00e1 de estreno con la pel\u00edcula mexicana \u201cUna Navidad no tan padre\u201d -\",\"isPartOf\":{\"@id\":\"https:\\\/\\\/quehacerpolitico.mx\\\/#website\"},\"primaryImageOfPage\":{\"@id\":\"https:\\\/\\\/quehacerpolitico.mx\\\/?p=87511#primaryimage\"},\"image\":{\"@id\":\"https:\\\/\\\/quehacerpolitico.mx\\\/?p=87511#primaryimage\"},\"thumbnailUrl\":\"https:\\\/\\\/quehacerpolitico.mx\\\/wp-content\\\/uploads\\\/2021\\\/12\\\/10BF19C4-0A80-44D1-86CB-D9B7309DB1BE.webp\",\"datePublished\":\"2021-12-21T15:40:16+00:00\",\"dateModified\":\"2021-12-21T15:40:19+00:00\",\"author\":{\"@id\":\"https:\\\/\\\/quehacerpolitico.mx\\\/#\\\/schema\\\/person\\\/496d8ad2d1d3f8036101dca7ee39e585\"},\"breadcrumb\":{\"@id\":\"https:\\\/\\\/quehacerpolitico.mx\\\/?p=87511#breadcrumb\"},\"inLanguage\":\"es\",\"potentialAction\":[{\"@type\":\"ReadAction\",\"target\":[\"https:\\\/\\\/quehacerpolitico.mx\\\/?p=87511\"]}]},{\"@type\":\"ImageObject\",\"inLanguage\":\"es\",\"@id\":\"https:\\\/\\\/quehacerpolitico.mx\\\/?p=87511#primaryimage\",\"url\":\"https:\\\/\\\/quehacerpolitico.mx\\\/wp-content\\\/uploads\\\/2021\\\/12\\\/10BF19C4-0A80-44D1-86CB-D9B7309DB1BE.webp\",\"contentUrl\":\"https:\\\/\\\/quehacerpolitico.mx\\\/wp-content\\\/uploads\\\/2021\\\/12\\\/10BF19C4-0A80-44D1-86CB-D9B7309DB1BE.webp\",\"width\":800,\"height\":501},{\"@type\":\"BreadcrumbList\",\"@id\":\"https:\\\/\\\/quehacerpolitico.mx\\\/?p=87511#breadcrumb\",\"itemListElement\":[{\"@type\":\"ListItem\",\"position\":1,\"name\":\"Inicio\",\"item\":\"https:\\\/\\\/quehacerpolitico.mx\\\/\"},{\"@type\":\"ListItem\",\"position\":2,\"name\":\"Netflix est\u00e1 de estreno con la pel\u00edcula mexicana \u201cUna Navidad no tan padre\u201d\"}]},{\"@type\":\"WebSite\",\"@id\":\"https:\\\/\\\/quehacerpolitico.mx\\\/#website\",\"url\":\"https:\\\/\\\/quehacerpolitico.mx\\\/\",\"name\":\"\",\"description\":\"\",\"potentialAction\":[{\"@type\":\"SearchAction\",\"target\":{\"@type\":\"EntryPoint\",\"urlTemplate\":\"https:\\\/\\\/quehacerpolitico.mx\\\/?s={search_term_string}\"},\"query-input\":{\"@type\":\"PropertyValueSpecification\",\"valueRequired\":true,\"valueName\":\"search_term_string\"}}],\"inLanguage\":\"es\"},{\"@type\":\"Person\",\"@id\":\"https:\\\/\\\/quehacerpolitico.mx\\\/#\\\/schema\\\/person\\\/496d8ad2d1d3f8036101dca7ee39e585\",\"name\":\"Redacci\u00f3n QP\",\"image\":{\"@type\":\"ImageObject\",\"inLanguage\":\"es\",\"@id\":\"https:\\\/\\\/secure.gravatar.com\\\/avatar\\\/c7164ed6fdec453195284ad24a5ae5b6e1eed2b848477fa2a4787ba9adf39a41?s=96&d=mm&r=g\",\"url\":\"https:\\\/\\\/secure.gravatar.com\\\/avatar\\\/c7164ed6fdec453195284ad24a5ae5b6e1eed2b848477fa2a4787ba9adf39a41?s=96&d=mm&r=g\",\"contentUrl\":\"https:\\\/\\\/secure.gravatar.com\\\/avatar\\\/c7164ed6fdec453195284ad24a5ae5b6e1eed2b848477fa2a4787ba9adf39a41?s=96&d=mm&r=g\",\"caption\":\"Redacci\u00f3n QP\"},\"url\":\"https:\\\/\\\/quehacerpolitico.mx\\\/?author=2\"}]}<\/script>\n<!-- \/ Yoast SEO plugin. -->","yoast_head_json":{"title":"Netflix est\u00e1 de estreno con la pel\u00edcula mexicana \u201cUna Navidad no tan padre\u201d -","robots":{"index":"index","follow":"follow","max-snippet":"max-snippet:-1","max-image-preview":"max-image-preview:large","max-video-preview":"max-video-preview:-1"},"canonical":"https:\/\/quehacerpolitico.mx\/?p=87511","og_locale":"es_MX","og_type":"article","og_title":"Netflix est\u00e1 de estreno con la pel\u00edcula mexicana \u201cUna Navidad no tan padre\u201d -","og_description":"Por Redacci\u00f3n QP Netflix contin\u00faa con los estrenos de diciembre y hoy la plataforma estrena...","og_url":"https:\/\/quehacerpolitico.mx\/?p=87511","article_published_time":"2021-12-21T15:40:16+00:00","article_modified_time":"2021-12-21T15:40:19+00:00","og_image":[{"width":800,"height":501,"url":"https:\/\/quehacerpolitico.mx\/wp-content\/uploads\/2021\/12\/10BF19C4-0A80-44D1-86CB-D9B7309DB1BE.webp","type":"image\/webp"}],"author":"Redacci\u00f3n QP","twitter_card":"summary_large_image","twitter_misc":{"Escrito por":"Redacci\u00f3n QP","Tiempo de lectura":"1 minuto"},"schema":{"@context":"https:\/\/schema.org","@graph":[{"@type":"Article","@id":"https:\/\/quehacerpolitico.mx\/?p=87511#article","isPartOf":{"@id":"https:\/\/quehacerpolitico.mx\/?p=87511"},"author":{"name":"Redacci\u00f3n QP","@id":"https:\/\/quehacerpolitico.mx\/#\/schema\/person\/496d8ad2d1d3f8036101dca7ee39e585"},"headline":"Netflix est\u00e1 de estreno con la pel\u00edcula mexicana \u201cUna Navidad no tan padre\u201d","datePublished":"2021-12-21T15:40:16+00:00","dateModified":"2021-12-21T15:40:19+00:00","mainEntityOfPage":{"@id":"https:\/\/quehacerpolitico.mx\/?p=87511"},"wordCount":293,"commentCount":0,"image":{"@id":"https:\/\/quehacerpolitico.mx\/?p=87511#primaryimage"},"thumbnailUrl":"https:\/\/quehacerpolitico.mx\/wp-content\/uploads\/2021\/12\/10BF19C4-0A80-44D1-86CB-D9B7309DB1BE.webp","articleSection":["Cultura y Entretenimiento"],"inLanguage":"es","potentialAction":[{"@type":"CommentAction","name":"Comment","target":["https:\/\/quehacerpolitico.mx\/?p=87511#respond"]}]},{"@type":"WebPage","@id":"https:\/\/quehacerpolitico.mx\/?p=87511","url":"https:\/\/quehacerpolitico.mx\/?p=87511","name":"Netflix est\u00e1 de estreno con la pel\u00edcula mexicana \u201cUna Navidad no tan padre\u201d -","isPartOf":{"@id":"https:\/\/quehacerpolitico.mx\/#website"},"primaryImageOfPage":{"@id":"https:\/\/quehacerpolitico.mx\/?p=87511#primaryimage"},"image":{"@id":"https:\/\/quehacerpolitico.mx\/?p=87511#primaryimage"},"thumbnailUrl":"https:\/\/quehacerpolitico.mx\/wp-content\/uploads\/2021\/12\/10BF19C4-0A80-44D1-86CB-D9B7309DB1BE.webp","datePublished":"2021-12-21T15:40:16+00:00","dateModified":"2021-12-21T15:40:19+00:00","author":{"@id":"https:\/\/quehacerpolitico.mx\/#\/schema\/person\/496d8ad2d1d3f8036101dca7ee39e585"},"breadcrumb":{"@id":"https:\/\/quehacerpolitico.mx\/?p=87511#breadcrumb"},"inLanguage":"es","potentialAction":[{"@type":"ReadAction","target":["https:\/\/quehacerpolitico.mx\/?p=87511"]}]},{"@type":"ImageObject","inLanguage":"es","@id":"https:\/\/quehacerpolitico.mx\/?p=87511#primaryimage","url":"https:\/\/quehacerpolitico.mx\/wp-content\/uploads\/2021\/12\/10BF19C4-0A80-44D1-86CB-D9B7309DB1BE.webp","contentUrl":"https:\/\/quehacerpolitico.mx\/wp-content\/uploads\/2021\/12\/10BF19C4-0A80-44D1-86CB-D9B7309DB1BE.webp","width":800,"height":501},{"@type":"BreadcrumbList","@id":"https:\/\/quehacerpolitico.mx\/?p=87511#breadcrumb","itemListElement":[{"@type":"ListItem","position":1,"name":"Inicio","item":"https:\/\/quehacerpolitico.mx\/"},{"@type":"ListItem","position":2,"name":"Netflix est\u00e1 de estreno con la pel\u00edcula mexicana \u201cUna Navidad no tan padre\u201d"}]},{"@type":"WebSite","@id":"https:\/\/quehacerpolitico.mx\/#website","url":"https:\/\/quehacerpolitico.mx\/","name":"","description":"","potentialAction":[{"@type":"SearchAction","target":{"@type":"EntryPoint","urlTemplate":"https:\/\/quehacerpolitico.mx\/?s={search_term_string}"},"query-input":{"@type":"PropertyValueSpecification","valueRequired":true,"valueName":"search_term_string"}}],"inLanguage":"es"},{"@type":"Person","@id":"https:\/\/quehacerpolitico.mx\/#\/schema\/person\/496d8ad2d1d3f8036101dca7ee39e585","name":"Redacci\u00f3n QP","image":{"@type":"ImageObject","inLanguage":"es","@id":"https:\/\/secure.gravatar.com\/avatar\/c7164ed6fdec453195284ad24a5ae5b6e1eed2b848477fa2a4787ba9adf39a41?s=96&d=mm&r=g","url":"https:\/\/secure.gravatar.com\/avatar\/c7164ed6fdec453195284ad24a5ae5b6e1eed2b848477fa2a4787ba9adf39a41?s=96&d=mm&r=g","contentUrl":"https:\/\/secure.gravatar.com\/avatar\/c7164ed6fdec453195284ad24a5ae5b6e1eed2b848477fa2a4787ba9adf39a41?s=96&d=mm&r=g","caption":"Redacci\u00f3n QP"},"url":"https:\/\/quehacerpolitico.mx\/?author=2"}]}},"featured_image_urls":{"full":["https:\/\/quehacerpolitico.mx\/wp-content\/uploads\/2021\/12\/10BF19C4-0A80-44D1-86CB-D9B7309DB1BE.webp",800,501,false],"thumbnail":["https:\/\/quehacerpolitico.mx\/wp-content\/uploads\/2021\/12\/10BF19C4-0A80-44D1-86CB-D9B7309DB1BE-150x150.webp",150,150,true],"medium":["https:\/\/quehacerpolitico.mx\/wp-content\/uploads\/2021\/12\/10BF19C4-0A80-44D1-86CB-D9B7309DB1BE-300x188.webp",300,188,true],"medium_large":["https:\/\/quehacerpolitico.mx\/wp-content\/uploads\/2021\/12\/10BF19C4-0A80-44D1-86CB-D9B7309DB1BE-768x481.webp",640,401,true],"large":["https:\/\/quehacerpolitico.mx\/wp-content\/uploads\/2021\/12\/10BF19C4-0A80-44D1-86CB-D9B7309DB1BE.webp",640,401,false],"1536x1536":["https:\/\/quehacerpolitico.mx\/wp-content\/uploads\/2021\/12\/10BF19C4-0A80-44D1-86CB-D9B7309DB1BE.webp",800,501,false],"2048x2048":["https:\/\/quehacerpolitico.mx\/wp-content\/uploads\/2021\/12\/10BF19C4-0A80-44D1-86CB-D9B7309DB1BE.webp",800,501,false],"covernews-featured":["https:\/\/quehacerpolitico.mx\/wp-content\/uploads\/2021\/12\/10BF19C4-0A80-44D1-86CB-D9B7309DB1BE.webp",800,501,false],"covernews-medium":["https:\/\/quehacerpolitico.mx\/wp-content\/uploads\/2021\/12\/10BF19C4-0A80-44D1-86CB-D9B7309DB1BE.webp",540,338,false]},"author_info":{"display_name":"Redacci\u00f3n QP","author_link":"https:\/\/quehacerpolitico.mx\/?author=2"},"category_info":"<a href=\"https:\/\/quehacerpolitico.mx\/?cat=58\" rel=\"category\">Cultura y Entretenimiento<\/a>","tag_info":"Cultura y Entretenimiento","comment_count":"0","_links":{"self":[{"href":"https:\/\/quehacerpolitico.mx\/index.php?rest_route=\/wp\/v2\/posts\/87511","targetHints":{"allow":["GET"]}}],"collection":[{"href":"https:\/\/quehacerpolitico.mx\/index.php?rest_route=\/wp\/v2\/posts"}],"about":[{"href":"https:\/\/quehacerpolitico.mx\/index.php?rest_route=\/wp\/v2\/types\/post"}],"author":[{"embeddable":true,"href":"https:\/\/quehacerpolitico.mx\/index.php?rest_route=\/wp\/v2\/users\/2"}],"replies":[{"embeddable":true,"href":"https:\/\/quehacerpolitico.mx\/index.php?rest_route=%2Fwp%2Fv2%2Fcomments&post=87511"}],"version-history":[{"count":1,"href":"https:\/\/quehacerpolitico.mx\/index.php?rest_route=\/wp\/v2\/posts\/87511\/revisions"}],"predecessor-version":[{"id":87513,"href":"https:\/\/quehacerpolitico.mx\/index.php?rest_route=\/wp\/v2\/posts\/87511\/revisions\/87513"}],"wp:featuredmedia":[{"embeddable":true,"href":"https:\/\/quehacerpolitico.mx\/index.php?rest_route=\/wp\/v2\/media\/87512"}],"wp:attachment":[{"href":"https:\/\/quehacerpolitico.mx\/index.php?rest_route=%2Fwp%2Fv2%2Fmedia&parent=87511"}],"wp:term":[{"taxonomy":"category","embeddable":true,"href":"https:\/\/quehacerpolitico.mx\/index.php?rest_route=%2Fwp%2Fv2%2Fcategories&post=87511"},{"taxonomy":"post_tag","embeddable":true,"href":"https:\/\/quehacerpolitico.mx\/index.php?rest_route=%2Fwp%2Fv2%2Ftags&post=87511"}],"curies":[{"name":"wp","href":"https:\/\/api.w.org\/{rel}","templated":true}]}}