{"id":87493,"date":"2021-12-21T05:12:14","date_gmt":"2021-12-21T05:12:14","guid":{"rendered":"https:\/\/quehacerpolitico.mx\/?p=87493"},"modified":"2021-12-21T05:12:16","modified_gmt":"2021-12-21T05:12:16","slug":"revocacion-de-mandato-pan-propone-extraordinario-para-dar-mas-presupuesto-al-ine","status":"publish","type":"post","link":"https:\/\/quehacerpolitico.mx\/?p=87493","title":{"rendered":"Revocaci\u00f3n de mandato: PAN propone extraordinario para dar m\u00e1s presupuesto al INE"},"content":{"rendered":"\n<p>Por Redacci\u00f3n QP<\/p>\n\n\n\n<p>La senadora del PAN Kenia L\u00f3pez dice que el INE necesita recursos para la consulta, no amenazas de juicios pol\u00edticos<\/p>\n\n\n\n<p><strong>La senadora del PAN Kenia L\u00f3pez Rabad\u00e1n\u00a0<\/strong>urgi\u00f3 a citar a la Comisi\u00f3n Permanente del Congreso para que llame a la C\u00e1mara de Diputados a\u00a0<strong>celebrar un periodo extraordinario de sesiones<\/strong>, con el fin de realizar las adecuaciones presupuestales y asignar mayores recursos al INE y as\u00ed se pueda llevar a cabo la consulta de revocaci\u00f3n de mandato.<\/p>\n\n\n\n<p>En conferencia de prensa virtual, la legisladora calific\u00f3 como una &#8220;aberraci\u00f3n&#8221; la solicitud de juicio pol\u00edtico contra los consejeros del INE que votaron por posponer la realizaci\u00f3n de la consulta.<\/p>\n\n\n\n<figure class=\"wp-block-embed is-type-rich is-provider-twitter wp-block-embed-twitter\"><div class=\"wp-block-embed__wrapper\">\n<blockquote class=\"twitter-tweet\" data-width=\"550\" data-dnt=\"true\"><p lang=\"es\" dir=\"ltr\">Lo que el <a href=\"https:\/\/twitter.com\/INEMexico?ref_src=twsrc%5Etfw\">@INEMexico<\/a> necesita son recursos, no amenazas<br><br>Que le quede claro a Morena: no tienen los votos para esa aberraci\u00f3n del juicio pol\u00edtico<br><br>Lo que la CDMX necesita es un mejor gobierno, de acuerdo con el INEGI es la entidad con m\u00e1s insatisfacci\u00f3n<br><br>Aqu\u00ed <a href=\"https:\/\/twitter.com\/hashtag\/LaContraMa%C3%B1anera?src=hash&amp;ref_src=twsrc%5Etfw\">#LaContraMa\u00f1anera<\/a>: <a href=\"https:\/\/t.co\/qlXrxDb98y\">pic.twitter.com\/qlXrxDb98y<\/a><\/p>&mdash; Dra. Kenia L\u00f3pez Rabad\u00e1n (@kenialopezr) <a href=\"https:\/\/twitter.com\/kenialopezr\/status\/1473093462971109378?ref_src=twsrc%5Etfw\">December 21, 2021<\/a><\/blockquote><script async src=\"https:\/\/platform.twitter.com\/widgets.js\" charset=\"utf-8\"><\/script>\n<\/div><\/figure>\n\n\n\n<p>&#8220;Minar al INE es empoderar al autoritarismo&#8221;, dijo la tambi\u00e9n presidenta de la Comisi\u00f3n de Derechos Humanos del Senado.<\/p>\n\n\n\n<p>&#8220;Lo que el INE necesita son recursos, no son amenazas de juicios pol\u00edticos, ni amedrentamientos de funcionarios del gobierno. Lo que esta instituci\u00f3n requiere es que se le asignen recursos suficientes para cumplir con el mandato de ley&#8221;, indic\u00f3 L\u00f3pez Rabad\u00e1n.<\/p>\n\n\n\n<p>Llam\u00f3 a los diputados de Morena y sus aliados a la mesura.<\/p>\n\n\n\n<p>&#8220;No puede el gobierno, ni pueden los legisladores de Morena andar amenazando a diestra y siniestra con juicios pol\u00edticos, sobre todo, a una instituci\u00f3n que est\u00e1 tan prestigiada en nuestro pa\u00eds. (\u2026) Entonces, que le bajen tres rayitas a su forma autoritaria de querer imponer sus decisiones. (\u2026) Lo primero que habr\u00edamos de decirle a Mario Delgado y a todos aquellos que est\u00e1n amenazando es que no tienen los votos para esa aberraci\u00f3n, porque en el Senado de la Rep\u00fablica no tienen las dos terceras partes&#8221;.<\/p>\n\n\n\n<p>Record\u00f3 que el ejercicio de revocaci\u00f3n de mandato obliga a instalar el mismo n\u00famero de casillas de una elecci\u00f3n federal, es decir, 161 mil casillas, capacitar a m\u00e1s de 480 mil funcionarios de casilla, imprimir las boletas y llevar a cabo el recuento de los votos recibidos, lo que requiere de miles de millones de pesos que el INE no tiene.<\/p>\n\n\n\n<p>Con Informaci\u00f3n de SUN <\/p>\n","protected":false},"excerpt":{"rendered":"<p>Por Redacci\u00f3n QP La senadora del PAN Kenia L\u00f3pez dice que el INE necesita recursos&#8230;<\/p>\n","protected":false},"author":2,"featured_media":87494,"comment_status":"open","ping_status":"open","sticky":false,"template":"","format":"standard","meta":{"_monsterinsights_skip_tracking":false,"_monsterinsights_sitenote_active":false,"_monsterinsights_sitenote_note":"","_monsterinsights_sitenote_category":0,"footnotes":""},"categories":[2],"tags":[],"class_list":["post-87493","post","type-post","status-publish","format-standard","has-post-thumbnail","hentry","category-noticias"],"yoast_head":"<!-- This site is optimized with the Yoast SEO plugin v27.3 - https:\/\/yoast.com\/product\/yoast-seo-wordpress\/ -->\n<title>Revocaci\u00f3n de mandato: PAN propone extraordinario para dar m\u00e1s presupuesto al INE -<\/title>\n<meta name=\"robots\" content=\"index, follow, max-snippet:-1, max-image-preview:large, max-video-preview:-1\" \/>\n<link rel=\"canonical\" href=\"https:\/\/quehacerpolitico.mx\/?p=87493\" \/>\n<meta property=\"og:locale\" content=\"es_MX\" \/>\n<meta property=\"og:type\" content=\"article\" \/>\n<meta property=\"og:title\" content=\"Revocaci\u00f3n de mandato: PAN propone extraordinario para dar m\u00e1s presupuesto al INE -\" \/>\n<meta property=\"og:description\" content=\"Por Redacci\u00f3n QP La senadora del PAN Kenia L\u00f3pez dice que el INE necesita recursos...\" \/>\n<meta property=\"og:url\" content=\"https:\/\/quehacerpolitico.mx\/?p=87493\" \/>\n<meta property=\"article:published_time\" content=\"2021-12-21T05:12:14+00:00\" \/>\n<meta property=\"article:modified_time\" content=\"2021-12-21T05:12:16+00:00\" \/>\n<meta property=\"og:image\" content=\"https:\/\/quehacerpolitico.mx\/wp-content\/uploads\/2021\/12\/3BF49285-6124-462D-A13E-10D447F61011.jpeg\" \/>\n\t<meta property=\"og:image:width\" content=\"399\" \/>\n\t<meta property=\"og:image:height\" content=\"399\" \/>\n\t<meta property=\"og:image:type\" content=\"image\/jpeg\" \/>\n<meta name=\"author\" content=\"Redacci\u00f3n QP\" \/>\n<meta name=\"twitter:card\" content=\"summary_large_image\" \/>\n<meta name=\"twitter:label1\" content=\"Escrito por\" \/>\n\t<meta name=\"twitter:data1\" content=\"Redacci\u00f3n QP\" \/>\n\t<meta name=\"twitter:label2\" content=\"Tiempo de lectura\" \/>\n\t<meta name=\"twitter:data2\" content=\"2 minutos\" \/>\n<script type=\"application\/ld+json\" class=\"yoast-schema-graph\">{\"@context\":\"https:\\\/\\\/schema.org\",\"@graph\":[{\"@type\":\"Article\",\"@id\":\"https:\\\/\\\/quehacerpolitico.mx\\\/?p=87493#article\",\"isPartOf\":{\"@id\":\"https:\\\/\\\/quehacerpolitico.mx\\\/?p=87493\"},\"author\":{\"name\":\"Redacci\u00f3n QP\",\"@id\":\"https:\\\/\\\/quehacerpolitico.mx\\\/#\\\/schema\\\/person\\\/496d8ad2d1d3f8036101dca7ee39e585\"},\"headline\":\"Revocaci\u00f3n de mandato: PAN propone extraordinario para dar m\u00e1s presupuesto al INE\",\"datePublished\":\"2021-12-21T05:12:14+00:00\",\"dateModified\":\"2021-12-21T05:12:16+00:00\",\"mainEntityOfPage\":{\"@id\":\"https:\\\/\\\/quehacerpolitico.mx\\\/?p=87493\"},\"wordCount\":379,\"commentCount\":0,\"image\":{\"@id\":\"https:\\\/\\\/quehacerpolitico.mx\\\/?p=87493#primaryimage\"},\"thumbnailUrl\":\"https:\\\/\\\/quehacerpolitico.mx\\\/wp-content\\\/uploads\\\/2021\\\/12\\\/3BF49285-6124-462D-A13E-10D447F61011.jpeg\",\"articleSection\":[\"Noticias\"],\"inLanguage\":\"es\",\"potentialAction\":[{\"@type\":\"CommentAction\",\"name\":\"Comment\",\"target\":[\"https:\\\/\\\/quehacerpolitico.mx\\\/?p=87493#respond\"]}]},{\"@type\":\"WebPage\",\"@id\":\"https:\\\/\\\/quehacerpolitico.mx\\\/?p=87493\",\"url\":\"https:\\\/\\\/quehacerpolitico.mx\\\/?p=87493\",\"name\":\"Revocaci\u00f3n de mandato: PAN propone extraordinario para dar m\u00e1s presupuesto al INE -\",\"isPartOf\":{\"@id\":\"https:\\\/\\\/quehacerpolitico.mx\\\/#website\"},\"primaryImageOfPage\":{\"@id\":\"https:\\\/\\\/quehacerpolitico.mx\\\/?p=87493#primaryimage\"},\"image\":{\"@id\":\"https:\\\/\\\/quehacerpolitico.mx\\\/?p=87493#primaryimage\"},\"thumbnailUrl\":\"https:\\\/\\\/quehacerpolitico.mx\\\/wp-content\\\/uploads\\\/2021\\\/12\\\/3BF49285-6124-462D-A13E-10D447F61011.jpeg\",\"datePublished\":\"2021-12-21T05:12:14+00:00\",\"dateModified\":\"2021-12-21T05:12:16+00:00\",\"author\":{\"@id\":\"https:\\\/\\\/quehacerpolitico.mx\\\/#\\\/schema\\\/person\\\/496d8ad2d1d3f8036101dca7ee39e585\"},\"breadcrumb\":{\"@id\":\"https:\\\/\\\/quehacerpolitico.mx\\\/?p=87493#breadcrumb\"},\"inLanguage\":\"es\",\"potentialAction\":[{\"@type\":\"ReadAction\",\"target\":[\"https:\\\/\\\/quehacerpolitico.mx\\\/?p=87493\"]}]},{\"@type\":\"ImageObject\",\"inLanguage\":\"es\",\"@id\":\"https:\\\/\\\/quehacerpolitico.mx\\\/?p=87493#primaryimage\",\"url\":\"https:\\\/\\\/quehacerpolitico.mx\\\/wp-content\\\/uploads\\\/2021\\\/12\\\/3BF49285-6124-462D-A13E-10D447F61011.jpeg\",\"contentUrl\":\"https:\\\/\\\/quehacerpolitico.mx\\\/wp-content\\\/uploads\\\/2021\\\/12\\\/3BF49285-6124-462D-A13E-10D447F61011.jpeg\",\"width\":399,\"height\":399},{\"@type\":\"BreadcrumbList\",\"@id\":\"https:\\\/\\\/quehacerpolitico.mx\\\/?p=87493#breadcrumb\",\"itemListElement\":[{\"@type\":\"ListItem\",\"position\":1,\"name\":\"Inicio\",\"item\":\"https:\\\/\\\/quehacerpolitico.mx\\\/\"},{\"@type\":\"ListItem\",\"position\":2,\"name\":\"Revocaci\u00f3n de mandato: PAN propone extraordinario para dar m\u00e1s presupuesto al INE\"}]},{\"@type\":\"WebSite\",\"@id\":\"https:\\\/\\\/quehacerpolitico.mx\\\/#website\",\"url\":\"https:\\\/\\\/quehacerpolitico.mx\\\/\",\"name\":\"\",\"description\":\"\",\"potentialAction\":[{\"@type\":\"SearchAction\",\"target\":{\"@type\":\"EntryPoint\",\"urlTemplate\":\"https:\\\/\\\/quehacerpolitico.mx\\\/?s={search_term_string}\"},\"query-input\":{\"@type\":\"PropertyValueSpecification\",\"valueRequired\":true,\"valueName\":\"search_term_string\"}}],\"inLanguage\":\"es\"},{\"@type\":\"Person\",\"@id\":\"https:\\\/\\\/quehacerpolitico.mx\\\/#\\\/schema\\\/person\\\/496d8ad2d1d3f8036101dca7ee39e585\",\"name\":\"Redacci\u00f3n QP\",\"image\":{\"@type\":\"ImageObject\",\"inLanguage\":\"es\",\"@id\":\"https:\\\/\\\/secure.gravatar.com\\\/avatar\\\/c7164ed6fdec453195284ad24a5ae5b6e1eed2b848477fa2a4787ba9adf39a41?s=96&d=mm&r=g\",\"url\":\"https:\\\/\\\/secure.gravatar.com\\\/avatar\\\/c7164ed6fdec453195284ad24a5ae5b6e1eed2b848477fa2a4787ba9adf39a41?s=96&d=mm&r=g\",\"contentUrl\":\"https:\\\/\\\/secure.gravatar.com\\\/avatar\\\/c7164ed6fdec453195284ad24a5ae5b6e1eed2b848477fa2a4787ba9adf39a41?s=96&d=mm&r=g\",\"caption\":\"Redacci\u00f3n QP\"},\"url\":\"https:\\\/\\\/quehacerpolitico.mx\\\/?author=2\"}]}<\/script>\n<!-- \/ Yoast SEO plugin. -->","yoast_head_json":{"title":"Revocaci\u00f3n de mandato: PAN propone extraordinario para dar m\u00e1s presupuesto al INE -","robots":{"index":"index","follow":"follow","max-snippet":"max-snippet:-1","max-image-preview":"max-image-preview:large","max-video-preview":"max-video-preview:-1"},"canonical":"https:\/\/quehacerpolitico.mx\/?p=87493","og_locale":"es_MX","og_type":"article","og_title":"Revocaci\u00f3n de mandato: PAN propone extraordinario para dar m\u00e1s presupuesto al INE -","og_description":"Por Redacci\u00f3n QP La senadora del PAN Kenia L\u00f3pez dice que el INE necesita recursos...","og_url":"https:\/\/quehacerpolitico.mx\/?p=87493","article_published_time":"2021-12-21T05:12:14+00:00","article_modified_time":"2021-12-21T05:12:16+00:00","og_image":[{"width":399,"height":399,"url":"https:\/\/quehacerpolitico.mx\/wp-content\/uploads\/2021\/12\/3BF49285-6124-462D-A13E-10D447F61011.jpeg","type":"image\/jpeg"}],"author":"Redacci\u00f3n QP","twitter_card":"summary_large_image","twitter_misc":{"Escrito por":"Redacci\u00f3n QP","Tiempo de lectura":"2 minutos"},"schema":{"@context":"https:\/\/schema.org","@graph":[{"@type":"Article","@id":"https:\/\/quehacerpolitico.mx\/?p=87493#article","isPartOf":{"@id":"https:\/\/quehacerpolitico.mx\/?p=87493"},"author":{"name":"Redacci\u00f3n QP","@id":"https:\/\/quehacerpolitico.mx\/#\/schema\/person\/496d8ad2d1d3f8036101dca7ee39e585"},"headline":"Revocaci\u00f3n de mandato: PAN propone extraordinario para dar m\u00e1s presupuesto al INE","datePublished":"2021-12-21T05:12:14+00:00","dateModified":"2021-12-21T05:12:16+00:00","mainEntityOfPage":{"@id":"https:\/\/quehacerpolitico.mx\/?p=87493"},"wordCount":379,"commentCount":0,"image":{"@id":"https:\/\/quehacerpolitico.mx\/?p=87493#primaryimage"},"thumbnailUrl":"https:\/\/quehacerpolitico.mx\/wp-content\/uploads\/2021\/12\/3BF49285-6124-462D-A13E-10D447F61011.jpeg","articleSection":["Noticias"],"inLanguage":"es","potentialAction":[{"@type":"CommentAction","name":"Comment","target":["https:\/\/quehacerpolitico.mx\/?p=87493#respond"]}]},{"@type":"WebPage","@id":"https:\/\/quehacerpolitico.mx\/?p=87493","url":"https:\/\/quehacerpolitico.mx\/?p=87493","name":"Revocaci\u00f3n de mandato: PAN propone extraordinario para dar m\u00e1s presupuesto al INE -","isPartOf":{"@id":"https:\/\/quehacerpolitico.mx\/#website"},"primaryImageOfPage":{"@id":"https:\/\/quehacerpolitico.mx\/?p=87493#primaryimage"},"image":{"@id":"https:\/\/quehacerpolitico.mx\/?p=87493#primaryimage"},"thumbnailUrl":"https:\/\/quehacerpolitico.mx\/wp-content\/uploads\/2021\/12\/3BF49285-6124-462D-A13E-10D447F61011.jpeg","datePublished":"2021-12-21T05:12:14+00:00","dateModified":"2021-12-21T05:12:16+00:00","author":{"@id":"https:\/\/quehacerpolitico.mx\/#\/schema\/person\/496d8ad2d1d3f8036101dca7ee39e585"},"breadcrumb":{"@id":"https:\/\/quehacerpolitico.mx\/?p=87493#breadcrumb"},"inLanguage":"es","potentialAction":[{"@type":"ReadAction","target":["https:\/\/quehacerpolitico.mx\/?p=87493"]}]},{"@type":"ImageObject","inLanguage":"es","@id":"https:\/\/quehacerpolitico.mx\/?p=87493#primaryimage","url":"https:\/\/quehacerpolitico.mx\/wp-content\/uploads\/2021\/12\/3BF49285-6124-462D-A13E-10D447F61011.jpeg","contentUrl":"https:\/\/quehacerpolitico.mx\/wp-content\/uploads\/2021\/12\/3BF49285-6124-462D-A13E-10D447F61011.jpeg","width":399,"height":399},{"@type":"BreadcrumbList","@id":"https:\/\/quehacerpolitico.mx\/?p=87493#breadcrumb","itemListElement":[{"@type":"ListItem","position":1,"name":"Inicio","item":"https:\/\/quehacerpolitico.mx\/"},{"@type":"ListItem","position":2,"name":"Revocaci\u00f3n de mandato: PAN propone extraordinario para dar m\u00e1s presupuesto al INE"}]},{"@type":"WebSite","@id":"https:\/\/quehacerpolitico.mx\/#website","url":"https:\/\/quehacerpolitico.mx\/","name":"","description":"","potentialAction":[{"@type":"SearchAction","target":{"@type":"EntryPoint","urlTemplate":"https:\/\/quehacerpolitico.mx\/?s={search_term_string}"},"query-input":{"@type":"PropertyValueSpecification","valueRequired":true,"valueName":"search_term_string"}}],"inLanguage":"es"},{"@type":"Person","@id":"https:\/\/quehacerpolitico.mx\/#\/schema\/person\/496d8ad2d1d3f8036101dca7ee39e585","name":"Redacci\u00f3n QP","image":{"@type":"ImageObject","inLanguage":"es","@id":"https:\/\/secure.gravatar.com\/avatar\/c7164ed6fdec453195284ad24a5ae5b6e1eed2b848477fa2a4787ba9adf39a41?s=96&d=mm&r=g","url":"https:\/\/secure.gravatar.com\/avatar\/c7164ed6fdec453195284ad24a5ae5b6e1eed2b848477fa2a4787ba9adf39a41?s=96&d=mm&r=g","contentUrl":"https:\/\/secure.gravatar.com\/avatar\/c7164ed6fdec453195284ad24a5ae5b6e1eed2b848477fa2a4787ba9adf39a41?s=96&d=mm&r=g","caption":"Redacci\u00f3n QP"},"url":"https:\/\/quehacerpolitico.mx\/?author=2"}]}},"featured_image_urls":{"full":["https:\/\/quehacerpolitico.mx\/wp-content\/uploads\/2021\/12\/3BF49285-6124-462D-A13E-10D447F61011.jpeg",399,399,false],"thumbnail":["https:\/\/quehacerpolitico.mx\/wp-content\/uploads\/2021\/12\/3BF49285-6124-462D-A13E-10D447F61011-150x150.jpeg",150,150,true],"medium":["https:\/\/quehacerpolitico.mx\/wp-content\/uploads\/2021\/12\/3BF49285-6124-462D-A13E-10D447F61011-300x300.jpeg",300,300,true],"medium_large":["https:\/\/quehacerpolitico.mx\/wp-content\/uploads\/2021\/12\/3BF49285-6124-462D-A13E-10D447F61011.jpeg",399,399,false],"large":["https:\/\/quehacerpolitico.mx\/wp-content\/uploads\/2021\/12\/3BF49285-6124-462D-A13E-10D447F61011.jpeg",399,399,false],"1536x1536":["https:\/\/quehacerpolitico.mx\/wp-content\/uploads\/2021\/12\/3BF49285-6124-462D-A13E-10D447F61011.jpeg",399,399,false],"2048x2048":["https:\/\/quehacerpolitico.mx\/wp-content\/uploads\/2021\/12\/3BF49285-6124-462D-A13E-10D447F61011.jpeg",399,399,false],"covernews-featured":["https:\/\/quehacerpolitico.mx\/wp-content\/uploads\/2021\/12\/3BF49285-6124-462D-A13E-10D447F61011.jpeg",399,399,false],"covernews-medium":["https:\/\/quehacerpolitico.mx\/wp-content\/uploads\/2021\/12\/3BF49285-6124-462D-A13E-10D447F61011.jpeg",340,340,false]},"author_info":{"display_name":"Redacci\u00f3n QP","author_link":"https:\/\/quehacerpolitico.mx\/?author=2"},"category_info":"<a href=\"https:\/\/quehacerpolitico.mx\/?cat=2\" rel=\"category\">Noticias<\/a>","tag_info":"Noticias","comment_count":"0","_links":{"self":[{"href":"https:\/\/quehacerpolitico.mx\/index.php?rest_route=\/wp\/v2\/posts\/87493","targetHints":{"allow":["GET"]}}],"collection":[{"href":"https:\/\/quehacerpolitico.mx\/index.php?rest_route=\/wp\/v2\/posts"}],"about":[{"href":"https:\/\/quehacerpolitico.mx\/index.php?rest_route=\/wp\/v2\/types\/post"}],"author":[{"embeddable":true,"href":"https:\/\/quehacerpolitico.mx\/index.php?rest_route=\/wp\/v2\/users\/2"}],"replies":[{"embeddable":true,"href":"https:\/\/quehacerpolitico.mx\/index.php?rest_route=%2Fwp%2Fv2%2Fcomments&post=87493"}],"version-history":[{"count":1,"href":"https:\/\/quehacerpolitico.mx\/index.php?rest_route=\/wp\/v2\/posts\/87493\/revisions"}],"predecessor-version":[{"id":87495,"href":"https:\/\/quehacerpolitico.mx\/index.php?rest_route=\/wp\/v2\/posts\/87493\/revisions\/87495"}],"wp:featuredmedia":[{"embeddable":true,"href":"https:\/\/quehacerpolitico.mx\/index.php?rest_route=\/wp\/v2\/media\/87494"}],"wp:attachment":[{"href":"https:\/\/quehacerpolitico.mx\/index.php?rest_route=%2Fwp%2Fv2%2Fmedia&parent=87493"}],"wp:term":[{"taxonomy":"category","embeddable":true,"href":"https:\/\/quehacerpolitico.mx\/index.php?rest_route=%2Fwp%2Fv2%2Fcategories&post=87493"},{"taxonomy":"post_tag","embeddable":true,"href":"https:\/\/quehacerpolitico.mx\/index.php?rest_route=%2Fwp%2Fv2%2Ftags&post=87493"}],"curies":[{"name":"wp","href":"https:\/\/api.w.org\/{rel}","templated":true}]}}