{"id":87481,"date":"2021-12-20T16:38:03","date_gmt":"2021-12-20T16:38:03","guid":{"rendered":"https:\/\/quehacerpolitico.mx\/?p=87481"},"modified":"2021-12-20T16:38:06","modified_gmt":"2021-12-20T16:38:06","slug":"internacionales-carolina-alonso-romei-boric-de-exlider-estudiantil-a-presidente-de-chile","status":"publish","type":"post","link":"https:\/\/quehacerpolitico.mx\/?p=87481","title":{"rendered":"Internacionales\/\/\/Carolina Alonso Romei\/\/\/Boric, de exl\u00edder estudiantil a presidente de Chile"},"content":{"rendered":"\n<p>Por Por Carolina Alonso Romei <\/p>\n\n\n\n<p>Internacionalista <\/p>\n\n\n\n<p>Gabriel Boric fue uno de los l\u00edderes de las protestas estudiantiles que estallaron en 2011 durante el primer gobierno de Sebasti\u00e1n Pi\u00f1era en demanda de mejoras en la calidad en la educaci\u00f3n y el avance a la gratuidad.<\/p>\n\n\n\n<ul class=\"wp-block-list\"><li>Con apenas 35 a\u00f1os, el egresado -aunque no titulado- en Derecho de la Universidad de Chile se convierte en el m\u00e1s joven presidente electo del pa\u00eds.<\/li><\/ul>\n\n\n\n<p>El izquierdista y exl\u00edder estudiantil, Gabriel Boric, se impuso en las elecciones presidenciales de Chile, las m\u00e1s polarizadas de la historia reciente del pa\u00eds sudamericano.<\/p>\n\n\n\n<p>\u201cMe la voy a jugar firmemente por reencontrarnos como pa\u00eds, por lograr los acuerdos que necesitamos para avanzar de una manera m\u00e1s justa\u201d, afirm\u00f3\u00a0<strong>Gabriel Boric<\/strong>\u00a0al final del \u00faltimo debate por televisi\u00f3n antes del balotaje presidencial del domingo en que se convirti\u00f3 en el nuevo mandatario de Chile.<\/p>\n\n\n\n<figure class=\"wp-block-embed is-type-video is-provider-youtube wp-block-embed-youtube wp-embed-aspect-16-9 wp-has-aspect-ratio\"><div class=\"wp-block-embed__wrapper\">\nhttps:\/\/youtu.be\/tYjJlyiIzCM\n<\/div><\/figure>\n\n\n\n<p>De una ret\u00f3rica que promet\u00eda la muerte al neoliberalismo en Chile cuando gan\u00f3 las primarias de su coalici\u00f3n de izquierda, el joven legislador moder\u00f3 su discurso y sus propuestas para conquistar a los indecisos votantes de centro, que fueron la pieza clave para su victoria.<\/p>\n\n\n\n<p>Una lluvia de memes y fotos intencionalmente trucadas invadi\u00f3 las redes sociales tras la primera vuelta con variopintas consignas de apoyo como #mascotasxBoric o #miopesxBoric.<\/p>\n\n\n\n<p>Para la campa\u00f1a, el joven dej\u00f3 atr\u00e1s su antigua imagen con desali\u00f1ada cabellera y muy poblada barba que le identificaron desde su \u00e9poca de presidente de la Federaci\u00f3n de Estudiantes de la Universidad de Chile.<\/p>\n\n\n\n<p>Sin embargo, contaba con resistencia de sectores m\u00e1s conservadores debido a su alianza con el Partido Comunista, pese a que Boric ha dicho que es \u201cuno m\u00e1s\u201d de su coalici\u00f3n.<\/p>\n\n\n\n<p>Otros subrayaron su falta de experiencia que le llev\u00f3 a equivocarse con cifras y proyecciones.<\/p>\n\n\n\n<p>En su momento, incluso fue duramente criticado por sus aliados por integrar y suscribir el \u201cAcuerdo por la Paz Social y la Nueva Constituci\u00f3n\u201d, adoptado en noviembre de 2019 tras el estallido y que dio paso al proceso de reescritura de la Constituci\u00f3n, actualmente en proceso.<\/p>\n\n\n\n<p>Oriundo de Punta Arenas, en el extremo sur de Chile, fue uno de los l\u00edderes de las protestas estudiantiles que estallaron en 2011 durante el primer gobierno de Sebasti\u00e1n Pi\u00f1era en demanda de mejoras en la calidad en la educaci\u00f3n y el avance a la gratuidad.<\/p>\n\n\n\n<p>Sus adherentes son en buena parte j\u00f3venes que quieren cambiar el sistema econ\u00f3mico neoliberal heredado de la dictadura de Augusto Pinochet, que llev\u00f3 al pa\u00eds a ser modelo de desarrollo frente a sus empobrecidos vecinos en Am\u00e9rica Latina pero que tambi\u00e9n gener\u00f3 profundas desigualdades sociales.<\/p>\n\n\n\n<p>Pero el camino no ser\u00e1 f\u00e1cil considerando que el Congreso estar\u00e1 muy dividido, lo que requerir\u00eda grandes acuerdos para aprobar reformas importantes.<\/p>\n\n\n\n<p><em>\u201cLa posibilidad de dialogar con quien piensa distinto no es un patrimonio exclusivo de ning\u00fan sector pol\u00edtico\u201d<\/em>, dijo a mediados de a\u00f1o a un diario local.<\/p>\n\n\n\n<figure class=\"wp-block-embed is-type-video is-provider-youtube wp-block-embed-youtube wp-embed-aspect-16-9 wp-has-aspect-ratio\"><div class=\"wp-block-embed__wrapper\">\n<iframe loading=\"lazy\" title=\"L\u00edderes latinoamericanos felicitan a Boric tras triunfo electoral en Chile | AFP\" width=\"640\" height=\"360\" src=\"https:\/\/www.youtube.com\/embed\/ybvUqQnJEy0?feature=oembed\" frameborder=\"0\" allow=\"accelerometer; autoplay; clipboard-write; encrypted-media; gyroscope; picture-in-picture; web-share\" referrerpolicy=\"strict-origin-when-cross-origin\" allowfullscreen><\/iframe>\n<\/div><\/figure>\n\n\n\n<p>Con informaci\u00f3n de Reuters y AP.<\/p>\n","protected":false},"excerpt":{"rendered":"<p>Por Por Carolina Alonso Romei Internacionalista Gabriel Boric fue uno de los l\u00edderes de las&#8230;<\/p>\n","protected":false},"author":2,"featured_media":87482,"comment_status":"open","ping_status":"open","sticky":false,"template":"","format":"standard","meta":{"_monsterinsights_skip_tracking":false,"_monsterinsights_sitenote_active":false,"_monsterinsights_sitenote_note":"","_monsterinsights_sitenote_category":0,"footnotes":""},"categories":[1],"tags":[],"class_list":["post-87481","post","type-post","status-publish","format-standard","has-post-thumbnail","hentry","category-sin-categoria"],"yoast_head":"<!-- This site is optimized with the Yoast SEO plugin v27.3 - https:\/\/yoast.com\/product\/yoast-seo-wordpress\/ -->\n<title>Internacionales\/\/\/Carolina Alonso Romei\/\/\/Boric, de exl\u00edder estudiantil a presidente de Chile -<\/title>\n<meta name=\"robots\" content=\"index, follow, max-snippet:-1, max-image-preview:large, max-video-preview:-1\" \/>\n<link rel=\"canonical\" href=\"https:\/\/quehacerpolitico.mx\/?p=87481\" \/>\n<meta property=\"og:locale\" content=\"es_MX\" \/>\n<meta property=\"og:type\" content=\"article\" \/>\n<meta property=\"og:title\" content=\"Internacionales\/\/\/Carolina Alonso Romei\/\/\/Boric, de exl\u00edder estudiantil a presidente de Chile -\" \/>\n<meta property=\"og:description\" content=\"Por Por Carolina Alonso Romei Internacionalista Gabriel Boric fue uno de los l\u00edderes de las...\" \/>\n<meta property=\"og:url\" content=\"https:\/\/quehacerpolitico.mx\/?p=87481\" \/>\n<meta property=\"article:published_time\" content=\"2021-12-20T16:38:03+00:00\" \/>\n<meta property=\"article:modified_time\" content=\"2021-12-20T16:38:06+00:00\" \/>\n<meta property=\"og:image\" content=\"https:\/\/quehacerpolitico.mx\/wp-content\/uploads\/2021\/12\/509274D4-97F7-4403-9D17-D28594C0F2A7.webp\" \/>\n\t<meta property=\"og:image:width\" content=\"1024\" \/>\n\t<meta property=\"og:image:height\" content=\"576\" \/>\n\t<meta property=\"og:image:type\" content=\"image\/webp\" \/>\n<meta name=\"author\" content=\"Redacci\u00f3n QP\" \/>\n<meta name=\"twitter:card\" content=\"summary_large_image\" \/>\n<meta name=\"twitter:label1\" content=\"Escrito por\" \/>\n\t<meta name=\"twitter:data1\" content=\"Redacci\u00f3n QP\" \/>\n\t<meta name=\"twitter:label2\" content=\"Tiempo de lectura\" \/>\n\t<meta name=\"twitter:data2\" content=\"3 minutos\" \/>\n<script type=\"application\/ld+json\" class=\"yoast-schema-graph\">{\"@context\":\"https:\\\/\\\/schema.org\",\"@graph\":[{\"@type\":\"Article\",\"@id\":\"https:\\\/\\\/quehacerpolitico.mx\\\/?p=87481#article\",\"isPartOf\":{\"@id\":\"https:\\\/\\\/quehacerpolitico.mx\\\/?p=87481\"},\"author\":{\"name\":\"Redacci\u00f3n QP\",\"@id\":\"https:\\\/\\\/quehacerpolitico.mx\\\/#\\\/schema\\\/person\\\/496d8ad2d1d3f8036101dca7ee39e585\"},\"headline\":\"Internacionales\\\/\\\/\\\/Carolina Alonso Romei\\\/\\\/\\\/Boric, de exl\u00edder estudiantil a presidente de Chile\",\"datePublished\":\"2021-12-20T16:38:03+00:00\",\"dateModified\":\"2021-12-20T16:38:06+00:00\",\"mainEntityOfPage\":{\"@id\":\"https:\\\/\\\/quehacerpolitico.mx\\\/?p=87481\"},\"wordCount\":542,\"commentCount\":0,\"image\":{\"@id\":\"https:\\\/\\\/quehacerpolitico.mx\\\/?p=87481#primaryimage\"},\"thumbnailUrl\":\"https:\\\/\\\/quehacerpolitico.mx\\\/wp-content\\\/uploads\\\/2021\\\/12\\\/509274D4-97F7-4403-9D17-D28594C0F2A7.webp\",\"articleSection\":[\"Internacionales\"],\"inLanguage\":\"es\",\"potentialAction\":[{\"@type\":\"CommentAction\",\"name\":\"Comment\",\"target\":[\"https:\\\/\\\/quehacerpolitico.mx\\\/?p=87481#respond\"]}]},{\"@type\":\"WebPage\",\"@id\":\"https:\\\/\\\/quehacerpolitico.mx\\\/?p=87481\",\"url\":\"https:\\\/\\\/quehacerpolitico.mx\\\/?p=87481\",\"name\":\"Internacionales\\\/\\\/\\\/Carolina Alonso Romei\\\/\\\/\\\/Boric, de exl\u00edder estudiantil a presidente de Chile -\",\"isPartOf\":{\"@id\":\"https:\\\/\\\/quehacerpolitico.mx\\\/#website\"},\"primaryImageOfPage\":{\"@id\":\"https:\\\/\\\/quehacerpolitico.mx\\\/?p=87481#primaryimage\"},\"image\":{\"@id\":\"https:\\\/\\\/quehacerpolitico.mx\\\/?p=87481#primaryimage\"},\"thumbnailUrl\":\"https:\\\/\\\/quehacerpolitico.mx\\\/wp-content\\\/uploads\\\/2021\\\/12\\\/509274D4-97F7-4403-9D17-D28594C0F2A7.webp\",\"datePublished\":\"2021-12-20T16:38:03+00:00\",\"dateModified\":\"2021-12-20T16:38:06+00:00\",\"author\":{\"@id\":\"https:\\\/\\\/quehacerpolitico.mx\\\/#\\\/schema\\\/person\\\/496d8ad2d1d3f8036101dca7ee39e585\"},\"breadcrumb\":{\"@id\":\"https:\\\/\\\/quehacerpolitico.mx\\\/?p=87481#breadcrumb\"},\"inLanguage\":\"es\",\"potentialAction\":[{\"@type\":\"ReadAction\",\"target\":[\"https:\\\/\\\/quehacerpolitico.mx\\\/?p=87481\"]}]},{\"@type\":\"ImageObject\",\"inLanguage\":\"es\",\"@id\":\"https:\\\/\\\/quehacerpolitico.mx\\\/?p=87481#primaryimage\",\"url\":\"https:\\\/\\\/quehacerpolitico.mx\\\/wp-content\\\/uploads\\\/2021\\\/12\\\/509274D4-97F7-4403-9D17-D28594C0F2A7.webp\",\"contentUrl\":\"https:\\\/\\\/quehacerpolitico.mx\\\/wp-content\\\/uploads\\\/2021\\\/12\\\/509274D4-97F7-4403-9D17-D28594C0F2A7.webp\",\"width\":1024,\"height\":576},{\"@type\":\"BreadcrumbList\",\"@id\":\"https:\\\/\\\/quehacerpolitico.mx\\\/?p=87481#breadcrumb\",\"itemListElement\":[{\"@type\":\"ListItem\",\"position\":1,\"name\":\"Inicio\",\"item\":\"https:\\\/\\\/quehacerpolitico.mx\\\/\"},{\"@type\":\"ListItem\",\"position\":2,\"name\":\"Internacionales\\\/\\\/\\\/Carolina Alonso Romei\\\/\\\/\\\/Boric, de exl\u00edder estudiantil a presidente de Chile\"}]},{\"@type\":\"WebSite\",\"@id\":\"https:\\\/\\\/quehacerpolitico.mx\\\/#website\",\"url\":\"https:\\\/\\\/quehacerpolitico.mx\\\/\",\"name\":\"\",\"description\":\"\",\"potentialAction\":[{\"@type\":\"SearchAction\",\"target\":{\"@type\":\"EntryPoint\",\"urlTemplate\":\"https:\\\/\\\/quehacerpolitico.mx\\\/?s={search_term_string}\"},\"query-input\":{\"@type\":\"PropertyValueSpecification\",\"valueRequired\":true,\"valueName\":\"search_term_string\"}}],\"inLanguage\":\"es\"},{\"@type\":\"Person\",\"@id\":\"https:\\\/\\\/quehacerpolitico.mx\\\/#\\\/schema\\\/person\\\/496d8ad2d1d3f8036101dca7ee39e585\",\"name\":\"Redacci\u00f3n QP\",\"image\":{\"@type\":\"ImageObject\",\"inLanguage\":\"es\",\"@id\":\"https:\\\/\\\/secure.gravatar.com\\\/avatar\\\/c7164ed6fdec453195284ad24a5ae5b6e1eed2b848477fa2a4787ba9adf39a41?s=96&d=mm&r=g\",\"url\":\"https:\\\/\\\/secure.gravatar.com\\\/avatar\\\/c7164ed6fdec453195284ad24a5ae5b6e1eed2b848477fa2a4787ba9adf39a41?s=96&d=mm&r=g\",\"contentUrl\":\"https:\\\/\\\/secure.gravatar.com\\\/avatar\\\/c7164ed6fdec453195284ad24a5ae5b6e1eed2b848477fa2a4787ba9adf39a41?s=96&d=mm&r=g\",\"caption\":\"Redacci\u00f3n QP\"},\"url\":\"https:\\\/\\\/quehacerpolitico.mx\\\/?author=2\"}]}<\/script>\n<!-- \/ Yoast SEO plugin. -->","yoast_head_json":{"title":"Internacionales\/\/\/Carolina Alonso Romei\/\/\/Boric, de exl\u00edder estudiantil a presidente de Chile -","robots":{"index":"index","follow":"follow","max-snippet":"max-snippet:-1","max-image-preview":"max-image-preview:large","max-video-preview":"max-video-preview:-1"},"canonical":"https:\/\/quehacerpolitico.mx\/?p=87481","og_locale":"es_MX","og_type":"article","og_title":"Internacionales\/\/\/Carolina Alonso Romei\/\/\/Boric, de exl\u00edder estudiantil a presidente de Chile -","og_description":"Por Por Carolina Alonso Romei Internacionalista Gabriel Boric fue uno de los l\u00edderes de las...","og_url":"https:\/\/quehacerpolitico.mx\/?p=87481","article_published_time":"2021-12-20T16:38:03+00:00","article_modified_time":"2021-12-20T16:38:06+00:00","og_image":[{"width":1024,"height":576,"url":"https:\/\/quehacerpolitico.mx\/wp-content\/uploads\/2021\/12\/509274D4-97F7-4403-9D17-D28594C0F2A7.webp","type":"image\/webp"}],"author":"Redacci\u00f3n QP","twitter_card":"summary_large_image","twitter_misc":{"Escrito por":"Redacci\u00f3n QP","Tiempo de lectura":"3 minutos"},"schema":{"@context":"https:\/\/schema.org","@graph":[{"@type":"Article","@id":"https:\/\/quehacerpolitico.mx\/?p=87481#article","isPartOf":{"@id":"https:\/\/quehacerpolitico.mx\/?p=87481"},"author":{"name":"Redacci\u00f3n QP","@id":"https:\/\/quehacerpolitico.mx\/#\/schema\/person\/496d8ad2d1d3f8036101dca7ee39e585"},"headline":"Internacionales\/\/\/Carolina Alonso Romei\/\/\/Boric, de exl\u00edder estudiantil a presidente de Chile","datePublished":"2021-12-20T16:38:03+00:00","dateModified":"2021-12-20T16:38:06+00:00","mainEntityOfPage":{"@id":"https:\/\/quehacerpolitico.mx\/?p=87481"},"wordCount":542,"commentCount":0,"image":{"@id":"https:\/\/quehacerpolitico.mx\/?p=87481#primaryimage"},"thumbnailUrl":"https:\/\/quehacerpolitico.mx\/wp-content\/uploads\/2021\/12\/509274D4-97F7-4403-9D17-D28594C0F2A7.webp","articleSection":["Internacionales"],"inLanguage":"es","potentialAction":[{"@type":"CommentAction","name":"Comment","target":["https:\/\/quehacerpolitico.mx\/?p=87481#respond"]}]},{"@type":"WebPage","@id":"https:\/\/quehacerpolitico.mx\/?p=87481","url":"https:\/\/quehacerpolitico.mx\/?p=87481","name":"Internacionales\/\/\/Carolina Alonso Romei\/\/\/Boric, de exl\u00edder estudiantil a presidente de Chile -","isPartOf":{"@id":"https:\/\/quehacerpolitico.mx\/#website"},"primaryImageOfPage":{"@id":"https:\/\/quehacerpolitico.mx\/?p=87481#primaryimage"},"image":{"@id":"https:\/\/quehacerpolitico.mx\/?p=87481#primaryimage"},"thumbnailUrl":"https:\/\/quehacerpolitico.mx\/wp-content\/uploads\/2021\/12\/509274D4-97F7-4403-9D17-D28594C0F2A7.webp","datePublished":"2021-12-20T16:38:03+00:00","dateModified":"2021-12-20T16:38:06+00:00","author":{"@id":"https:\/\/quehacerpolitico.mx\/#\/schema\/person\/496d8ad2d1d3f8036101dca7ee39e585"},"breadcrumb":{"@id":"https:\/\/quehacerpolitico.mx\/?p=87481#breadcrumb"},"inLanguage":"es","potentialAction":[{"@type":"ReadAction","target":["https:\/\/quehacerpolitico.mx\/?p=87481"]}]},{"@type":"ImageObject","inLanguage":"es","@id":"https:\/\/quehacerpolitico.mx\/?p=87481#primaryimage","url":"https:\/\/quehacerpolitico.mx\/wp-content\/uploads\/2021\/12\/509274D4-97F7-4403-9D17-D28594C0F2A7.webp","contentUrl":"https:\/\/quehacerpolitico.mx\/wp-content\/uploads\/2021\/12\/509274D4-97F7-4403-9D17-D28594C0F2A7.webp","width":1024,"height":576},{"@type":"BreadcrumbList","@id":"https:\/\/quehacerpolitico.mx\/?p=87481#breadcrumb","itemListElement":[{"@type":"ListItem","position":1,"name":"Inicio","item":"https:\/\/quehacerpolitico.mx\/"},{"@type":"ListItem","position":2,"name":"Internacionales\/\/\/Carolina Alonso Romei\/\/\/Boric, de exl\u00edder estudiantil a presidente de Chile"}]},{"@type":"WebSite","@id":"https:\/\/quehacerpolitico.mx\/#website","url":"https:\/\/quehacerpolitico.mx\/","name":"","description":"","potentialAction":[{"@type":"SearchAction","target":{"@type":"EntryPoint","urlTemplate":"https:\/\/quehacerpolitico.mx\/?s={search_term_string}"},"query-input":{"@type":"PropertyValueSpecification","valueRequired":true,"valueName":"search_term_string"}}],"inLanguage":"es"},{"@type":"Person","@id":"https:\/\/quehacerpolitico.mx\/#\/schema\/person\/496d8ad2d1d3f8036101dca7ee39e585","name":"Redacci\u00f3n QP","image":{"@type":"ImageObject","inLanguage":"es","@id":"https:\/\/secure.gravatar.com\/avatar\/c7164ed6fdec453195284ad24a5ae5b6e1eed2b848477fa2a4787ba9adf39a41?s=96&d=mm&r=g","url":"https:\/\/secure.gravatar.com\/avatar\/c7164ed6fdec453195284ad24a5ae5b6e1eed2b848477fa2a4787ba9adf39a41?s=96&d=mm&r=g","contentUrl":"https:\/\/secure.gravatar.com\/avatar\/c7164ed6fdec453195284ad24a5ae5b6e1eed2b848477fa2a4787ba9adf39a41?s=96&d=mm&r=g","caption":"Redacci\u00f3n QP"},"url":"https:\/\/quehacerpolitico.mx\/?author=2"}]}},"featured_image_urls":{"full":["https:\/\/quehacerpolitico.mx\/wp-content\/uploads\/2021\/12\/509274D4-97F7-4403-9D17-D28594C0F2A7.webp",1024,576,false],"thumbnail":["https:\/\/quehacerpolitico.mx\/wp-content\/uploads\/2021\/12\/509274D4-97F7-4403-9D17-D28594C0F2A7-150x150.webp",150,150,true],"medium":["https:\/\/quehacerpolitico.mx\/wp-content\/uploads\/2021\/12\/509274D4-97F7-4403-9D17-D28594C0F2A7-300x169.webp",300,169,true],"medium_large":["https:\/\/quehacerpolitico.mx\/wp-content\/uploads\/2021\/12\/509274D4-97F7-4403-9D17-D28594C0F2A7-768x432.webp",640,360,true],"large":["https:\/\/quehacerpolitico.mx\/wp-content\/uploads\/2021\/12\/509274D4-97F7-4403-9D17-D28594C0F2A7.webp",640,360,false],"1536x1536":["https:\/\/quehacerpolitico.mx\/wp-content\/uploads\/2021\/12\/509274D4-97F7-4403-9D17-D28594C0F2A7.webp",1024,576,false],"2048x2048":["https:\/\/quehacerpolitico.mx\/wp-content\/uploads\/2021\/12\/509274D4-97F7-4403-9D17-D28594C0F2A7.webp",1024,576,false],"covernews-featured":["https:\/\/quehacerpolitico.mx\/wp-content\/uploads\/2021\/12\/509274D4-97F7-4403-9D17-D28594C0F2A7.webp",1024,576,false],"covernews-medium":["https:\/\/quehacerpolitico.mx\/wp-content\/uploads\/2021\/12\/509274D4-97F7-4403-9D17-D28594C0F2A7.webp",540,304,false]},"author_info":{"display_name":"Redacci\u00f3n QP","author_link":"https:\/\/quehacerpolitico.mx\/?author=2"},"category_info":"<a href=\"https:\/\/quehacerpolitico.mx\/?cat=1\" rel=\"category\">Internacionales<\/a>","tag_info":"Internacionales","comment_count":"0","_links":{"self":[{"href":"https:\/\/quehacerpolitico.mx\/index.php?rest_route=\/wp\/v2\/posts\/87481","targetHints":{"allow":["GET"]}}],"collection":[{"href":"https:\/\/quehacerpolitico.mx\/index.php?rest_route=\/wp\/v2\/posts"}],"about":[{"href":"https:\/\/quehacerpolitico.mx\/index.php?rest_route=\/wp\/v2\/types\/post"}],"author":[{"embeddable":true,"href":"https:\/\/quehacerpolitico.mx\/index.php?rest_route=\/wp\/v2\/users\/2"}],"replies":[{"embeddable":true,"href":"https:\/\/quehacerpolitico.mx\/index.php?rest_route=%2Fwp%2Fv2%2Fcomments&post=87481"}],"version-history":[{"count":1,"href":"https:\/\/quehacerpolitico.mx\/index.php?rest_route=\/wp\/v2\/posts\/87481\/revisions"}],"predecessor-version":[{"id":87483,"href":"https:\/\/quehacerpolitico.mx\/index.php?rest_route=\/wp\/v2\/posts\/87481\/revisions\/87483"}],"wp:featuredmedia":[{"embeddable":true,"href":"https:\/\/quehacerpolitico.mx\/index.php?rest_route=\/wp\/v2\/media\/87482"}],"wp:attachment":[{"href":"https:\/\/quehacerpolitico.mx\/index.php?rest_route=%2Fwp%2Fv2%2Fmedia&parent=87481"}],"wp:term":[{"taxonomy":"category","embeddable":true,"href":"https:\/\/quehacerpolitico.mx\/index.php?rest_route=%2Fwp%2Fv2%2Fcategories&post=87481"},{"taxonomy":"post_tag","embeddable":true,"href":"https:\/\/quehacerpolitico.mx\/index.php?rest_route=%2Fwp%2Fv2%2Ftags&post=87481"}],"curies":[{"name":"wp","href":"https:\/\/api.w.org\/{rel}","templated":true}]}}