{"id":87477,"date":"2021-12-20T16:14:11","date_gmt":"2021-12-20T16:14:11","guid":{"rendered":"https:\/\/quehacerpolitico.mx\/?p=87477"},"modified":"2021-12-20T16:14:14","modified_gmt":"2021-12-20T16:14:14","slug":"amlo-felicita-al-nuevo-presidente-electo-de-chile-gabriel-boric","status":"publish","type":"post","link":"https:\/\/quehacerpolitico.mx\/?p=87477","title":{"rendered":"AMLO felicita al nuevo presidente electo de Chile, Gabriel Boric"},"content":{"rendered":"\n<p>Por Redacci\u00f3n QP<\/p>\n\n\n\n<p>L\u00f3pez Obrador calific\u00f3 los comicios como &#8220;un triunfo de la democracia en Chile, en Am\u00e9rica Latina, el Caribe, en el mundo&#8221;<\/p>\n\n\n\n<p>Al inicio de la \u201cma\u00f1anera\u201d de hoy lunes, el Presidente de M\u00e9xico, Andr\u00e9s Manuel L\u00f3pez Obrador (AMLO) felicit\u00f3 a Gabriel Boric por su triunfo en las elecciones presidenciales de Chila ayer domingo.<\/p>\n\n\n\n<figure class=\"wp-block-image size-full\"><img loading=\"lazy\" decoding=\"async\" width=\"678\" height=\"452\" src=\"https:\/\/quehacerpolitico.mx\/wp-content\/uploads\/2021\/12\/image-18.jpeg\" alt=\"\" class=\"wp-image-87479\" srcset=\"https:\/\/quehacerpolitico.mx\/wp-content\/uploads\/2021\/12\/image-18.jpeg 678w, https:\/\/quehacerpolitico.mx\/wp-content\/uploads\/2021\/12\/image-18-300x200.jpeg 300w, https:\/\/quehacerpolitico.mx\/wp-content\/uploads\/2021\/12\/image-18-219x146.jpeg 219w, https:\/\/quehacerpolitico.mx\/wp-content\/uploads\/2021\/12\/image-18-50x33.jpeg 50w, https:\/\/quehacerpolitico.mx\/wp-content\/uploads\/2021\/12\/image-18-113x75.jpeg 113w\" sizes=\"auto, (max-width: 678px) 100vw, 678px\" \/><\/figure>\n\n\n\n<p>Durante su conferencia de prensa,&nbsp;<strong>AMLO&nbsp;calific\u00f3 los comicios como &#8220;un triunfo de la democracia en Chile, en Am\u00e9rica Latina, el Caribe, en el mundo&#8221;<\/strong>.<\/p>\n\n\n\n<p>&#8220;Primero expresar nuestra satisfacci\u00f3n, nuestra alegr\u00eda, es inocultable, por el triunfo de Gabriel Boric en Chile, ya lo felicit\u00e9 en la ma\u00f1ana&#8221;, declar\u00f3 AMLO en Palacio Nacional.<\/p>\n\n\n\n<p>Boric, exl\u00edder estudiantil de 35 a\u00f1os que afianz\u00f3 su liderazgo pol\u00edtico durante las protestas sociales que afront\u00f3 el pa\u00eds en 2019, se impuso con m\u00e1s del 55% de los votos y por m\u00e1s de 10 puntos de diferencia al ultraderechista Jos\u00e9 Antonio Kast, quien enseguida reconoci\u00f3 la derrota.<\/p>\n\n\n\n<p>El izquierdista logr\u00f3 m\u00e1s de 4.6 millones de votos de los m\u00e1s de 8.3 millones de electores que acudieron a las urnas.<\/p>\n\n\n\n<p><strong>&#8220;De modo que ya lo felicit\u00e9, me dio mucho gusto. Felicito al pueblo de Chile. Abrazo al pueblo hermano de Chile, han dado un ejemplo para la Am\u00e9rica Latina y para el mundo&#8221;<\/strong>, destac\u00f3 el presidente de M\u00e9xico.<\/p>\n\n\n\n<figure class=\"wp-block-embed is-type-rich is-provider-twitter wp-block-embed-twitter\"><div class=\"wp-block-embed__wrapper\">\n<blockquote class=\"twitter-tweet\" data-width=\"550\" data-dnt=\"true\"><p lang=\"es\" dir=\"ltr\">&quot;Han dado un ejemplo para la Am\u00e9rica Latina y para el mundo&quot;<br><br>As\u00ed es como el presidente inicia la ma\u00f1anera, felicitando a Chile por sus elecciones \ud83c\udde8\ud83c\uddf1 <a href=\"https:\/\/t.co\/W30t6UNofJ\">pic.twitter.com\/W30t6UNofJ<\/a><\/p>&mdash; Ruido en la Red (@RuidoEnLaRed) <a href=\"https:\/\/twitter.com\/RuidoEnLaRed\/status\/1472924169478328327?ref_src=twsrc%5Etfw\">December 20, 2021<\/a><\/blockquote><script async src=\"https:\/\/platform.twitter.com\/widgets.js\" charset=\"utf-8\"><\/script>\n<\/div><\/figure>\n\n\n\n<p>AMLO, quien tambi\u00e9n se asume de izquierdas, no revel\u00f3 detalles sobre su conversaci\u00f3n con Boric.<\/p>\n\n\n\n<p>Antes, otros secretarios del gabinete felicitaron en redes sociales al chileno, como el canciller, Marcelo Ebrard; la secretaria de Energ\u00eda, Roc\u00edo Nahle, y la secretaria de Cultura, Alejandra Frausto, quien mencion\u00f3 que &#8220;el pueblo unido se escucha desde la tierra de Salvador Allende&#8221;.<\/p>\n\n\n\n<p>Con Informaci\u00f3n de EFE<\/p>\n","protected":false},"excerpt":{"rendered":"<p>Por Redacci\u00f3n QP L\u00f3pez Obrador calific\u00f3 los comicios como &#8220;un triunfo de la democracia en&#8230;<\/p>\n","protected":false},"author":2,"featured_media":87478,"comment_status":"open","ping_status":"open","sticky":false,"template":"","format":"standard","meta":{"_monsterinsights_skip_tracking":false,"_monsterinsights_sitenote_active":false,"_monsterinsights_sitenote_note":"","_monsterinsights_sitenote_category":0,"footnotes":""},"categories":[2],"tags":[],"class_list":["post-87477","post","type-post","status-publish","format-standard","has-post-thumbnail","hentry","category-noticias"],"yoast_head":"<!-- This site is optimized with the Yoast SEO plugin v27.3 - https:\/\/yoast.com\/product\/yoast-seo-wordpress\/ -->\n<title>AMLO felicita al nuevo presidente electo de Chile, Gabriel Boric -<\/title>\n<meta name=\"robots\" content=\"index, follow, max-snippet:-1, max-image-preview:large, max-video-preview:-1\" \/>\n<link rel=\"canonical\" href=\"https:\/\/quehacerpolitico.mx\/?p=87477\" \/>\n<meta property=\"og:locale\" content=\"es_MX\" \/>\n<meta property=\"og:type\" content=\"article\" \/>\n<meta property=\"og:title\" content=\"AMLO felicita al nuevo presidente electo de Chile, Gabriel Boric -\" \/>\n<meta property=\"og:description\" content=\"Por Redacci\u00f3n QP L\u00f3pez Obrador calific\u00f3 los comicios como &#8220;un triunfo de la democracia en...\" \/>\n<meta property=\"og:url\" content=\"https:\/\/quehacerpolitico.mx\/?p=87477\" \/>\n<meta property=\"article:published_time\" content=\"2021-12-20T16:14:11+00:00\" \/>\n<meta property=\"article:modified_time\" content=\"2021-12-20T16:14:14+00:00\" \/>\n<meta property=\"og:image\" content=\"https:\/\/quehacerpolitico.mx\/wp-content\/uploads\/2021\/12\/E57F24AD-9816-4503-B7C6-3B0BCAAF680E.jpeg\" \/>\n\t<meta property=\"og:image:width\" content=\"1284\" \/>\n\t<meta property=\"og:image:height\" content=\"601\" \/>\n\t<meta property=\"og:image:type\" content=\"image\/jpeg\" \/>\n<meta name=\"author\" content=\"Redacci\u00f3n QP\" \/>\n<meta name=\"twitter:card\" content=\"summary_large_image\" \/>\n<meta name=\"twitter:label1\" content=\"Escrito por\" \/>\n\t<meta name=\"twitter:data1\" content=\"Redacci\u00f3n QP\" \/>\n\t<meta name=\"twitter:label2\" content=\"Tiempo de lectura\" \/>\n\t<meta name=\"twitter:data2\" content=\"2 minutos\" \/>\n<script type=\"application\/ld+json\" class=\"yoast-schema-graph\">{\"@context\":\"https:\\\/\\\/schema.org\",\"@graph\":[{\"@type\":\"Article\",\"@id\":\"https:\\\/\\\/quehacerpolitico.mx\\\/?p=87477#article\",\"isPartOf\":{\"@id\":\"https:\\\/\\\/quehacerpolitico.mx\\\/?p=87477\"},\"author\":{\"name\":\"Redacci\u00f3n QP\",\"@id\":\"https:\\\/\\\/quehacerpolitico.mx\\\/#\\\/schema\\\/person\\\/496d8ad2d1d3f8036101dca7ee39e585\"},\"headline\":\"AMLO felicita al nuevo presidente electo de Chile, Gabriel Boric\",\"datePublished\":\"2021-12-20T16:14:11+00:00\",\"dateModified\":\"2021-12-20T16:14:14+00:00\",\"mainEntityOfPage\":{\"@id\":\"https:\\\/\\\/quehacerpolitico.mx\\\/?p=87477\"},\"wordCount\":316,\"commentCount\":0,\"image\":{\"@id\":\"https:\\\/\\\/quehacerpolitico.mx\\\/?p=87477#primaryimage\"},\"thumbnailUrl\":\"https:\\\/\\\/quehacerpolitico.mx\\\/wp-content\\\/uploads\\\/2021\\\/12\\\/E57F24AD-9816-4503-B7C6-3B0BCAAF680E.jpeg\",\"articleSection\":[\"Noticias\"],\"inLanguage\":\"es\",\"potentialAction\":[{\"@type\":\"CommentAction\",\"name\":\"Comment\",\"target\":[\"https:\\\/\\\/quehacerpolitico.mx\\\/?p=87477#respond\"]}]},{\"@type\":\"WebPage\",\"@id\":\"https:\\\/\\\/quehacerpolitico.mx\\\/?p=87477\",\"url\":\"https:\\\/\\\/quehacerpolitico.mx\\\/?p=87477\",\"name\":\"AMLO felicita al nuevo presidente electo de Chile, Gabriel Boric -\",\"isPartOf\":{\"@id\":\"https:\\\/\\\/quehacerpolitico.mx\\\/#website\"},\"primaryImageOfPage\":{\"@id\":\"https:\\\/\\\/quehacerpolitico.mx\\\/?p=87477#primaryimage\"},\"image\":{\"@id\":\"https:\\\/\\\/quehacerpolitico.mx\\\/?p=87477#primaryimage\"},\"thumbnailUrl\":\"https:\\\/\\\/quehacerpolitico.mx\\\/wp-content\\\/uploads\\\/2021\\\/12\\\/E57F24AD-9816-4503-B7C6-3B0BCAAF680E.jpeg\",\"datePublished\":\"2021-12-20T16:14:11+00:00\",\"dateModified\":\"2021-12-20T16:14:14+00:00\",\"author\":{\"@id\":\"https:\\\/\\\/quehacerpolitico.mx\\\/#\\\/schema\\\/person\\\/496d8ad2d1d3f8036101dca7ee39e585\"},\"breadcrumb\":{\"@id\":\"https:\\\/\\\/quehacerpolitico.mx\\\/?p=87477#breadcrumb\"},\"inLanguage\":\"es\",\"potentialAction\":[{\"@type\":\"ReadAction\",\"target\":[\"https:\\\/\\\/quehacerpolitico.mx\\\/?p=87477\"]}]},{\"@type\":\"ImageObject\",\"inLanguage\":\"es\",\"@id\":\"https:\\\/\\\/quehacerpolitico.mx\\\/?p=87477#primaryimage\",\"url\":\"https:\\\/\\\/quehacerpolitico.mx\\\/wp-content\\\/uploads\\\/2021\\\/12\\\/E57F24AD-9816-4503-B7C6-3B0BCAAF680E.jpeg\",\"contentUrl\":\"https:\\\/\\\/quehacerpolitico.mx\\\/wp-content\\\/uploads\\\/2021\\\/12\\\/E57F24AD-9816-4503-B7C6-3B0BCAAF680E.jpeg\",\"width\":1284,\"height\":601},{\"@type\":\"BreadcrumbList\",\"@id\":\"https:\\\/\\\/quehacerpolitico.mx\\\/?p=87477#breadcrumb\",\"itemListElement\":[{\"@type\":\"ListItem\",\"position\":1,\"name\":\"Inicio\",\"item\":\"https:\\\/\\\/quehacerpolitico.mx\\\/\"},{\"@type\":\"ListItem\",\"position\":2,\"name\":\"AMLO felicita al nuevo presidente electo de Chile, Gabriel Boric\"}]},{\"@type\":\"WebSite\",\"@id\":\"https:\\\/\\\/quehacerpolitico.mx\\\/#website\",\"url\":\"https:\\\/\\\/quehacerpolitico.mx\\\/\",\"name\":\"\",\"description\":\"\",\"potentialAction\":[{\"@type\":\"SearchAction\",\"target\":{\"@type\":\"EntryPoint\",\"urlTemplate\":\"https:\\\/\\\/quehacerpolitico.mx\\\/?s={search_term_string}\"},\"query-input\":{\"@type\":\"PropertyValueSpecification\",\"valueRequired\":true,\"valueName\":\"search_term_string\"}}],\"inLanguage\":\"es\"},{\"@type\":\"Person\",\"@id\":\"https:\\\/\\\/quehacerpolitico.mx\\\/#\\\/schema\\\/person\\\/496d8ad2d1d3f8036101dca7ee39e585\",\"name\":\"Redacci\u00f3n QP\",\"image\":{\"@type\":\"ImageObject\",\"inLanguage\":\"es\",\"@id\":\"https:\\\/\\\/secure.gravatar.com\\\/avatar\\\/c7164ed6fdec453195284ad24a5ae5b6e1eed2b848477fa2a4787ba9adf39a41?s=96&d=mm&r=g\",\"url\":\"https:\\\/\\\/secure.gravatar.com\\\/avatar\\\/c7164ed6fdec453195284ad24a5ae5b6e1eed2b848477fa2a4787ba9adf39a41?s=96&d=mm&r=g\",\"contentUrl\":\"https:\\\/\\\/secure.gravatar.com\\\/avatar\\\/c7164ed6fdec453195284ad24a5ae5b6e1eed2b848477fa2a4787ba9adf39a41?s=96&d=mm&r=g\",\"caption\":\"Redacci\u00f3n QP\"},\"url\":\"https:\\\/\\\/quehacerpolitico.mx\\\/?author=2\"}]}<\/script>\n<!-- \/ Yoast SEO plugin. -->","yoast_head_json":{"title":"AMLO felicita al nuevo presidente electo de Chile, Gabriel Boric -","robots":{"index":"index","follow":"follow","max-snippet":"max-snippet:-1","max-image-preview":"max-image-preview:large","max-video-preview":"max-video-preview:-1"},"canonical":"https:\/\/quehacerpolitico.mx\/?p=87477","og_locale":"es_MX","og_type":"article","og_title":"AMLO felicita al nuevo presidente electo de Chile, Gabriel Boric -","og_description":"Por Redacci\u00f3n QP L\u00f3pez Obrador calific\u00f3 los comicios como &#8220;un triunfo de la democracia en...","og_url":"https:\/\/quehacerpolitico.mx\/?p=87477","article_published_time":"2021-12-20T16:14:11+00:00","article_modified_time":"2021-12-20T16:14:14+00:00","og_image":[{"width":1284,"height":601,"url":"https:\/\/quehacerpolitico.mx\/wp-content\/uploads\/2021\/12\/E57F24AD-9816-4503-B7C6-3B0BCAAF680E.jpeg","type":"image\/jpeg"}],"author":"Redacci\u00f3n QP","twitter_card":"summary_large_image","twitter_misc":{"Escrito por":"Redacci\u00f3n QP","Tiempo de lectura":"2 minutos"},"schema":{"@context":"https:\/\/schema.org","@graph":[{"@type":"Article","@id":"https:\/\/quehacerpolitico.mx\/?p=87477#article","isPartOf":{"@id":"https:\/\/quehacerpolitico.mx\/?p=87477"},"author":{"name":"Redacci\u00f3n QP","@id":"https:\/\/quehacerpolitico.mx\/#\/schema\/person\/496d8ad2d1d3f8036101dca7ee39e585"},"headline":"AMLO felicita al nuevo presidente electo de Chile, Gabriel Boric","datePublished":"2021-12-20T16:14:11+00:00","dateModified":"2021-12-20T16:14:14+00:00","mainEntityOfPage":{"@id":"https:\/\/quehacerpolitico.mx\/?p=87477"},"wordCount":316,"commentCount":0,"image":{"@id":"https:\/\/quehacerpolitico.mx\/?p=87477#primaryimage"},"thumbnailUrl":"https:\/\/quehacerpolitico.mx\/wp-content\/uploads\/2021\/12\/E57F24AD-9816-4503-B7C6-3B0BCAAF680E.jpeg","articleSection":["Noticias"],"inLanguage":"es","potentialAction":[{"@type":"CommentAction","name":"Comment","target":["https:\/\/quehacerpolitico.mx\/?p=87477#respond"]}]},{"@type":"WebPage","@id":"https:\/\/quehacerpolitico.mx\/?p=87477","url":"https:\/\/quehacerpolitico.mx\/?p=87477","name":"AMLO felicita al nuevo presidente electo de Chile, Gabriel Boric -","isPartOf":{"@id":"https:\/\/quehacerpolitico.mx\/#website"},"primaryImageOfPage":{"@id":"https:\/\/quehacerpolitico.mx\/?p=87477#primaryimage"},"image":{"@id":"https:\/\/quehacerpolitico.mx\/?p=87477#primaryimage"},"thumbnailUrl":"https:\/\/quehacerpolitico.mx\/wp-content\/uploads\/2021\/12\/E57F24AD-9816-4503-B7C6-3B0BCAAF680E.jpeg","datePublished":"2021-12-20T16:14:11+00:00","dateModified":"2021-12-20T16:14:14+00:00","author":{"@id":"https:\/\/quehacerpolitico.mx\/#\/schema\/person\/496d8ad2d1d3f8036101dca7ee39e585"},"breadcrumb":{"@id":"https:\/\/quehacerpolitico.mx\/?p=87477#breadcrumb"},"inLanguage":"es","potentialAction":[{"@type":"ReadAction","target":["https:\/\/quehacerpolitico.mx\/?p=87477"]}]},{"@type":"ImageObject","inLanguage":"es","@id":"https:\/\/quehacerpolitico.mx\/?p=87477#primaryimage","url":"https:\/\/quehacerpolitico.mx\/wp-content\/uploads\/2021\/12\/E57F24AD-9816-4503-B7C6-3B0BCAAF680E.jpeg","contentUrl":"https:\/\/quehacerpolitico.mx\/wp-content\/uploads\/2021\/12\/E57F24AD-9816-4503-B7C6-3B0BCAAF680E.jpeg","width":1284,"height":601},{"@type":"BreadcrumbList","@id":"https:\/\/quehacerpolitico.mx\/?p=87477#breadcrumb","itemListElement":[{"@type":"ListItem","position":1,"name":"Inicio","item":"https:\/\/quehacerpolitico.mx\/"},{"@type":"ListItem","position":2,"name":"AMLO felicita al nuevo presidente electo de Chile, Gabriel Boric"}]},{"@type":"WebSite","@id":"https:\/\/quehacerpolitico.mx\/#website","url":"https:\/\/quehacerpolitico.mx\/","name":"","description":"","potentialAction":[{"@type":"SearchAction","target":{"@type":"EntryPoint","urlTemplate":"https:\/\/quehacerpolitico.mx\/?s={search_term_string}"},"query-input":{"@type":"PropertyValueSpecification","valueRequired":true,"valueName":"search_term_string"}}],"inLanguage":"es"},{"@type":"Person","@id":"https:\/\/quehacerpolitico.mx\/#\/schema\/person\/496d8ad2d1d3f8036101dca7ee39e585","name":"Redacci\u00f3n QP","image":{"@type":"ImageObject","inLanguage":"es","@id":"https:\/\/secure.gravatar.com\/avatar\/c7164ed6fdec453195284ad24a5ae5b6e1eed2b848477fa2a4787ba9adf39a41?s=96&d=mm&r=g","url":"https:\/\/secure.gravatar.com\/avatar\/c7164ed6fdec453195284ad24a5ae5b6e1eed2b848477fa2a4787ba9adf39a41?s=96&d=mm&r=g","contentUrl":"https:\/\/secure.gravatar.com\/avatar\/c7164ed6fdec453195284ad24a5ae5b6e1eed2b848477fa2a4787ba9adf39a41?s=96&d=mm&r=g","caption":"Redacci\u00f3n QP"},"url":"https:\/\/quehacerpolitico.mx\/?author=2"}]}},"featured_image_urls":{"full":["https:\/\/quehacerpolitico.mx\/wp-content\/uploads\/2021\/12\/E57F24AD-9816-4503-B7C6-3B0BCAAF680E.jpeg",1284,601,false],"thumbnail":["https:\/\/quehacerpolitico.mx\/wp-content\/uploads\/2021\/12\/E57F24AD-9816-4503-B7C6-3B0BCAAF680E-150x150.jpeg",150,150,true],"medium":["https:\/\/quehacerpolitico.mx\/wp-content\/uploads\/2021\/12\/E57F24AD-9816-4503-B7C6-3B0BCAAF680E-300x140.jpeg",300,140,true],"medium_large":["https:\/\/quehacerpolitico.mx\/wp-content\/uploads\/2021\/12\/E57F24AD-9816-4503-B7C6-3B0BCAAF680E-768x359.jpeg",640,299,true],"large":["https:\/\/quehacerpolitico.mx\/wp-content\/uploads\/2021\/12\/E57F24AD-9816-4503-B7C6-3B0BCAAF680E-1024x479.jpeg",640,299,true],"1536x1536":["https:\/\/quehacerpolitico.mx\/wp-content\/uploads\/2021\/12\/E57F24AD-9816-4503-B7C6-3B0BCAAF680E.jpeg",1284,601,false],"2048x2048":["https:\/\/quehacerpolitico.mx\/wp-content\/uploads\/2021\/12\/E57F24AD-9816-4503-B7C6-3B0BCAAF680E.jpeg",1284,601,false],"covernews-featured":["https:\/\/quehacerpolitico.mx\/wp-content\/uploads\/2021\/12\/E57F24AD-9816-4503-B7C6-3B0BCAAF680E.jpeg",1024,479,false],"covernews-medium":["https:\/\/quehacerpolitico.mx\/wp-content\/uploads\/2021\/12\/E57F24AD-9816-4503-B7C6-3B0BCAAF680E.jpeg",540,253,false]},"author_info":{"display_name":"Redacci\u00f3n QP","author_link":"https:\/\/quehacerpolitico.mx\/?author=2"},"category_info":"<a href=\"https:\/\/quehacerpolitico.mx\/?cat=2\" rel=\"category\">Noticias<\/a>","tag_info":"Noticias","comment_count":"0","_links":{"self":[{"href":"https:\/\/quehacerpolitico.mx\/index.php?rest_route=\/wp\/v2\/posts\/87477","targetHints":{"allow":["GET"]}}],"collection":[{"href":"https:\/\/quehacerpolitico.mx\/index.php?rest_route=\/wp\/v2\/posts"}],"about":[{"href":"https:\/\/quehacerpolitico.mx\/index.php?rest_route=\/wp\/v2\/types\/post"}],"author":[{"embeddable":true,"href":"https:\/\/quehacerpolitico.mx\/index.php?rest_route=\/wp\/v2\/users\/2"}],"replies":[{"embeddable":true,"href":"https:\/\/quehacerpolitico.mx\/index.php?rest_route=%2Fwp%2Fv2%2Fcomments&post=87477"}],"version-history":[{"count":1,"href":"https:\/\/quehacerpolitico.mx\/index.php?rest_route=\/wp\/v2\/posts\/87477\/revisions"}],"predecessor-version":[{"id":87480,"href":"https:\/\/quehacerpolitico.mx\/index.php?rest_route=\/wp\/v2\/posts\/87477\/revisions\/87480"}],"wp:featuredmedia":[{"embeddable":true,"href":"https:\/\/quehacerpolitico.mx\/index.php?rest_route=\/wp\/v2\/media\/87478"}],"wp:attachment":[{"href":"https:\/\/quehacerpolitico.mx\/index.php?rest_route=%2Fwp%2Fv2%2Fmedia&parent=87477"}],"wp:term":[{"taxonomy":"category","embeddable":true,"href":"https:\/\/quehacerpolitico.mx\/index.php?rest_route=%2Fwp%2Fv2%2Fcategories&post=87477"},{"taxonomy":"post_tag","embeddable":true,"href":"https:\/\/quehacerpolitico.mx\/index.php?rest_route=%2Fwp%2Fv2%2Ftags&post=87477"}],"curies":[{"name":"wp","href":"https:\/\/api.w.org\/{rel}","templated":true}]}}