{"id":87465,"date":"2021-12-18T04:35:46","date_gmt":"2021-12-18T04:35:46","guid":{"rendered":"https:\/\/quehacerpolitico.mx\/?p=87465"},"modified":"2021-12-18T04:35:49","modified_gmt":"2021-12-18T04:35:49","slug":"por-falta-de-recursos-ine-acuerda-posponer-revocacion-de-mandato","status":"publish","type":"post","link":"https:\/\/quehacerpolitico.mx\/?p=87465","title":{"rendered":"Por falta de recursos, INE acuerda posponer revocaci\u00f3n de mandato"},"content":{"rendered":"\n<p>Por Redacci\u00f3n QP<\/p>\n\n\n\n<p>El \u00f3rgano electoral determin\u00f3 aplazar el ejercicio de revocaci\u00f3n de mandato del Presidente Andr\u00e9s Manuel L\u00f3pez Obrador<\/p>\n\n\n\n<p>Ante el\u00a0problema de falta de recursos por el recorte a su presupuesto, el Instituto Nacional Electoral (INE) propuso\u00a0posponer los procedimientos de la revocaci\u00f3n de mandato del Presidente Andr\u00e9s Manuel L\u00f3pez Obrador.<\/p>\n\n\n\n<p><strong>En sesi\u00f3n extraordinaria, el \u00f3rgano electoral vot\u00f3\u00a0y, de manera dividida, determin\u00f3 posponer temporalmente el ejercicio hasta que se cuente con el presupuesto suficiente.<\/strong><\/p>\n\n\n\n<p>Con los votos de seis consejeros a favor y cinco en contra, los integrantes del INE determinaron aplazar la revocaci\u00f3n de mandato que se realizar\u00eda en abril en caso de juntar las firmas necesarias.<\/p>\n\n\n\n<figure class=\"wp-block-embed is-type-video is-provider-youtube wp-block-embed-youtube wp-embed-aspect-16-9 wp-has-aspect-ratio\"><div class=\"wp-block-embed__wrapper\">\n<iframe loading=\"lazy\" title=\"Por falta de recursos, INE acuerda posponer revocaci\u00f3n de mandato de AMLO\" width=\"640\" height=\"360\" src=\"https:\/\/www.youtube.com\/embed\/nm5VZE2VUbs?feature=oembed\" frameborder=\"0\" allow=\"accelerometer; autoplay; clipboard-write; encrypted-media; gyroscope; picture-in-picture; web-share\" referrerpolicy=\"strict-origin-when-cross-origin\" allowfullscreen><\/iframe>\n<\/div><\/figure>\n\n\n\n<p>En la sesi\u00f3n, \u00c1ngel \u00c1vila, representante del PRD ante el INE, mostr\u00f3 su apoyo a la propuesta que hizo el consejero presidente, Lorenzo C\u00f3rdova, para que se posponga el ejercicio de revocaci\u00f3n de mandato, hasta que la Suprema Corte de Justicia de la Naci\u00f3n (SCJN) se pronuncie al respecto.<\/p>\n\n\n\n<p>&#8220;Nosotros apoyamos la propuesta que hace el consejero presidente (Lorenzo C\u00f3rdova) al Consejo General; en el sentido de que mientras no se tengan las condiciones materiales, ser\u00eda un grave riesgo para el derecho de la ciudadan\u00eda&#8221;, coment\u00f3 \u00c1vila en entrevista.<\/p>\n\n\n\n<p><strong>El&nbsp;perredista&nbsp;consider\u00f3 que lo que intenta Morena es hacer una consulta al estilo de la que se llev\u00f3 a cabo cuando se decidi\u00f3 suspender la obra de construcci\u00f3n del aeropuerto de&nbsp;Texcoco.<\/strong><\/p>\n\n\n\n<p>&#8220;Esto es el capricho del Presidente, los que recaban las firmas son los propios excandidatos de Morena, como Gabriela Jim\u00e9nez; es el capricho de L\u00f3pez Obrador que pretende manipular al INE&#8221;, indic\u00f3.<\/p>\n\n\n\n<p>Con Informaci\u00f3n de SUN <\/p>\n","protected":false},"excerpt":{"rendered":"<p>Por Redacci\u00f3n QP El \u00f3rgano electoral determin\u00f3 aplazar el ejercicio de revocaci\u00f3n de mandato del&#8230;<\/p>\n","protected":false},"author":2,"featured_media":87466,"comment_status":"open","ping_status":"open","sticky":false,"template":"","format":"standard","meta":{"_monsterinsights_skip_tracking":false,"_monsterinsights_sitenote_active":false,"_monsterinsights_sitenote_note":"","_monsterinsights_sitenote_category":0,"footnotes":""},"categories":[2],"tags":[],"class_list":["post-87465","post","type-post","status-publish","format-standard","has-post-thumbnail","hentry","category-noticias"],"yoast_head":"<!-- This site is optimized with the Yoast SEO plugin v27.3 - https:\/\/yoast.com\/product\/yoast-seo-wordpress\/ -->\n<title>Por falta de recursos, INE acuerda posponer revocaci\u00f3n de mandato -<\/title>\n<meta name=\"robots\" content=\"index, follow, max-snippet:-1, max-image-preview:large, max-video-preview:-1\" \/>\n<link rel=\"canonical\" href=\"https:\/\/quehacerpolitico.mx\/?p=87465\" \/>\n<meta property=\"og:locale\" content=\"es_MX\" \/>\n<meta property=\"og:type\" content=\"article\" \/>\n<meta property=\"og:title\" content=\"Por falta de recursos, INE acuerda posponer revocaci\u00f3n de mandato -\" \/>\n<meta property=\"og:description\" content=\"Por Redacci\u00f3n QP El \u00f3rgano electoral determin\u00f3 aplazar el ejercicio de revocaci\u00f3n de mandato del...\" \/>\n<meta property=\"og:url\" content=\"https:\/\/quehacerpolitico.mx\/?p=87465\" \/>\n<meta property=\"article:published_time\" content=\"2021-12-18T04:35:46+00:00\" \/>\n<meta property=\"article:modified_time\" content=\"2021-12-18T04:35:49+00:00\" \/>\n<meta property=\"og:image\" content=\"https:\/\/quehacerpolitico.mx\/wp-content\/uploads\/2021\/12\/6316E279-DE26-4CE1-AF7E-611D7CD55D39.jpeg\" \/>\n\t<meta property=\"og:image:width\" content=\"1280\" \/>\n\t<meta property=\"og:image:height\" content=\"853\" \/>\n\t<meta property=\"og:image:type\" content=\"image\/jpeg\" \/>\n<meta name=\"author\" content=\"Redacci\u00f3n QP\" \/>\n<meta name=\"twitter:card\" content=\"summary_large_image\" \/>\n<meta name=\"twitter:label1\" content=\"Escrito por\" \/>\n\t<meta name=\"twitter:data1\" content=\"Redacci\u00f3n QP\" \/>\n\t<meta name=\"twitter:label2\" content=\"Tiempo de lectura\" \/>\n\t<meta name=\"twitter:data2\" content=\"1 minuto\" \/>\n<script type=\"application\/ld+json\" class=\"yoast-schema-graph\">{\"@context\":\"https:\\\/\\\/schema.org\",\"@graph\":[{\"@type\":\"Article\",\"@id\":\"https:\\\/\\\/quehacerpolitico.mx\\\/?p=87465#article\",\"isPartOf\":{\"@id\":\"https:\\\/\\\/quehacerpolitico.mx\\\/?p=87465\"},\"author\":{\"name\":\"Redacci\u00f3n QP\",\"@id\":\"https:\\\/\\\/quehacerpolitico.mx\\\/#\\\/schema\\\/person\\\/496d8ad2d1d3f8036101dca7ee39e585\"},\"headline\":\"Por falta de recursos, INE acuerda posponer revocaci\u00f3n de mandato\",\"datePublished\":\"2021-12-18T04:35:46+00:00\",\"dateModified\":\"2021-12-18T04:35:49+00:00\",\"mainEntityOfPage\":{\"@id\":\"https:\\\/\\\/quehacerpolitico.mx\\\/?p=87465\"},\"wordCount\":310,\"commentCount\":0,\"image\":{\"@id\":\"https:\\\/\\\/quehacerpolitico.mx\\\/?p=87465#primaryimage\"},\"thumbnailUrl\":\"https:\\\/\\\/quehacerpolitico.mx\\\/wp-content\\\/uploads\\\/2021\\\/12\\\/6316E279-DE26-4CE1-AF7E-611D7CD55D39.jpeg\",\"articleSection\":[\"Noticias\"],\"inLanguage\":\"es\",\"potentialAction\":[{\"@type\":\"CommentAction\",\"name\":\"Comment\",\"target\":[\"https:\\\/\\\/quehacerpolitico.mx\\\/?p=87465#respond\"]}]},{\"@type\":\"WebPage\",\"@id\":\"https:\\\/\\\/quehacerpolitico.mx\\\/?p=87465\",\"url\":\"https:\\\/\\\/quehacerpolitico.mx\\\/?p=87465\",\"name\":\"Por falta de recursos, INE acuerda posponer revocaci\u00f3n de mandato -\",\"isPartOf\":{\"@id\":\"https:\\\/\\\/quehacerpolitico.mx\\\/#website\"},\"primaryImageOfPage\":{\"@id\":\"https:\\\/\\\/quehacerpolitico.mx\\\/?p=87465#primaryimage\"},\"image\":{\"@id\":\"https:\\\/\\\/quehacerpolitico.mx\\\/?p=87465#primaryimage\"},\"thumbnailUrl\":\"https:\\\/\\\/quehacerpolitico.mx\\\/wp-content\\\/uploads\\\/2021\\\/12\\\/6316E279-DE26-4CE1-AF7E-611D7CD55D39.jpeg\",\"datePublished\":\"2021-12-18T04:35:46+00:00\",\"dateModified\":\"2021-12-18T04:35:49+00:00\",\"author\":{\"@id\":\"https:\\\/\\\/quehacerpolitico.mx\\\/#\\\/schema\\\/person\\\/496d8ad2d1d3f8036101dca7ee39e585\"},\"breadcrumb\":{\"@id\":\"https:\\\/\\\/quehacerpolitico.mx\\\/?p=87465#breadcrumb\"},\"inLanguage\":\"es\",\"potentialAction\":[{\"@type\":\"ReadAction\",\"target\":[\"https:\\\/\\\/quehacerpolitico.mx\\\/?p=87465\"]}]},{\"@type\":\"ImageObject\",\"inLanguage\":\"es\",\"@id\":\"https:\\\/\\\/quehacerpolitico.mx\\\/?p=87465#primaryimage\",\"url\":\"https:\\\/\\\/quehacerpolitico.mx\\\/wp-content\\\/uploads\\\/2021\\\/12\\\/6316E279-DE26-4CE1-AF7E-611D7CD55D39.jpeg\",\"contentUrl\":\"https:\\\/\\\/quehacerpolitico.mx\\\/wp-content\\\/uploads\\\/2021\\\/12\\\/6316E279-DE26-4CE1-AF7E-611D7CD55D39.jpeg\",\"width\":1280,\"height\":853},{\"@type\":\"BreadcrumbList\",\"@id\":\"https:\\\/\\\/quehacerpolitico.mx\\\/?p=87465#breadcrumb\",\"itemListElement\":[{\"@type\":\"ListItem\",\"position\":1,\"name\":\"Inicio\",\"item\":\"https:\\\/\\\/quehacerpolitico.mx\\\/\"},{\"@type\":\"ListItem\",\"position\":2,\"name\":\"Por falta de recursos, INE acuerda posponer revocaci\u00f3n de mandato\"}]},{\"@type\":\"WebSite\",\"@id\":\"https:\\\/\\\/quehacerpolitico.mx\\\/#website\",\"url\":\"https:\\\/\\\/quehacerpolitico.mx\\\/\",\"name\":\"\",\"description\":\"\",\"potentialAction\":[{\"@type\":\"SearchAction\",\"target\":{\"@type\":\"EntryPoint\",\"urlTemplate\":\"https:\\\/\\\/quehacerpolitico.mx\\\/?s={search_term_string}\"},\"query-input\":{\"@type\":\"PropertyValueSpecification\",\"valueRequired\":true,\"valueName\":\"search_term_string\"}}],\"inLanguage\":\"es\"},{\"@type\":\"Person\",\"@id\":\"https:\\\/\\\/quehacerpolitico.mx\\\/#\\\/schema\\\/person\\\/496d8ad2d1d3f8036101dca7ee39e585\",\"name\":\"Redacci\u00f3n QP\",\"image\":{\"@type\":\"ImageObject\",\"inLanguage\":\"es\",\"@id\":\"https:\\\/\\\/secure.gravatar.com\\\/avatar\\\/c7164ed6fdec453195284ad24a5ae5b6e1eed2b848477fa2a4787ba9adf39a41?s=96&d=mm&r=g\",\"url\":\"https:\\\/\\\/secure.gravatar.com\\\/avatar\\\/c7164ed6fdec453195284ad24a5ae5b6e1eed2b848477fa2a4787ba9adf39a41?s=96&d=mm&r=g\",\"contentUrl\":\"https:\\\/\\\/secure.gravatar.com\\\/avatar\\\/c7164ed6fdec453195284ad24a5ae5b6e1eed2b848477fa2a4787ba9adf39a41?s=96&d=mm&r=g\",\"caption\":\"Redacci\u00f3n QP\"},\"url\":\"https:\\\/\\\/quehacerpolitico.mx\\\/?author=2\"}]}<\/script>\n<!-- \/ Yoast SEO plugin. -->","yoast_head_json":{"title":"Por falta de recursos, INE acuerda posponer revocaci\u00f3n de mandato -","robots":{"index":"index","follow":"follow","max-snippet":"max-snippet:-1","max-image-preview":"max-image-preview:large","max-video-preview":"max-video-preview:-1"},"canonical":"https:\/\/quehacerpolitico.mx\/?p=87465","og_locale":"es_MX","og_type":"article","og_title":"Por falta de recursos, INE acuerda posponer revocaci\u00f3n de mandato -","og_description":"Por Redacci\u00f3n QP El \u00f3rgano electoral determin\u00f3 aplazar el ejercicio de revocaci\u00f3n de mandato del...","og_url":"https:\/\/quehacerpolitico.mx\/?p=87465","article_published_time":"2021-12-18T04:35:46+00:00","article_modified_time":"2021-12-18T04:35:49+00:00","og_image":[{"width":1280,"height":853,"url":"https:\/\/quehacerpolitico.mx\/wp-content\/uploads\/2021\/12\/6316E279-DE26-4CE1-AF7E-611D7CD55D39.jpeg","type":"image\/jpeg"}],"author":"Redacci\u00f3n QP","twitter_card":"summary_large_image","twitter_misc":{"Escrito por":"Redacci\u00f3n QP","Tiempo de lectura":"1 minuto"},"schema":{"@context":"https:\/\/schema.org","@graph":[{"@type":"Article","@id":"https:\/\/quehacerpolitico.mx\/?p=87465#article","isPartOf":{"@id":"https:\/\/quehacerpolitico.mx\/?p=87465"},"author":{"name":"Redacci\u00f3n QP","@id":"https:\/\/quehacerpolitico.mx\/#\/schema\/person\/496d8ad2d1d3f8036101dca7ee39e585"},"headline":"Por falta de recursos, INE acuerda posponer revocaci\u00f3n de mandato","datePublished":"2021-12-18T04:35:46+00:00","dateModified":"2021-12-18T04:35:49+00:00","mainEntityOfPage":{"@id":"https:\/\/quehacerpolitico.mx\/?p=87465"},"wordCount":310,"commentCount":0,"image":{"@id":"https:\/\/quehacerpolitico.mx\/?p=87465#primaryimage"},"thumbnailUrl":"https:\/\/quehacerpolitico.mx\/wp-content\/uploads\/2021\/12\/6316E279-DE26-4CE1-AF7E-611D7CD55D39.jpeg","articleSection":["Noticias"],"inLanguage":"es","potentialAction":[{"@type":"CommentAction","name":"Comment","target":["https:\/\/quehacerpolitico.mx\/?p=87465#respond"]}]},{"@type":"WebPage","@id":"https:\/\/quehacerpolitico.mx\/?p=87465","url":"https:\/\/quehacerpolitico.mx\/?p=87465","name":"Por falta de recursos, INE acuerda posponer revocaci\u00f3n de mandato -","isPartOf":{"@id":"https:\/\/quehacerpolitico.mx\/#website"},"primaryImageOfPage":{"@id":"https:\/\/quehacerpolitico.mx\/?p=87465#primaryimage"},"image":{"@id":"https:\/\/quehacerpolitico.mx\/?p=87465#primaryimage"},"thumbnailUrl":"https:\/\/quehacerpolitico.mx\/wp-content\/uploads\/2021\/12\/6316E279-DE26-4CE1-AF7E-611D7CD55D39.jpeg","datePublished":"2021-12-18T04:35:46+00:00","dateModified":"2021-12-18T04:35:49+00:00","author":{"@id":"https:\/\/quehacerpolitico.mx\/#\/schema\/person\/496d8ad2d1d3f8036101dca7ee39e585"},"breadcrumb":{"@id":"https:\/\/quehacerpolitico.mx\/?p=87465#breadcrumb"},"inLanguage":"es","potentialAction":[{"@type":"ReadAction","target":["https:\/\/quehacerpolitico.mx\/?p=87465"]}]},{"@type":"ImageObject","inLanguage":"es","@id":"https:\/\/quehacerpolitico.mx\/?p=87465#primaryimage","url":"https:\/\/quehacerpolitico.mx\/wp-content\/uploads\/2021\/12\/6316E279-DE26-4CE1-AF7E-611D7CD55D39.jpeg","contentUrl":"https:\/\/quehacerpolitico.mx\/wp-content\/uploads\/2021\/12\/6316E279-DE26-4CE1-AF7E-611D7CD55D39.jpeg","width":1280,"height":853},{"@type":"BreadcrumbList","@id":"https:\/\/quehacerpolitico.mx\/?p=87465#breadcrumb","itemListElement":[{"@type":"ListItem","position":1,"name":"Inicio","item":"https:\/\/quehacerpolitico.mx\/"},{"@type":"ListItem","position":2,"name":"Por falta de recursos, INE acuerda posponer revocaci\u00f3n de mandato"}]},{"@type":"WebSite","@id":"https:\/\/quehacerpolitico.mx\/#website","url":"https:\/\/quehacerpolitico.mx\/","name":"","description":"","potentialAction":[{"@type":"SearchAction","target":{"@type":"EntryPoint","urlTemplate":"https:\/\/quehacerpolitico.mx\/?s={search_term_string}"},"query-input":{"@type":"PropertyValueSpecification","valueRequired":true,"valueName":"search_term_string"}}],"inLanguage":"es"},{"@type":"Person","@id":"https:\/\/quehacerpolitico.mx\/#\/schema\/person\/496d8ad2d1d3f8036101dca7ee39e585","name":"Redacci\u00f3n QP","image":{"@type":"ImageObject","inLanguage":"es","@id":"https:\/\/secure.gravatar.com\/avatar\/c7164ed6fdec453195284ad24a5ae5b6e1eed2b848477fa2a4787ba9adf39a41?s=96&d=mm&r=g","url":"https:\/\/secure.gravatar.com\/avatar\/c7164ed6fdec453195284ad24a5ae5b6e1eed2b848477fa2a4787ba9adf39a41?s=96&d=mm&r=g","contentUrl":"https:\/\/secure.gravatar.com\/avatar\/c7164ed6fdec453195284ad24a5ae5b6e1eed2b848477fa2a4787ba9adf39a41?s=96&d=mm&r=g","caption":"Redacci\u00f3n QP"},"url":"https:\/\/quehacerpolitico.mx\/?author=2"}]}},"featured_image_urls":{"full":["https:\/\/quehacerpolitico.mx\/wp-content\/uploads\/2021\/12\/6316E279-DE26-4CE1-AF7E-611D7CD55D39.jpeg",1280,853,false],"thumbnail":["https:\/\/quehacerpolitico.mx\/wp-content\/uploads\/2021\/12\/6316E279-DE26-4CE1-AF7E-611D7CD55D39-150x150.jpeg",150,150,true],"medium":["https:\/\/quehacerpolitico.mx\/wp-content\/uploads\/2021\/12\/6316E279-DE26-4CE1-AF7E-611D7CD55D39-300x200.jpeg",300,200,true],"medium_large":["https:\/\/quehacerpolitico.mx\/wp-content\/uploads\/2021\/12\/6316E279-DE26-4CE1-AF7E-611D7CD55D39-768x512.jpeg",640,427,true],"large":["https:\/\/quehacerpolitico.mx\/wp-content\/uploads\/2021\/12\/6316E279-DE26-4CE1-AF7E-611D7CD55D39-1024x682.jpeg",640,426,true],"1536x1536":["https:\/\/quehacerpolitico.mx\/wp-content\/uploads\/2021\/12\/6316E279-DE26-4CE1-AF7E-611D7CD55D39.jpeg",1280,853,false],"2048x2048":["https:\/\/quehacerpolitico.mx\/wp-content\/uploads\/2021\/12\/6316E279-DE26-4CE1-AF7E-611D7CD55D39.jpeg",1280,853,false],"covernews-featured":["https:\/\/quehacerpolitico.mx\/wp-content\/uploads\/2021\/12\/6316E279-DE26-4CE1-AF7E-611D7CD55D39.jpeg",1024,682,false],"covernews-medium":["https:\/\/quehacerpolitico.mx\/wp-content\/uploads\/2021\/12\/6316E279-DE26-4CE1-AF7E-611D7CD55D39.jpeg",510,340,false]},"author_info":{"display_name":"Redacci\u00f3n QP","author_link":"https:\/\/quehacerpolitico.mx\/?author=2"},"category_info":"<a href=\"https:\/\/quehacerpolitico.mx\/?cat=2\" rel=\"category\">Noticias<\/a>","tag_info":"Noticias","comment_count":"0","_links":{"self":[{"href":"https:\/\/quehacerpolitico.mx\/index.php?rest_route=\/wp\/v2\/posts\/87465","targetHints":{"allow":["GET"]}}],"collection":[{"href":"https:\/\/quehacerpolitico.mx\/index.php?rest_route=\/wp\/v2\/posts"}],"about":[{"href":"https:\/\/quehacerpolitico.mx\/index.php?rest_route=\/wp\/v2\/types\/post"}],"author":[{"embeddable":true,"href":"https:\/\/quehacerpolitico.mx\/index.php?rest_route=\/wp\/v2\/users\/2"}],"replies":[{"embeddable":true,"href":"https:\/\/quehacerpolitico.mx\/index.php?rest_route=%2Fwp%2Fv2%2Fcomments&post=87465"}],"version-history":[{"count":1,"href":"https:\/\/quehacerpolitico.mx\/index.php?rest_route=\/wp\/v2\/posts\/87465\/revisions"}],"predecessor-version":[{"id":87467,"href":"https:\/\/quehacerpolitico.mx\/index.php?rest_route=\/wp\/v2\/posts\/87465\/revisions\/87467"}],"wp:featuredmedia":[{"embeddable":true,"href":"https:\/\/quehacerpolitico.mx\/index.php?rest_route=\/wp\/v2\/media\/87466"}],"wp:attachment":[{"href":"https:\/\/quehacerpolitico.mx\/index.php?rest_route=%2Fwp%2Fv2%2Fmedia&parent=87465"}],"wp:term":[{"taxonomy":"category","embeddable":true,"href":"https:\/\/quehacerpolitico.mx\/index.php?rest_route=%2Fwp%2Fv2%2Fcategories&post=87465"},{"taxonomy":"post_tag","embeddable":true,"href":"https:\/\/quehacerpolitico.mx\/index.php?rest_route=%2Fwp%2Fv2%2Ftags&post=87465"}],"curies":[{"name":"wp","href":"https:\/\/api.w.org\/{rel}","templated":true}]}}