{"id":87434,"date":"2021-12-15T20:09:38","date_gmt":"2021-12-15T20:09:38","guid":{"rendered":"https:\/\/quehacerpolitico.mx\/?p=87434"},"modified":"2021-12-15T20:09:44","modified_gmt":"2021-12-15T20:09:44","slug":"internacionales-carolina-alonso-romei-erupcion-del-volcan-de-la-palma-parece-haber-terminado","status":"publish","type":"post","link":"https:\/\/quehacerpolitico.mx\/?p=87434","title":{"rendered":"Internacionales\/\/\/Carolina Alonso Romei\/\/\/Erupci\u00f3n del volc\u00e1n de La Palma parece haber terminado"},"content":{"rendered":"\n<p>Por Carolina Alonso Romei <\/p>\n\n\n\n<p>Internacionalista <\/p>\n\n\n\n<p>Seg\u00fan los cient\u00edficos, el volc\u00e1n se ha mantenido sin actividad inapreciable por 36 horas, lo que podr\u00eda anunciar el principio del fin<\/p>\n\n\n\n<p>Residentes de la isla de La Palma empiezan a albergar esperanzas de que haya llegado a su fin la erupci\u00f3n del volc\u00e1n Cumbre Vieja, que\u00a0<strong>comenz\u00f3 hace tres meses,<\/strong>\u00a0y despu\u00e9s de\u00a0<strong>explosiones, temblores todos los d\u00edas, r\u00edos de lava fundida y enormes nubes de ceniza y gases t\u00f3xicos<\/strong>\u00a0sobre el lugar.<\/p>\n\n\n\n<figure class=\"wp-block-image\"><img decoding=\"async\" src=\"https:\/\/www.informador.mx\/__export\/1639591051868\/sites\/elinformador\/img\/2021\/12\/15\/la_palma_amanece_sin_s_x5992872x_efe_1_crop1639591051137.jpg_1970638775.jpg\" alt=\"Este mi\u00e9rcoles, sobre el cr\u00e1ter se observaban algunas volutas de humo blanco. El volc\u00e1n Cumbre Vieja qued\u00f3 en silencio el lunes por la noche. EFE \/ L. G. Morera\" title=\"Este mi\u00e9rcoles, sobre el cr\u00e1ter se observaban algunas volutas de humo blanco. El volc\u00e1n Cumbre Vieja qued\u00f3 en silencio el lunes por la noche. EFE \/ L. G. Morera\"\/><figcaption>Este mi\u00e9rcoles, sobre el cr\u00e1ter se observaban algunas volutas de humo blanco. El volc\u00e1n Cumbre Vieja qued\u00f3 en silencio el lunes por la noche. EFE \/ L. G. Morera<\/figcaption><\/figure>\n\n\n\n<figure class=\"wp-block-image\"><img decoding=\"async\" src=\"https:\/\/www.informador.mx\/__export\/1639591152494\/sites\/elinformador\/img\/2021\/12\/15\/957411-01-07_x5986172x_afp_crop1639591151429.jpg_1970638775.jpg\" alt=\"Algunos cient\u00edficos se han aventurado a llegar al borde del cr\u00e1ter para tomar lecturas de los gases por primera vez en tres meses. AFP \/ J. Guerrero\" title=\"Algunos cient\u00edficos se han aventurado a llegar al borde del cr\u00e1ter para tomar lecturas de los gases por primera vez en tres meses. AFP \/ J. Guerrero\"\/><figcaption>Algunos cient\u00edficos se han aventurado a llegar al borde del cr\u00e1ter para tomar lecturas de los gases por primera vez en tres meses. AFP \/ J. Guerrero<\/figcaption><\/figure>\n\n\n\n<figure class=\"wp-block-image\"><img decoding=\"async\" src=\"https:\/\/www.informador.mx\/__export\/1639591208450\/sites\/elinformador\/img\/2021\/12\/15\/spain_volcano_73510_jp_x5829301x_ap_crop1639591206390.jpg_1970638775.jpg\" alt=\"La erupci\u00f3n, que comenz\u00f3 el pasado 19 de septiembre, es la m\u00e1s larga de la que se tiene registro en La Palma. AP \/ ARCHIVO\" title=\"La erupci\u00f3n, que comenz\u00f3 el pasado 19 de septiembre, es la m\u00e1s larga de la que se tiene registro en La Palma. AP \/ ARCHIVO\"\/><figcaption>La erupci\u00f3n, que comenz\u00f3 el pasado 19 de septiembre, es la m\u00e1s larga de la que se tiene registro en La Palma. AP \/ ARCHIVO<\/figcaption><\/figure>\n\n\n\n<figure class=\"wp-block-image\"><img decoding=\"async\" src=\"https:\/\/www.informador.mx\/__export\/1639591296755\/sites\/elinformador\/img\/2021\/12\/15\/aptopix_spain_volcano__x5846126x_ap_crop1639591294380.jpg_1970638775.jpg\" alt=\"No se han relacionado lesiones o muertes de forma directa con la erupci\u00f3n en La Palma, donde viven unas 80 mil personas. AP \/ ARCHIVO\" title=\"No se han relacionado lesiones o muertes de forma directa con la erupci\u00f3n en La Palma, donde viven unas 80 mil personas. AP \/ ARCHIVO\"\/><figcaption>No se han relacionado lesiones o muertes de forma directa con la erupci\u00f3n en La Palma, donde viven unas 80 mil personas. AP \/ ARCHIVO<\/figcaption><\/figure>\n\n\n\n<figure class=\"wp-block-image\"><img decoding=\"async\" src=\"https:\/\/www.informador.mx\/__export\/1639591383844\/sites\/elinformador\/img\/2021\/12\/15\/956462-01-07_x5984685x_afp_1_crop1639591358304.jpg_1970638775.jpg\" alt=\"La lava que flu\u00eda desde Cumbre Vieja hacia el mar ha destruido unas tres mil edificaciones.  AFP \/ J. Guerrero\" title=\"La lava que flu\u00eda desde Cumbre Vieja hacia el mar ha destruido unas tres mil edificaciones.  AFP \/ J. Guerrero\"\/><\/figure>\n\n\n\n<p>La lava que flu\u00eda desde Cumbre Vieja hacia el mar ha destruido unas tres mil edificaciones. AFP \/ J. Guerrero<\/p>\n\n\n\n<p>Seg\u00fan los cient\u00edficos, el volc\u00e1n se ha mantenido\u00a0<strong>sin actividad inapreciable por 36 horas,<\/strong>\u00a0lo que podr\u00eda anunciar el principio del fin de la erupci\u00f3n del volc\u00e1n. Sin embargo, no descartan que pueda haber un repunte de la actividad, que ya antes se hab\u00eda detenido para reanudarse con fuerza renovada.<\/p>\n\n\n\n<p>Este mi\u00e9rcoles, sobre el cr\u00e1ter se observaban algunas volutas de humo blanco. El volc\u00e1n Cumbre Vieja\u00a0<strong>qued\u00f3 en silencio el lunes por la noche.<\/strong><\/p>\n\n\n\n<p>&#8220;No podemos estar cien por ciento seguros, ya que el volc\u00e1n ha hecho un par de trucos en las \u00faltimas semanas&#8221;, dijo Valentin Troll, experto en geolog\u00eda de la universidad sueca de Uppsala y coautor de un estudio de geolog\u00eda en las Islas Canarias. &#8220;Pero muchos par\u00e1metros han remitido ya y creo que el volc\u00e1n s\u00ed est\u00e1 remitiendo ahora&#8221;.<\/p>\n\n\n\n<p>El gobierno de Islas Canarias dijo en un comunicado que &#8220;la actividad eruptiva ha disminuido hasta pr\u00e1cticamente desaparecer&#8221;. Algunos cient\u00edficos se han aventurado a llegar al borde del cr\u00e1ter para tomar lecturas de los gases por primera vez en tres meses.<\/p>\n\n\n\n<p>Se deben observar niveles bajos sostenidos de actividad durante 10 d\u00edas para que los cient\u00edficos declaren formalmente que ha finalizado la erupci\u00f3n, dijo la vulcan\u00f3loga y vocera del Instituto Geogr\u00e1fico Nacional, Mar\u00eda Jos\u00e9 Blanco, a los medios.<\/p>\n\n\n\n<p><strong>Esto &#8220;no quiere decir que la emergencia haya terminado&#8221;,<\/strong>\u00a0dijo Blanco. &#8220;Hay medidas que se siguen teniendo que tomar para garantizar la seguridad de los ciudadanos. Las vueltas a las casas o el acceso cerca de las coladas. Esto tiene que\u00a0<strong>tener un periodo de seguridad para garantizar que realmente los ciudadanos est\u00e1n seguros&#8221;.<\/strong><\/p>\n\n\n\n<p>La erupci\u00f3n, que&nbsp;<strong>comenz\u00f3 el pasado 19 de septiembre,<\/strong>&nbsp;es la m\u00e1s larga de la que se tiene registro en La Palma y ha sido un golpe para los habitantes, muchos de los cuales viven de la agricultura y el turismo. El archipi\u00e9lago canario es&nbsp;<strong>un popular destino europeo de vacaciones<\/strong>&nbsp;debido a su clima templado.<\/p>\n\n\n\n<p>No se han relacionado lesiones o muertes de forma directa con la erupci\u00f3n en La Palma,&nbsp;<strong>donde viven unas 80 mil personas.<\/strong><\/p>\n\n\n\n<p>Aunque la vida ha seguido casi con normalidad en la mayor parte de la isla, una zona en el lado suroeste ha sufrido da\u00f1os graves.<\/p>\n\n\n\n<p>Para algunos habitantes, el alivio ante el debilitamiento de la erupci\u00f3n se vio atemperado por las promesas del gobierno que seg\u00fan ellos no se han cumplido.<\/p>\n\n\n\n<p><strong>&#8220;Ha habido dos d\u00edas en los que hemos por fin visto el sol, una nube peque\u00f1a, ning\u00fan temblor en toda la noche. Esto cambia la postal&#8221;,<\/strong>&nbsp;dijo Francisco Javier L\u00f3pez, de 61 a\u00f1os, vecino del pueblo de Todoque. &#8220;Pero el futuro sigue negro&#8221;.<\/p>\n\n\n\n<p>El futuro del negocio de parapente, con que se manten\u00edan \u00e9l y su esposa, se evapor\u00f3 cuando la lava enterr\u00f3 las pistas de lanzamiento y aterrizaje en lo alto del Cumbre Vieja.<\/p>\n\n\n\n<p>L\u00f3pez dijo que, a pesar de las promesas de alojamiento gratuito, subsidios y ayuda financiera de las autoridades locales y nacionales, poco o nada ha llegado a los habitantes afectados por el volc\u00e1n.<\/p>\n\n\n\n<p>&#8220;El volc\u00e1n se ha llevado nuestras casas, el pasado y los recuerdos de toda una vida. Adicionalmente,&nbsp;<strong>los pol\u00edticos se han llevado el futuro, la esperanza&#8221;,<\/strong>dijo.<\/p>\n\n\n\n<p>La lava que flu\u00eda desde Cumbre Vieja hacia el mar ha destruido unas tres mil edificaciones. Las coladas sepultaron plantaciones de pl\u00e1tano, destruyeron sistemas de regad\u00edo y cortaron carreteras, que quedaron cubiertas de una gruesa capa de negra lava endurecida.<\/p>\n\n\n\n<p><strong>La zona cubierta de lava se extiende unas mil 200 hect\u00e1reas,<\/strong>&nbsp;seg\u00fan datos de la unidad de emergencias volc\u00e1nicas de las Islas Canarias, PEVOLCAN.<\/p>\n\n\n\n<p>Adem\u00e1s, la lava ha formado deltas de unas 48 hect\u00e1reas en las zonas donde cay\u00f3 sobre el Oc\u00e9ano Atl\u00e1ntico, seg\u00fan PEVOLCAN.<\/p>\n\n\n\n<p>La erupci\u00f3n ha atra\u00eddo a cient\u00edficos de todo el mundo a La Palma. Han empleado tecnolog\u00eda de punta para estudiarlo desde tierra, aire, mar e incluso desde el espacio.<\/p>\n\n\n\n<figure class=\"wp-block-embed is-type-video is-provider-youtube wp-block-embed-youtube wp-embed-aspect-16-9 wp-has-aspect-ratio\"><div class=\"wp-block-embed__wrapper\">\n<iframe loading=\"lazy\" title=\"El VOLC\u00c1N de LA PALMA da signos de haber entrado en LETARGO | RTVE Noticias\" width=\"640\" height=\"360\" src=\"https:\/\/www.youtube.com\/embed\/x4gnU3rpzNE?feature=oembed\" frameborder=\"0\" allow=\"accelerometer; autoplay; clipboard-write; encrypted-media; gyroscope; picture-in-picture; web-share\" referrerpolicy=\"strict-origin-when-cross-origin\" allowfullscreen><\/iframe>\n<\/div><\/figure>\n\n\n\n<p>Con Informaci\u00f3n de AP<\/p>\n","protected":false},"excerpt":{"rendered":"<p>Por Carolina Alonso Romei Internacionalista Seg\u00fan los cient\u00edficos, el volc\u00e1n se ha mantenido sin actividad&#8230;<\/p>\n","protected":false},"author":2,"featured_media":87435,"comment_status":"open","ping_status":"open","sticky":false,"template":"","format":"standard","meta":{"_monsterinsights_skip_tracking":false,"_monsterinsights_sitenote_active":false,"_monsterinsights_sitenote_note":"","_monsterinsights_sitenote_category":0,"footnotes":""},"categories":[1],"tags":[],"class_list":["post-87434","post","type-post","status-publish","format-standard","has-post-thumbnail","hentry","category-sin-categoria"],"yoast_head":"<!-- This site is optimized with the Yoast SEO plugin v27.3 - https:\/\/yoast.com\/product\/yoast-seo-wordpress\/ -->\n<title>Internacionales\/\/\/Carolina Alonso Romei\/\/\/Erupci\u00f3n del volc\u00e1n de La Palma parece haber terminado -<\/title>\n<meta name=\"robots\" content=\"index, follow, max-snippet:-1, max-image-preview:large, max-video-preview:-1\" \/>\n<link rel=\"canonical\" href=\"https:\/\/quehacerpolitico.mx\/?p=87434\" \/>\n<meta property=\"og:locale\" content=\"es_MX\" \/>\n<meta property=\"og:type\" content=\"article\" \/>\n<meta property=\"og:title\" content=\"Internacionales\/\/\/Carolina Alonso Romei\/\/\/Erupci\u00f3n del volc\u00e1n de La Palma parece haber terminado -\" \/>\n<meta property=\"og:description\" content=\"Por Carolina Alonso Romei Internacionalista Seg\u00fan los cient\u00edficos, el volc\u00e1n se ha mantenido sin actividad...\" \/>\n<meta property=\"og:url\" content=\"https:\/\/quehacerpolitico.mx\/?p=87434\" \/>\n<meta property=\"article:published_time\" content=\"2021-12-15T20:09:38+00:00\" \/>\n<meta property=\"article:modified_time\" content=\"2021-12-15T20:09:44+00:00\" \/>\n<meta property=\"og:image\" content=\"https:\/\/quehacerpolitico.mx\/wp-content\/uploads\/2021\/12\/AA2D3207-AA58-400A-A520-2B26D25F1996.webp\" \/>\n\t<meta property=\"og:image:width\" content=\"770\" \/>\n\t<meta property=\"og:image:height\" content=\"485\" \/>\n\t<meta property=\"og:image:type\" content=\"image\/webp\" \/>\n<meta name=\"author\" content=\"Redacci\u00f3n QP\" \/>\n<meta name=\"twitter:card\" content=\"summary_large_image\" \/>\n<meta name=\"twitter:label1\" content=\"Escrito por\" \/>\n\t<meta name=\"twitter:data1\" content=\"Redacci\u00f3n QP\" \/>\n\t<meta name=\"twitter:label2\" content=\"Tiempo de lectura\" \/>\n\t<meta name=\"twitter:data2\" content=\"5 minutos\" \/>\n<script type=\"application\/ld+json\" class=\"yoast-schema-graph\">{\"@context\":\"https:\\\/\\\/schema.org\",\"@graph\":[{\"@type\":\"Article\",\"@id\":\"https:\\\/\\\/quehacerpolitico.mx\\\/?p=87434#article\",\"isPartOf\":{\"@id\":\"https:\\\/\\\/quehacerpolitico.mx\\\/?p=87434\"},\"author\":{\"name\":\"Redacci\u00f3n QP\",\"@id\":\"https:\\\/\\\/quehacerpolitico.mx\\\/#\\\/schema\\\/person\\\/496d8ad2d1d3f8036101dca7ee39e585\"},\"headline\":\"Internacionales\\\/\\\/\\\/Carolina Alonso Romei\\\/\\\/\\\/Erupci\u00f3n del volc\u00e1n de La Palma parece haber terminado\",\"datePublished\":\"2021-12-15T20:09:38+00:00\",\"dateModified\":\"2021-12-15T20:09:44+00:00\",\"mainEntityOfPage\":{\"@id\":\"https:\\\/\\\/quehacerpolitico.mx\\\/?p=87434\"},\"wordCount\":943,\"commentCount\":0,\"image\":{\"@id\":\"https:\\\/\\\/quehacerpolitico.mx\\\/?p=87434#primaryimage\"},\"thumbnailUrl\":\"https:\\\/\\\/quehacerpolitico.mx\\\/wp-content\\\/uploads\\\/2021\\\/12\\\/AA2D3207-AA58-400A-A520-2B26D25F1996.webp\",\"articleSection\":[\"Internacionales\"],\"inLanguage\":\"es\",\"potentialAction\":[{\"@type\":\"CommentAction\",\"name\":\"Comment\",\"target\":[\"https:\\\/\\\/quehacerpolitico.mx\\\/?p=87434#respond\"]}]},{\"@type\":\"WebPage\",\"@id\":\"https:\\\/\\\/quehacerpolitico.mx\\\/?p=87434\",\"url\":\"https:\\\/\\\/quehacerpolitico.mx\\\/?p=87434\",\"name\":\"Internacionales\\\/\\\/\\\/Carolina Alonso Romei\\\/\\\/\\\/Erupci\u00f3n del volc\u00e1n de La Palma parece haber terminado -\",\"isPartOf\":{\"@id\":\"https:\\\/\\\/quehacerpolitico.mx\\\/#website\"},\"primaryImageOfPage\":{\"@id\":\"https:\\\/\\\/quehacerpolitico.mx\\\/?p=87434#primaryimage\"},\"image\":{\"@id\":\"https:\\\/\\\/quehacerpolitico.mx\\\/?p=87434#primaryimage\"},\"thumbnailUrl\":\"https:\\\/\\\/quehacerpolitico.mx\\\/wp-content\\\/uploads\\\/2021\\\/12\\\/AA2D3207-AA58-400A-A520-2B26D25F1996.webp\",\"datePublished\":\"2021-12-15T20:09:38+00:00\",\"dateModified\":\"2021-12-15T20:09:44+00:00\",\"author\":{\"@id\":\"https:\\\/\\\/quehacerpolitico.mx\\\/#\\\/schema\\\/person\\\/496d8ad2d1d3f8036101dca7ee39e585\"},\"breadcrumb\":{\"@id\":\"https:\\\/\\\/quehacerpolitico.mx\\\/?p=87434#breadcrumb\"},\"inLanguage\":\"es\",\"potentialAction\":[{\"@type\":\"ReadAction\",\"target\":[\"https:\\\/\\\/quehacerpolitico.mx\\\/?p=87434\"]}]},{\"@type\":\"ImageObject\",\"inLanguage\":\"es\",\"@id\":\"https:\\\/\\\/quehacerpolitico.mx\\\/?p=87434#primaryimage\",\"url\":\"https:\\\/\\\/quehacerpolitico.mx\\\/wp-content\\\/uploads\\\/2021\\\/12\\\/AA2D3207-AA58-400A-A520-2B26D25F1996.webp\",\"contentUrl\":\"https:\\\/\\\/quehacerpolitico.mx\\\/wp-content\\\/uploads\\\/2021\\\/12\\\/AA2D3207-AA58-400A-A520-2B26D25F1996.webp\",\"width\":770,\"height\":485},{\"@type\":\"BreadcrumbList\",\"@id\":\"https:\\\/\\\/quehacerpolitico.mx\\\/?p=87434#breadcrumb\",\"itemListElement\":[{\"@type\":\"ListItem\",\"position\":1,\"name\":\"Inicio\",\"item\":\"https:\\\/\\\/quehacerpolitico.mx\\\/\"},{\"@type\":\"ListItem\",\"position\":2,\"name\":\"Internacionales\\\/\\\/\\\/Carolina Alonso Romei\\\/\\\/\\\/Erupci\u00f3n del volc\u00e1n de La Palma parece haber terminado\"}]},{\"@type\":\"WebSite\",\"@id\":\"https:\\\/\\\/quehacerpolitico.mx\\\/#website\",\"url\":\"https:\\\/\\\/quehacerpolitico.mx\\\/\",\"name\":\"\",\"description\":\"\",\"potentialAction\":[{\"@type\":\"SearchAction\",\"target\":{\"@type\":\"EntryPoint\",\"urlTemplate\":\"https:\\\/\\\/quehacerpolitico.mx\\\/?s={search_term_string}\"},\"query-input\":{\"@type\":\"PropertyValueSpecification\",\"valueRequired\":true,\"valueName\":\"search_term_string\"}}],\"inLanguage\":\"es\"},{\"@type\":\"Person\",\"@id\":\"https:\\\/\\\/quehacerpolitico.mx\\\/#\\\/schema\\\/person\\\/496d8ad2d1d3f8036101dca7ee39e585\",\"name\":\"Redacci\u00f3n QP\",\"image\":{\"@type\":\"ImageObject\",\"inLanguage\":\"es\",\"@id\":\"https:\\\/\\\/secure.gravatar.com\\\/avatar\\\/c7164ed6fdec453195284ad24a5ae5b6e1eed2b848477fa2a4787ba9adf39a41?s=96&d=mm&r=g\",\"url\":\"https:\\\/\\\/secure.gravatar.com\\\/avatar\\\/c7164ed6fdec453195284ad24a5ae5b6e1eed2b848477fa2a4787ba9adf39a41?s=96&d=mm&r=g\",\"contentUrl\":\"https:\\\/\\\/secure.gravatar.com\\\/avatar\\\/c7164ed6fdec453195284ad24a5ae5b6e1eed2b848477fa2a4787ba9adf39a41?s=96&d=mm&r=g\",\"caption\":\"Redacci\u00f3n QP\"},\"url\":\"https:\\\/\\\/quehacerpolitico.mx\\\/?author=2\"}]}<\/script>\n<!-- \/ Yoast SEO plugin. -->","yoast_head_json":{"title":"Internacionales\/\/\/Carolina Alonso Romei\/\/\/Erupci\u00f3n del volc\u00e1n de La Palma parece haber terminado -","robots":{"index":"index","follow":"follow","max-snippet":"max-snippet:-1","max-image-preview":"max-image-preview:large","max-video-preview":"max-video-preview:-1"},"canonical":"https:\/\/quehacerpolitico.mx\/?p=87434","og_locale":"es_MX","og_type":"article","og_title":"Internacionales\/\/\/Carolina Alonso Romei\/\/\/Erupci\u00f3n del volc\u00e1n de La Palma parece haber terminado -","og_description":"Por Carolina Alonso Romei Internacionalista Seg\u00fan los cient\u00edficos, el volc\u00e1n se ha mantenido sin actividad...","og_url":"https:\/\/quehacerpolitico.mx\/?p=87434","article_published_time":"2021-12-15T20:09:38+00:00","article_modified_time":"2021-12-15T20:09:44+00:00","og_image":[{"width":770,"height":485,"url":"https:\/\/quehacerpolitico.mx\/wp-content\/uploads\/2021\/12\/AA2D3207-AA58-400A-A520-2B26D25F1996.webp","type":"image\/webp"}],"author":"Redacci\u00f3n QP","twitter_card":"summary_large_image","twitter_misc":{"Escrito por":"Redacci\u00f3n QP","Tiempo de lectura":"5 minutos"},"schema":{"@context":"https:\/\/schema.org","@graph":[{"@type":"Article","@id":"https:\/\/quehacerpolitico.mx\/?p=87434#article","isPartOf":{"@id":"https:\/\/quehacerpolitico.mx\/?p=87434"},"author":{"name":"Redacci\u00f3n QP","@id":"https:\/\/quehacerpolitico.mx\/#\/schema\/person\/496d8ad2d1d3f8036101dca7ee39e585"},"headline":"Internacionales\/\/\/Carolina Alonso Romei\/\/\/Erupci\u00f3n del volc\u00e1n de La Palma parece haber terminado","datePublished":"2021-12-15T20:09:38+00:00","dateModified":"2021-12-15T20:09:44+00:00","mainEntityOfPage":{"@id":"https:\/\/quehacerpolitico.mx\/?p=87434"},"wordCount":943,"commentCount":0,"image":{"@id":"https:\/\/quehacerpolitico.mx\/?p=87434#primaryimage"},"thumbnailUrl":"https:\/\/quehacerpolitico.mx\/wp-content\/uploads\/2021\/12\/AA2D3207-AA58-400A-A520-2B26D25F1996.webp","articleSection":["Internacionales"],"inLanguage":"es","potentialAction":[{"@type":"CommentAction","name":"Comment","target":["https:\/\/quehacerpolitico.mx\/?p=87434#respond"]}]},{"@type":"WebPage","@id":"https:\/\/quehacerpolitico.mx\/?p=87434","url":"https:\/\/quehacerpolitico.mx\/?p=87434","name":"Internacionales\/\/\/Carolina Alonso Romei\/\/\/Erupci\u00f3n del volc\u00e1n de La Palma parece haber terminado -","isPartOf":{"@id":"https:\/\/quehacerpolitico.mx\/#website"},"primaryImageOfPage":{"@id":"https:\/\/quehacerpolitico.mx\/?p=87434#primaryimage"},"image":{"@id":"https:\/\/quehacerpolitico.mx\/?p=87434#primaryimage"},"thumbnailUrl":"https:\/\/quehacerpolitico.mx\/wp-content\/uploads\/2021\/12\/AA2D3207-AA58-400A-A520-2B26D25F1996.webp","datePublished":"2021-12-15T20:09:38+00:00","dateModified":"2021-12-15T20:09:44+00:00","author":{"@id":"https:\/\/quehacerpolitico.mx\/#\/schema\/person\/496d8ad2d1d3f8036101dca7ee39e585"},"breadcrumb":{"@id":"https:\/\/quehacerpolitico.mx\/?p=87434#breadcrumb"},"inLanguage":"es","potentialAction":[{"@type":"ReadAction","target":["https:\/\/quehacerpolitico.mx\/?p=87434"]}]},{"@type":"ImageObject","inLanguage":"es","@id":"https:\/\/quehacerpolitico.mx\/?p=87434#primaryimage","url":"https:\/\/quehacerpolitico.mx\/wp-content\/uploads\/2021\/12\/AA2D3207-AA58-400A-A520-2B26D25F1996.webp","contentUrl":"https:\/\/quehacerpolitico.mx\/wp-content\/uploads\/2021\/12\/AA2D3207-AA58-400A-A520-2B26D25F1996.webp","width":770,"height":485},{"@type":"BreadcrumbList","@id":"https:\/\/quehacerpolitico.mx\/?p=87434#breadcrumb","itemListElement":[{"@type":"ListItem","position":1,"name":"Inicio","item":"https:\/\/quehacerpolitico.mx\/"},{"@type":"ListItem","position":2,"name":"Internacionales\/\/\/Carolina Alonso Romei\/\/\/Erupci\u00f3n del volc\u00e1n de La Palma parece haber terminado"}]},{"@type":"WebSite","@id":"https:\/\/quehacerpolitico.mx\/#website","url":"https:\/\/quehacerpolitico.mx\/","name":"","description":"","potentialAction":[{"@type":"SearchAction","target":{"@type":"EntryPoint","urlTemplate":"https:\/\/quehacerpolitico.mx\/?s={search_term_string}"},"query-input":{"@type":"PropertyValueSpecification","valueRequired":true,"valueName":"search_term_string"}}],"inLanguage":"es"},{"@type":"Person","@id":"https:\/\/quehacerpolitico.mx\/#\/schema\/person\/496d8ad2d1d3f8036101dca7ee39e585","name":"Redacci\u00f3n QP","image":{"@type":"ImageObject","inLanguage":"es","@id":"https:\/\/secure.gravatar.com\/avatar\/c7164ed6fdec453195284ad24a5ae5b6e1eed2b848477fa2a4787ba9adf39a41?s=96&d=mm&r=g","url":"https:\/\/secure.gravatar.com\/avatar\/c7164ed6fdec453195284ad24a5ae5b6e1eed2b848477fa2a4787ba9adf39a41?s=96&d=mm&r=g","contentUrl":"https:\/\/secure.gravatar.com\/avatar\/c7164ed6fdec453195284ad24a5ae5b6e1eed2b848477fa2a4787ba9adf39a41?s=96&d=mm&r=g","caption":"Redacci\u00f3n QP"},"url":"https:\/\/quehacerpolitico.mx\/?author=2"}]}},"featured_image_urls":{"full":["https:\/\/quehacerpolitico.mx\/wp-content\/uploads\/2021\/12\/AA2D3207-AA58-400A-A520-2B26D25F1996.webp",770,485,false],"thumbnail":["https:\/\/quehacerpolitico.mx\/wp-content\/uploads\/2021\/12\/AA2D3207-AA58-400A-A520-2B26D25F1996-150x150.webp",150,150,true],"medium":["https:\/\/quehacerpolitico.mx\/wp-content\/uploads\/2021\/12\/AA2D3207-AA58-400A-A520-2B26D25F1996-300x189.webp",300,189,true],"medium_large":["https:\/\/quehacerpolitico.mx\/wp-content\/uploads\/2021\/12\/AA2D3207-AA58-400A-A520-2B26D25F1996-768x484.webp",640,403,true],"large":["https:\/\/quehacerpolitico.mx\/wp-content\/uploads\/2021\/12\/AA2D3207-AA58-400A-A520-2B26D25F1996.webp",640,403,false],"1536x1536":["https:\/\/quehacerpolitico.mx\/wp-content\/uploads\/2021\/12\/AA2D3207-AA58-400A-A520-2B26D25F1996.webp",770,485,false],"2048x2048":["https:\/\/quehacerpolitico.mx\/wp-content\/uploads\/2021\/12\/AA2D3207-AA58-400A-A520-2B26D25F1996.webp",770,485,false],"covernews-featured":["https:\/\/quehacerpolitico.mx\/wp-content\/uploads\/2021\/12\/AA2D3207-AA58-400A-A520-2B26D25F1996.webp",770,485,false],"covernews-medium":["https:\/\/quehacerpolitico.mx\/wp-content\/uploads\/2021\/12\/AA2D3207-AA58-400A-A520-2B26D25F1996.webp",540,340,false]},"author_info":{"display_name":"Redacci\u00f3n QP","author_link":"https:\/\/quehacerpolitico.mx\/?author=2"},"category_info":"<a href=\"https:\/\/quehacerpolitico.mx\/?cat=1\" rel=\"category\">Internacionales<\/a>","tag_info":"Internacionales","comment_count":"0","_links":{"self":[{"href":"https:\/\/quehacerpolitico.mx\/index.php?rest_route=\/wp\/v2\/posts\/87434","targetHints":{"allow":["GET"]}}],"collection":[{"href":"https:\/\/quehacerpolitico.mx\/index.php?rest_route=\/wp\/v2\/posts"}],"about":[{"href":"https:\/\/quehacerpolitico.mx\/index.php?rest_route=\/wp\/v2\/types\/post"}],"author":[{"embeddable":true,"href":"https:\/\/quehacerpolitico.mx\/index.php?rest_route=\/wp\/v2\/users\/2"}],"replies":[{"embeddable":true,"href":"https:\/\/quehacerpolitico.mx\/index.php?rest_route=%2Fwp%2Fv2%2Fcomments&post=87434"}],"version-history":[{"count":1,"href":"https:\/\/quehacerpolitico.mx\/index.php?rest_route=\/wp\/v2\/posts\/87434\/revisions"}],"predecessor-version":[{"id":87436,"href":"https:\/\/quehacerpolitico.mx\/index.php?rest_route=\/wp\/v2\/posts\/87434\/revisions\/87436"}],"wp:featuredmedia":[{"embeddable":true,"href":"https:\/\/quehacerpolitico.mx\/index.php?rest_route=\/wp\/v2\/media\/87435"}],"wp:attachment":[{"href":"https:\/\/quehacerpolitico.mx\/index.php?rest_route=%2Fwp%2Fv2%2Fmedia&parent=87434"}],"wp:term":[{"taxonomy":"category","embeddable":true,"href":"https:\/\/quehacerpolitico.mx\/index.php?rest_route=%2Fwp%2Fv2%2Fcategories&post=87434"},{"taxonomy":"post_tag","embeddable":true,"href":"https:\/\/quehacerpolitico.mx\/index.php?rest_route=%2Fwp%2Fv2%2Ftags&post=87434"}],"curies":[{"name":"wp","href":"https:\/\/api.w.org\/{rel}","templated":true}]}}