{"id":87428,"date":"2021-12-15T18:34:02","date_gmt":"2021-12-15T18:34:02","guid":{"rendered":"https:\/\/quehacerpolitico.mx\/?p=87428"},"modified":"2021-12-15T18:34:08","modified_gmt":"2021-12-15T18:34:08","slug":"graciela-marquez-primera-mujer-en-presidir-el-inegi-tras-designacion-de-amlo","status":"publish","type":"post","link":"https:\/\/quehacerpolitico.mx\/?p=87428","title":{"rendered":"Graciela M\u00e1rquez, primera mujer en presidir el Inegi tras designaci\u00f3n de AMLO"},"content":{"rendered":"\n<p>Por Redacci\u00f3n QP<\/p>\n\n\n\n<p>A trav\u00e9s de su cuenta de Twitter, Graciela M\u00e1rquez inform\u00f3 que a partir del pr\u00f3ximo 1 de enero de 2022 asumir\u00e1 la presidencia del Inegi<\/p>\n\n\n\n<ul class=\"wp-block-list\"><li>Graciela M\u00e1rquez Col\u00edn sustituir\u00e1 en el cargo a Julio\u00a0Santaella Castell, quien estuvo al frente del Inegi desde el a\u00f1o 2015<\/li><\/ul>\n\n\n\n<p>Graciela M\u00e1rquez Col\u00edn exsecretaria de Econom\u00eda, sera la primera mujer en presidir la presidencia de la Junta de Gobierno del\u00a0Instituto Nacional de Estad\u00edstica y Geograf\u00eda (INEGI), tras\u00a0designaci\u00f3n del presidente,\u00a0<strong>Andr\u00e9s Manuel L\u00f3pez Obrador<\/strong>\u00a0(AMLO), como lo inform\u00f3 en su\u00a0conferencia ma\u00f1anera en Palacio Nacional.<\/p>\n\n\n\n<p><em>\u201cYa est\u00e1. No se ha hecho p\u00fablico. Es Graciela M\u00e1rquez\u201d, dijo AMLO en su\u00a0conferencia \u201cma\u00f1anera\u201d desde Palacio Nacional.<\/em><\/p>\n\n\n\n<figure class=\"wp-block-embed is-type-rich is-provider-twitter wp-block-embed-twitter\"><div class=\"wp-block-embed__wrapper\">\n<blockquote class=\"twitter-tweet\" data-width=\"550\" data-dnt=\"true\"><p lang=\"es\" dir=\"ltr\"><a href=\"https:\/\/twitter.com\/hashtag\/%C3%9ALTIMAHORA?src=hash&amp;ref_src=twsrc%5Etfw\">#\u00daLTIMAHORA<\/a> | Graciela M\u00e1rquez, exsecretaria de Econom\u00eda, ser\u00e1 la propuesta para presidir el <a href=\"https:\/\/twitter.com\/INEGI_INFORMA?ref_src=twsrc%5Etfw\">@INEGI_INFORMA<\/a> en sustituci\u00f3n de Julio Santaella.<br><br>Casi se le pasa informarnos al presidente <a href=\"https:\/\/twitter.com\/lopezobrador_?ref_src=twsrc%5Etfw\">@lopezobrador_<\/a> . \ud83d\ude44 <a href=\"https:\/\/t.co\/jcXbVwYEHU\">pic.twitter.com\/jcXbVwYEHU<\/a><\/p>&mdash; Ruido en la Red (@RuidoEnLaRed) <a href=\"https:\/\/twitter.com\/RuidoEnLaRed\/status\/1471149492762206211?ref_src=twsrc%5Etfw\">December 15, 2021<\/a><\/blockquote><script async src=\"https:\/\/platform.twitter.com\/widgets.js\" charset=\"utf-8\"><\/script>\n<\/div><\/figure>\n\n\n\n<p>M\u00e1s tarde, a trav\u00e9s de su cuenta de Twitter, Graciela M\u00e1rquez inform\u00f3 que a partir del pr\u00f3ximo 1 de enero de 2022 asumir\u00e1 la presidencia del Inegi, y con ello la responsabilidad de dirigir dicha instituci\u00f3n aut\u00f3noma.<\/p>\n\n\n\n<figure class=\"wp-block-embed is-type-rich is-provider-twitter wp-block-embed-twitter\"><div class=\"wp-block-embed__wrapper\">\n<blockquote class=\"twitter-tweet\" data-width=\"550\" data-dnt=\"true\"><p lang=\"es\" dir=\"ltr\">A partir del 1\u00ba de enero de 2022 asumir\u00e9 la presidencia del <a href=\"https:\/\/twitter.com\/INEGI_INFORMA?ref_src=twsrc%5Etfw\">@INEGI_INFORMA<\/a> y con ello la responsabilidad de dirigir esta instituci\u00f3n aut\u00f3noma, encargada de la generaci\u00f3n, difusi\u00f3n y conservaci\u00f3n de la informaci\u00f3n estad\u00edstica y geogr\u00e1fica en <a href=\"https:\/\/twitter.com\/hashtag\/M%C3%A9xico?src=hash&amp;ref_src=twsrc%5Etfw\">#M\u00e9xico<\/a>. 1\/5<\/p>&mdash; Graciela M\u00e1rquez Col\u00edn (@GMarquezColin) <a href=\"https:\/\/twitter.com\/GMarquezColin\/status\/1471152163925766147?ref_src=twsrc%5Etfw\">December 15, 2021<\/a><\/blockquote><script async src=\"https:\/\/platform.twitter.com\/widgets.js\" charset=\"utf-8\"><\/script>\n<\/div><\/figure>\n\n\n\n<p>M\u00e1rquez Col\u00edn reconoci\u00f3 el papel desempe\u00f1ado por el actual presidente\u00a0<strong>Julio Santaella<\/strong>, al se\u00f1alar que fortaleci\u00f3 el instituto para servir a nuestro pa\u00eds.<\/p>\n\n\n\n<figure class=\"wp-block-embed is-type-rich is-provider-twitter wp-block-embed-twitter\"><div class=\"wp-block-embed__wrapper\">\n<blockquote class=\"twitter-tweet\" data-width=\"550\" data-dnt=\"true\"><p lang=\"es\" dir=\"ltr\">Reconozco el papel desempe\u00f1ado por el Dr. Julio Santaella quien fortaleci\u00f3 al Instituto para servir a nuestro pa\u00eds. Le deseo lo mejor en sus proyectos futuros. <br>4\/5<\/p>&mdash; Graciela M\u00e1rquez Col\u00edn (@GMarquezColin) <a href=\"https:\/\/twitter.com\/GMarquezColin\/status\/1471152170225520652?ref_src=twsrc%5Etfw\">December 15, 2021<\/a><\/blockquote><script async src=\"https:\/\/platform.twitter.com\/widgets.js\" charset=\"utf-8\"><\/script>\n<\/div><\/figure>\n\n\n\n<p>Destac\u00f3 que ser\u00e1 la primera mujer en presidir el Inegi y agradeci\u00f3 al presidente Andr\u00e9s Manuel L\u00f3pez Obrador por la designaci\u00f3n.<\/p>\n\n\n\n<figure class=\"wp-block-embed is-type-rich is-provider-twitter wp-block-embed-twitter\"><div class=\"wp-block-embed__wrapper\">\n<blockquote class=\"twitter-tweet\" data-width=\"550\" data-dnt=\"true\"><p lang=\"es\" dir=\"ltr\">Reconozco el papel desempe\u00f1ado por el Dr. Julio Santaella quien fortaleci\u00f3 al Instituto para servir a nuestro pa\u00eds. Le deseo lo mejor en sus proyectos futuros. <br>4\/5<\/p>&mdash; Graciela M\u00e1rquez Col\u00edn (@GMarquezColin) <a href=\"https:\/\/twitter.com\/GMarquezColin\/status\/1471152170225520652?ref_src=twsrc%5Etfw\">December 15, 2021<\/a><\/blockquote><script async src=\"https:\/\/platform.twitter.com\/widgets.js\" charset=\"utf-8\"><\/script>\n<\/div><\/figure>\n\n\n\n<p>M\u00e1rquez Col\u00edn sustituir\u00e1 en el cargo a&nbsp;<strong>Julio<\/strong>&nbsp;<strong>Santaella Castell<\/strong>, quien estuvo al frente del Inegi desde el a\u00f1o 2015.<\/p>\n\n\n\n<p>Es licenciada en Econom\u00eda por la Universidad Nacional Aut\u00f3noma de M\u00e9xico (UNAM) y maestra en Econom\u00eda por El Colegio de M\u00e9xico, donde tiene una destacada trayectoria acad\u00e9mica.<\/p>\n\n\n\n<p>Tiene un doctorado en Historia Econ\u00f3mica por la Universidad de Harvard.<\/p>\n","protected":false},"excerpt":{"rendered":"<p>Por Redacci\u00f3n QP A trav\u00e9s de su cuenta de Twitter, Graciela M\u00e1rquez inform\u00f3 que a&#8230;<\/p>\n","protected":false},"author":2,"featured_media":87429,"comment_status":"open","ping_status":"open","sticky":false,"template":"","format":"standard","meta":{"_monsterinsights_skip_tracking":false,"_monsterinsights_sitenote_active":false,"_monsterinsights_sitenote_note":"","_monsterinsights_sitenote_category":0,"footnotes":""},"categories":[2],"tags":[],"class_list":["post-87428","post","type-post","status-publish","format-standard","has-post-thumbnail","hentry","category-noticias"],"yoast_head":"<!-- This site is optimized with the Yoast SEO plugin v27.3 - https:\/\/yoast.com\/product\/yoast-seo-wordpress\/ -->\n<title>Graciela M\u00e1rquez, primera mujer en presidir el Inegi tras designaci\u00f3n de AMLO -<\/title>\n<meta name=\"robots\" content=\"index, follow, max-snippet:-1, max-image-preview:large, max-video-preview:-1\" \/>\n<link rel=\"canonical\" href=\"https:\/\/quehacerpolitico.mx\/?p=87428\" \/>\n<meta property=\"og:locale\" content=\"es_MX\" \/>\n<meta property=\"og:type\" content=\"article\" \/>\n<meta property=\"og:title\" content=\"Graciela M\u00e1rquez, primera mujer en presidir el Inegi tras designaci\u00f3n de AMLO -\" \/>\n<meta property=\"og:description\" content=\"Por Redacci\u00f3n QP A trav\u00e9s de su cuenta de Twitter, Graciela M\u00e1rquez inform\u00f3 que a...\" \/>\n<meta property=\"og:url\" content=\"https:\/\/quehacerpolitico.mx\/?p=87428\" \/>\n<meta property=\"article:published_time\" content=\"2021-12-15T18:34:02+00:00\" \/>\n<meta property=\"article:modified_time\" content=\"2021-12-15T18:34:08+00:00\" \/>\n<meta property=\"og:image\" content=\"https:\/\/quehacerpolitico.mx\/wp-content\/uploads\/2021\/12\/08674C21-5186-4184-8AC1-2247C5386C96.jpeg\" \/>\n\t<meta property=\"og:image:width\" content=\"701\" \/>\n\t<meta property=\"og:image:height\" content=\"438\" \/>\n\t<meta property=\"og:image:type\" content=\"image\/jpeg\" \/>\n<meta name=\"author\" content=\"Redacci\u00f3n QP\" \/>\n<meta name=\"twitter:card\" content=\"summary_large_image\" \/>\n<meta name=\"twitter:label1\" content=\"Escrito por\" \/>\n\t<meta name=\"twitter:data1\" content=\"Redacci\u00f3n QP\" \/>\n\t<meta name=\"twitter:label2\" content=\"Tiempo de lectura\" \/>\n\t<meta name=\"twitter:data2\" content=\"2 minutos\" \/>\n<script type=\"application\/ld+json\" class=\"yoast-schema-graph\">{\"@context\":\"https:\\\/\\\/schema.org\",\"@graph\":[{\"@type\":\"Article\",\"@id\":\"https:\\\/\\\/quehacerpolitico.mx\\\/?p=87428#article\",\"isPartOf\":{\"@id\":\"https:\\\/\\\/quehacerpolitico.mx\\\/?p=87428\"},\"author\":{\"name\":\"Redacci\u00f3n QP\",\"@id\":\"https:\\\/\\\/quehacerpolitico.mx\\\/#\\\/schema\\\/person\\\/496d8ad2d1d3f8036101dca7ee39e585\"},\"headline\":\"Graciela M\u00e1rquez, primera mujer en presidir el Inegi tras designaci\u00f3n de AMLO\",\"datePublished\":\"2021-12-15T18:34:02+00:00\",\"dateModified\":\"2021-12-15T18:34:08+00:00\",\"mainEntityOfPage\":{\"@id\":\"https:\\\/\\\/quehacerpolitico.mx\\\/?p=87428\"},\"wordCount\":330,\"commentCount\":0,\"image\":{\"@id\":\"https:\\\/\\\/quehacerpolitico.mx\\\/?p=87428#primaryimage\"},\"thumbnailUrl\":\"https:\\\/\\\/quehacerpolitico.mx\\\/wp-content\\\/uploads\\\/2021\\\/12\\\/08674C21-5186-4184-8AC1-2247C5386C96.jpeg\",\"articleSection\":[\"Noticias\"],\"inLanguage\":\"es\",\"potentialAction\":[{\"@type\":\"CommentAction\",\"name\":\"Comment\",\"target\":[\"https:\\\/\\\/quehacerpolitico.mx\\\/?p=87428#respond\"]}]},{\"@type\":\"WebPage\",\"@id\":\"https:\\\/\\\/quehacerpolitico.mx\\\/?p=87428\",\"url\":\"https:\\\/\\\/quehacerpolitico.mx\\\/?p=87428\",\"name\":\"Graciela M\u00e1rquez, primera mujer en presidir el Inegi tras designaci\u00f3n de AMLO -\",\"isPartOf\":{\"@id\":\"https:\\\/\\\/quehacerpolitico.mx\\\/#website\"},\"primaryImageOfPage\":{\"@id\":\"https:\\\/\\\/quehacerpolitico.mx\\\/?p=87428#primaryimage\"},\"image\":{\"@id\":\"https:\\\/\\\/quehacerpolitico.mx\\\/?p=87428#primaryimage\"},\"thumbnailUrl\":\"https:\\\/\\\/quehacerpolitico.mx\\\/wp-content\\\/uploads\\\/2021\\\/12\\\/08674C21-5186-4184-8AC1-2247C5386C96.jpeg\",\"datePublished\":\"2021-12-15T18:34:02+00:00\",\"dateModified\":\"2021-12-15T18:34:08+00:00\",\"author\":{\"@id\":\"https:\\\/\\\/quehacerpolitico.mx\\\/#\\\/schema\\\/person\\\/496d8ad2d1d3f8036101dca7ee39e585\"},\"breadcrumb\":{\"@id\":\"https:\\\/\\\/quehacerpolitico.mx\\\/?p=87428#breadcrumb\"},\"inLanguage\":\"es\",\"potentialAction\":[{\"@type\":\"ReadAction\",\"target\":[\"https:\\\/\\\/quehacerpolitico.mx\\\/?p=87428\"]}]},{\"@type\":\"ImageObject\",\"inLanguage\":\"es\",\"@id\":\"https:\\\/\\\/quehacerpolitico.mx\\\/?p=87428#primaryimage\",\"url\":\"https:\\\/\\\/quehacerpolitico.mx\\\/wp-content\\\/uploads\\\/2021\\\/12\\\/08674C21-5186-4184-8AC1-2247C5386C96.jpeg\",\"contentUrl\":\"https:\\\/\\\/quehacerpolitico.mx\\\/wp-content\\\/uploads\\\/2021\\\/12\\\/08674C21-5186-4184-8AC1-2247C5386C96.jpeg\",\"width\":701,\"height\":438},{\"@type\":\"BreadcrumbList\",\"@id\":\"https:\\\/\\\/quehacerpolitico.mx\\\/?p=87428#breadcrumb\",\"itemListElement\":[{\"@type\":\"ListItem\",\"position\":1,\"name\":\"Inicio\",\"item\":\"https:\\\/\\\/quehacerpolitico.mx\\\/\"},{\"@type\":\"ListItem\",\"position\":2,\"name\":\"Graciela M\u00e1rquez, primera mujer en presidir el Inegi tras designaci\u00f3n de AMLO\"}]},{\"@type\":\"WebSite\",\"@id\":\"https:\\\/\\\/quehacerpolitico.mx\\\/#website\",\"url\":\"https:\\\/\\\/quehacerpolitico.mx\\\/\",\"name\":\"\",\"description\":\"\",\"potentialAction\":[{\"@type\":\"SearchAction\",\"target\":{\"@type\":\"EntryPoint\",\"urlTemplate\":\"https:\\\/\\\/quehacerpolitico.mx\\\/?s={search_term_string}\"},\"query-input\":{\"@type\":\"PropertyValueSpecification\",\"valueRequired\":true,\"valueName\":\"search_term_string\"}}],\"inLanguage\":\"es\"},{\"@type\":\"Person\",\"@id\":\"https:\\\/\\\/quehacerpolitico.mx\\\/#\\\/schema\\\/person\\\/496d8ad2d1d3f8036101dca7ee39e585\",\"name\":\"Redacci\u00f3n QP\",\"image\":{\"@type\":\"ImageObject\",\"inLanguage\":\"es\",\"@id\":\"https:\\\/\\\/secure.gravatar.com\\\/avatar\\\/c7164ed6fdec453195284ad24a5ae5b6e1eed2b848477fa2a4787ba9adf39a41?s=96&d=mm&r=g\",\"url\":\"https:\\\/\\\/secure.gravatar.com\\\/avatar\\\/c7164ed6fdec453195284ad24a5ae5b6e1eed2b848477fa2a4787ba9adf39a41?s=96&d=mm&r=g\",\"contentUrl\":\"https:\\\/\\\/secure.gravatar.com\\\/avatar\\\/c7164ed6fdec453195284ad24a5ae5b6e1eed2b848477fa2a4787ba9adf39a41?s=96&d=mm&r=g\",\"caption\":\"Redacci\u00f3n QP\"},\"url\":\"https:\\\/\\\/quehacerpolitico.mx\\\/?author=2\"}]}<\/script>\n<!-- \/ Yoast SEO plugin. -->","yoast_head_json":{"title":"Graciela M\u00e1rquez, primera mujer en presidir el Inegi tras designaci\u00f3n de AMLO -","robots":{"index":"index","follow":"follow","max-snippet":"max-snippet:-1","max-image-preview":"max-image-preview:large","max-video-preview":"max-video-preview:-1"},"canonical":"https:\/\/quehacerpolitico.mx\/?p=87428","og_locale":"es_MX","og_type":"article","og_title":"Graciela M\u00e1rquez, primera mujer en presidir el Inegi tras designaci\u00f3n de AMLO -","og_description":"Por Redacci\u00f3n QP A trav\u00e9s de su cuenta de Twitter, Graciela M\u00e1rquez inform\u00f3 que a...","og_url":"https:\/\/quehacerpolitico.mx\/?p=87428","article_published_time":"2021-12-15T18:34:02+00:00","article_modified_time":"2021-12-15T18:34:08+00:00","og_image":[{"width":701,"height":438,"url":"https:\/\/quehacerpolitico.mx\/wp-content\/uploads\/2021\/12\/08674C21-5186-4184-8AC1-2247C5386C96.jpeg","type":"image\/jpeg"}],"author":"Redacci\u00f3n QP","twitter_card":"summary_large_image","twitter_misc":{"Escrito por":"Redacci\u00f3n QP","Tiempo de lectura":"2 minutos"},"schema":{"@context":"https:\/\/schema.org","@graph":[{"@type":"Article","@id":"https:\/\/quehacerpolitico.mx\/?p=87428#article","isPartOf":{"@id":"https:\/\/quehacerpolitico.mx\/?p=87428"},"author":{"name":"Redacci\u00f3n QP","@id":"https:\/\/quehacerpolitico.mx\/#\/schema\/person\/496d8ad2d1d3f8036101dca7ee39e585"},"headline":"Graciela M\u00e1rquez, primera mujer en presidir el Inegi tras designaci\u00f3n de AMLO","datePublished":"2021-12-15T18:34:02+00:00","dateModified":"2021-12-15T18:34:08+00:00","mainEntityOfPage":{"@id":"https:\/\/quehacerpolitico.mx\/?p=87428"},"wordCount":330,"commentCount":0,"image":{"@id":"https:\/\/quehacerpolitico.mx\/?p=87428#primaryimage"},"thumbnailUrl":"https:\/\/quehacerpolitico.mx\/wp-content\/uploads\/2021\/12\/08674C21-5186-4184-8AC1-2247C5386C96.jpeg","articleSection":["Noticias"],"inLanguage":"es","potentialAction":[{"@type":"CommentAction","name":"Comment","target":["https:\/\/quehacerpolitico.mx\/?p=87428#respond"]}]},{"@type":"WebPage","@id":"https:\/\/quehacerpolitico.mx\/?p=87428","url":"https:\/\/quehacerpolitico.mx\/?p=87428","name":"Graciela M\u00e1rquez, primera mujer en presidir el Inegi tras designaci\u00f3n de AMLO -","isPartOf":{"@id":"https:\/\/quehacerpolitico.mx\/#website"},"primaryImageOfPage":{"@id":"https:\/\/quehacerpolitico.mx\/?p=87428#primaryimage"},"image":{"@id":"https:\/\/quehacerpolitico.mx\/?p=87428#primaryimage"},"thumbnailUrl":"https:\/\/quehacerpolitico.mx\/wp-content\/uploads\/2021\/12\/08674C21-5186-4184-8AC1-2247C5386C96.jpeg","datePublished":"2021-12-15T18:34:02+00:00","dateModified":"2021-12-15T18:34:08+00:00","author":{"@id":"https:\/\/quehacerpolitico.mx\/#\/schema\/person\/496d8ad2d1d3f8036101dca7ee39e585"},"breadcrumb":{"@id":"https:\/\/quehacerpolitico.mx\/?p=87428#breadcrumb"},"inLanguage":"es","potentialAction":[{"@type":"ReadAction","target":["https:\/\/quehacerpolitico.mx\/?p=87428"]}]},{"@type":"ImageObject","inLanguage":"es","@id":"https:\/\/quehacerpolitico.mx\/?p=87428#primaryimage","url":"https:\/\/quehacerpolitico.mx\/wp-content\/uploads\/2021\/12\/08674C21-5186-4184-8AC1-2247C5386C96.jpeg","contentUrl":"https:\/\/quehacerpolitico.mx\/wp-content\/uploads\/2021\/12\/08674C21-5186-4184-8AC1-2247C5386C96.jpeg","width":701,"height":438},{"@type":"BreadcrumbList","@id":"https:\/\/quehacerpolitico.mx\/?p=87428#breadcrumb","itemListElement":[{"@type":"ListItem","position":1,"name":"Inicio","item":"https:\/\/quehacerpolitico.mx\/"},{"@type":"ListItem","position":2,"name":"Graciela M\u00e1rquez, primera mujer en presidir el Inegi tras designaci\u00f3n de AMLO"}]},{"@type":"WebSite","@id":"https:\/\/quehacerpolitico.mx\/#website","url":"https:\/\/quehacerpolitico.mx\/","name":"","description":"","potentialAction":[{"@type":"SearchAction","target":{"@type":"EntryPoint","urlTemplate":"https:\/\/quehacerpolitico.mx\/?s={search_term_string}"},"query-input":{"@type":"PropertyValueSpecification","valueRequired":true,"valueName":"search_term_string"}}],"inLanguage":"es"},{"@type":"Person","@id":"https:\/\/quehacerpolitico.mx\/#\/schema\/person\/496d8ad2d1d3f8036101dca7ee39e585","name":"Redacci\u00f3n QP","image":{"@type":"ImageObject","inLanguage":"es","@id":"https:\/\/secure.gravatar.com\/avatar\/c7164ed6fdec453195284ad24a5ae5b6e1eed2b848477fa2a4787ba9adf39a41?s=96&d=mm&r=g","url":"https:\/\/secure.gravatar.com\/avatar\/c7164ed6fdec453195284ad24a5ae5b6e1eed2b848477fa2a4787ba9adf39a41?s=96&d=mm&r=g","contentUrl":"https:\/\/secure.gravatar.com\/avatar\/c7164ed6fdec453195284ad24a5ae5b6e1eed2b848477fa2a4787ba9adf39a41?s=96&d=mm&r=g","caption":"Redacci\u00f3n QP"},"url":"https:\/\/quehacerpolitico.mx\/?author=2"}]}},"featured_image_urls":{"full":["https:\/\/quehacerpolitico.mx\/wp-content\/uploads\/2021\/12\/08674C21-5186-4184-8AC1-2247C5386C96.jpeg",701,438,false],"thumbnail":["https:\/\/quehacerpolitico.mx\/wp-content\/uploads\/2021\/12\/08674C21-5186-4184-8AC1-2247C5386C96-150x150.jpeg",150,150,true],"medium":["https:\/\/quehacerpolitico.mx\/wp-content\/uploads\/2021\/12\/08674C21-5186-4184-8AC1-2247C5386C96-300x187.jpeg",300,187,true],"medium_large":["https:\/\/quehacerpolitico.mx\/wp-content\/uploads\/2021\/12\/08674C21-5186-4184-8AC1-2247C5386C96.jpeg",640,400,false],"large":["https:\/\/quehacerpolitico.mx\/wp-content\/uploads\/2021\/12\/08674C21-5186-4184-8AC1-2247C5386C96.jpeg",640,400,false],"1536x1536":["https:\/\/quehacerpolitico.mx\/wp-content\/uploads\/2021\/12\/08674C21-5186-4184-8AC1-2247C5386C96.jpeg",701,438,false],"2048x2048":["https:\/\/quehacerpolitico.mx\/wp-content\/uploads\/2021\/12\/08674C21-5186-4184-8AC1-2247C5386C96.jpeg",701,438,false],"covernews-featured":["https:\/\/quehacerpolitico.mx\/wp-content\/uploads\/2021\/12\/08674C21-5186-4184-8AC1-2247C5386C96.jpeg",701,438,false],"covernews-medium":["https:\/\/quehacerpolitico.mx\/wp-content\/uploads\/2021\/12\/08674C21-5186-4184-8AC1-2247C5386C96.jpeg",540,337,false]},"author_info":{"display_name":"Redacci\u00f3n QP","author_link":"https:\/\/quehacerpolitico.mx\/?author=2"},"category_info":"<a href=\"https:\/\/quehacerpolitico.mx\/?cat=2\" rel=\"category\">Noticias<\/a>","tag_info":"Noticias","comment_count":"0","_links":{"self":[{"href":"https:\/\/quehacerpolitico.mx\/index.php?rest_route=\/wp\/v2\/posts\/87428","targetHints":{"allow":["GET"]}}],"collection":[{"href":"https:\/\/quehacerpolitico.mx\/index.php?rest_route=\/wp\/v2\/posts"}],"about":[{"href":"https:\/\/quehacerpolitico.mx\/index.php?rest_route=\/wp\/v2\/types\/post"}],"author":[{"embeddable":true,"href":"https:\/\/quehacerpolitico.mx\/index.php?rest_route=\/wp\/v2\/users\/2"}],"replies":[{"embeddable":true,"href":"https:\/\/quehacerpolitico.mx\/index.php?rest_route=%2Fwp%2Fv2%2Fcomments&post=87428"}],"version-history":[{"count":1,"href":"https:\/\/quehacerpolitico.mx\/index.php?rest_route=\/wp\/v2\/posts\/87428\/revisions"}],"predecessor-version":[{"id":87430,"href":"https:\/\/quehacerpolitico.mx\/index.php?rest_route=\/wp\/v2\/posts\/87428\/revisions\/87430"}],"wp:featuredmedia":[{"embeddable":true,"href":"https:\/\/quehacerpolitico.mx\/index.php?rest_route=\/wp\/v2\/media\/87429"}],"wp:attachment":[{"href":"https:\/\/quehacerpolitico.mx\/index.php?rest_route=%2Fwp%2Fv2%2Fmedia&parent=87428"}],"wp:term":[{"taxonomy":"category","embeddable":true,"href":"https:\/\/quehacerpolitico.mx\/index.php?rest_route=%2Fwp%2Fv2%2Fcategories&post=87428"},{"taxonomy":"post_tag","embeddable":true,"href":"https:\/\/quehacerpolitico.mx\/index.php?rest_route=%2Fwp%2Fv2%2Ftags&post=87428"}],"curies":[{"name":"wp","href":"https:\/\/api.w.org\/{rel}","templated":true}]}}