{"id":87422,"date":"2021-12-15T17:46:22","date_gmt":"2021-12-15T17:46:22","guid":{"rendered":"https:\/\/quehacerpolitico.mx\/?p=87422"},"modified":"2021-12-15T17:46:30","modified_gmt":"2021-12-15T17:46:30","slug":"en-2012-no-me-deje-besar-por-sicilia-lo-sentia-falso-ante-las-criticas-a-su-gobiernoamlo","status":"publish","type":"post","link":"https:\/\/quehacerpolitico.mx\/?p=87422","title":{"rendered":"&#8220;En 2012, no me dej\u00e9 besar por Sicilia, lo sent\u00eda falso&#8221; ante las cr\u00edticas a su gobierno:AMLO"},"content":{"rendered":"\n<p>Por Redacci\u00f3n QP<\/p>\n\n\n\n<p>El Presidente Andr\u00e9s Manuel L\u00f3pez Obrador responde a las cr\u00edticas recibidas tras su mitin del 1 de diciembre: &#8220;Ya se pas\u00f3&#8221;<\/p>\n\n\n\n<p><strong>El Presidente Andr\u00e9s Manuel L\u00f3pez Obrador dijo: \u201cYa se pas\u00f3\u201d<\/strong>, respecto a los comentarios dichos por Javier Sicilia donde lo compara con Hitler. El Presidente record\u00f3 que desde 2012, cuando Javier Sicilia se encontraba con los candidatos presidenciales en foros con las v\u00edctimas de violencia y les di\u00f3 un beso en la mejilla a todos, como sin\u00f3nimo de fraternidad,\u00a0<strong>AMLO se neg\u00f3 a recibirlo argumentando que \u201cdesde entonces lo sent\u00eda falso y no me equivoque\u201d.<\/strong><\/p>\n\n\n\n<figure class=\"wp-block-embed is-type-video is-provider-youtube wp-block-embed-youtube wp-embed-aspect-16-9 wp-has-aspect-ratio\"><div class=\"wp-block-embed__wrapper\">\n<iframe loading=\"lazy\" title=\"En 2012, no me dej\u00e9 besar por Sicilia porque lo sent\u00eda falso y no me equivoqu\u00e9: AMLO\" width=\"640\" height=\"360\" src=\"https:\/\/www.youtube.com\/embed\/wk05jifsNfE?feature=oembed\" frameborder=\"0\" allow=\"accelerometer; autoplay; clipboard-write; encrypted-media; gyroscope; picture-in-picture; web-share\" referrerpolicy=\"strict-origin-when-cross-origin\" allowfullscreen><\/iframe>\n<\/div><\/figure>\n\n\n\n<p>El Presidente asegur\u00f3 que las cr\u00edticas a su\u00a0 gobierno como las que ya ha expresado el escritor en relaci\u00f3n al mitin que realiz\u00f3 el 1 de diciembre en el Z\u00f3calo, son reflejo de su desesperaci\u00f3n, coraje y odio, contra su proyecto de gobierno.<\/p>\n\n\n\n<p>&#8220;Ya Sicilia se pas\u00f3, (compararme con) \u2018Hitler\u2019, imag\u00ednense eso, por la concentraci\u00f3n por el mitin que hicimos, \u00bfcu\u00e1ntas veces nos hemos reunido en el Z\u00f3calo? Yo creo que podremos llegar ya a 100 veces \u00bfy antes no \u00e9ramos Hitler? \u00bfes hasta ahora por reunirnos en el Z\u00f3calo?\u00a0<strong>Pero es su desesperaci\u00f3n, coraje, odio. Ojal\u00e1 y recapaciten\u201d.<\/strong>Se\u00f1al\u00f3 el mandatario.<\/p>\n\n\n\n<figure class=\"wp-block-image\"><img decoding=\"async\" src=\"https:\/\/www.informador.mx\/export\/sites\/elinformador\/img\/2021\/12\/15\/atolinni.png_1794634715.png\" alt=\"\" title=\"\"\/><figcaption>Ante las cr\u00edticas, los seguidores de AMLO tambi\u00e9n coinciden que es una exageraci\u00f3n dicha comparaci\u00f3n.&nbsp;TWITTER\/&nbsp;@AntonioAttolini&nbsp;<\/figcaption><\/figure>\n\n\n\n<p>&#8220;En el caso de Sicilia, cuando participaba m\u00e1s, me acuerdo que hubo un encuentro en Chapultepec y \u00e9ramos candidatos y a todos besaba, o sea como una muestra de hermandad, de fraternidad,<strong>&nbsp;yo desde entonces lo sent\u00ed falso<\/strong>, y me quiso besar y dije no, a m\u00ed no me bes\u00f3, bes\u00f3 a Josefina (V\u00e1zquez Mota), a (Enrique) Pe\u00f1a,&nbsp;<strong>y no me equivoqu\u00e9&#8221;<\/strong>, dijo.<\/p>\n\n\n\n<p>En el Palacio Nacional, el Presidente Andr\u00e9s Manuel remarc\u00f3 que por el bien de todos, incluyendo a las nuevas generaciones,\u00a0<strong>no se puede tener un sistema pol\u00edtico que se sostenga en simulaciones, demagogia y mentiras<\/strong>: &#8220;en el zigzagueo, en el acomodarse, el querer quedar bien, y olvidar principios, ideales, pero sobre todo, olvidar al pueblo, despreciar al pueblo&#8221;, dijo<\/p>\n\n\n\n<p><strong>&#8220;Porque para ellos el pueblo no existe, no cuenta, no le tienen afecto, cari\u00f1o, ni respeto.<\/strong>\u00a0La pol\u00edtica es asunto de los de arriba, es de la c\u00fapula, no le tienen amor al pr\u00f3jimo&#8221;. remat\u00f3 el Presidente.<\/p>\n\n\n\n<p>Con Informaci\u00f3n de SUN <\/p>\n","protected":false},"excerpt":{"rendered":"<p>Por Redacci\u00f3n QP El Presidente Andr\u00e9s Manuel L\u00f3pez Obrador responde a las cr\u00edticas recibidas tras&#8230;<\/p>\n","protected":false},"author":2,"featured_media":87423,"comment_status":"open","ping_status":"open","sticky":false,"template":"","format":"standard","meta":{"_monsterinsights_skip_tracking":false,"_monsterinsights_sitenote_active":false,"_monsterinsights_sitenote_note":"","_monsterinsights_sitenote_category":0,"footnotes":""},"categories":[2],"tags":[],"class_list":["post-87422","post","type-post","status-publish","format-standard","has-post-thumbnail","hentry","category-noticias"],"yoast_head":"<!-- This site is optimized with the Yoast SEO plugin v27.3 - https:\/\/yoast.com\/product\/yoast-seo-wordpress\/ -->\n<title>&quot;En 2012, no me dej\u00e9 besar por Sicilia, lo sent\u00eda falso&quot; ante las cr\u00edticas a su gobierno:AMLO -<\/title>\n<meta name=\"robots\" content=\"index, follow, max-snippet:-1, max-image-preview:large, max-video-preview:-1\" \/>\n<link rel=\"canonical\" href=\"https:\/\/quehacerpolitico.mx\/?p=87422\" \/>\n<meta property=\"og:locale\" content=\"es_MX\" \/>\n<meta property=\"og:type\" content=\"article\" \/>\n<meta property=\"og:title\" content=\"&quot;En 2012, no me dej\u00e9 besar por Sicilia, lo sent\u00eda falso&quot; ante las cr\u00edticas a su gobierno:AMLO -\" \/>\n<meta property=\"og:description\" content=\"Por Redacci\u00f3n QP El Presidente Andr\u00e9s Manuel L\u00f3pez Obrador responde a las cr\u00edticas recibidas tras...\" \/>\n<meta property=\"og:url\" content=\"https:\/\/quehacerpolitico.mx\/?p=87422\" \/>\n<meta property=\"article:published_time\" content=\"2021-12-15T17:46:22+00:00\" \/>\n<meta property=\"article:modified_time\" content=\"2021-12-15T17:46:30+00:00\" \/>\n<meta property=\"og:image\" content=\"https:\/\/quehacerpolitico.mx\/wp-content\/uploads\/2021\/12\/167C901B-9A35-4E21-AA47-E3B10BA510A8.jpeg\" \/>\n\t<meta property=\"og:image:width\" content=\"656\" \/>\n\t<meta property=\"og:image:height\" content=\"467\" \/>\n\t<meta property=\"og:image:type\" content=\"image\/jpeg\" \/>\n<meta name=\"author\" content=\"Redacci\u00f3n QP\" \/>\n<meta name=\"twitter:card\" content=\"summary_large_image\" \/>\n<meta name=\"twitter:label1\" content=\"Escrito por\" \/>\n\t<meta name=\"twitter:data1\" content=\"Redacci\u00f3n QP\" \/>\n\t<meta name=\"twitter:label2\" content=\"Tiempo de lectura\" \/>\n\t<meta name=\"twitter:data2\" content=\"2 minutos\" \/>\n<script type=\"application\/ld+json\" class=\"yoast-schema-graph\">{\"@context\":\"https:\\\/\\\/schema.org\",\"@graph\":[{\"@type\":\"Article\",\"@id\":\"https:\\\/\\\/quehacerpolitico.mx\\\/?p=87422#article\",\"isPartOf\":{\"@id\":\"https:\\\/\\\/quehacerpolitico.mx\\\/?p=87422\"},\"author\":{\"name\":\"Redacci\u00f3n QP\",\"@id\":\"https:\\\/\\\/quehacerpolitico.mx\\\/#\\\/schema\\\/person\\\/496d8ad2d1d3f8036101dca7ee39e585\"},\"headline\":\"&#8220;En 2012, no me dej\u00e9 besar por Sicilia, lo sent\u00eda falso&#8221; ante las cr\u00edticas a su gobierno:AMLO\",\"datePublished\":\"2021-12-15T17:46:22+00:00\",\"dateModified\":\"2021-12-15T17:46:30+00:00\",\"mainEntityOfPage\":{\"@id\":\"https:\\\/\\\/quehacerpolitico.mx\\\/?p=87422\"},\"wordCount\":440,\"commentCount\":0,\"image\":{\"@id\":\"https:\\\/\\\/quehacerpolitico.mx\\\/?p=87422#primaryimage\"},\"thumbnailUrl\":\"https:\\\/\\\/quehacerpolitico.mx\\\/wp-content\\\/uploads\\\/2021\\\/12\\\/167C901B-9A35-4E21-AA47-E3B10BA510A8.jpeg\",\"articleSection\":[\"Noticias\"],\"inLanguage\":\"es\",\"potentialAction\":[{\"@type\":\"CommentAction\",\"name\":\"Comment\",\"target\":[\"https:\\\/\\\/quehacerpolitico.mx\\\/?p=87422#respond\"]}]},{\"@type\":\"WebPage\",\"@id\":\"https:\\\/\\\/quehacerpolitico.mx\\\/?p=87422\",\"url\":\"https:\\\/\\\/quehacerpolitico.mx\\\/?p=87422\",\"name\":\"\\\"En 2012, no me dej\u00e9 besar por Sicilia, lo sent\u00eda falso\\\" ante las cr\u00edticas a su gobierno:AMLO -\",\"isPartOf\":{\"@id\":\"https:\\\/\\\/quehacerpolitico.mx\\\/#website\"},\"primaryImageOfPage\":{\"@id\":\"https:\\\/\\\/quehacerpolitico.mx\\\/?p=87422#primaryimage\"},\"image\":{\"@id\":\"https:\\\/\\\/quehacerpolitico.mx\\\/?p=87422#primaryimage\"},\"thumbnailUrl\":\"https:\\\/\\\/quehacerpolitico.mx\\\/wp-content\\\/uploads\\\/2021\\\/12\\\/167C901B-9A35-4E21-AA47-E3B10BA510A8.jpeg\",\"datePublished\":\"2021-12-15T17:46:22+00:00\",\"dateModified\":\"2021-12-15T17:46:30+00:00\",\"author\":{\"@id\":\"https:\\\/\\\/quehacerpolitico.mx\\\/#\\\/schema\\\/person\\\/496d8ad2d1d3f8036101dca7ee39e585\"},\"breadcrumb\":{\"@id\":\"https:\\\/\\\/quehacerpolitico.mx\\\/?p=87422#breadcrumb\"},\"inLanguage\":\"es\",\"potentialAction\":[{\"@type\":\"ReadAction\",\"target\":[\"https:\\\/\\\/quehacerpolitico.mx\\\/?p=87422\"]}]},{\"@type\":\"ImageObject\",\"inLanguage\":\"es\",\"@id\":\"https:\\\/\\\/quehacerpolitico.mx\\\/?p=87422#primaryimage\",\"url\":\"https:\\\/\\\/quehacerpolitico.mx\\\/wp-content\\\/uploads\\\/2021\\\/12\\\/167C901B-9A35-4E21-AA47-E3B10BA510A8.jpeg\",\"contentUrl\":\"https:\\\/\\\/quehacerpolitico.mx\\\/wp-content\\\/uploads\\\/2021\\\/12\\\/167C901B-9A35-4E21-AA47-E3B10BA510A8.jpeg\",\"width\":656,\"height\":467},{\"@type\":\"BreadcrumbList\",\"@id\":\"https:\\\/\\\/quehacerpolitico.mx\\\/?p=87422#breadcrumb\",\"itemListElement\":[{\"@type\":\"ListItem\",\"position\":1,\"name\":\"Inicio\",\"item\":\"https:\\\/\\\/quehacerpolitico.mx\\\/\"},{\"@type\":\"ListItem\",\"position\":2,\"name\":\"&#8220;En 2012, no me dej\u00e9 besar por Sicilia, lo sent\u00eda falso&#8221; ante las cr\u00edticas a su gobierno:AMLO\"}]},{\"@type\":\"WebSite\",\"@id\":\"https:\\\/\\\/quehacerpolitico.mx\\\/#website\",\"url\":\"https:\\\/\\\/quehacerpolitico.mx\\\/\",\"name\":\"\",\"description\":\"\",\"potentialAction\":[{\"@type\":\"SearchAction\",\"target\":{\"@type\":\"EntryPoint\",\"urlTemplate\":\"https:\\\/\\\/quehacerpolitico.mx\\\/?s={search_term_string}\"},\"query-input\":{\"@type\":\"PropertyValueSpecification\",\"valueRequired\":true,\"valueName\":\"search_term_string\"}}],\"inLanguage\":\"es\"},{\"@type\":\"Person\",\"@id\":\"https:\\\/\\\/quehacerpolitico.mx\\\/#\\\/schema\\\/person\\\/496d8ad2d1d3f8036101dca7ee39e585\",\"name\":\"Redacci\u00f3n QP\",\"image\":{\"@type\":\"ImageObject\",\"inLanguage\":\"es\",\"@id\":\"https:\\\/\\\/secure.gravatar.com\\\/avatar\\\/c7164ed6fdec453195284ad24a5ae5b6e1eed2b848477fa2a4787ba9adf39a41?s=96&d=mm&r=g\",\"url\":\"https:\\\/\\\/secure.gravatar.com\\\/avatar\\\/c7164ed6fdec453195284ad24a5ae5b6e1eed2b848477fa2a4787ba9adf39a41?s=96&d=mm&r=g\",\"contentUrl\":\"https:\\\/\\\/secure.gravatar.com\\\/avatar\\\/c7164ed6fdec453195284ad24a5ae5b6e1eed2b848477fa2a4787ba9adf39a41?s=96&d=mm&r=g\",\"caption\":\"Redacci\u00f3n QP\"},\"url\":\"https:\\\/\\\/quehacerpolitico.mx\\\/?author=2\"}]}<\/script>\n<!-- \/ Yoast SEO plugin. -->","yoast_head_json":{"title":"\"En 2012, no me dej\u00e9 besar por Sicilia, lo sent\u00eda falso\" ante las cr\u00edticas a su gobierno:AMLO -","robots":{"index":"index","follow":"follow","max-snippet":"max-snippet:-1","max-image-preview":"max-image-preview:large","max-video-preview":"max-video-preview:-1"},"canonical":"https:\/\/quehacerpolitico.mx\/?p=87422","og_locale":"es_MX","og_type":"article","og_title":"\"En 2012, no me dej\u00e9 besar por Sicilia, lo sent\u00eda falso\" ante las cr\u00edticas a su gobierno:AMLO -","og_description":"Por Redacci\u00f3n QP El Presidente Andr\u00e9s Manuel L\u00f3pez Obrador responde a las cr\u00edticas recibidas tras...","og_url":"https:\/\/quehacerpolitico.mx\/?p=87422","article_published_time":"2021-12-15T17:46:22+00:00","article_modified_time":"2021-12-15T17:46:30+00:00","og_image":[{"width":656,"height":467,"url":"https:\/\/quehacerpolitico.mx\/wp-content\/uploads\/2021\/12\/167C901B-9A35-4E21-AA47-E3B10BA510A8.jpeg","type":"image\/jpeg"}],"author":"Redacci\u00f3n QP","twitter_card":"summary_large_image","twitter_misc":{"Escrito por":"Redacci\u00f3n QP","Tiempo de lectura":"2 minutos"},"schema":{"@context":"https:\/\/schema.org","@graph":[{"@type":"Article","@id":"https:\/\/quehacerpolitico.mx\/?p=87422#article","isPartOf":{"@id":"https:\/\/quehacerpolitico.mx\/?p=87422"},"author":{"name":"Redacci\u00f3n QP","@id":"https:\/\/quehacerpolitico.mx\/#\/schema\/person\/496d8ad2d1d3f8036101dca7ee39e585"},"headline":"&#8220;En 2012, no me dej\u00e9 besar por Sicilia, lo sent\u00eda falso&#8221; ante las cr\u00edticas a su gobierno:AMLO","datePublished":"2021-12-15T17:46:22+00:00","dateModified":"2021-12-15T17:46:30+00:00","mainEntityOfPage":{"@id":"https:\/\/quehacerpolitico.mx\/?p=87422"},"wordCount":440,"commentCount":0,"image":{"@id":"https:\/\/quehacerpolitico.mx\/?p=87422#primaryimage"},"thumbnailUrl":"https:\/\/quehacerpolitico.mx\/wp-content\/uploads\/2021\/12\/167C901B-9A35-4E21-AA47-E3B10BA510A8.jpeg","articleSection":["Noticias"],"inLanguage":"es","potentialAction":[{"@type":"CommentAction","name":"Comment","target":["https:\/\/quehacerpolitico.mx\/?p=87422#respond"]}]},{"@type":"WebPage","@id":"https:\/\/quehacerpolitico.mx\/?p=87422","url":"https:\/\/quehacerpolitico.mx\/?p=87422","name":"\"En 2012, no me dej\u00e9 besar por Sicilia, lo sent\u00eda falso\" ante las cr\u00edticas a su gobierno:AMLO -","isPartOf":{"@id":"https:\/\/quehacerpolitico.mx\/#website"},"primaryImageOfPage":{"@id":"https:\/\/quehacerpolitico.mx\/?p=87422#primaryimage"},"image":{"@id":"https:\/\/quehacerpolitico.mx\/?p=87422#primaryimage"},"thumbnailUrl":"https:\/\/quehacerpolitico.mx\/wp-content\/uploads\/2021\/12\/167C901B-9A35-4E21-AA47-E3B10BA510A8.jpeg","datePublished":"2021-12-15T17:46:22+00:00","dateModified":"2021-12-15T17:46:30+00:00","author":{"@id":"https:\/\/quehacerpolitico.mx\/#\/schema\/person\/496d8ad2d1d3f8036101dca7ee39e585"},"breadcrumb":{"@id":"https:\/\/quehacerpolitico.mx\/?p=87422#breadcrumb"},"inLanguage":"es","potentialAction":[{"@type":"ReadAction","target":["https:\/\/quehacerpolitico.mx\/?p=87422"]}]},{"@type":"ImageObject","inLanguage":"es","@id":"https:\/\/quehacerpolitico.mx\/?p=87422#primaryimage","url":"https:\/\/quehacerpolitico.mx\/wp-content\/uploads\/2021\/12\/167C901B-9A35-4E21-AA47-E3B10BA510A8.jpeg","contentUrl":"https:\/\/quehacerpolitico.mx\/wp-content\/uploads\/2021\/12\/167C901B-9A35-4E21-AA47-E3B10BA510A8.jpeg","width":656,"height":467},{"@type":"BreadcrumbList","@id":"https:\/\/quehacerpolitico.mx\/?p=87422#breadcrumb","itemListElement":[{"@type":"ListItem","position":1,"name":"Inicio","item":"https:\/\/quehacerpolitico.mx\/"},{"@type":"ListItem","position":2,"name":"&#8220;En 2012, no me dej\u00e9 besar por Sicilia, lo sent\u00eda falso&#8221; ante las cr\u00edticas a su gobierno:AMLO"}]},{"@type":"WebSite","@id":"https:\/\/quehacerpolitico.mx\/#website","url":"https:\/\/quehacerpolitico.mx\/","name":"","description":"","potentialAction":[{"@type":"SearchAction","target":{"@type":"EntryPoint","urlTemplate":"https:\/\/quehacerpolitico.mx\/?s={search_term_string}"},"query-input":{"@type":"PropertyValueSpecification","valueRequired":true,"valueName":"search_term_string"}}],"inLanguage":"es"},{"@type":"Person","@id":"https:\/\/quehacerpolitico.mx\/#\/schema\/person\/496d8ad2d1d3f8036101dca7ee39e585","name":"Redacci\u00f3n QP","image":{"@type":"ImageObject","inLanguage":"es","@id":"https:\/\/secure.gravatar.com\/avatar\/c7164ed6fdec453195284ad24a5ae5b6e1eed2b848477fa2a4787ba9adf39a41?s=96&d=mm&r=g","url":"https:\/\/secure.gravatar.com\/avatar\/c7164ed6fdec453195284ad24a5ae5b6e1eed2b848477fa2a4787ba9adf39a41?s=96&d=mm&r=g","contentUrl":"https:\/\/secure.gravatar.com\/avatar\/c7164ed6fdec453195284ad24a5ae5b6e1eed2b848477fa2a4787ba9adf39a41?s=96&d=mm&r=g","caption":"Redacci\u00f3n QP"},"url":"https:\/\/quehacerpolitico.mx\/?author=2"}]}},"featured_image_urls":{"full":["https:\/\/quehacerpolitico.mx\/wp-content\/uploads\/2021\/12\/167C901B-9A35-4E21-AA47-E3B10BA510A8.jpeg",656,467,false],"thumbnail":["https:\/\/quehacerpolitico.mx\/wp-content\/uploads\/2021\/12\/167C901B-9A35-4E21-AA47-E3B10BA510A8-150x150.jpeg",150,150,true],"medium":["https:\/\/quehacerpolitico.mx\/wp-content\/uploads\/2021\/12\/167C901B-9A35-4E21-AA47-E3B10BA510A8-300x214.jpeg",300,214,true],"medium_large":["https:\/\/quehacerpolitico.mx\/wp-content\/uploads\/2021\/12\/167C901B-9A35-4E21-AA47-E3B10BA510A8.jpeg",640,456,false],"large":["https:\/\/quehacerpolitico.mx\/wp-content\/uploads\/2021\/12\/167C901B-9A35-4E21-AA47-E3B10BA510A8.jpeg",640,456,false],"1536x1536":["https:\/\/quehacerpolitico.mx\/wp-content\/uploads\/2021\/12\/167C901B-9A35-4E21-AA47-E3B10BA510A8.jpeg",656,467,false],"2048x2048":["https:\/\/quehacerpolitico.mx\/wp-content\/uploads\/2021\/12\/167C901B-9A35-4E21-AA47-E3B10BA510A8.jpeg",656,467,false],"covernews-featured":["https:\/\/quehacerpolitico.mx\/wp-content\/uploads\/2021\/12\/167C901B-9A35-4E21-AA47-E3B10BA510A8.jpeg",656,467,false],"covernews-medium":["https:\/\/quehacerpolitico.mx\/wp-content\/uploads\/2021\/12\/167C901B-9A35-4E21-AA47-E3B10BA510A8.jpeg",478,340,false]},"author_info":{"display_name":"Redacci\u00f3n QP","author_link":"https:\/\/quehacerpolitico.mx\/?author=2"},"category_info":"<a href=\"https:\/\/quehacerpolitico.mx\/?cat=2\" rel=\"category\">Noticias<\/a>","tag_info":"Noticias","comment_count":"0","_links":{"self":[{"href":"https:\/\/quehacerpolitico.mx\/index.php?rest_route=\/wp\/v2\/posts\/87422","targetHints":{"allow":["GET"]}}],"collection":[{"href":"https:\/\/quehacerpolitico.mx\/index.php?rest_route=\/wp\/v2\/posts"}],"about":[{"href":"https:\/\/quehacerpolitico.mx\/index.php?rest_route=\/wp\/v2\/types\/post"}],"author":[{"embeddable":true,"href":"https:\/\/quehacerpolitico.mx\/index.php?rest_route=\/wp\/v2\/users\/2"}],"replies":[{"embeddable":true,"href":"https:\/\/quehacerpolitico.mx\/index.php?rest_route=%2Fwp%2Fv2%2Fcomments&post=87422"}],"version-history":[{"count":1,"href":"https:\/\/quehacerpolitico.mx\/index.php?rest_route=\/wp\/v2\/posts\/87422\/revisions"}],"predecessor-version":[{"id":87424,"href":"https:\/\/quehacerpolitico.mx\/index.php?rest_route=\/wp\/v2\/posts\/87422\/revisions\/87424"}],"wp:featuredmedia":[{"embeddable":true,"href":"https:\/\/quehacerpolitico.mx\/index.php?rest_route=\/wp\/v2\/media\/87423"}],"wp:attachment":[{"href":"https:\/\/quehacerpolitico.mx\/index.php?rest_route=%2Fwp%2Fv2%2Fmedia&parent=87422"}],"wp:term":[{"taxonomy":"category","embeddable":true,"href":"https:\/\/quehacerpolitico.mx\/index.php?rest_route=%2Fwp%2Fv2%2Fcategories&post=87422"},{"taxonomy":"post_tag","embeddable":true,"href":"https:\/\/quehacerpolitico.mx\/index.php?rest_route=%2Fwp%2Fv2%2Ftags&post=87422"}],"curies":[{"name":"wp","href":"https:\/\/api.w.org\/{rel}","templated":true}]}}