{"id":87417,"date":"2021-12-15T17:13:54","date_gmt":"2021-12-15T17:13:54","guid":{"rendered":"https:\/\/quehacerpolitico.mx\/?p=87417"},"modified":"2021-12-15T17:13:57","modified_gmt":"2021-12-15T17:13:57","slug":"habra-nuevos-nombramientos-en-el-gobierno-federal-el-presidente-responde","status":"publish","type":"post","link":"https:\/\/quehacerpolitico.mx\/?p=87417","title":{"rendered":"\u00bfHabr\u00e1 nuevos nombramientos en el Gobierno federal? El Presidente responde"},"content":{"rendered":"\n<p>Por Redacci\u00f3n QP<\/p>\n\n\n\n<p>A la mitad de su administraci\u00f3n, mucho se ha se\u00f1alado sobre cambios al interior del gabinete del Presidente\u00a0L\u00f3pez Obrador \u00bfPero ser\u00e1 efectivo?<\/p>\n\n\n\n<p>A la mitad de su administraci\u00f3n, mucho se ha se\u00f1alado sobre cambios al interior del gabinete del Presidente\u00a0Andr\u00e9s Manuel L\u00f3pez Obrador (AMLO) \u00bfPero ser\u00e1 efectivo?\u00a0<strong>\u00bfHabr\u00e1 cambios en la administraci\u00f3n federal?<\/strong><\/p>\n\n\n\n<p><strong>AMLO\u00a0asegur\u00f3 que por el momento no habr\u00e1 nuevos nombramientos al interior de su gobierno<\/strong>, aunque no descart\u00f3 que Jaime Bonilla, exgobernador de Baja California, se integre eventualmente.<\/p>\n\n\n\n<p>Durante su<strong>\u00a0<\/strong>conferencia \u201cma\u00f1anera\u201d desde Palacio Nacional, el Presidente L\u00f3pez Obrador dijo que es importante esperar con relaci\u00f3n al exgobernador Bonilla quien, asever\u00f3, ha ayudado mucho en el movimiento democr\u00e1tico en Baja California.<\/p>\n\n\n\n<p><strong>&#8220;\u00c9l es senador con licencia tiene esa opci\u00f3n y puede ayudarnos en el gobierno federal, pero est\u00e1 tom\u00e1ndose su tiempo&#8221;<\/strong>, declar\u00f3 el titular del Ejecutivo.<\/p>\n\n\n\n<p>Ayer martes el exgobernador de Baja California acudi\u00f3 a Palacio Nacional, en donde tras una hora\u00a0<strong>se retir\u00f3 sin dar declaraciones<\/strong>.<\/p>\n\n\n\n<h2 class=\"wp-block-heading\">AMLO invita a Jaime Bonilla integrarse a su gobierno<\/h2>\n\n\n\n<p><strong>-&#8220;\u00bfC\u00f3mo fue la reuni\u00f3n? \u00bfYa sali\u00f3 con chamba?\u201d<\/strong>, se le cuestion\u00f3 y a lo que solo se limit\u00f3 a esbozar una sonrisa y aplaudir un par de veces y levantar el pulgar derecho.<\/p>\n\n\n\n<p>Con la de ayer suman dos visitas que Jaime Bonilla acude a Palacio Nacional en menos de tres semanas.<\/p>\n\n\n\n<p>El pasado 24 de noviembre, el exgobernador de Baja California se retir\u00f3 de Palacio Nacional tras permanecer casi dos horas y presenciar como invitado, en primera fila, la entrega del Premio Nacional del Deporte 2021 que otorga el Presidente Andr\u00e9s Manuel L\u00f3pez Obrador a los atletas m\u00e1s destacados.<\/p>\n\n\n\n<p>Con Informaci\u00f3n de SUN <\/p>\n","protected":false},"excerpt":{"rendered":"<p>Por Redacci\u00f3n QP A la mitad de su administraci\u00f3n, mucho se ha se\u00f1alado sobre cambios&#8230;<\/p>\n","protected":false},"author":2,"featured_media":87418,"comment_status":"open","ping_status":"open","sticky":false,"template":"","format":"standard","meta":{"_monsterinsights_skip_tracking":false,"_monsterinsights_sitenote_active":false,"_monsterinsights_sitenote_note":"","_monsterinsights_sitenote_category":0,"footnotes":""},"categories":[2],"tags":[],"class_list":["post-87417","post","type-post","status-publish","format-standard","has-post-thumbnail","hentry","category-noticias"],"yoast_head":"<!-- This site is optimized with the Yoast SEO plugin v27.3 - https:\/\/yoast.com\/product\/yoast-seo-wordpress\/ -->\n<title>\u00bfHabr\u00e1 nuevos nombramientos en el Gobierno federal? El Presidente responde -<\/title>\n<meta name=\"robots\" content=\"index, follow, max-snippet:-1, max-image-preview:large, max-video-preview:-1\" \/>\n<link rel=\"canonical\" href=\"https:\/\/quehacerpolitico.mx\/?p=87417\" \/>\n<meta property=\"og:locale\" content=\"es_MX\" \/>\n<meta property=\"og:type\" content=\"article\" \/>\n<meta property=\"og:title\" content=\"\u00bfHabr\u00e1 nuevos nombramientos en el Gobierno federal? El Presidente responde -\" \/>\n<meta property=\"og:description\" content=\"Por Redacci\u00f3n QP A la mitad de su administraci\u00f3n, mucho se ha se\u00f1alado sobre cambios...\" \/>\n<meta property=\"og:url\" content=\"https:\/\/quehacerpolitico.mx\/?p=87417\" \/>\n<meta property=\"article:published_time\" content=\"2021-12-15T17:13:54+00:00\" \/>\n<meta property=\"article:modified_time\" content=\"2021-12-15T17:13:57+00:00\" \/>\n<meta property=\"og:image\" content=\"https:\/\/quehacerpolitico.mx\/wp-content\/uploads\/2021\/12\/E7CD72D8-2E19-4820-A2C7-5EB6F13454C5.jpeg\" \/>\n\t<meta property=\"og:image:width\" content=\"1284\" \/>\n\t<meta property=\"og:image:height\" content=\"639\" \/>\n\t<meta property=\"og:image:type\" content=\"image\/jpeg\" \/>\n<meta name=\"author\" content=\"Redacci\u00f3n QP\" \/>\n<meta name=\"twitter:card\" content=\"summary_large_image\" \/>\n<meta name=\"twitter:label1\" content=\"Escrito por\" \/>\n\t<meta name=\"twitter:data1\" content=\"Redacci\u00f3n QP\" \/>\n\t<meta name=\"twitter:label2\" content=\"Tiempo de lectura\" \/>\n\t<meta name=\"twitter:data2\" content=\"1 minuto\" \/>\n<script type=\"application\/ld+json\" class=\"yoast-schema-graph\">{\"@context\":\"https:\\\/\\\/schema.org\",\"@graph\":[{\"@type\":\"Article\",\"@id\":\"https:\\\/\\\/quehacerpolitico.mx\\\/?p=87417#article\",\"isPartOf\":{\"@id\":\"https:\\\/\\\/quehacerpolitico.mx\\\/?p=87417\"},\"author\":{\"name\":\"Redacci\u00f3n QP\",\"@id\":\"https:\\\/\\\/quehacerpolitico.mx\\\/#\\\/schema\\\/person\\\/496d8ad2d1d3f8036101dca7ee39e585\"},\"headline\":\"\u00bfHabr\u00e1 nuevos nombramientos en el Gobierno federal? El Presidente responde\",\"datePublished\":\"2021-12-15T17:13:54+00:00\",\"dateModified\":\"2021-12-15T17:13:57+00:00\",\"mainEntityOfPage\":{\"@id\":\"https:\\\/\\\/quehacerpolitico.mx\\\/?p=87417\"},\"wordCount\":308,\"commentCount\":0,\"image\":{\"@id\":\"https:\\\/\\\/quehacerpolitico.mx\\\/?p=87417#primaryimage\"},\"thumbnailUrl\":\"https:\\\/\\\/quehacerpolitico.mx\\\/wp-content\\\/uploads\\\/2021\\\/12\\\/E7CD72D8-2E19-4820-A2C7-5EB6F13454C5.jpeg\",\"articleSection\":[\"Noticias\"],\"inLanguage\":\"es\",\"potentialAction\":[{\"@type\":\"CommentAction\",\"name\":\"Comment\",\"target\":[\"https:\\\/\\\/quehacerpolitico.mx\\\/?p=87417#respond\"]}]},{\"@type\":\"WebPage\",\"@id\":\"https:\\\/\\\/quehacerpolitico.mx\\\/?p=87417\",\"url\":\"https:\\\/\\\/quehacerpolitico.mx\\\/?p=87417\",\"name\":\"\u00bfHabr\u00e1 nuevos nombramientos en el Gobierno federal? El Presidente responde -\",\"isPartOf\":{\"@id\":\"https:\\\/\\\/quehacerpolitico.mx\\\/#website\"},\"primaryImageOfPage\":{\"@id\":\"https:\\\/\\\/quehacerpolitico.mx\\\/?p=87417#primaryimage\"},\"image\":{\"@id\":\"https:\\\/\\\/quehacerpolitico.mx\\\/?p=87417#primaryimage\"},\"thumbnailUrl\":\"https:\\\/\\\/quehacerpolitico.mx\\\/wp-content\\\/uploads\\\/2021\\\/12\\\/E7CD72D8-2E19-4820-A2C7-5EB6F13454C5.jpeg\",\"datePublished\":\"2021-12-15T17:13:54+00:00\",\"dateModified\":\"2021-12-15T17:13:57+00:00\",\"author\":{\"@id\":\"https:\\\/\\\/quehacerpolitico.mx\\\/#\\\/schema\\\/person\\\/496d8ad2d1d3f8036101dca7ee39e585\"},\"breadcrumb\":{\"@id\":\"https:\\\/\\\/quehacerpolitico.mx\\\/?p=87417#breadcrumb\"},\"inLanguage\":\"es\",\"potentialAction\":[{\"@type\":\"ReadAction\",\"target\":[\"https:\\\/\\\/quehacerpolitico.mx\\\/?p=87417\"]}]},{\"@type\":\"ImageObject\",\"inLanguage\":\"es\",\"@id\":\"https:\\\/\\\/quehacerpolitico.mx\\\/?p=87417#primaryimage\",\"url\":\"https:\\\/\\\/quehacerpolitico.mx\\\/wp-content\\\/uploads\\\/2021\\\/12\\\/E7CD72D8-2E19-4820-A2C7-5EB6F13454C5.jpeg\",\"contentUrl\":\"https:\\\/\\\/quehacerpolitico.mx\\\/wp-content\\\/uploads\\\/2021\\\/12\\\/E7CD72D8-2E19-4820-A2C7-5EB6F13454C5.jpeg\",\"width\":1284,\"height\":639},{\"@type\":\"BreadcrumbList\",\"@id\":\"https:\\\/\\\/quehacerpolitico.mx\\\/?p=87417#breadcrumb\",\"itemListElement\":[{\"@type\":\"ListItem\",\"position\":1,\"name\":\"Inicio\",\"item\":\"https:\\\/\\\/quehacerpolitico.mx\\\/\"},{\"@type\":\"ListItem\",\"position\":2,\"name\":\"\u00bfHabr\u00e1 nuevos nombramientos en el Gobierno federal? El Presidente responde\"}]},{\"@type\":\"WebSite\",\"@id\":\"https:\\\/\\\/quehacerpolitico.mx\\\/#website\",\"url\":\"https:\\\/\\\/quehacerpolitico.mx\\\/\",\"name\":\"\",\"description\":\"\",\"potentialAction\":[{\"@type\":\"SearchAction\",\"target\":{\"@type\":\"EntryPoint\",\"urlTemplate\":\"https:\\\/\\\/quehacerpolitico.mx\\\/?s={search_term_string}\"},\"query-input\":{\"@type\":\"PropertyValueSpecification\",\"valueRequired\":true,\"valueName\":\"search_term_string\"}}],\"inLanguage\":\"es\"},{\"@type\":\"Person\",\"@id\":\"https:\\\/\\\/quehacerpolitico.mx\\\/#\\\/schema\\\/person\\\/496d8ad2d1d3f8036101dca7ee39e585\",\"name\":\"Redacci\u00f3n QP\",\"image\":{\"@type\":\"ImageObject\",\"inLanguage\":\"es\",\"@id\":\"https:\\\/\\\/secure.gravatar.com\\\/avatar\\\/c7164ed6fdec453195284ad24a5ae5b6e1eed2b848477fa2a4787ba9adf39a41?s=96&d=mm&r=g\",\"url\":\"https:\\\/\\\/secure.gravatar.com\\\/avatar\\\/c7164ed6fdec453195284ad24a5ae5b6e1eed2b848477fa2a4787ba9adf39a41?s=96&d=mm&r=g\",\"contentUrl\":\"https:\\\/\\\/secure.gravatar.com\\\/avatar\\\/c7164ed6fdec453195284ad24a5ae5b6e1eed2b848477fa2a4787ba9adf39a41?s=96&d=mm&r=g\",\"caption\":\"Redacci\u00f3n QP\"},\"url\":\"https:\\\/\\\/quehacerpolitico.mx\\\/?author=2\"}]}<\/script>\n<!-- \/ Yoast SEO plugin. -->","yoast_head_json":{"title":"\u00bfHabr\u00e1 nuevos nombramientos en el Gobierno federal? El Presidente responde -","robots":{"index":"index","follow":"follow","max-snippet":"max-snippet:-1","max-image-preview":"max-image-preview:large","max-video-preview":"max-video-preview:-1"},"canonical":"https:\/\/quehacerpolitico.mx\/?p=87417","og_locale":"es_MX","og_type":"article","og_title":"\u00bfHabr\u00e1 nuevos nombramientos en el Gobierno federal? El Presidente responde -","og_description":"Por Redacci\u00f3n QP A la mitad de su administraci\u00f3n, mucho se ha se\u00f1alado sobre cambios...","og_url":"https:\/\/quehacerpolitico.mx\/?p=87417","article_published_time":"2021-12-15T17:13:54+00:00","article_modified_time":"2021-12-15T17:13:57+00:00","og_image":[{"width":1284,"height":639,"url":"https:\/\/quehacerpolitico.mx\/wp-content\/uploads\/2021\/12\/E7CD72D8-2E19-4820-A2C7-5EB6F13454C5.jpeg","type":"image\/jpeg"}],"author":"Redacci\u00f3n QP","twitter_card":"summary_large_image","twitter_misc":{"Escrito por":"Redacci\u00f3n QP","Tiempo de lectura":"1 minuto"},"schema":{"@context":"https:\/\/schema.org","@graph":[{"@type":"Article","@id":"https:\/\/quehacerpolitico.mx\/?p=87417#article","isPartOf":{"@id":"https:\/\/quehacerpolitico.mx\/?p=87417"},"author":{"name":"Redacci\u00f3n QP","@id":"https:\/\/quehacerpolitico.mx\/#\/schema\/person\/496d8ad2d1d3f8036101dca7ee39e585"},"headline":"\u00bfHabr\u00e1 nuevos nombramientos en el Gobierno federal? El Presidente responde","datePublished":"2021-12-15T17:13:54+00:00","dateModified":"2021-12-15T17:13:57+00:00","mainEntityOfPage":{"@id":"https:\/\/quehacerpolitico.mx\/?p=87417"},"wordCount":308,"commentCount":0,"image":{"@id":"https:\/\/quehacerpolitico.mx\/?p=87417#primaryimage"},"thumbnailUrl":"https:\/\/quehacerpolitico.mx\/wp-content\/uploads\/2021\/12\/E7CD72D8-2E19-4820-A2C7-5EB6F13454C5.jpeg","articleSection":["Noticias"],"inLanguage":"es","potentialAction":[{"@type":"CommentAction","name":"Comment","target":["https:\/\/quehacerpolitico.mx\/?p=87417#respond"]}]},{"@type":"WebPage","@id":"https:\/\/quehacerpolitico.mx\/?p=87417","url":"https:\/\/quehacerpolitico.mx\/?p=87417","name":"\u00bfHabr\u00e1 nuevos nombramientos en el Gobierno federal? El Presidente responde -","isPartOf":{"@id":"https:\/\/quehacerpolitico.mx\/#website"},"primaryImageOfPage":{"@id":"https:\/\/quehacerpolitico.mx\/?p=87417#primaryimage"},"image":{"@id":"https:\/\/quehacerpolitico.mx\/?p=87417#primaryimage"},"thumbnailUrl":"https:\/\/quehacerpolitico.mx\/wp-content\/uploads\/2021\/12\/E7CD72D8-2E19-4820-A2C7-5EB6F13454C5.jpeg","datePublished":"2021-12-15T17:13:54+00:00","dateModified":"2021-12-15T17:13:57+00:00","author":{"@id":"https:\/\/quehacerpolitico.mx\/#\/schema\/person\/496d8ad2d1d3f8036101dca7ee39e585"},"breadcrumb":{"@id":"https:\/\/quehacerpolitico.mx\/?p=87417#breadcrumb"},"inLanguage":"es","potentialAction":[{"@type":"ReadAction","target":["https:\/\/quehacerpolitico.mx\/?p=87417"]}]},{"@type":"ImageObject","inLanguage":"es","@id":"https:\/\/quehacerpolitico.mx\/?p=87417#primaryimage","url":"https:\/\/quehacerpolitico.mx\/wp-content\/uploads\/2021\/12\/E7CD72D8-2E19-4820-A2C7-5EB6F13454C5.jpeg","contentUrl":"https:\/\/quehacerpolitico.mx\/wp-content\/uploads\/2021\/12\/E7CD72D8-2E19-4820-A2C7-5EB6F13454C5.jpeg","width":1284,"height":639},{"@type":"BreadcrumbList","@id":"https:\/\/quehacerpolitico.mx\/?p=87417#breadcrumb","itemListElement":[{"@type":"ListItem","position":1,"name":"Inicio","item":"https:\/\/quehacerpolitico.mx\/"},{"@type":"ListItem","position":2,"name":"\u00bfHabr\u00e1 nuevos nombramientos en el Gobierno federal? El Presidente responde"}]},{"@type":"WebSite","@id":"https:\/\/quehacerpolitico.mx\/#website","url":"https:\/\/quehacerpolitico.mx\/","name":"","description":"","potentialAction":[{"@type":"SearchAction","target":{"@type":"EntryPoint","urlTemplate":"https:\/\/quehacerpolitico.mx\/?s={search_term_string}"},"query-input":{"@type":"PropertyValueSpecification","valueRequired":true,"valueName":"search_term_string"}}],"inLanguage":"es"},{"@type":"Person","@id":"https:\/\/quehacerpolitico.mx\/#\/schema\/person\/496d8ad2d1d3f8036101dca7ee39e585","name":"Redacci\u00f3n QP","image":{"@type":"ImageObject","inLanguage":"es","@id":"https:\/\/secure.gravatar.com\/avatar\/c7164ed6fdec453195284ad24a5ae5b6e1eed2b848477fa2a4787ba9adf39a41?s=96&d=mm&r=g","url":"https:\/\/secure.gravatar.com\/avatar\/c7164ed6fdec453195284ad24a5ae5b6e1eed2b848477fa2a4787ba9adf39a41?s=96&d=mm&r=g","contentUrl":"https:\/\/secure.gravatar.com\/avatar\/c7164ed6fdec453195284ad24a5ae5b6e1eed2b848477fa2a4787ba9adf39a41?s=96&d=mm&r=g","caption":"Redacci\u00f3n QP"},"url":"https:\/\/quehacerpolitico.mx\/?author=2"}]}},"featured_image_urls":{"full":["https:\/\/quehacerpolitico.mx\/wp-content\/uploads\/2021\/12\/E7CD72D8-2E19-4820-A2C7-5EB6F13454C5.jpeg",1284,639,false],"thumbnail":["https:\/\/quehacerpolitico.mx\/wp-content\/uploads\/2021\/12\/E7CD72D8-2E19-4820-A2C7-5EB6F13454C5-150x150.jpeg",150,150,true],"medium":["https:\/\/quehacerpolitico.mx\/wp-content\/uploads\/2021\/12\/E7CD72D8-2E19-4820-A2C7-5EB6F13454C5-300x149.jpeg",300,149,true],"medium_large":["https:\/\/quehacerpolitico.mx\/wp-content\/uploads\/2021\/12\/E7CD72D8-2E19-4820-A2C7-5EB6F13454C5-768x382.jpeg",640,318,true],"large":["https:\/\/quehacerpolitico.mx\/wp-content\/uploads\/2021\/12\/E7CD72D8-2E19-4820-A2C7-5EB6F13454C5-1024x510.jpeg",640,319,true],"1536x1536":["https:\/\/quehacerpolitico.mx\/wp-content\/uploads\/2021\/12\/E7CD72D8-2E19-4820-A2C7-5EB6F13454C5.jpeg",1284,639,false],"2048x2048":["https:\/\/quehacerpolitico.mx\/wp-content\/uploads\/2021\/12\/E7CD72D8-2E19-4820-A2C7-5EB6F13454C5.jpeg",1284,639,false],"covernews-featured":["https:\/\/quehacerpolitico.mx\/wp-content\/uploads\/2021\/12\/E7CD72D8-2E19-4820-A2C7-5EB6F13454C5.jpeg",1024,510,false],"covernews-medium":["https:\/\/quehacerpolitico.mx\/wp-content\/uploads\/2021\/12\/E7CD72D8-2E19-4820-A2C7-5EB6F13454C5.jpeg",540,269,false]},"author_info":{"display_name":"Redacci\u00f3n QP","author_link":"https:\/\/quehacerpolitico.mx\/?author=2"},"category_info":"<a href=\"https:\/\/quehacerpolitico.mx\/?cat=2\" rel=\"category\">Noticias<\/a>","tag_info":"Noticias","comment_count":"0","_links":{"self":[{"href":"https:\/\/quehacerpolitico.mx\/index.php?rest_route=\/wp\/v2\/posts\/87417","targetHints":{"allow":["GET"]}}],"collection":[{"href":"https:\/\/quehacerpolitico.mx\/index.php?rest_route=\/wp\/v2\/posts"}],"about":[{"href":"https:\/\/quehacerpolitico.mx\/index.php?rest_route=\/wp\/v2\/types\/post"}],"author":[{"embeddable":true,"href":"https:\/\/quehacerpolitico.mx\/index.php?rest_route=\/wp\/v2\/users\/2"}],"replies":[{"embeddable":true,"href":"https:\/\/quehacerpolitico.mx\/index.php?rest_route=%2Fwp%2Fv2%2Fcomments&post=87417"}],"version-history":[{"count":1,"href":"https:\/\/quehacerpolitico.mx\/index.php?rest_route=\/wp\/v2\/posts\/87417\/revisions"}],"predecessor-version":[{"id":87419,"href":"https:\/\/quehacerpolitico.mx\/index.php?rest_route=\/wp\/v2\/posts\/87417\/revisions\/87419"}],"wp:featuredmedia":[{"embeddable":true,"href":"https:\/\/quehacerpolitico.mx\/index.php?rest_route=\/wp\/v2\/media\/87418"}],"wp:attachment":[{"href":"https:\/\/quehacerpolitico.mx\/index.php?rest_route=%2Fwp%2Fv2%2Fmedia&parent=87417"}],"wp:term":[{"taxonomy":"category","embeddable":true,"href":"https:\/\/quehacerpolitico.mx\/index.php?rest_route=%2Fwp%2Fv2%2Fcategories&post=87417"},{"taxonomy":"post_tag","embeddable":true,"href":"https:\/\/quehacerpolitico.mx\/index.php?rest_route=%2Fwp%2Fv2%2Ftags&post=87417"}],"curies":[{"name":"wp","href":"https:\/\/api.w.org\/{rel}","templated":true}]}}