{"id":87407,"date":"2021-12-15T16:27:14","date_gmt":"2021-12-15T16:27:14","guid":{"rendered":"https:\/\/quehacerpolitico.mx\/?p=87407"},"modified":"2021-12-15T16:27:19","modified_gmt":"2021-12-15T16:27:19","slug":"primero-es-mi-salud-me-voy-con-la-cabeza-alta-kun-aguero-anuncia-su-retiro-del-futbol","status":"publish","type":"post","link":"https:\/\/quehacerpolitico.mx\/?p=87407","title":{"rendered":"&#8216;Primero es mi salud, me voy con la cabeza alta; Kun Ag\u00fcero anuncia su retiro del futbol"},"content":{"rendered":"\n<p>Por Redacci\u00f3n QP<\/p>\n\n\n\n<p>El argentino explic\u00f3 que los m\u00e9dicos le confirmaron que lo mejor que pod\u00eda hacer era dejar de jugar para no arriesgarse.<\/p>\n\n\n\n<p>El delantero argentino Sergio &#8216;Kun&#8217; Ag\u00fcero confirm\u00f3 este mi\u00e9rcoles su retiro deportivo y que pone punto final a su carrera como profesional debido a unos problemas card\u00edacos que se le detectaron el pasado mes de octubre en el partido del FC Barcelona contra el Deportivo Alav\u00e9s. &#8220;Esta conferencia es para comunicarles que he decidido dejar de jugar al futbol profesional. Es un momento muy duro, pero estoy igual de feliz por la decisi\u00f3n que tom\u00e9 porque lo primero es mi salud&#8221;, explic\u00f3 el argentino visiblemente emocionado en una rueda de prensa en la tribuna del Camp Nou, donde el club prepar\u00f3 la pancarta &#8216;Culer una vez, culer para siempre&#8217;. El &#8216;Kun&#8217; recalc\u00f3 que &#8220;ya saben por qu\u00e9 tome esta decisi\u00f3n&#8221;. &#8220;Fue por el problema que tuve hace un mes y &#8216;pico&#8217;. Estuve en buenas manos de los m\u00e9dicos, que han hecho lo mejor y me han dicho que lo mejor era dejar de jugar. Tom\u00e9 la decisi\u00f3n hace diez d\u00edas, hice todo lo posible para ver si hab\u00eda alguna esperanza, pero no ha habido mucha. Estoy muy orgulloso por mi carrera&#8221;<\/p>\n\n\n\n<p>Sergio Leonel Ag\u00fcero del Castillo, conocido popularmente como &#8216;Kun&#8217; Ag\u00fcero, se ve obligado a colgar las botas antes de lo previsto. A sus 33 a\u00f1os, el delantero argentino nacido en Buenos Aires y consagrado en Madrid y Manchester se retira como futbolista de un Bar\u00e7a con el que apenas pudo jugar cinco partidos. Dice adi\u00f3s uno de los mejores delanteros de la historia de Argentina, escudero y amigo del gran Leo Messi. Con \u00e9l quiso jugar en Barcelona, pero su llegada como agente libre procedente del Manchester City coincidi\u00f3 con la salida del &#8217;10&#8217; con destino a Par\u00eds. Una mala jugada que fue seguida de una lesi\u00f3n y, a su vuelta, de la arritmia. Con el FC Barcelona, su \u00faltimo club, apenas 5 partidos y un \u00fanico gol, marcado eso s\u00ed en un Cl\u00e1sico contra el Real Madrid, que tampoco sirvi\u00f3 para puntuar. Un \u00faltimo tanto para hacer honor a su gran capacidad goleadora, demostrada previamente en Independiente, Atl\u00e9tico de Madrid y Manchester City. En Independiente de Avellaneda logr\u00f3 su primer r\u00e9cord; debutar en el primer equipo con s\u00f3lo 15 a\u00f1os, convirti\u00e9ndose en el jugador m\u00e1s joven en debutar en la Primera Divisi\u00f3n de Argentina. Con su club de origen marc\u00f3 18 goles en 38 partidos y fue &#8216;cazado&#8217; de inmediato por el club colchonero. Sin duda, la popularidad del &#8216;Kun&#8217; creci\u00f3 a medida que goleaba vestido de rojiblanco. Lleg\u00f3 en verano de 2006, todav\u00eda sin ser mayor de edad y con un pago astron\u00f3mico que, sin duda, le sali\u00f3 a cuenta a un Atl\u00e9tico donde gan\u00f3 una UEFA y una Supercopa de Europa, adem\u00e1s de marcar 100 goles y dar 51 asistencias en 231 partidos<\/p>\n\n\n\n<figure class=\"wp-block-embed is-type-rich is-provider-twitter wp-block-embed-twitter\"><div class=\"wp-block-embed__wrapper\">\n<blockquote class=\"twitter-tweet\" data-width=\"550\" data-dnt=\"true\"><p lang=\"es\" dir=\"ltr\">Piel de gallina. \ud83d\ude22<br>Gracias por todo, <a href=\"https:\/\/twitter.com\/aguerosergiokun?ref_src=twsrc%5Etfw\">@aguerosergiokun<\/a>. <a href=\"https:\/\/t.co\/KNIHTg6Pq3\">pic.twitter.com\/KNIHTg6Pq3<\/a><\/p>&mdash; FC Barcelona (@FCBarcelona_es) <a href=\"https:\/\/twitter.com\/FCBarcelona_es\/status\/1471080359249039361?ref_src=twsrc%5Etfw\">December 15, 2021<\/a><\/blockquote><script async src=\"https:\/\/platform.twitter.com\/widgets.js\" charset=\"utf-8\"><\/script>\n<\/div><\/figure>\n\n\n\n<p>HIST\u00d3RICO EN EL MANCHESTER CITY Pese a un primer a\u00f1o de adaptaci\u00f3n, algo discreto y a la sombra de Fernando Torres, Ag\u00fcero, que form\u00f3 una gran dupla con Diego Forl\u00e1n, explot\u00f3 ya en su segundo a\u00f1o (19 goles en Liga) y fue artillero de referencia en los rojiblancos hasta que el Manchester City, en 2011, acudi\u00f3 al Vicente Calder\u00f3n con una oferta irrechazable. La magia y el talento del &#8216;Kun&#8217;, sus goles de dibujos animados, pusieron rumbo a Manchester, donde agrandar\u00eda su leyenda. Como &#8216;citizen&#8217;, a lo largo de diez a\u00f1os, jug\u00f3 casi 400 partidos, marc\u00f3 la friolera de 260 goles y reparti\u00f3 casi un centenar (95) m\u00e1s a sus compa\u00f1eros. Ag\u00fcero tiene estatua en el Etihad Stadium, como h\u00e9roe que en 2012 dio la primera Premier League de la historia al club (la primera de las cinco que gan\u00f3). Como h\u00e9roe que con sus 260 dianas se consagr\u00f3 como m\u00e1ximo goleador hist\u00f3rico de los &#8216;sky blue&#8217;. Y siendo poseedor del r\u00e9cord de m\u00e1s goles en la Premier con un mismo equipo (184), siendo el m\u00e1ximo realizador no ingl\u00e9s en la historia de la competici\u00f3n. Pese a arrastrar lesiones en su \u00faltima etapa a las \u00f3rdenes de Pep Guardiola, su fichaje con la carta de libertad por el FC Barcelona levant\u00f3 mucha ilusi\u00f3n en el barcelonismo, que cre\u00eda que podr\u00eda aportar los goles que se fueron con Luis Su\u00e1rez, al lado de Messi. Y todo se torci\u00f3. La arritmia descubierta a ra\u00edz de sus dolores en el pecho en el partido contra el Deportivo Alav\u00e9s\u00a0(en el Camp Nou el pasado 30 de octubre) le hizo ser baja de inmediato y, pese al tratamiento seguido, desemboca finalmente en colgar las botas de manera definitiva. A nivel internacional, Ag\u00fcero debut\u00f3 con la selecci\u00f3n argentina en 2006 y disput\u00f3 101 duelos con la albiceleste, con 41 goles en su haber. Conquist\u00f3 la Copa Am\u00e9rica de 2021 al lado de su amigo Messi, con quien tambi\u00e9n conquist\u00f3 el oro ol\u00edmpico en los Juegos de Pek\u00edn 2008 y el Mundial Sub-20 de 2005.<\/p>\n\n\n\n<p>Con Informaci\u00f3n de agencia DPA<\/p>\n","protected":false},"excerpt":{"rendered":"<p>Por Redacci\u00f3n QP El argentino explic\u00f3 que los m\u00e9dicos le confirmaron que lo mejor que&#8230;<\/p>\n","protected":false},"author":2,"featured_media":87408,"comment_status":"open","ping_status":"open","sticky":false,"template":"","format":"standard","meta":{"_monsterinsights_skip_tracking":false,"_monsterinsights_sitenote_active":false,"_monsterinsights_sitenote_note":"","_monsterinsights_sitenote_category":0,"footnotes":""},"categories":[54],"tags":[],"class_list":["post-87407","post","type-post","status-publish","format-standard","has-post-thumbnail","hentry","category-deportes"],"yoast_head":"<!-- This site is optimized with the Yoast SEO plugin v27.3 - https:\/\/yoast.com\/product\/yoast-seo-wordpress\/ -->\n<title>&#039;Primero es mi salud, me voy con la cabeza alta; Kun Ag\u00fcero anuncia su retiro del futbol -<\/title>\n<meta name=\"robots\" content=\"index, follow, max-snippet:-1, max-image-preview:large, max-video-preview:-1\" \/>\n<link rel=\"canonical\" href=\"https:\/\/quehacerpolitico.mx\/?p=87407\" \/>\n<meta property=\"og:locale\" content=\"es_MX\" \/>\n<meta property=\"og:type\" content=\"article\" \/>\n<meta property=\"og:title\" content=\"&#039;Primero es mi salud, me voy con la cabeza alta; Kun Ag\u00fcero anuncia su retiro del futbol -\" \/>\n<meta property=\"og:description\" content=\"Por Redacci\u00f3n QP El argentino explic\u00f3 que los m\u00e9dicos le confirmaron que lo mejor que...\" \/>\n<meta property=\"og:url\" content=\"https:\/\/quehacerpolitico.mx\/?p=87407\" \/>\n<meta property=\"article:published_time\" content=\"2021-12-15T16:27:14+00:00\" \/>\n<meta property=\"article:modified_time\" content=\"2021-12-15T16:27:19+00:00\" \/>\n<meta property=\"og:image\" content=\"https:\/\/quehacerpolitico.mx\/wp-content\/uploads\/2021\/12\/47ABA3F0-84E2-43C6-A312-1AC4595B50AE.jpeg\" \/>\n\t<meta property=\"og:image:width\" content=\"1284\" \/>\n\t<meta property=\"og:image:height\" content=\"685\" \/>\n\t<meta property=\"og:image:type\" content=\"image\/jpeg\" \/>\n<meta name=\"author\" content=\"Redacci\u00f3n QP\" \/>\n<meta name=\"twitter:card\" content=\"summary_large_image\" \/>\n<meta name=\"twitter:label1\" content=\"Escrito por\" \/>\n\t<meta name=\"twitter:data1\" content=\"Redacci\u00f3n QP\" \/>\n\t<meta name=\"twitter:label2\" content=\"Tiempo de lectura\" \/>\n\t<meta name=\"twitter:data2\" content=\"4 minutos\" \/>\n<script type=\"application\/ld+json\" class=\"yoast-schema-graph\">{\"@context\":\"https:\\\/\\\/schema.org\",\"@graph\":[{\"@type\":\"Article\",\"@id\":\"https:\\\/\\\/quehacerpolitico.mx\\\/?p=87407#article\",\"isPartOf\":{\"@id\":\"https:\\\/\\\/quehacerpolitico.mx\\\/?p=87407\"},\"author\":{\"name\":\"Redacci\u00f3n QP\",\"@id\":\"https:\\\/\\\/quehacerpolitico.mx\\\/#\\\/schema\\\/person\\\/496d8ad2d1d3f8036101dca7ee39e585\"},\"headline\":\"&#8216;Primero es mi salud, me voy con la cabeza alta; Kun Ag\u00fcero anuncia su retiro del futbol\",\"datePublished\":\"2021-12-15T16:27:14+00:00\",\"dateModified\":\"2021-12-15T16:27:19+00:00\",\"mainEntityOfPage\":{\"@id\":\"https:\\\/\\\/quehacerpolitico.mx\\\/?p=87407\"},\"wordCount\":891,\"commentCount\":0,\"image\":{\"@id\":\"https:\\\/\\\/quehacerpolitico.mx\\\/?p=87407#primaryimage\"},\"thumbnailUrl\":\"https:\\\/\\\/quehacerpolitico.mx\\\/wp-content\\\/uploads\\\/2021\\\/12\\\/47ABA3F0-84E2-43C6-A312-1AC4595B50AE.jpeg\",\"articleSection\":[\"Deportes\"],\"inLanguage\":\"es\",\"potentialAction\":[{\"@type\":\"CommentAction\",\"name\":\"Comment\",\"target\":[\"https:\\\/\\\/quehacerpolitico.mx\\\/?p=87407#respond\"]}]},{\"@type\":\"WebPage\",\"@id\":\"https:\\\/\\\/quehacerpolitico.mx\\\/?p=87407\",\"url\":\"https:\\\/\\\/quehacerpolitico.mx\\\/?p=87407\",\"name\":\"'Primero es mi salud, me voy con la cabeza alta; Kun Ag\u00fcero anuncia su retiro del futbol -\",\"isPartOf\":{\"@id\":\"https:\\\/\\\/quehacerpolitico.mx\\\/#website\"},\"primaryImageOfPage\":{\"@id\":\"https:\\\/\\\/quehacerpolitico.mx\\\/?p=87407#primaryimage\"},\"image\":{\"@id\":\"https:\\\/\\\/quehacerpolitico.mx\\\/?p=87407#primaryimage\"},\"thumbnailUrl\":\"https:\\\/\\\/quehacerpolitico.mx\\\/wp-content\\\/uploads\\\/2021\\\/12\\\/47ABA3F0-84E2-43C6-A312-1AC4595B50AE.jpeg\",\"datePublished\":\"2021-12-15T16:27:14+00:00\",\"dateModified\":\"2021-12-15T16:27:19+00:00\",\"author\":{\"@id\":\"https:\\\/\\\/quehacerpolitico.mx\\\/#\\\/schema\\\/person\\\/496d8ad2d1d3f8036101dca7ee39e585\"},\"breadcrumb\":{\"@id\":\"https:\\\/\\\/quehacerpolitico.mx\\\/?p=87407#breadcrumb\"},\"inLanguage\":\"es\",\"potentialAction\":[{\"@type\":\"ReadAction\",\"target\":[\"https:\\\/\\\/quehacerpolitico.mx\\\/?p=87407\"]}]},{\"@type\":\"ImageObject\",\"inLanguage\":\"es\",\"@id\":\"https:\\\/\\\/quehacerpolitico.mx\\\/?p=87407#primaryimage\",\"url\":\"https:\\\/\\\/quehacerpolitico.mx\\\/wp-content\\\/uploads\\\/2021\\\/12\\\/47ABA3F0-84E2-43C6-A312-1AC4595B50AE.jpeg\",\"contentUrl\":\"https:\\\/\\\/quehacerpolitico.mx\\\/wp-content\\\/uploads\\\/2021\\\/12\\\/47ABA3F0-84E2-43C6-A312-1AC4595B50AE.jpeg\",\"width\":1284,\"height\":685},{\"@type\":\"BreadcrumbList\",\"@id\":\"https:\\\/\\\/quehacerpolitico.mx\\\/?p=87407#breadcrumb\",\"itemListElement\":[{\"@type\":\"ListItem\",\"position\":1,\"name\":\"Inicio\",\"item\":\"https:\\\/\\\/quehacerpolitico.mx\\\/\"},{\"@type\":\"ListItem\",\"position\":2,\"name\":\"&#8216;Primero es mi salud, me voy con la cabeza alta; Kun Ag\u00fcero anuncia su retiro del futbol\"}]},{\"@type\":\"WebSite\",\"@id\":\"https:\\\/\\\/quehacerpolitico.mx\\\/#website\",\"url\":\"https:\\\/\\\/quehacerpolitico.mx\\\/\",\"name\":\"\",\"description\":\"\",\"potentialAction\":[{\"@type\":\"SearchAction\",\"target\":{\"@type\":\"EntryPoint\",\"urlTemplate\":\"https:\\\/\\\/quehacerpolitico.mx\\\/?s={search_term_string}\"},\"query-input\":{\"@type\":\"PropertyValueSpecification\",\"valueRequired\":true,\"valueName\":\"search_term_string\"}}],\"inLanguage\":\"es\"},{\"@type\":\"Person\",\"@id\":\"https:\\\/\\\/quehacerpolitico.mx\\\/#\\\/schema\\\/person\\\/496d8ad2d1d3f8036101dca7ee39e585\",\"name\":\"Redacci\u00f3n QP\",\"image\":{\"@type\":\"ImageObject\",\"inLanguage\":\"es\",\"@id\":\"https:\\\/\\\/secure.gravatar.com\\\/avatar\\\/c7164ed6fdec453195284ad24a5ae5b6e1eed2b848477fa2a4787ba9adf39a41?s=96&d=mm&r=g\",\"url\":\"https:\\\/\\\/secure.gravatar.com\\\/avatar\\\/c7164ed6fdec453195284ad24a5ae5b6e1eed2b848477fa2a4787ba9adf39a41?s=96&d=mm&r=g\",\"contentUrl\":\"https:\\\/\\\/secure.gravatar.com\\\/avatar\\\/c7164ed6fdec453195284ad24a5ae5b6e1eed2b848477fa2a4787ba9adf39a41?s=96&d=mm&r=g\",\"caption\":\"Redacci\u00f3n QP\"},\"url\":\"https:\\\/\\\/quehacerpolitico.mx\\\/?author=2\"}]}<\/script>\n<!-- \/ Yoast SEO plugin. -->","yoast_head_json":{"title":"'Primero es mi salud, me voy con la cabeza alta; Kun Ag\u00fcero anuncia su retiro del futbol -","robots":{"index":"index","follow":"follow","max-snippet":"max-snippet:-1","max-image-preview":"max-image-preview:large","max-video-preview":"max-video-preview:-1"},"canonical":"https:\/\/quehacerpolitico.mx\/?p=87407","og_locale":"es_MX","og_type":"article","og_title":"'Primero es mi salud, me voy con la cabeza alta; Kun Ag\u00fcero anuncia su retiro del futbol -","og_description":"Por Redacci\u00f3n QP El argentino explic\u00f3 que los m\u00e9dicos le confirmaron que lo mejor que...","og_url":"https:\/\/quehacerpolitico.mx\/?p=87407","article_published_time":"2021-12-15T16:27:14+00:00","article_modified_time":"2021-12-15T16:27:19+00:00","og_image":[{"width":1284,"height":685,"url":"https:\/\/quehacerpolitico.mx\/wp-content\/uploads\/2021\/12\/47ABA3F0-84E2-43C6-A312-1AC4595B50AE.jpeg","type":"image\/jpeg"}],"author":"Redacci\u00f3n QP","twitter_card":"summary_large_image","twitter_misc":{"Escrito por":"Redacci\u00f3n QP","Tiempo de lectura":"4 minutos"},"schema":{"@context":"https:\/\/schema.org","@graph":[{"@type":"Article","@id":"https:\/\/quehacerpolitico.mx\/?p=87407#article","isPartOf":{"@id":"https:\/\/quehacerpolitico.mx\/?p=87407"},"author":{"name":"Redacci\u00f3n QP","@id":"https:\/\/quehacerpolitico.mx\/#\/schema\/person\/496d8ad2d1d3f8036101dca7ee39e585"},"headline":"&#8216;Primero es mi salud, me voy con la cabeza alta; Kun Ag\u00fcero anuncia su retiro del futbol","datePublished":"2021-12-15T16:27:14+00:00","dateModified":"2021-12-15T16:27:19+00:00","mainEntityOfPage":{"@id":"https:\/\/quehacerpolitico.mx\/?p=87407"},"wordCount":891,"commentCount":0,"image":{"@id":"https:\/\/quehacerpolitico.mx\/?p=87407#primaryimage"},"thumbnailUrl":"https:\/\/quehacerpolitico.mx\/wp-content\/uploads\/2021\/12\/47ABA3F0-84E2-43C6-A312-1AC4595B50AE.jpeg","articleSection":["Deportes"],"inLanguage":"es","potentialAction":[{"@type":"CommentAction","name":"Comment","target":["https:\/\/quehacerpolitico.mx\/?p=87407#respond"]}]},{"@type":"WebPage","@id":"https:\/\/quehacerpolitico.mx\/?p=87407","url":"https:\/\/quehacerpolitico.mx\/?p=87407","name":"'Primero es mi salud, me voy con la cabeza alta; Kun Ag\u00fcero anuncia su retiro del futbol -","isPartOf":{"@id":"https:\/\/quehacerpolitico.mx\/#website"},"primaryImageOfPage":{"@id":"https:\/\/quehacerpolitico.mx\/?p=87407#primaryimage"},"image":{"@id":"https:\/\/quehacerpolitico.mx\/?p=87407#primaryimage"},"thumbnailUrl":"https:\/\/quehacerpolitico.mx\/wp-content\/uploads\/2021\/12\/47ABA3F0-84E2-43C6-A312-1AC4595B50AE.jpeg","datePublished":"2021-12-15T16:27:14+00:00","dateModified":"2021-12-15T16:27:19+00:00","author":{"@id":"https:\/\/quehacerpolitico.mx\/#\/schema\/person\/496d8ad2d1d3f8036101dca7ee39e585"},"breadcrumb":{"@id":"https:\/\/quehacerpolitico.mx\/?p=87407#breadcrumb"},"inLanguage":"es","potentialAction":[{"@type":"ReadAction","target":["https:\/\/quehacerpolitico.mx\/?p=87407"]}]},{"@type":"ImageObject","inLanguage":"es","@id":"https:\/\/quehacerpolitico.mx\/?p=87407#primaryimage","url":"https:\/\/quehacerpolitico.mx\/wp-content\/uploads\/2021\/12\/47ABA3F0-84E2-43C6-A312-1AC4595B50AE.jpeg","contentUrl":"https:\/\/quehacerpolitico.mx\/wp-content\/uploads\/2021\/12\/47ABA3F0-84E2-43C6-A312-1AC4595B50AE.jpeg","width":1284,"height":685},{"@type":"BreadcrumbList","@id":"https:\/\/quehacerpolitico.mx\/?p=87407#breadcrumb","itemListElement":[{"@type":"ListItem","position":1,"name":"Inicio","item":"https:\/\/quehacerpolitico.mx\/"},{"@type":"ListItem","position":2,"name":"&#8216;Primero es mi salud, me voy con la cabeza alta; Kun Ag\u00fcero anuncia su retiro del futbol"}]},{"@type":"WebSite","@id":"https:\/\/quehacerpolitico.mx\/#website","url":"https:\/\/quehacerpolitico.mx\/","name":"","description":"","potentialAction":[{"@type":"SearchAction","target":{"@type":"EntryPoint","urlTemplate":"https:\/\/quehacerpolitico.mx\/?s={search_term_string}"},"query-input":{"@type":"PropertyValueSpecification","valueRequired":true,"valueName":"search_term_string"}}],"inLanguage":"es"},{"@type":"Person","@id":"https:\/\/quehacerpolitico.mx\/#\/schema\/person\/496d8ad2d1d3f8036101dca7ee39e585","name":"Redacci\u00f3n QP","image":{"@type":"ImageObject","inLanguage":"es","@id":"https:\/\/secure.gravatar.com\/avatar\/c7164ed6fdec453195284ad24a5ae5b6e1eed2b848477fa2a4787ba9adf39a41?s=96&d=mm&r=g","url":"https:\/\/secure.gravatar.com\/avatar\/c7164ed6fdec453195284ad24a5ae5b6e1eed2b848477fa2a4787ba9adf39a41?s=96&d=mm&r=g","contentUrl":"https:\/\/secure.gravatar.com\/avatar\/c7164ed6fdec453195284ad24a5ae5b6e1eed2b848477fa2a4787ba9adf39a41?s=96&d=mm&r=g","caption":"Redacci\u00f3n QP"},"url":"https:\/\/quehacerpolitico.mx\/?author=2"}]}},"featured_image_urls":{"full":["https:\/\/quehacerpolitico.mx\/wp-content\/uploads\/2021\/12\/47ABA3F0-84E2-43C6-A312-1AC4595B50AE.jpeg",1284,685,false],"thumbnail":["https:\/\/quehacerpolitico.mx\/wp-content\/uploads\/2021\/12\/47ABA3F0-84E2-43C6-A312-1AC4595B50AE-150x150.jpeg",150,150,true],"medium":["https:\/\/quehacerpolitico.mx\/wp-content\/uploads\/2021\/12\/47ABA3F0-84E2-43C6-A312-1AC4595B50AE-300x160.jpeg",300,160,true],"medium_large":["https:\/\/quehacerpolitico.mx\/wp-content\/uploads\/2021\/12\/47ABA3F0-84E2-43C6-A312-1AC4595B50AE-768x410.jpeg",640,342,true],"large":["https:\/\/quehacerpolitico.mx\/wp-content\/uploads\/2021\/12\/47ABA3F0-84E2-43C6-A312-1AC4595B50AE-1024x546.jpeg",640,341,true],"1536x1536":["https:\/\/quehacerpolitico.mx\/wp-content\/uploads\/2021\/12\/47ABA3F0-84E2-43C6-A312-1AC4595B50AE.jpeg",1284,685,false],"2048x2048":["https:\/\/quehacerpolitico.mx\/wp-content\/uploads\/2021\/12\/47ABA3F0-84E2-43C6-A312-1AC4595B50AE.jpeg",1284,685,false],"covernews-featured":["https:\/\/quehacerpolitico.mx\/wp-content\/uploads\/2021\/12\/47ABA3F0-84E2-43C6-A312-1AC4595B50AE.jpeg",1024,546,false],"covernews-medium":["https:\/\/quehacerpolitico.mx\/wp-content\/uploads\/2021\/12\/47ABA3F0-84E2-43C6-A312-1AC4595B50AE.jpeg",540,288,false]},"author_info":{"display_name":"Redacci\u00f3n QP","author_link":"https:\/\/quehacerpolitico.mx\/?author=2"},"category_info":"<a href=\"https:\/\/quehacerpolitico.mx\/?cat=54\" rel=\"category\">Deportes<\/a>","tag_info":"Deportes","comment_count":"0","_links":{"self":[{"href":"https:\/\/quehacerpolitico.mx\/index.php?rest_route=\/wp\/v2\/posts\/87407","targetHints":{"allow":["GET"]}}],"collection":[{"href":"https:\/\/quehacerpolitico.mx\/index.php?rest_route=\/wp\/v2\/posts"}],"about":[{"href":"https:\/\/quehacerpolitico.mx\/index.php?rest_route=\/wp\/v2\/types\/post"}],"author":[{"embeddable":true,"href":"https:\/\/quehacerpolitico.mx\/index.php?rest_route=\/wp\/v2\/users\/2"}],"replies":[{"embeddable":true,"href":"https:\/\/quehacerpolitico.mx\/index.php?rest_route=%2Fwp%2Fv2%2Fcomments&post=87407"}],"version-history":[{"count":1,"href":"https:\/\/quehacerpolitico.mx\/index.php?rest_route=\/wp\/v2\/posts\/87407\/revisions"}],"predecessor-version":[{"id":87409,"href":"https:\/\/quehacerpolitico.mx\/index.php?rest_route=\/wp\/v2\/posts\/87407\/revisions\/87409"}],"wp:featuredmedia":[{"embeddable":true,"href":"https:\/\/quehacerpolitico.mx\/index.php?rest_route=\/wp\/v2\/media\/87408"}],"wp:attachment":[{"href":"https:\/\/quehacerpolitico.mx\/index.php?rest_route=%2Fwp%2Fv2%2Fmedia&parent=87407"}],"wp:term":[{"taxonomy":"category","embeddable":true,"href":"https:\/\/quehacerpolitico.mx\/index.php?rest_route=%2Fwp%2Fv2%2Fcategories&post=87407"},{"taxonomy":"post_tag","embeddable":true,"href":"https:\/\/quehacerpolitico.mx\/index.php?rest_route=%2Fwp%2Fv2%2Ftags&post=87407"}],"curies":[{"name":"wp","href":"https:\/\/api.w.org\/{rel}","templated":true}]}}