{"id":87398,"date":"2021-12-15T05:41:04","date_gmt":"2021-12-15T05:41:04","guid":{"rendered":"https:\/\/quehacerpolitico.mx\/?p=87398"},"modified":"2021-12-15T05:41:08","modified_gmt":"2021-12-15T05:41:08","slug":"tribunal-confirma-lineamientos-del-ine-sobre-revocacion-de-mandato-de-amlo","status":"publish","type":"post","link":"https:\/\/quehacerpolitico.mx\/?p=87398","title":{"rendered":"Tribunal confirma lineamientos del INE sobre revocaci\u00f3n de mandato de AMLO"},"content":{"rendered":"\n<p>Por Redacci\u00f3n QP<\/p>\n\n\n\n<p>Determinan que los lineamientos se encuentran apegados a derecho y brindan certeza y seguridad jur\u00eddica<\/p>\n\n\n\n<p>La Sala Superior del Tribunal Electoral del Poder Judicial de la Federaci\u00f3n (TEPJF) confirm\u00f3 por unanimidad de votos, el acuerdo emitido por el Consejo General del Instituto Nacional Electoral (INE) relativo a los lineamientos para el desarrollo del c\u00f3mputo distrital del proceso de revocaci\u00f3n de mandato.<\/p>\n\n\n\n<p>Morena impugn\u00f3 lo aprobado por el INE; sin embargo, el Tribunal le dio la raz\u00f3n al \u00f3rgano administrativo electoral.<\/p>\n\n\n\n<p>Magistrados avalaron que los lineamientos impugnados se encuentran apegados a derecho y brindan certeza y seguridad jur\u00eddica a la etapa del c\u00f3mputo distrital de los votos, pues no contravienen el principio de reserva de ley ni de subordinaci\u00f3n jer\u00e1rquica, ya que se limitan a prever reglas y cuestiones operativas que permitan complementar el desarrollo del c\u00f3mputo distrital estableciendo precisiones para su ejecuci\u00f3n.<\/p>\n\n\n\n<p>Adem\u00e1s, que las peticiones de generar nuevos lineamientos que incluyan: causales adicionales de nuevo escrutinio y c\u00f3mputo que permitan un recuento de votos m\u00e1s certero; la utilizaci\u00f3n de una herramienta inform\u00e1tica que permita determinar con mayor certeza en qu\u00e9 casos procede realizar un nuevo escrutinio y c\u00f3mputo; y el establecimiento de que las labores relativas al c\u00f3mputo distrital puedan ser llevadas a cabo exclusivamente por integrantes del Consejo Distrital, carecen de sustento legal.<\/p>\n\n\n\n<p>Lo anterior en virtud de que los lineamientos se apegan a lo previsto en la Ley Federal de Revocaci\u00f3n de Mandato, lo que genera un mayor grado de certeza en el desarrollo del c\u00f3mputo distrital, entre otros.<\/p>\n\n\n\n<p>En sesi\u00f3n p\u00fablica, por videoconferencia&nbsp; la sentencia de la Sala Superior del TEPJF consider\u00f3 relevante subrayar que estas disposiciones concuerdan y complementan lo establecido en los art\u00edculos 52, 53 y 54 de la Ley Federal de Revocaci\u00f3n de Mandato, porque se exponen las reglas operativas que permitir\u00e1n regular de forma complementaria los temas o actividades no considerados, estableciendo precisiones para su ejecuci\u00f3n, que permitan la conclusi\u00f3n oportuna del c\u00f3mputo distrital.<\/p>\n\n\n\n<p>As\u00ed, en los mencionados lineamientos se establece que, con el prop\u00f3sito de que los resultados de la votaci\u00f3n oficiales resulten lo m\u00e1s oportunos posibles; con el fin de que la ciudadan\u00eda y los actores pol\u00edticos involucrados conozcan con certeza y seguridad jur\u00eddica, el c\u00f3mputo distrital de la Jornada de Revocaci\u00f3n de Mandato se realizar\u00e1 de forma inmediata, conforme se reciban los paquetes de las casillas en las sedes de los \u00f3rganos distritales.<\/p>\n\n\n\n<p>Con Informaci\u00f3n de SUN <\/p>\n","protected":false},"excerpt":{"rendered":"<p>Por Redacci\u00f3n QP Determinan que los lineamientos se encuentran apegados a derecho y brindan certeza&#8230;<\/p>\n","protected":false},"author":2,"featured_media":87399,"comment_status":"open","ping_status":"open","sticky":false,"template":"","format":"standard","meta":{"_monsterinsights_skip_tracking":false,"_monsterinsights_sitenote_active":false,"_monsterinsights_sitenote_note":"","_monsterinsights_sitenote_category":0,"footnotes":""},"categories":[2],"tags":[],"class_list":["post-87398","post","type-post","status-publish","format-standard","has-post-thumbnail","hentry","category-noticias"],"yoast_head":"<!-- This site is optimized with the Yoast SEO plugin v27.3 - https:\/\/yoast.com\/product\/yoast-seo-wordpress\/ -->\n<title>Tribunal confirma lineamientos del INE sobre revocaci\u00f3n de mandato de AMLO -<\/title>\n<meta name=\"robots\" content=\"index, follow, max-snippet:-1, max-image-preview:large, max-video-preview:-1\" \/>\n<link rel=\"canonical\" href=\"https:\/\/quehacerpolitico.mx\/?p=87398\" \/>\n<meta property=\"og:locale\" content=\"es_MX\" \/>\n<meta property=\"og:type\" content=\"article\" \/>\n<meta property=\"og:title\" content=\"Tribunal confirma lineamientos del INE sobre revocaci\u00f3n de mandato de AMLO -\" \/>\n<meta property=\"og:description\" content=\"Por Redacci\u00f3n QP Determinan que los lineamientos se encuentran apegados a derecho y brindan certeza...\" \/>\n<meta property=\"og:url\" content=\"https:\/\/quehacerpolitico.mx\/?p=87398\" \/>\n<meta property=\"article:published_time\" content=\"2021-12-15T05:41:04+00:00\" \/>\n<meta property=\"article:modified_time\" content=\"2021-12-15T05:41:08+00:00\" \/>\n<meta property=\"og:image\" content=\"https:\/\/quehacerpolitico.mx\/wp-content\/uploads\/2021\/12\/77474B61-6D66-433C-9406-17237E1D2BCE.jpeg\" \/>\n\t<meta property=\"og:image:width\" content=\"679\" \/>\n\t<meta property=\"og:image:height\" content=\"451\" \/>\n\t<meta property=\"og:image:type\" content=\"image\/jpeg\" \/>\n<meta name=\"author\" content=\"Redacci\u00f3n QP\" \/>\n<meta name=\"twitter:card\" content=\"summary_large_image\" \/>\n<meta name=\"twitter:label1\" content=\"Escrito por\" \/>\n\t<meta name=\"twitter:data1\" content=\"Redacci\u00f3n QP\" \/>\n\t<meta name=\"twitter:label2\" content=\"Tiempo de lectura\" \/>\n\t<meta name=\"twitter:data2\" content=\"2 minutos\" \/>\n<script type=\"application\/ld+json\" class=\"yoast-schema-graph\">{\"@context\":\"https:\\\/\\\/schema.org\",\"@graph\":[{\"@type\":\"Article\",\"@id\":\"https:\\\/\\\/quehacerpolitico.mx\\\/?p=87398#article\",\"isPartOf\":{\"@id\":\"https:\\\/\\\/quehacerpolitico.mx\\\/?p=87398\"},\"author\":{\"name\":\"Redacci\u00f3n QP\",\"@id\":\"https:\\\/\\\/quehacerpolitico.mx\\\/#\\\/schema\\\/person\\\/496d8ad2d1d3f8036101dca7ee39e585\"},\"headline\":\"Tribunal confirma lineamientos del INE sobre revocaci\u00f3n de mandato de AMLO\",\"datePublished\":\"2021-12-15T05:41:04+00:00\",\"dateModified\":\"2021-12-15T05:41:08+00:00\",\"mainEntityOfPage\":{\"@id\":\"https:\\\/\\\/quehacerpolitico.mx\\\/?p=87398\"},\"wordCount\":449,\"commentCount\":0,\"image\":{\"@id\":\"https:\\\/\\\/quehacerpolitico.mx\\\/?p=87398#primaryimage\"},\"thumbnailUrl\":\"https:\\\/\\\/quehacerpolitico.mx\\\/wp-content\\\/uploads\\\/2021\\\/12\\\/77474B61-6D66-433C-9406-17237E1D2BCE.jpeg\",\"articleSection\":[\"Noticias\"],\"inLanguage\":\"es\",\"potentialAction\":[{\"@type\":\"CommentAction\",\"name\":\"Comment\",\"target\":[\"https:\\\/\\\/quehacerpolitico.mx\\\/?p=87398#respond\"]}]},{\"@type\":\"WebPage\",\"@id\":\"https:\\\/\\\/quehacerpolitico.mx\\\/?p=87398\",\"url\":\"https:\\\/\\\/quehacerpolitico.mx\\\/?p=87398\",\"name\":\"Tribunal confirma lineamientos del INE sobre revocaci\u00f3n de mandato de AMLO -\",\"isPartOf\":{\"@id\":\"https:\\\/\\\/quehacerpolitico.mx\\\/#website\"},\"primaryImageOfPage\":{\"@id\":\"https:\\\/\\\/quehacerpolitico.mx\\\/?p=87398#primaryimage\"},\"image\":{\"@id\":\"https:\\\/\\\/quehacerpolitico.mx\\\/?p=87398#primaryimage\"},\"thumbnailUrl\":\"https:\\\/\\\/quehacerpolitico.mx\\\/wp-content\\\/uploads\\\/2021\\\/12\\\/77474B61-6D66-433C-9406-17237E1D2BCE.jpeg\",\"datePublished\":\"2021-12-15T05:41:04+00:00\",\"dateModified\":\"2021-12-15T05:41:08+00:00\",\"author\":{\"@id\":\"https:\\\/\\\/quehacerpolitico.mx\\\/#\\\/schema\\\/person\\\/496d8ad2d1d3f8036101dca7ee39e585\"},\"breadcrumb\":{\"@id\":\"https:\\\/\\\/quehacerpolitico.mx\\\/?p=87398#breadcrumb\"},\"inLanguage\":\"es\",\"potentialAction\":[{\"@type\":\"ReadAction\",\"target\":[\"https:\\\/\\\/quehacerpolitico.mx\\\/?p=87398\"]}]},{\"@type\":\"ImageObject\",\"inLanguage\":\"es\",\"@id\":\"https:\\\/\\\/quehacerpolitico.mx\\\/?p=87398#primaryimage\",\"url\":\"https:\\\/\\\/quehacerpolitico.mx\\\/wp-content\\\/uploads\\\/2021\\\/12\\\/77474B61-6D66-433C-9406-17237E1D2BCE.jpeg\",\"contentUrl\":\"https:\\\/\\\/quehacerpolitico.mx\\\/wp-content\\\/uploads\\\/2021\\\/12\\\/77474B61-6D66-433C-9406-17237E1D2BCE.jpeg\",\"width\":679,\"height\":451},{\"@type\":\"BreadcrumbList\",\"@id\":\"https:\\\/\\\/quehacerpolitico.mx\\\/?p=87398#breadcrumb\",\"itemListElement\":[{\"@type\":\"ListItem\",\"position\":1,\"name\":\"Inicio\",\"item\":\"https:\\\/\\\/quehacerpolitico.mx\\\/\"},{\"@type\":\"ListItem\",\"position\":2,\"name\":\"Tribunal confirma lineamientos del INE sobre revocaci\u00f3n de mandato de AMLO\"}]},{\"@type\":\"WebSite\",\"@id\":\"https:\\\/\\\/quehacerpolitico.mx\\\/#website\",\"url\":\"https:\\\/\\\/quehacerpolitico.mx\\\/\",\"name\":\"\",\"description\":\"\",\"potentialAction\":[{\"@type\":\"SearchAction\",\"target\":{\"@type\":\"EntryPoint\",\"urlTemplate\":\"https:\\\/\\\/quehacerpolitico.mx\\\/?s={search_term_string}\"},\"query-input\":{\"@type\":\"PropertyValueSpecification\",\"valueRequired\":true,\"valueName\":\"search_term_string\"}}],\"inLanguage\":\"es\"},{\"@type\":\"Person\",\"@id\":\"https:\\\/\\\/quehacerpolitico.mx\\\/#\\\/schema\\\/person\\\/496d8ad2d1d3f8036101dca7ee39e585\",\"name\":\"Redacci\u00f3n QP\",\"image\":{\"@type\":\"ImageObject\",\"inLanguage\":\"es\",\"@id\":\"https:\\\/\\\/secure.gravatar.com\\\/avatar\\\/c7164ed6fdec453195284ad24a5ae5b6e1eed2b848477fa2a4787ba9adf39a41?s=96&d=mm&r=g\",\"url\":\"https:\\\/\\\/secure.gravatar.com\\\/avatar\\\/c7164ed6fdec453195284ad24a5ae5b6e1eed2b848477fa2a4787ba9adf39a41?s=96&d=mm&r=g\",\"contentUrl\":\"https:\\\/\\\/secure.gravatar.com\\\/avatar\\\/c7164ed6fdec453195284ad24a5ae5b6e1eed2b848477fa2a4787ba9adf39a41?s=96&d=mm&r=g\",\"caption\":\"Redacci\u00f3n QP\"},\"url\":\"https:\\\/\\\/quehacerpolitico.mx\\\/?author=2\"}]}<\/script>\n<!-- \/ Yoast SEO plugin. -->","yoast_head_json":{"title":"Tribunal confirma lineamientos del INE sobre revocaci\u00f3n de mandato de AMLO -","robots":{"index":"index","follow":"follow","max-snippet":"max-snippet:-1","max-image-preview":"max-image-preview:large","max-video-preview":"max-video-preview:-1"},"canonical":"https:\/\/quehacerpolitico.mx\/?p=87398","og_locale":"es_MX","og_type":"article","og_title":"Tribunal confirma lineamientos del INE sobre revocaci\u00f3n de mandato de AMLO -","og_description":"Por Redacci\u00f3n QP Determinan que los lineamientos se encuentran apegados a derecho y brindan certeza...","og_url":"https:\/\/quehacerpolitico.mx\/?p=87398","article_published_time":"2021-12-15T05:41:04+00:00","article_modified_time":"2021-12-15T05:41:08+00:00","og_image":[{"width":679,"height":451,"url":"https:\/\/quehacerpolitico.mx\/wp-content\/uploads\/2021\/12\/77474B61-6D66-433C-9406-17237E1D2BCE.jpeg","type":"image\/jpeg"}],"author":"Redacci\u00f3n QP","twitter_card":"summary_large_image","twitter_misc":{"Escrito por":"Redacci\u00f3n QP","Tiempo de lectura":"2 minutos"},"schema":{"@context":"https:\/\/schema.org","@graph":[{"@type":"Article","@id":"https:\/\/quehacerpolitico.mx\/?p=87398#article","isPartOf":{"@id":"https:\/\/quehacerpolitico.mx\/?p=87398"},"author":{"name":"Redacci\u00f3n QP","@id":"https:\/\/quehacerpolitico.mx\/#\/schema\/person\/496d8ad2d1d3f8036101dca7ee39e585"},"headline":"Tribunal confirma lineamientos del INE sobre revocaci\u00f3n de mandato de AMLO","datePublished":"2021-12-15T05:41:04+00:00","dateModified":"2021-12-15T05:41:08+00:00","mainEntityOfPage":{"@id":"https:\/\/quehacerpolitico.mx\/?p=87398"},"wordCount":449,"commentCount":0,"image":{"@id":"https:\/\/quehacerpolitico.mx\/?p=87398#primaryimage"},"thumbnailUrl":"https:\/\/quehacerpolitico.mx\/wp-content\/uploads\/2021\/12\/77474B61-6D66-433C-9406-17237E1D2BCE.jpeg","articleSection":["Noticias"],"inLanguage":"es","potentialAction":[{"@type":"CommentAction","name":"Comment","target":["https:\/\/quehacerpolitico.mx\/?p=87398#respond"]}]},{"@type":"WebPage","@id":"https:\/\/quehacerpolitico.mx\/?p=87398","url":"https:\/\/quehacerpolitico.mx\/?p=87398","name":"Tribunal confirma lineamientos del INE sobre revocaci\u00f3n de mandato de AMLO -","isPartOf":{"@id":"https:\/\/quehacerpolitico.mx\/#website"},"primaryImageOfPage":{"@id":"https:\/\/quehacerpolitico.mx\/?p=87398#primaryimage"},"image":{"@id":"https:\/\/quehacerpolitico.mx\/?p=87398#primaryimage"},"thumbnailUrl":"https:\/\/quehacerpolitico.mx\/wp-content\/uploads\/2021\/12\/77474B61-6D66-433C-9406-17237E1D2BCE.jpeg","datePublished":"2021-12-15T05:41:04+00:00","dateModified":"2021-12-15T05:41:08+00:00","author":{"@id":"https:\/\/quehacerpolitico.mx\/#\/schema\/person\/496d8ad2d1d3f8036101dca7ee39e585"},"breadcrumb":{"@id":"https:\/\/quehacerpolitico.mx\/?p=87398#breadcrumb"},"inLanguage":"es","potentialAction":[{"@type":"ReadAction","target":["https:\/\/quehacerpolitico.mx\/?p=87398"]}]},{"@type":"ImageObject","inLanguage":"es","@id":"https:\/\/quehacerpolitico.mx\/?p=87398#primaryimage","url":"https:\/\/quehacerpolitico.mx\/wp-content\/uploads\/2021\/12\/77474B61-6D66-433C-9406-17237E1D2BCE.jpeg","contentUrl":"https:\/\/quehacerpolitico.mx\/wp-content\/uploads\/2021\/12\/77474B61-6D66-433C-9406-17237E1D2BCE.jpeg","width":679,"height":451},{"@type":"BreadcrumbList","@id":"https:\/\/quehacerpolitico.mx\/?p=87398#breadcrumb","itemListElement":[{"@type":"ListItem","position":1,"name":"Inicio","item":"https:\/\/quehacerpolitico.mx\/"},{"@type":"ListItem","position":2,"name":"Tribunal confirma lineamientos del INE sobre revocaci\u00f3n de mandato de AMLO"}]},{"@type":"WebSite","@id":"https:\/\/quehacerpolitico.mx\/#website","url":"https:\/\/quehacerpolitico.mx\/","name":"","description":"","potentialAction":[{"@type":"SearchAction","target":{"@type":"EntryPoint","urlTemplate":"https:\/\/quehacerpolitico.mx\/?s={search_term_string}"},"query-input":{"@type":"PropertyValueSpecification","valueRequired":true,"valueName":"search_term_string"}}],"inLanguage":"es"},{"@type":"Person","@id":"https:\/\/quehacerpolitico.mx\/#\/schema\/person\/496d8ad2d1d3f8036101dca7ee39e585","name":"Redacci\u00f3n QP","image":{"@type":"ImageObject","inLanguage":"es","@id":"https:\/\/secure.gravatar.com\/avatar\/c7164ed6fdec453195284ad24a5ae5b6e1eed2b848477fa2a4787ba9adf39a41?s=96&d=mm&r=g","url":"https:\/\/secure.gravatar.com\/avatar\/c7164ed6fdec453195284ad24a5ae5b6e1eed2b848477fa2a4787ba9adf39a41?s=96&d=mm&r=g","contentUrl":"https:\/\/secure.gravatar.com\/avatar\/c7164ed6fdec453195284ad24a5ae5b6e1eed2b848477fa2a4787ba9adf39a41?s=96&d=mm&r=g","caption":"Redacci\u00f3n QP"},"url":"https:\/\/quehacerpolitico.mx\/?author=2"}]}},"featured_image_urls":{"full":["https:\/\/quehacerpolitico.mx\/wp-content\/uploads\/2021\/12\/77474B61-6D66-433C-9406-17237E1D2BCE.jpeg",679,451,false],"thumbnail":["https:\/\/quehacerpolitico.mx\/wp-content\/uploads\/2021\/12\/77474B61-6D66-433C-9406-17237E1D2BCE-150x150.jpeg",150,150,true],"medium":["https:\/\/quehacerpolitico.mx\/wp-content\/uploads\/2021\/12\/77474B61-6D66-433C-9406-17237E1D2BCE-300x199.jpeg",300,199,true],"medium_large":["https:\/\/quehacerpolitico.mx\/wp-content\/uploads\/2021\/12\/77474B61-6D66-433C-9406-17237E1D2BCE.jpeg",640,425,false],"large":["https:\/\/quehacerpolitico.mx\/wp-content\/uploads\/2021\/12\/77474B61-6D66-433C-9406-17237E1D2BCE.jpeg",640,425,false],"1536x1536":["https:\/\/quehacerpolitico.mx\/wp-content\/uploads\/2021\/12\/77474B61-6D66-433C-9406-17237E1D2BCE.jpeg",679,451,false],"2048x2048":["https:\/\/quehacerpolitico.mx\/wp-content\/uploads\/2021\/12\/77474B61-6D66-433C-9406-17237E1D2BCE.jpeg",679,451,false],"covernews-featured":["https:\/\/quehacerpolitico.mx\/wp-content\/uploads\/2021\/12\/77474B61-6D66-433C-9406-17237E1D2BCE.jpeg",679,451,false],"covernews-medium":["https:\/\/quehacerpolitico.mx\/wp-content\/uploads\/2021\/12\/77474B61-6D66-433C-9406-17237E1D2BCE.jpeg",512,340,false]},"author_info":{"display_name":"Redacci\u00f3n QP","author_link":"https:\/\/quehacerpolitico.mx\/?author=2"},"category_info":"<a href=\"https:\/\/quehacerpolitico.mx\/?cat=2\" rel=\"category\">Noticias<\/a>","tag_info":"Noticias","comment_count":"0","_links":{"self":[{"href":"https:\/\/quehacerpolitico.mx\/index.php?rest_route=\/wp\/v2\/posts\/87398","targetHints":{"allow":["GET"]}}],"collection":[{"href":"https:\/\/quehacerpolitico.mx\/index.php?rest_route=\/wp\/v2\/posts"}],"about":[{"href":"https:\/\/quehacerpolitico.mx\/index.php?rest_route=\/wp\/v2\/types\/post"}],"author":[{"embeddable":true,"href":"https:\/\/quehacerpolitico.mx\/index.php?rest_route=\/wp\/v2\/users\/2"}],"replies":[{"embeddable":true,"href":"https:\/\/quehacerpolitico.mx\/index.php?rest_route=%2Fwp%2Fv2%2Fcomments&post=87398"}],"version-history":[{"count":1,"href":"https:\/\/quehacerpolitico.mx\/index.php?rest_route=\/wp\/v2\/posts\/87398\/revisions"}],"predecessor-version":[{"id":87400,"href":"https:\/\/quehacerpolitico.mx\/index.php?rest_route=\/wp\/v2\/posts\/87398\/revisions\/87400"}],"wp:featuredmedia":[{"embeddable":true,"href":"https:\/\/quehacerpolitico.mx\/index.php?rest_route=\/wp\/v2\/media\/87399"}],"wp:attachment":[{"href":"https:\/\/quehacerpolitico.mx\/index.php?rest_route=%2Fwp%2Fv2%2Fmedia&parent=87398"}],"wp:term":[{"taxonomy":"category","embeddable":true,"href":"https:\/\/quehacerpolitico.mx\/index.php?rest_route=%2Fwp%2Fv2%2Fcategories&post=87398"},{"taxonomy":"post_tag","embeddable":true,"href":"https:\/\/quehacerpolitico.mx\/index.php?rest_route=%2Fwp%2Fv2%2Ftags&post=87398"}],"curies":[{"name":"wp","href":"https:\/\/api.w.org\/{rel}","templated":true}]}}