{"id":87395,"date":"2021-12-15T05:31:22","date_gmt":"2021-12-15T05:31:22","guid":{"rendered":"https:\/\/quehacerpolitico.mx\/?p=87395"},"modified":"2021-12-15T05:31:25","modified_gmt":"2021-12-15T05:31:25","slug":"elecciones-2022-va-por-mexico-contendera-por-gubernaturas-en-cuatro-estados","status":"publish","type":"post","link":"https:\/\/quehacerpolitico.mx\/?p=87395","title":{"rendered":"Elecciones 2022: Va por M\u00e9xico contender\u00e1 por gubernaturas en cuatro estados"},"content":{"rendered":"\n<p>Por Redacci\u00f3n QP<\/p>\n\n\n\n<p>PAN, PRI y PRD se presentar\u00e1n en coalici\u00f3n en cuatro de los seis estados que elegir\u00e1n gobernador en 2022<\/p>\n\n\n\n<p>La coalici\u00f3n opositora&nbsp;<strong>Va por M\u00e9xico<\/strong>&nbsp;anunci\u00f3 este martes que se contender\u00e1 en las&nbsp;<strong>elecciones estatales de Aguascalientes, Durango, Hidalgo y Tamaulipas<\/strong>, cuatro de los seis estados que elegir\u00e1n gobernador en 2022.<\/p>\n\n\n\n<p>Los partidos\u00a0<strong>PAN, PRI y PRD<\/strong>\u00a0volver\u00e1n en\u00a0la coalici\u00f3n con la que participaron en los comicios de este a\u00f1o, en un intento por frenar a Morena, del Presidente Andr\u00e9s Manuel L\u00f3pez Obrador (AMLO).<\/p>\n\n\n\n<p>&#8220;Estaremos sumando esfuerzos y nuestro potencial en Aguascalientes, Durango, Hidalgo y Tamaulipas (&#8230;) y lo que buscamos es evitar que el mal Gobierno morenista llegue, avance y destruya los avances en estas entidades federativas&#8221;, dijo en conferencia de prensa el presidente del PAN, Marko Cort\u00e9s.<\/p>\n\n\n\n<figure class=\"wp-block-embed is-type-rich is-provider-twitter wp-block-embed-twitter\"><div class=\"wp-block-embed__wrapper\">\n<blockquote class=\"twitter-tweet\" data-width=\"550\" data-dnt=\"true\"><p lang=\"es\" dir=\"ltr\">En la coalici\u00f3n <a href=\"https:\/\/twitter.com\/hashtag\/VaPorM%C3%A9xico?src=hash&amp;ref_src=twsrc%5Etfw\">#VaPorM\u00e9xico<\/a> estamos listos para enfrentar las batallas del 2022, tendremos las mejores propuestas, los perfiles m\u00e1s competitivos y la convicci\u00f3n de construir un mejor pa\u00eds para todas y todos. Hasta el momento, iremos unidos en 4 estados. <a href=\"https:\/\/t.co\/JEnoifmEl2\">pic.twitter.com\/JEnoifmEl2<\/a><\/p>&mdash; Marko Cort\u00e9s (@MarkoCortes) <a href=\"https:\/\/twitter.com\/MarkoCortes\/status\/1470846824860856330?ref_src=twsrc%5Etfw\">December 14, 2021<\/a><\/blockquote><script async src=\"https:\/\/platform.twitter.com\/widgets.js\" charset=\"utf-8\"><\/script>\n<\/div><\/figure>\n\n\n\n<p>Los tres partidos negocian una<strong>&nbsp;posible coalici\u00f3n en Oaxaca y Quintana Roo<\/strong>, los otros dos estados que tambi\u00e9n renovar\u00e1n gobernador en las elecciones el 5 de junio de 2022.<\/p>\n\n\n\n<p>&#8220;En estas cuatro entidades estamos listos para ir en coalici\u00f3n y esto nos permite tener mayor capacidad de competitividad en el 2022&#8221;, dijo en la misma rueda de prensa el l\u00edder priista, Alejandro Moreno.<\/p>\n\n\n\n<figure class=\"wp-block-embed is-type-rich is-provider-twitter wp-block-embed-twitter\"><div class=\"wp-block-embed__wrapper\">\n<blockquote class=\"twitter-tweet\" data-width=\"550\" data-dnt=\"true\"><p lang=\"es\" dir=\"ltr\">En <a href=\"https:\/\/twitter.com\/hashtag\/VaPorM%C3%A9xico?src=hash&amp;ref_src=twsrc%5Etfw\">#VaPorM\u00e9xico<\/a> propondremos cuadros de competencia, mujeres y hombres comprometidos, que representen los valores de nuestra coalici\u00f3n y respondan a las exigencias de una sociedad cansada de la falta de resultados del Gobierno de Morena. <a href=\"https:\/\/t.co\/iS1xMYazOj\">pic.twitter.com\/iS1xMYazOj<\/a><\/p>&mdash; Alejandro Moreno (@alitomorenoc) <a href=\"https:\/\/twitter.com\/alitomorenoc\/status\/1470861329711968264?ref_src=twsrc%5Etfw\">December 14, 2021<\/a><\/blockquote><script async src=\"https:\/\/platform.twitter.com\/widgets.js\" charset=\"utf-8\"><\/script>\n<\/div><\/figure>\n\n\n\n<figure class=\"wp-block-embed is-type-rich is-provider-twitter wp-block-embed-twitter\"><div class=\"wp-block-embed__wrapper\">\n<blockquote class=\"twitter-tweet\" data-width=\"550\" data-dnt=\"true\"><p lang=\"es\" dir=\"ltr\">Nuestra coalici\u00f3n ha tenido avances importantes para las pr\u00f3ximas elecciones, estamos listos para la competencia a la Gubernatura en Hidalgo, Tamaulipas, Durango y Aguascalientes. \u00a1Unidos ganaremos, para defender el futuro de cada estado! <a href=\"https:\/\/twitter.com\/hashtag\/VaPorM%C3%A9xico?src=hash&amp;ref_src=twsrc%5Etfw\">#VaPorM\u00e9xico<\/a> <a href=\"https:\/\/t.co\/vBLNGOEXZX\">pic.twitter.com\/vBLNGOEXZX<\/a><\/p>&mdash; Alejandro Moreno (@alitomorenoc) <a href=\"https:\/\/twitter.com\/alitomorenoc\/status\/1470853171354480654?ref_src=twsrc%5Etfw\">December 14, 2021<\/a><\/blockquote><script async src=\"https:\/\/platform.twitter.com\/widgets.js\" charset=\"utf-8\"><\/script>\n<\/div><\/figure>\n\n\n\n<p>El presidente del PRD, Jes\u00fas Zambrano, dijo por su parte que &#8220;es una noticia muy importante para el pa\u00eds&#8221;.<\/p>\n\n\n\n<figure class=\"wp-block-embed is-type-rich is-provider-twitter wp-block-embed-twitter\"><div class=\"wp-block-embed__wrapper\">\n<blockquote class=\"twitter-tweet\" data-width=\"550\" data-dnt=\"true\"><p lang=\"es\" dir=\"ltr\">Anuncian PAN, PRI y PRD ir juntos en Aguascalientes, Durango, Hidalgo y Tamaulipas para las elecciones 2022<br><br>Bolet\u00edn \ud83d\udcc3\ud83d\udd06\u27a1\ufe0f  <a href=\"https:\/\/t.co\/Iq7Dn02UhQ\">https:\/\/t.co\/Iq7Dn02UhQ<\/a> <a href=\"https:\/\/t.co\/KVYZ5e3oep\">pic.twitter.com\/KVYZ5e3oep<\/a><\/p>&mdash; PRD (@PRDMexico) <a href=\"https:\/\/twitter.com\/PRDMexico\/status\/1470872865436221442?ref_src=twsrc%5Etfw\">December 14, 2021<\/a><\/blockquote><script async src=\"https:\/\/platform.twitter.com\/widgets.js\" charset=\"utf-8\"><\/script>\n<\/div><\/figure>\n\n\n\n<h2 class=\"wp-block-heading\">Coalici\u00f3n contra Morena<\/h2>\n\n\n\n<p>En las pasadas elecciones de junio, la coalici\u00f3n oficialista liderada por Morena logr\u00f3 mayor\u00eda absoluta en la C\u00e1mara de Diputados, aunque no alcanz\u00f3 los tres cuartos necesarios para aprobar las reformas constitucionales que busca el Presidente.<\/p>\n\n\n\n<p>Adem\u00e1s ampli\u00f3 su poder territorial al imponerse en 11 de las 15 gubernaturas que estaban en juego, en muchas de las cuales era la primera vez que se presentaba Morena.<\/p>\n\n\n\n<p>Por otro lado, Va por M\u00e9xico se impuso en la mayor\u00eda de las<strong>\u00a0alcald\u00edas de\u00a0la Ciudad de M\u00e9xico<\/strong>, tradicional feudo de la izquierda, lo que dio esperanzas a la derecha de un cambio pol\u00edtico de cara al 2024, cuando concluye el mandato de L\u00f3pez Obrador.<\/p>\n\n\n\n<p>Con Informaci\u00f3n de EFE<\/p>\n","protected":false},"excerpt":{"rendered":"<p>Por Redacci\u00f3n QP PAN, PRI y PRD se presentar\u00e1n en coalici\u00f3n en cuatro de los&#8230;<\/p>\n","protected":false},"author":2,"featured_media":87396,"comment_status":"open","ping_status":"open","sticky":false,"template":"","format":"standard","meta":{"_monsterinsights_skip_tracking":false,"_monsterinsights_sitenote_active":false,"_monsterinsights_sitenote_note":"","_monsterinsights_sitenote_category":0,"footnotes":""},"categories":[2],"tags":[],"class_list":["post-87395","post","type-post","status-publish","format-standard","has-post-thumbnail","hentry","category-noticias"],"yoast_head":"<!-- This site is optimized with the Yoast SEO plugin v27.3 - https:\/\/yoast.com\/product\/yoast-seo-wordpress\/ -->\n<title>Elecciones 2022: Va por M\u00e9xico contender\u00e1 por gubernaturas en cuatro estados -<\/title>\n<meta name=\"robots\" content=\"index, follow, max-snippet:-1, max-image-preview:large, max-video-preview:-1\" \/>\n<link rel=\"canonical\" href=\"https:\/\/quehacerpolitico.mx\/?p=87395\" \/>\n<meta property=\"og:locale\" content=\"es_MX\" \/>\n<meta property=\"og:type\" content=\"article\" \/>\n<meta property=\"og:title\" content=\"Elecciones 2022: Va por M\u00e9xico contender\u00e1 por gubernaturas en cuatro estados -\" \/>\n<meta property=\"og:description\" content=\"Por Redacci\u00f3n QP PAN, PRI y PRD se presentar\u00e1n en coalici\u00f3n en cuatro de los...\" \/>\n<meta property=\"og:url\" content=\"https:\/\/quehacerpolitico.mx\/?p=87395\" \/>\n<meta property=\"article:published_time\" content=\"2021-12-15T05:31:22+00:00\" \/>\n<meta property=\"article:modified_time\" content=\"2021-12-15T05:31:25+00:00\" \/>\n<meta property=\"og:image\" content=\"https:\/\/quehacerpolitico.mx\/wp-content\/uploads\/2021\/12\/A028EC69-3BD8-424C-A865-35AA5DD77856.jpeg\" \/>\n\t<meta property=\"og:image:width\" content=\"1280\" \/>\n\t<meta property=\"og:image:height\" content=\"852\" \/>\n\t<meta property=\"og:image:type\" content=\"image\/jpeg\" \/>\n<meta name=\"author\" content=\"Redacci\u00f3n QP\" \/>\n<meta name=\"twitter:card\" content=\"summary_large_image\" \/>\n<meta name=\"twitter:label1\" content=\"Escrito por\" \/>\n\t<meta name=\"twitter:data1\" content=\"Redacci\u00f3n QP\" \/>\n\t<meta name=\"twitter:label2\" content=\"Tiempo de lectura\" \/>\n\t<meta name=\"twitter:data2\" content=\"2 minutos\" \/>\n<script type=\"application\/ld+json\" class=\"yoast-schema-graph\">{\"@context\":\"https:\\\/\\\/schema.org\",\"@graph\":[{\"@type\":\"Article\",\"@id\":\"https:\\\/\\\/quehacerpolitico.mx\\\/?p=87395#article\",\"isPartOf\":{\"@id\":\"https:\\\/\\\/quehacerpolitico.mx\\\/?p=87395\"},\"author\":{\"name\":\"Redacci\u00f3n QP\",\"@id\":\"https:\\\/\\\/quehacerpolitico.mx\\\/#\\\/schema\\\/person\\\/496d8ad2d1d3f8036101dca7ee39e585\"},\"headline\":\"Elecciones 2022: Va por M\u00e9xico contender\u00e1 por gubernaturas en cuatro estados\",\"datePublished\":\"2021-12-15T05:31:22+00:00\",\"dateModified\":\"2021-12-15T05:31:25+00:00\",\"mainEntityOfPage\":{\"@id\":\"https:\\\/\\\/quehacerpolitico.mx\\\/?p=87395\"},\"wordCount\":396,\"commentCount\":0,\"image\":{\"@id\":\"https:\\\/\\\/quehacerpolitico.mx\\\/?p=87395#primaryimage\"},\"thumbnailUrl\":\"https:\\\/\\\/quehacerpolitico.mx\\\/wp-content\\\/uploads\\\/2021\\\/12\\\/A028EC69-3BD8-424C-A865-35AA5DD77856.jpeg\",\"articleSection\":[\"Noticias\"],\"inLanguage\":\"es\",\"potentialAction\":[{\"@type\":\"CommentAction\",\"name\":\"Comment\",\"target\":[\"https:\\\/\\\/quehacerpolitico.mx\\\/?p=87395#respond\"]}]},{\"@type\":\"WebPage\",\"@id\":\"https:\\\/\\\/quehacerpolitico.mx\\\/?p=87395\",\"url\":\"https:\\\/\\\/quehacerpolitico.mx\\\/?p=87395\",\"name\":\"Elecciones 2022: Va por M\u00e9xico contender\u00e1 por gubernaturas en cuatro estados -\",\"isPartOf\":{\"@id\":\"https:\\\/\\\/quehacerpolitico.mx\\\/#website\"},\"primaryImageOfPage\":{\"@id\":\"https:\\\/\\\/quehacerpolitico.mx\\\/?p=87395#primaryimage\"},\"image\":{\"@id\":\"https:\\\/\\\/quehacerpolitico.mx\\\/?p=87395#primaryimage\"},\"thumbnailUrl\":\"https:\\\/\\\/quehacerpolitico.mx\\\/wp-content\\\/uploads\\\/2021\\\/12\\\/A028EC69-3BD8-424C-A865-35AA5DD77856.jpeg\",\"datePublished\":\"2021-12-15T05:31:22+00:00\",\"dateModified\":\"2021-12-15T05:31:25+00:00\",\"author\":{\"@id\":\"https:\\\/\\\/quehacerpolitico.mx\\\/#\\\/schema\\\/person\\\/496d8ad2d1d3f8036101dca7ee39e585\"},\"breadcrumb\":{\"@id\":\"https:\\\/\\\/quehacerpolitico.mx\\\/?p=87395#breadcrumb\"},\"inLanguage\":\"es\",\"potentialAction\":[{\"@type\":\"ReadAction\",\"target\":[\"https:\\\/\\\/quehacerpolitico.mx\\\/?p=87395\"]}]},{\"@type\":\"ImageObject\",\"inLanguage\":\"es\",\"@id\":\"https:\\\/\\\/quehacerpolitico.mx\\\/?p=87395#primaryimage\",\"url\":\"https:\\\/\\\/quehacerpolitico.mx\\\/wp-content\\\/uploads\\\/2021\\\/12\\\/A028EC69-3BD8-424C-A865-35AA5DD77856.jpeg\",\"contentUrl\":\"https:\\\/\\\/quehacerpolitico.mx\\\/wp-content\\\/uploads\\\/2021\\\/12\\\/A028EC69-3BD8-424C-A865-35AA5DD77856.jpeg\",\"width\":1280,\"height\":852},{\"@type\":\"BreadcrumbList\",\"@id\":\"https:\\\/\\\/quehacerpolitico.mx\\\/?p=87395#breadcrumb\",\"itemListElement\":[{\"@type\":\"ListItem\",\"position\":1,\"name\":\"Inicio\",\"item\":\"https:\\\/\\\/quehacerpolitico.mx\\\/\"},{\"@type\":\"ListItem\",\"position\":2,\"name\":\"Elecciones 2022: Va por M\u00e9xico contender\u00e1 por gubernaturas en cuatro estados\"}]},{\"@type\":\"WebSite\",\"@id\":\"https:\\\/\\\/quehacerpolitico.mx\\\/#website\",\"url\":\"https:\\\/\\\/quehacerpolitico.mx\\\/\",\"name\":\"\",\"description\":\"\",\"potentialAction\":[{\"@type\":\"SearchAction\",\"target\":{\"@type\":\"EntryPoint\",\"urlTemplate\":\"https:\\\/\\\/quehacerpolitico.mx\\\/?s={search_term_string}\"},\"query-input\":{\"@type\":\"PropertyValueSpecification\",\"valueRequired\":true,\"valueName\":\"search_term_string\"}}],\"inLanguage\":\"es\"},{\"@type\":\"Person\",\"@id\":\"https:\\\/\\\/quehacerpolitico.mx\\\/#\\\/schema\\\/person\\\/496d8ad2d1d3f8036101dca7ee39e585\",\"name\":\"Redacci\u00f3n QP\",\"image\":{\"@type\":\"ImageObject\",\"inLanguage\":\"es\",\"@id\":\"https:\\\/\\\/secure.gravatar.com\\\/avatar\\\/c7164ed6fdec453195284ad24a5ae5b6e1eed2b848477fa2a4787ba9adf39a41?s=96&d=mm&r=g\",\"url\":\"https:\\\/\\\/secure.gravatar.com\\\/avatar\\\/c7164ed6fdec453195284ad24a5ae5b6e1eed2b848477fa2a4787ba9adf39a41?s=96&d=mm&r=g\",\"contentUrl\":\"https:\\\/\\\/secure.gravatar.com\\\/avatar\\\/c7164ed6fdec453195284ad24a5ae5b6e1eed2b848477fa2a4787ba9adf39a41?s=96&d=mm&r=g\",\"caption\":\"Redacci\u00f3n QP\"},\"url\":\"https:\\\/\\\/quehacerpolitico.mx\\\/?author=2\"}]}<\/script>\n<!-- \/ Yoast SEO plugin. -->","yoast_head_json":{"title":"Elecciones 2022: Va por M\u00e9xico contender\u00e1 por gubernaturas en cuatro estados -","robots":{"index":"index","follow":"follow","max-snippet":"max-snippet:-1","max-image-preview":"max-image-preview:large","max-video-preview":"max-video-preview:-1"},"canonical":"https:\/\/quehacerpolitico.mx\/?p=87395","og_locale":"es_MX","og_type":"article","og_title":"Elecciones 2022: Va por M\u00e9xico contender\u00e1 por gubernaturas en cuatro estados -","og_description":"Por Redacci\u00f3n QP PAN, PRI y PRD se presentar\u00e1n en coalici\u00f3n en cuatro de los...","og_url":"https:\/\/quehacerpolitico.mx\/?p=87395","article_published_time":"2021-12-15T05:31:22+00:00","article_modified_time":"2021-12-15T05:31:25+00:00","og_image":[{"width":1280,"height":852,"url":"https:\/\/quehacerpolitico.mx\/wp-content\/uploads\/2021\/12\/A028EC69-3BD8-424C-A865-35AA5DD77856.jpeg","type":"image\/jpeg"}],"author":"Redacci\u00f3n QP","twitter_card":"summary_large_image","twitter_misc":{"Escrito por":"Redacci\u00f3n QP","Tiempo de lectura":"2 minutos"},"schema":{"@context":"https:\/\/schema.org","@graph":[{"@type":"Article","@id":"https:\/\/quehacerpolitico.mx\/?p=87395#article","isPartOf":{"@id":"https:\/\/quehacerpolitico.mx\/?p=87395"},"author":{"name":"Redacci\u00f3n QP","@id":"https:\/\/quehacerpolitico.mx\/#\/schema\/person\/496d8ad2d1d3f8036101dca7ee39e585"},"headline":"Elecciones 2022: Va por M\u00e9xico contender\u00e1 por gubernaturas en cuatro estados","datePublished":"2021-12-15T05:31:22+00:00","dateModified":"2021-12-15T05:31:25+00:00","mainEntityOfPage":{"@id":"https:\/\/quehacerpolitico.mx\/?p=87395"},"wordCount":396,"commentCount":0,"image":{"@id":"https:\/\/quehacerpolitico.mx\/?p=87395#primaryimage"},"thumbnailUrl":"https:\/\/quehacerpolitico.mx\/wp-content\/uploads\/2021\/12\/A028EC69-3BD8-424C-A865-35AA5DD77856.jpeg","articleSection":["Noticias"],"inLanguage":"es","potentialAction":[{"@type":"CommentAction","name":"Comment","target":["https:\/\/quehacerpolitico.mx\/?p=87395#respond"]}]},{"@type":"WebPage","@id":"https:\/\/quehacerpolitico.mx\/?p=87395","url":"https:\/\/quehacerpolitico.mx\/?p=87395","name":"Elecciones 2022: Va por M\u00e9xico contender\u00e1 por gubernaturas en cuatro estados -","isPartOf":{"@id":"https:\/\/quehacerpolitico.mx\/#website"},"primaryImageOfPage":{"@id":"https:\/\/quehacerpolitico.mx\/?p=87395#primaryimage"},"image":{"@id":"https:\/\/quehacerpolitico.mx\/?p=87395#primaryimage"},"thumbnailUrl":"https:\/\/quehacerpolitico.mx\/wp-content\/uploads\/2021\/12\/A028EC69-3BD8-424C-A865-35AA5DD77856.jpeg","datePublished":"2021-12-15T05:31:22+00:00","dateModified":"2021-12-15T05:31:25+00:00","author":{"@id":"https:\/\/quehacerpolitico.mx\/#\/schema\/person\/496d8ad2d1d3f8036101dca7ee39e585"},"breadcrumb":{"@id":"https:\/\/quehacerpolitico.mx\/?p=87395#breadcrumb"},"inLanguage":"es","potentialAction":[{"@type":"ReadAction","target":["https:\/\/quehacerpolitico.mx\/?p=87395"]}]},{"@type":"ImageObject","inLanguage":"es","@id":"https:\/\/quehacerpolitico.mx\/?p=87395#primaryimage","url":"https:\/\/quehacerpolitico.mx\/wp-content\/uploads\/2021\/12\/A028EC69-3BD8-424C-A865-35AA5DD77856.jpeg","contentUrl":"https:\/\/quehacerpolitico.mx\/wp-content\/uploads\/2021\/12\/A028EC69-3BD8-424C-A865-35AA5DD77856.jpeg","width":1280,"height":852},{"@type":"BreadcrumbList","@id":"https:\/\/quehacerpolitico.mx\/?p=87395#breadcrumb","itemListElement":[{"@type":"ListItem","position":1,"name":"Inicio","item":"https:\/\/quehacerpolitico.mx\/"},{"@type":"ListItem","position":2,"name":"Elecciones 2022: Va por M\u00e9xico contender\u00e1 por gubernaturas en cuatro estados"}]},{"@type":"WebSite","@id":"https:\/\/quehacerpolitico.mx\/#website","url":"https:\/\/quehacerpolitico.mx\/","name":"","description":"","potentialAction":[{"@type":"SearchAction","target":{"@type":"EntryPoint","urlTemplate":"https:\/\/quehacerpolitico.mx\/?s={search_term_string}"},"query-input":{"@type":"PropertyValueSpecification","valueRequired":true,"valueName":"search_term_string"}}],"inLanguage":"es"},{"@type":"Person","@id":"https:\/\/quehacerpolitico.mx\/#\/schema\/person\/496d8ad2d1d3f8036101dca7ee39e585","name":"Redacci\u00f3n QP","image":{"@type":"ImageObject","inLanguage":"es","@id":"https:\/\/secure.gravatar.com\/avatar\/c7164ed6fdec453195284ad24a5ae5b6e1eed2b848477fa2a4787ba9adf39a41?s=96&d=mm&r=g","url":"https:\/\/secure.gravatar.com\/avatar\/c7164ed6fdec453195284ad24a5ae5b6e1eed2b848477fa2a4787ba9adf39a41?s=96&d=mm&r=g","contentUrl":"https:\/\/secure.gravatar.com\/avatar\/c7164ed6fdec453195284ad24a5ae5b6e1eed2b848477fa2a4787ba9adf39a41?s=96&d=mm&r=g","caption":"Redacci\u00f3n QP"},"url":"https:\/\/quehacerpolitico.mx\/?author=2"}]}},"featured_image_urls":{"full":["https:\/\/quehacerpolitico.mx\/wp-content\/uploads\/2021\/12\/A028EC69-3BD8-424C-A865-35AA5DD77856.jpeg",1280,852,false],"thumbnail":["https:\/\/quehacerpolitico.mx\/wp-content\/uploads\/2021\/12\/A028EC69-3BD8-424C-A865-35AA5DD77856-150x150.jpeg",150,150,true],"medium":["https:\/\/quehacerpolitico.mx\/wp-content\/uploads\/2021\/12\/A028EC69-3BD8-424C-A865-35AA5DD77856-300x200.jpeg",300,200,true],"medium_large":["https:\/\/quehacerpolitico.mx\/wp-content\/uploads\/2021\/12\/A028EC69-3BD8-424C-A865-35AA5DD77856-768x511.jpeg",640,426,true],"large":["https:\/\/quehacerpolitico.mx\/wp-content\/uploads\/2021\/12\/A028EC69-3BD8-424C-A865-35AA5DD77856-1024x682.jpeg",640,426,true],"1536x1536":["https:\/\/quehacerpolitico.mx\/wp-content\/uploads\/2021\/12\/A028EC69-3BD8-424C-A865-35AA5DD77856.jpeg",1280,852,false],"2048x2048":["https:\/\/quehacerpolitico.mx\/wp-content\/uploads\/2021\/12\/A028EC69-3BD8-424C-A865-35AA5DD77856.jpeg",1280,852,false],"covernews-featured":["https:\/\/quehacerpolitico.mx\/wp-content\/uploads\/2021\/12\/A028EC69-3BD8-424C-A865-35AA5DD77856.jpeg",1024,682,false],"covernews-medium":["https:\/\/quehacerpolitico.mx\/wp-content\/uploads\/2021\/12\/A028EC69-3BD8-424C-A865-35AA5DD77856.jpeg",511,340,false]},"author_info":{"display_name":"Redacci\u00f3n QP","author_link":"https:\/\/quehacerpolitico.mx\/?author=2"},"category_info":"<a href=\"https:\/\/quehacerpolitico.mx\/?cat=2\" rel=\"category\">Noticias<\/a>","tag_info":"Noticias","comment_count":"0","_links":{"self":[{"href":"https:\/\/quehacerpolitico.mx\/index.php?rest_route=\/wp\/v2\/posts\/87395","targetHints":{"allow":["GET"]}}],"collection":[{"href":"https:\/\/quehacerpolitico.mx\/index.php?rest_route=\/wp\/v2\/posts"}],"about":[{"href":"https:\/\/quehacerpolitico.mx\/index.php?rest_route=\/wp\/v2\/types\/post"}],"author":[{"embeddable":true,"href":"https:\/\/quehacerpolitico.mx\/index.php?rest_route=\/wp\/v2\/users\/2"}],"replies":[{"embeddable":true,"href":"https:\/\/quehacerpolitico.mx\/index.php?rest_route=%2Fwp%2Fv2%2Fcomments&post=87395"}],"version-history":[{"count":1,"href":"https:\/\/quehacerpolitico.mx\/index.php?rest_route=\/wp\/v2\/posts\/87395\/revisions"}],"predecessor-version":[{"id":87397,"href":"https:\/\/quehacerpolitico.mx\/index.php?rest_route=\/wp\/v2\/posts\/87395\/revisions\/87397"}],"wp:featuredmedia":[{"embeddable":true,"href":"https:\/\/quehacerpolitico.mx\/index.php?rest_route=\/wp\/v2\/media\/87396"}],"wp:attachment":[{"href":"https:\/\/quehacerpolitico.mx\/index.php?rest_route=%2Fwp%2Fv2%2Fmedia&parent=87395"}],"wp:term":[{"taxonomy":"category","embeddable":true,"href":"https:\/\/quehacerpolitico.mx\/index.php?rest_route=%2Fwp%2Fv2%2Fcategories&post=87395"},{"taxonomy":"post_tag","embeddable":true,"href":"https:\/\/quehacerpolitico.mx\/index.php?rest_route=%2Fwp%2Fv2%2Ftags&post=87395"}],"curies":[{"name":"wp","href":"https:\/\/api.w.org\/{rel}","templated":true}]}}