{"id":87392,"date":"2021-12-15T05:11:02","date_gmt":"2021-12-15T05:11:02","guid":{"rendered":"https:\/\/quehacerpolitico.mx\/?p=87392"},"modified":"2021-12-15T05:11:05","modified_gmt":"2021-12-15T05:11:05","slug":"corte-da-reves-a-amlo-suspende-parcialmente-decretazo-que-blinda-megaobras","status":"publish","type":"post","link":"https:\/\/quehacerpolitico.mx\/?p=87392","title":{"rendered":"Corte da rev\u00e9s a AMLO; suspende parcialmente decretazo que blinda megaobras"},"content":{"rendered":"\n<p>Por Redacci\u00f3n QP<\/p>\n\n\n\n<p>Decisi\u00f3n de ministro frena los efectos sobre la reserva de informaci\u00f3n del acuerdo\u00a0publicado por el Presidente<\/p>\n\n\n\n<p>La Suprema Corte de Justicia de la Naci\u00f3n (<strong>SCJN<\/strong>)\u00a0<strong>fren\u00f3 efectos del llamado &#8220;decretazo&#8221;<\/strong>, el acuerdo publicado por el Presidente Andr\u00e9s Manuel L\u00f3pez Obrador (AMLO), para blindar la reserva de informaci\u00f3n relacionada con las obras prioritarias impulsadas por su gobierno. Sin embargo, se trata de una suspensi\u00f3n parcial.<\/p>\n\n\n\n<p>Un ministro de la SCJN concedi\u00f3 la\u00a0<strong>suspensi\u00f3n solicitada\u00a0<\/strong>por el Instituto Nacional de Transparencia, Acceso a la Informaci\u00f3n y Protecci\u00f3n de Datos Personales (Inai) para que, de manera inmediata,\u00a0<strong>deje de surtir efectos<\/strong>\u00a0el acuerdo pues dicho organismo aleg\u00f3 que el Ejecutivo federal no tiene atribuciones para catalogar las obras prioritarias como de inter\u00e9s p\u00fablico o de seguridad nacional sin cumplir los par\u00e1metros establecidos en la ley de la materia.<\/p>\n\n\n\n<p>En su argumentaci\u00f3n, el Inai afirm\u00f3 adem\u00e1s que el acuerdo vulnera el derecho a la informaci\u00f3n<\/p>\n\n\n\n<h2 class=\"wp-block-heading\">Los argumentos del Inai contra el acuerdo de AMLO<\/h2>\n\n\n\n<p>En el oficio INAI\/DGAJ\/2637\/2021 se argumenta que catalogar las obras como &#8220;de seguridad nacional&#8221;, es acto que m\u00e1s all\u00e1 de su inconstitucionalidad&nbsp;<strong>&#8220;provoca indudablemente inseguridad, incertidumbre e impredictibilidad jur\u00eddica&#8221;<\/strong>.<\/p>\n\n\n\n<p>Los comisionados del Inai aclararon que el Instituto no pretende que se suspendan las obras o proyectos de infraestructura, sino que, por el contrario, consideran que se trata de asuntos de la mayor relevancia nacional.<\/p>\n\n\n\n<p>Sin embargo, advierten en el documento que, en el ejercicio de sus funciones, el Inai est\u00e1 comprometido con el Estado de Derecho y con el debido cumplimiento a las normas que rigen el actuar de cualquier autoridad p\u00fablica, en cualquier tiempo y materia, &#8220;m\u00e1xime si tienen el potencial de vulnerar los derechos que tutela, como en el caso, el derecho de acceso a la informaci\u00f3n p\u00fablica&#8221;.<\/p>\n\n\n\n<p>En la demanda se establece que con el acuerdo, publicado en el Diario Oficial de la Federaci\u00f3n el 22 de noviembre de 2021, la\u00a0<strong>autoridades demandadas &#8220;desbordaron sus facultades&#8221;,<\/strong>: &#8220;Con lo que se invade la esfera de competencias de este \u00f3rgano constitucional aut\u00f3nomo, existiendo, un principio de afectaci\u00f3n a la esfera de atribuciones conferidas a este Instituto por parte de la Constituci\u00f3n Pol\u00edtica de los Estados Unidos Mexicanos&#8221;.<\/p>\n\n\n\n<p>En ese sentido, el Inai solicit\u00f3 a la Suprema Corte de Justicia de la Naci\u00f3n se pronuncie sobre si el Acuerdo impugnado realiza de forma expl\u00edcita e impl\u00edcita, una clasificaci\u00f3n de la informaci\u00f3n anticipada y con ello vulnera la competencia del Inai; si el acuerdo impugnado se encuentra debidamente motivado en la Constituci\u00f3n; si el esquema de autorizaciones provisionales irrumpe en el derecho de tutela jurisdiccional efectiva; si el acuerdo transgrede las obligaciones internacionales contra\u00eddas por el Estado mexicano y el incumplimiento a las mismas que deriva del esquema de autorizaciones provisionales.<\/p>\n\n\n\n<p>La puesta en marcha del acuerdo, tambi\u00e9n llamado &#8220;decretazo&#8221;, hab\u00eda acarreado m\u00faltiples cr\u00edticas al gobierno federal, debido a que la informaci\u00f3n de los grandes proyectos del sexenio ser\u00eda catalogada como reservada.<\/p>\n\n\n\n<p>Con Informaci\u00f3n de SUN <\/p>\n","protected":false},"excerpt":{"rendered":"<p>Por Redacci\u00f3n QP Decisi\u00f3n de ministro frena los efectos sobre la reserva de informaci\u00f3n del&#8230;<\/p>\n","protected":false},"author":2,"featured_media":87393,"comment_status":"open","ping_status":"open","sticky":false,"template":"","format":"standard","meta":{"_monsterinsights_skip_tracking":false,"_monsterinsights_sitenote_active":false,"_monsterinsights_sitenote_note":"","_monsterinsights_sitenote_category":0,"footnotes":""},"categories":[2],"tags":[],"class_list":["post-87392","post","type-post","status-publish","format-standard","has-post-thumbnail","hentry","category-noticias"],"yoast_head":"<!-- This site is optimized with the Yoast SEO plugin v27.3 - https:\/\/yoast.com\/product\/yoast-seo-wordpress\/ -->\n<title>Corte da rev\u00e9s a AMLO; suspende parcialmente decretazo que blinda megaobras -<\/title>\n<meta name=\"robots\" content=\"index, follow, max-snippet:-1, max-image-preview:large, max-video-preview:-1\" \/>\n<link rel=\"canonical\" href=\"https:\/\/quehacerpolitico.mx\/?p=87392\" \/>\n<meta property=\"og:locale\" content=\"es_MX\" \/>\n<meta property=\"og:type\" content=\"article\" \/>\n<meta property=\"og:title\" content=\"Corte da rev\u00e9s a AMLO; suspende parcialmente decretazo que blinda megaobras -\" \/>\n<meta property=\"og:description\" content=\"Por Redacci\u00f3n QP Decisi\u00f3n de ministro frena los efectos sobre la reserva de informaci\u00f3n del...\" \/>\n<meta property=\"og:url\" content=\"https:\/\/quehacerpolitico.mx\/?p=87392\" \/>\n<meta property=\"article:published_time\" content=\"2021-12-15T05:11:02+00:00\" \/>\n<meta property=\"article:modified_time\" content=\"2021-12-15T05:11:05+00:00\" \/>\n<meta property=\"og:image\" content=\"https:\/\/quehacerpolitico.mx\/wp-content\/uploads\/2021\/12\/3351BAC1-2E7D-4E92-92F7-64AB87D16B6F.jpeg\" \/>\n\t<meta property=\"og:image:width\" content=\"1200\" \/>\n\t<meta property=\"og:image:height\" content=\"675\" \/>\n\t<meta property=\"og:image:type\" content=\"image\/jpeg\" \/>\n<meta name=\"author\" content=\"Redacci\u00f3n QP\" \/>\n<meta name=\"twitter:card\" content=\"summary_large_image\" \/>\n<meta name=\"twitter:label1\" content=\"Escrito por\" \/>\n\t<meta name=\"twitter:data1\" content=\"Redacci\u00f3n QP\" \/>\n\t<meta name=\"twitter:label2\" content=\"Tiempo de lectura\" \/>\n\t<meta name=\"twitter:data2\" content=\"3 minutos\" \/>\n<script type=\"application\/ld+json\" class=\"yoast-schema-graph\">{\"@context\":\"https:\\\/\\\/schema.org\",\"@graph\":[{\"@type\":\"Article\",\"@id\":\"https:\\\/\\\/quehacerpolitico.mx\\\/?p=87392#article\",\"isPartOf\":{\"@id\":\"https:\\\/\\\/quehacerpolitico.mx\\\/?p=87392\"},\"author\":{\"name\":\"Redacci\u00f3n QP\",\"@id\":\"https:\\\/\\\/quehacerpolitico.mx\\\/#\\\/schema\\\/person\\\/496d8ad2d1d3f8036101dca7ee39e585\"},\"headline\":\"Corte da rev\u00e9s a AMLO; suspende parcialmente decretazo que blinda megaobras\",\"datePublished\":\"2021-12-15T05:11:02+00:00\",\"dateModified\":\"2021-12-15T05:11:05+00:00\",\"mainEntityOfPage\":{\"@id\":\"https:\\\/\\\/quehacerpolitico.mx\\\/?p=87392\"},\"wordCount\":543,\"commentCount\":0,\"image\":{\"@id\":\"https:\\\/\\\/quehacerpolitico.mx\\\/?p=87392#primaryimage\"},\"thumbnailUrl\":\"https:\\\/\\\/quehacerpolitico.mx\\\/wp-content\\\/uploads\\\/2021\\\/12\\\/3351BAC1-2E7D-4E92-92F7-64AB87D16B6F.jpeg\",\"articleSection\":[\"Noticias\"],\"inLanguage\":\"es\",\"potentialAction\":[{\"@type\":\"CommentAction\",\"name\":\"Comment\",\"target\":[\"https:\\\/\\\/quehacerpolitico.mx\\\/?p=87392#respond\"]}]},{\"@type\":\"WebPage\",\"@id\":\"https:\\\/\\\/quehacerpolitico.mx\\\/?p=87392\",\"url\":\"https:\\\/\\\/quehacerpolitico.mx\\\/?p=87392\",\"name\":\"Corte da rev\u00e9s a AMLO; suspende parcialmente decretazo que blinda megaobras -\",\"isPartOf\":{\"@id\":\"https:\\\/\\\/quehacerpolitico.mx\\\/#website\"},\"primaryImageOfPage\":{\"@id\":\"https:\\\/\\\/quehacerpolitico.mx\\\/?p=87392#primaryimage\"},\"image\":{\"@id\":\"https:\\\/\\\/quehacerpolitico.mx\\\/?p=87392#primaryimage\"},\"thumbnailUrl\":\"https:\\\/\\\/quehacerpolitico.mx\\\/wp-content\\\/uploads\\\/2021\\\/12\\\/3351BAC1-2E7D-4E92-92F7-64AB87D16B6F.jpeg\",\"datePublished\":\"2021-12-15T05:11:02+00:00\",\"dateModified\":\"2021-12-15T05:11:05+00:00\",\"author\":{\"@id\":\"https:\\\/\\\/quehacerpolitico.mx\\\/#\\\/schema\\\/person\\\/496d8ad2d1d3f8036101dca7ee39e585\"},\"breadcrumb\":{\"@id\":\"https:\\\/\\\/quehacerpolitico.mx\\\/?p=87392#breadcrumb\"},\"inLanguage\":\"es\",\"potentialAction\":[{\"@type\":\"ReadAction\",\"target\":[\"https:\\\/\\\/quehacerpolitico.mx\\\/?p=87392\"]}]},{\"@type\":\"ImageObject\",\"inLanguage\":\"es\",\"@id\":\"https:\\\/\\\/quehacerpolitico.mx\\\/?p=87392#primaryimage\",\"url\":\"https:\\\/\\\/quehacerpolitico.mx\\\/wp-content\\\/uploads\\\/2021\\\/12\\\/3351BAC1-2E7D-4E92-92F7-64AB87D16B6F.jpeg\",\"contentUrl\":\"https:\\\/\\\/quehacerpolitico.mx\\\/wp-content\\\/uploads\\\/2021\\\/12\\\/3351BAC1-2E7D-4E92-92F7-64AB87D16B6F.jpeg\",\"width\":1200,\"height\":675},{\"@type\":\"BreadcrumbList\",\"@id\":\"https:\\\/\\\/quehacerpolitico.mx\\\/?p=87392#breadcrumb\",\"itemListElement\":[{\"@type\":\"ListItem\",\"position\":1,\"name\":\"Inicio\",\"item\":\"https:\\\/\\\/quehacerpolitico.mx\\\/\"},{\"@type\":\"ListItem\",\"position\":2,\"name\":\"Corte da rev\u00e9s a AMLO; suspende parcialmente decretazo que blinda megaobras\"}]},{\"@type\":\"WebSite\",\"@id\":\"https:\\\/\\\/quehacerpolitico.mx\\\/#website\",\"url\":\"https:\\\/\\\/quehacerpolitico.mx\\\/\",\"name\":\"\",\"description\":\"\",\"potentialAction\":[{\"@type\":\"SearchAction\",\"target\":{\"@type\":\"EntryPoint\",\"urlTemplate\":\"https:\\\/\\\/quehacerpolitico.mx\\\/?s={search_term_string}\"},\"query-input\":{\"@type\":\"PropertyValueSpecification\",\"valueRequired\":true,\"valueName\":\"search_term_string\"}}],\"inLanguage\":\"es\"},{\"@type\":\"Person\",\"@id\":\"https:\\\/\\\/quehacerpolitico.mx\\\/#\\\/schema\\\/person\\\/496d8ad2d1d3f8036101dca7ee39e585\",\"name\":\"Redacci\u00f3n QP\",\"image\":{\"@type\":\"ImageObject\",\"inLanguage\":\"es\",\"@id\":\"https:\\\/\\\/secure.gravatar.com\\\/avatar\\\/c7164ed6fdec453195284ad24a5ae5b6e1eed2b848477fa2a4787ba9adf39a41?s=96&d=mm&r=g\",\"url\":\"https:\\\/\\\/secure.gravatar.com\\\/avatar\\\/c7164ed6fdec453195284ad24a5ae5b6e1eed2b848477fa2a4787ba9adf39a41?s=96&d=mm&r=g\",\"contentUrl\":\"https:\\\/\\\/secure.gravatar.com\\\/avatar\\\/c7164ed6fdec453195284ad24a5ae5b6e1eed2b848477fa2a4787ba9adf39a41?s=96&d=mm&r=g\",\"caption\":\"Redacci\u00f3n QP\"},\"url\":\"https:\\\/\\\/quehacerpolitico.mx\\\/?author=2\"}]}<\/script>\n<!-- \/ Yoast SEO plugin. -->","yoast_head_json":{"title":"Corte da rev\u00e9s a AMLO; suspende parcialmente decretazo que blinda megaobras -","robots":{"index":"index","follow":"follow","max-snippet":"max-snippet:-1","max-image-preview":"max-image-preview:large","max-video-preview":"max-video-preview:-1"},"canonical":"https:\/\/quehacerpolitico.mx\/?p=87392","og_locale":"es_MX","og_type":"article","og_title":"Corte da rev\u00e9s a AMLO; suspende parcialmente decretazo que blinda megaobras -","og_description":"Por Redacci\u00f3n QP Decisi\u00f3n de ministro frena los efectos sobre la reserva de informaci\u00f3n del...","og_url":"https:\/\/quehacerpolitico.mx\/?p=87392","article_published_time":"2021-12-15T05:11:02+00:00","article_modified_time":"2021-12-15T05:11:05+00:00","og_image":[{"width":1200,"height":675,"url":"https:\/\/quehacerpolitico.mx\/wp-content\/uploads\/2021\/12\/3351BAC1-2E7D-4E92-92F7-64AB87D16B6F.jpeg","type":"image\/jpeg"}],"author":"Redacci\u00f3n QP","twitter_card":"summary_large_image","twitter_misc":{"Escrito por":"Redacci\u00f3n QP","Tiempo de lectura":"3 minutos"},"schema":{"@context":"https:\/\/schema.org","@graph":[{"@type":"Article","@id":"https:\/\/quehacerpolitico.mx\/?p=87392#article","isPartOf":{"@id":"https:\/\/quehacerpolitico.mx\/?p=87392"},"author":{"name":"Redacci\u00f3n QP","@id":"https:\/\/quehacerpolitico.mx\/#\/schema\/person\/496d8ad2d1d3f8036101dca7ee39e585"},"headline":"Corte da rev\u00e9s a AMLO; suspende parcialmente decretazo que blinda megaobras","datePublished":"2021-12-15T05:11:02+00:00","dateModified":"2021-12-15T05:11:05+00:00","mainEntityOfPage":{"@id":"https:\/\/quehacerpolitico.mx\/?p=87392"},"wordCount":543,"commentCount":0,"image":{"@id":"https:\/\/quehacerpolitico.mx\/?p=87392#primaryimage"},"thumbnailUrl":"https:\/\/quehacerpolitico.mx\/wp-content\/uploads\/2021\/12\/3351BAC1-2E7D-4E92-92F7-64AB87D16B6F.jpeg","articleSection":["Noticias"],"inLanguage":"es","potentialAction":[{"@type":"CommentAction","name":"Comment","target":["https:\/\/quehacerpolitico.mx\/?p=87392#respond"]}]},{"@type":"WebPage","@id":"https:\/\/quehacerpolitico.mx\/?p=87392","url":"https:\/\/quehacerpolitico.mx\/?p=87392","name":"Corte da rev\u00e9s a AMLO; suspende parcialmente decretazo que blinda megaobras -","isPartOf":{"@id":"https:\/\/quehacerpolitico.mx\/#website"},"primaryImageOfPage":{"@id":"https:\/\/quehacerpolitico.mx\/?p=87392#primaryimage"},"image":{"@id":"https:\/\/quehacerpolitico.mx\/?p=87392#primaryimage"},"thumbnailUrl":"https:\/\/quehacerpolitico.mx\/wp-content\/uploads\/2021\/12\/3351BAC1-2E7D-4E92-92F7-64AB87D16B6F.jpeg","datePublished":"2021-12-15T05:11:02+00:00","dateModified":"2021-12-15T05:11:05+00:00","author":{"@id":"https:\/\/quehacerpolitico.mx\/#\/schema\/person\/496d8ad2d1d3f8036101dca7ee39e585"},"breadcrumb":{"@id":"https:\/\/quehacerpolitico.mx\/?p=87392#breadcrumb"},"inLanguage":"es","potentialAction":[{"@type":"ReadAction","target":["https:\/\/quehacerpolitico.mx\/?p=87392"]}]},{"@type":"ImageObject","inLanguage":"es","@id":"https:\/\/quehacerpolitico.mx\/?p=87392#primaryimage","url":"https:\/\/quehacerpolitico.mx\/wp-content\/uploads\/2021\/12\/3351BAC1-2E7D-4E92-92F7-64AB87D16B6F.jpeg","contentUrl":"https:\/\/quehacerpolitico.mx\/wp-content\/uploads\/2021\/12\/3351BAC1-2E7D-4E92-92F7-64AB87D16B6F.jpeg","width":1200,"height":675},{"@type":"BreadcrumbList","@id":"https:\/\/quehacerpolitico.mx\/?p=87392#breadcrumb","itemListElement":[{"@type":"ListItem","position":1,"name":"Inicio","item":"https:\/\/quehacerpolitico.mx\/"},{"@type":"ListItem","position":2,"name":"Corte da rev\u00e9s a AMLO; suspende parcialmente decretazo que blinda megaobras"}]},{"@type":"WebSite","@id":"https:\/\/quehacerpolitico.mx\/#website","url":"https:\/\/quehacerpolitico.mx\/","name":"","description":"","potentialAction":[{"@type":"SearchAction","target":{"@type":"EntryPoint","urlTemplate":"https:\/\/quehacerpolitico.mx\/?s={search_term_string}"},"query-input":{"@type":"PropertyValueSpecification","valueRequired":true,"valueName":"search_term_string"}}],"inLanguage":"es"},{"@type":"Person","@id":"https:\/\/quehacerpolitico.mx\/#\/schema\/person\/496d8ad2d1d3f8036101dca7ee39e585","name":"Redacci\u00f3n QP","image":{"@type":"ImageObject","inLanguage":"es","@id":"https:\/\/secure.gravatar.com\/avatar\/c7164ed6fdec453195284ad24a5ae5b6e1eed2b848477fa2a4787ba9adf39a41?s=96&d=mm&r=g","url":"https:\/\/secure.gravatar.com\/avatar\/c7164ed6fdec453195284ad24a5ae5b6e1eed2b848477fa2a4787ba9adf39a41?s=96&d=mm&r=g","contentUrl":"https:\/\/secure.gravatar.com\/avatar\/c7164ed6fdec453195284ad24a5ae5b6e1eed2b848477fa2a4787ba9adf39a41?s=96&d=mm&r=g","caption":"Redacci\u00f3n QP"},"url":"https:\/\/quehacerpolitico.mx\/?author=2"}]}},"featured_image_urls":{"full":["https:\/\/quehacerpolitico.mx\/wp-content\/uploads\/2021\/12\/3351BAC1-2E7D-4E92-92F7-64AB87D16B6F.jpeg",1200,675,false],"thumbnail":["https:\/\/quehacerpolitico.mx\/wp-content\/uploads\/2021\/12\/3351BAC1-2E7D-4E92-92F7-64AB87D16B6F-150x150.jpeg",150,150,true],"medium":["https:\/\/quehacerpolitico.mx\/wp-content\/uploads\/2021\/12\/3351BAC1-2E7D-4E92-92F7-64AB87D16B6F-300x169.jpeg",300,169,true],"medium_large":["https:\/\/quehacerpolitico.mx\/wp-content\/uploads\/2021\/12\/3351BAC1-2E7D-4E92-92F7-64AB87D16B6F-768x432.jpeg",640,360,true],"large":["https:\/\/quehacerpolitico.mx\/wp-content\/uploads\/2021\/12\/3351BAC1-2E7D-4E92-92F7-64AB87D16B6F-1024x576.jpeg",640,360,true],"1536x1536":["https:\/\/quehacerpolitico.mx\/wp-content\/uploads\/2021\/12\/3351BAC1-2E7D-4E92-92F7-64AB87D16B6F.jpeg",1200,675,false],"2048x2048":["https:\/\/quehacerpolitico.mx\/wp-content\/uploads\/2021\/12\/3351BAC1-2E7D-4E92-92F7-64AB87D16B6F.jpeg",1200,675,false],"covernews-featured":["https:\/\/quehacerpolitico.mx\/wp-content\/uploads\/2021\/12\/3351BAC1-2E7D-4E92-92F7-64AB87D16B6F.jpeg",1024,576,false],"covernews-medium":["https:\/\/quehacerpolitico.mx\/wp-content\/uploads\/2021\/12\/3351BAC1-2E7D-4E92-92F7-64AB87D16B6F.jpeg",540,304,false]},"author_info":{"display_name":"Redacci\u00f3n QP","author_link":"https:\/\/quehacerpolitico.mx\/?author=2"},"category_info":"<a href=\"https:\/\/quehacerpolitico.mx\/?cat=2\" rel=\"category\">Noticias<\/a>","tag_info":"Noticias","comment_count":"0","_links":{"self":[{"href":"https:\/\/quehacerpolitico.mx\/index.php?rest_route=\/wp\/v2\/posts\/87392","targetHints":{"allow":["GET"]}}],"collection":[{"href":"https:\/\/quehacerpolitico.mx\/index.php?rest_route=\/wp\/v2\/posts"}],"about":[{"href":"https:\/\/quehacerpolitico.mx\/index.php?rest_route=\/wp\/v2\/types\/post"}],"author":[{"embeddable":true,"href":"https:\/\/quehacerpolitico.mx\/index.php?rest_route=\/wp\/v2\/users\/2"}],"replies":[{"embeddable":true,"href":"https:\/\/quehacerpolitico.mx\/index.php?rest_route=%2Fwp%2Fv2%2Fcomments&post=87392"}],"version-history":[{"count":1,"href":"https:\/\/quehacerpolitico.mx\/index.php?rest_route=\/wp\/v2\/posts\/87392\/revisions"}],"predecessor-version":[{"id":87394,"href":"https:\/\/quehacerpolitico.mx\/index.php?rest_route=\/wp\/v2\/posts\/87392\/revisions\/87394"}],"wp:featuredmedia":[{"embeddable":true,"href":"https:\/\/quehacerpolitico.mx\/index.php?rest_route=\/wp\/v2\/media\/87393"}],"wp:attachment":[{"href":"https:\/\/quehacerpolitico.mx\/index.php?rest_route=%2Fwp%2Fv2%2Fmedia&parent=87392"}],"wp:term":[{"taxonomy":"category","embeddable":true,"href":"https:\/\/quehacerpolitico.mx\/index.php?rest_route=%2Fwp%2Fv2%2Fcategories&post=87392"},{"taxonomy":"post_tag","embeddable":true,"href":"https:\/\/quehacerpolitico.mx\/index.php?rest_route=%2Fwp%2Fv2%2Ftags&post=87392"}],"curies":[{"name":"wp","href":"https:\/\/api.w.org\/{rel}","templated":true}]}}