{"id":8739,"date":"2018-11-08T16:15:54","date_gmt":"2018-11-08T16:15:54","guid":{"rendered":"http:\/\/quehacerpolitico.mx\/calderon-anuncia-que-creara-un-partido-politico-en-2019-el-pan-esta-totalmente-destrozado\/"},"modified":"2018-11-08T16:15:54","modified_gmt":"2018-11-08T16:15:54","slug":"calderon-anuncia-que-creara-un-partido-politico-en-2019-el-pan-esta-totalmente-destrozado","status":"publish","type":"post","link":"https:\/\/quehacerpolitico.mx\/?p=8739","title":{"rendered":"Calder\u00f3n anuncia que crear\u00e1 un partido pol\u00edtico en 2019; \u201cel PAN est\u00e1 totalmente destrozado\u201d"},"content":{"rendered":"<h1>Calder\u00f3n anuncia que crear\u00e1 un partido pol\u00edtico en 2019; \u201cel PAN est\u00e1 totalmente destrozado\u201d<\/h1>\n<p>Por Redacci\u00f3n QP<\/p>\n<p>El ex Presidente de M\u00e9xico\u00a0<strong>Felipe Calder\u00f3n Hinojosa<\/strong> anunci\u00f3 esta ma\u00f1ana la posibilidad de crear un <strong>nuevo partido pol\u00edtico<\/strong> en <strong>2019<\/strong> \u201cpara transformar a M\u00e9xico desde la sociedad\u201d, seg\u00fan dijo.<\/p>\n<blockquote>\n<p>\u201cEstoy convencido que hay que construir un partido pol\u00edtico en 2019. Creo que va a ser fundamental crear una organizaci\u00f3n pol\u00edtica que pueda ser escuela de ciudadan\u00eda y aglutinar a los ciudadanos\u201d, asegur\u00f3 esta ma\u00f1ana en entrevista con Ciro G\u00f3mez Leyva en <em>Radio F\u00f3rmula<\/em>.<\/p>\n<\/blockquote>\n<p>El ex mandatario asegur\u00f3 que el Partido Acci\u00f3n Nacional (<strong>PAN<\/strong>) \u201cest\u00e1 totalmente destrozado\u201d e indic\u00f3 que no ve posibilidades de que pueda hacerle frente al nuevo gobierno encabezado por <strong>Andr\u00e9s Manuel L\u00f3pez Obrador<\/strong> y el Movimiento de Regeneraci\u00f3n Nacional (Morena). Por eso, dijo, es que considera la creaci\u00f3n de un nuevo partido.<\/p>\n<p>\u201cHay que construir un partido pol\u00edtico en el 2019. Hay ciudadanos que se hacen la pregunta, \u2018\u00bfqu\u00e9 vamos a hacer ahora?\u2019 y no tienen el espacio. Lo que hay que hacer esa organizaci\u00f3n que tenga un compromiso con las metas de par\u00e1metros \u00e9ticos, qu\u00e9 se vale y no en la pol\u00edtica\u201d, dijo.<\/p>\n<p>Calder\u00f3n asegur\u00f3 que el PAN podr\u00eda tener remedio si <strong>Manuel G\u00f3mez Mor\u00edn<\/strong> es elegido como Presidente del partido pues, dijo, el blanquiazul \u201cest\u00e1 controlado por un grupo que lo ha destrozado\u201d e indic\u00f3 que la creaci\u00f3n del nuevo partido depender\u00e1 en gran medida si G\u00f3mez Mor\u00edn no gana la presidencia del PAN.<\/p>\n<blockquote>\n<p>\u201cSi no gana Manuel G\u00f3mez Mor\u00edn la presidencia, mi decisi\u00f3n ser\u00eda crear un nuevo partido [\u2026] El PAN est\u00e1 controlado por una camarilla que ha destrozado su vida democr\u00e1tica, al grado que es imposibles hacer un cambio desde adentro; est\u00e1 arreglado antidemocr\u00e1ticamente\u201d.<\/p>\n<\/blockquote>\n<p>Calder\u00f3n Hinojosa asegur\u00f3 que de ser creado el nuevo partido, su esposa, <strong>Margarita Zavala<\/strong>, estar\u00eda involucrada.<\/p>\n<p>\u201cEn lo personal, Margarita (Zavala) y yo estamos en esa reflexi\u00f3n. Yo veo a muchos ciudadanos pregunt\u00e1ndose qu\u00e9 vamos a hacer ahora y no tienen espacio, ni d\u00f3nde alzar la voz\u201d.<\/p>\n<p>Durante el proceso electoral 2017-2018, su esposa, Margarita Zavala, intent\u00f3 postularse como candidata del PAN a la Presidencia de M\u00e9xico, pero no pudo. Luego se lanz\u00f3 como candidata independiente, despu\u00e9s de renunciar al panismo. Las preferencias de las encuestadoras no favorecieron la candidatura de la ex Primera Dama: fue perdiendo intenci\u00f3n de voto hasta que renunci\u00f3 a sus intenciones. Algunos pensaban que endosar\u00eda su candidatura fallida a Jos\u00e9 Antonio Meade Kuribre\u00f1a pero no fue as\u00ed.<\/p>\n<p>Felipe de Jes\u00fas Calder\u00f3n Hinojosa\u200b\u200b fue Presidente de M\u00e9xico de 2006 a 2012. Lleg\u00f3 bajo acusaciones de fraude electoral y en medio de una de las peores crisis pol\u00edticas en la historia reciente del pa\u00eds. En diciembre de 2006, seis d\u00edas despu\u00e9s de asumir el cargo, lanz\u00f3 la guerra contra las drogas a pesar de que no era parte de sus postulados. La violencia desatada desde entonces ha provocado la muerte de cerca de 200 mil personas y unos 40 mil desaparecidos, adem\u00e1s de un fuerte desplazamiento interno relacionado con la violencia.<\/p>\n<p>Calder\u00f3n dirigi\u00f3 el pa\u00eds y su partido, Acci\u00f3n Nacional (PAN) con mano dura. Pero, al menos en lo pol\u00edtico, con pobres resultados. Durante las elecciones intermedias de 2009, el PAN tuvo un fuerte descalabro y despu\u00e9s, en 2012, entreg\u00f3 la Presidencia al Enrique Pe\u00f1a Nieto, del Partido Revolucionario Institucional (PRI) y el panismo pas\u00f3 a la tercera fuerza electoral.<\/p>\n<p>Calder\u00f3n Hinojosa acaba de perder una pensi\u00f3n millonaria y la vigilancia que le proporcionaba el Estado Mayor Presidencial como ex mandatario de M\u00e9xico, debido a una reforma promovida por Andr\u00e9s Manuel L\u00f3pez Obrador.<br \/>Calder\u00f3n se ha quejado de la reforma. Los dos personajes son fuertes opositores pol\u00edticos. AMLO lo acusa de haber cometido fraude en 2006 y de provocar una crisis humanitaria de proporciones hist\u00f3ricas con la guerra contra las drogas, cuya estrategia fue continuada por Pe\u00f1a Nieto con resultados igualmente fallidos.<\/p>\n","protected":false},"excerpt":{"rendered":"<p>Calder\u00f3n anuncia que crear\u00e1 un partido pol\u00edtico en 2019; \u201cel PAN est\u00e1 totalmente destrozado\u201d<br \/>\nPor Redacci\u00f3n QP<\/p>\n","protected":false},"author":2,"featured_media":8738,"comment_status":"open","ping_status":"open","sticky":false,"template":"","format":"standard","meta":{"_monsterinsights_skip_tracking":false,"_monsterinsights_sitenote_active":false,"_monsterinsights_sitenote_note":"","_monsterinsights_sitenote_category":0,"footnotes":""},"categories":[2],"tags":[],"class_list":["post-8739","post","type-post","status-publish","format-standard","has-post-thumbnail","hentry","category-noticias"],"yoast_head":"<!-- This site is optimized with the Yoast SEO plugin v27.3 - https:\/\/yoast.com\/product\/yoast-seo-wordpress\/ -->\n<title>Calder\u00f3n anuncia que crear\u00e1 un partido pol\u00edtico en 2019; \u201cel PAN est\u00e1 totalmente destrozado\u201d -<\/title>\n<meta name=\"robots\" content=\"index, follow, max-snippet:-1, max-image-preview:large, max-video-preview:-1\" \/>\n<link rel=\"canonical\" href=\"https:\/\/quehacerpolitico.mx\/?p=8739\" \/>\n<meta property=\"og:locale\" content=\"es_MX\" \/>\n<meta property=\"og:type\" content=\"article\" \/>\n<meta property=\"og:title\" content=\"Calder\u00f3n anuncia que crear\u00e1 un partido pol\u00edtico en 2019; \u201cel PAN est\u00e1 totalmente destrozado\u201d -\" \/>\n<meta property=\"og:description\" content=\"Calder\u00f3n anuncia que crear\u00e1 un partido pol\u00edtico en 2019; \u201cel PAN est\u00e1 totalmente destrozado\u201d Por Redacci\u00f3n QP\" \/>\n<meta property=\"og:url\" content=\"https:\/\/quehacerpolitico.mx\/?p=8739\" \/>\n<meta property=\"article:published_time\" content=\"2018-11-08T16:15:54+00:00\" \/>\n<meta name=\"author\" content=\"Redacci\u00f3n QP\" \/>\n<meta name=\"twitter:card\" content=\"summary_large_image\" \/>\n<meta name=\"twitter:label1\" content=\"Escrito por\" \/>\n\t<meta name=\"twitter:data1\" content=\"Redacci\u00f3n QP\" \/>\n\t<meta name=\"twitter:label2\" content=\"Tiempo de lectura\" \/>\n\t<meta name=\"twitter:data2\" content=\"4 minutos\" \/>\n<script type=\"application\/ld+json\" class=\"yoast-schema-graph\">{\"@context\":\"https:\\\/\\\/schema.org\",\"@graph\":[{\"@type\":\"Article\",\"@id\":\"https:\\\/\\\/quehacerpolitico.mx\\\/?p=8739#article\",\"isPartOf\":{\"@id\":\"https:\\\/\\\/quehacerpolitico.mx\\\/?p=8739\"},\"author\":{\"name\":\"Redacci\u00f3n QP\",\"@id\":\"https:\\\/\\\/quehacerpolitico.mx\\\/#\\\/schema\\\/person\\\/496d8ad2d1d3f8036101dca7ee39e585\"},\"headline\":\"Calder\u00f3n anuncia que crear\u00e1 un partido pol\u00edtico en 2019; \u201cel PAN est\u00e1 totalmente destrozado\u201d\",\"datePublished\":\"2018-11-08T16:15:54+00:00\",\"mainEntityOfPage\":{\"@id\":\"https:\\\/\\\/quehacerpolitico.mx\\\/?p=8739\"},\"wordCount\":717,\"commentCount\":0,\"image\":{\"@id\":\"https:\\\/\\\/quehacerpolitico.mx\\\/?p=8739#primaryimage\"},\"thumbnailUrl\":\"\",\"articleSection\":[\"Noticias\"],\"inLanguage\":\"es\",\"potentialAction\":[{\"@type\":\"CommentAction\",\"name\":\"Comment\",\"target\":[\"https:\\\/\\\/quehacerpolitico.mx\\\/?p=8739#respond\"]}]},{\"@type\":\"WebPage\",\"@id\":\"https:\\\/\\\/quehacerpolitico.mx\\\/?p=8739\",\"url\":\"https:\\\/\\\/quehacerpolitico.mx\\\/?p=8739\",\"name\":\"Calder\u00f3n anuncia que crear\u00e1 un partido pol\u00edtico en 2019; \u201cel PAN est\u00e1 totalmente destrozado\u201d -\",\"isPartOf\":{\"@id\":\"https:\\\/\\\/quehacerpolitico.mx\\\/#website\"},\"primaryImageOfPage\":{\"@id\":\"https:\\\/\\\/quehacerpolitico.mx\\\/?p=8739#primaryimage\"},\"image\":{\"@id\":\"https:\\\/\\\/quehacerpolitico.mx\\\/?p=8739#primaryimage\"},\"thumbnailUrl\":\"\",\"datePublished\":\"2018-11-08T16:15:54+00:00\",\"author\":{\"@id\":\"https:\\\/\\\/quehacerpolitico.mx\\\/#\\\/schema\\\/person\\\/496d8ad2d1d3f8036101dca7ee39e585\"},\"breadcrumb\":{\"@id\":\"https:\\\/\\\/quehacerpolitico.mx\\\/?p=8739#breadcrumb\"},\"inLanguage\":\"es\",\"potentialAction\":[{\"@type\":\"ReadAction\",\"target\":[\"https:\\\/\\\/quehacerpolitico.mx\\\/?p=8739\"]}]},{\"@type\":\"ImageObject\",\"inLanguage\":\"es\",\"@id\":\"https:\\\/\\\/quehacerpolitico.mx\\\/?p=8739#primaryimage\",\"url\":\"\",\"contentUrl\":\"\"},{\"@type\":\"BreadcrumbList\",\"@id\":\"https:\\\/\\\/quehacerpolitico.mx\\\/?p=8739#breadcrumb\",\"itemListElement\":[{\"@type\":\"ListItem\",\"position\":1,\"name\":\"Inicio\",\"item\":\"https:\\\/\\\/quehacerpolitico.mx\\\/\"},{\"@type\":\"ListItem\",\"position\":2,\"name\":\"Calder\u00f3n anuncia que crear\u00e1 un partido pol\u00edtico en 2019; \u201cel PAN est\u00e1 totalmente destrozado\u201d\"}]},{\"@type\":\"WebSite\",\"@id\":\"https:\\\/\\\/quehacerpolitico.mx\\\/#website\",\"url\":\"https:\\\/\\\/quehacerpolitico.mx\\\/\",\"name\":\"\",\"description\":\"\",\"potentialAction\":[{\"@type\":\"SearchAction\",\"target\":{\"@type\":\"EntryPoint\",\"urlTemplate\":\"https:\\\/\\\/quehacerpolitico.mx\\\/?s={search_term_string}\"},\"query-input\":{\"@type\":\"PropertyValueSpecification\",\"valueRequired\":true,\"valueName\":\"search_term_string\"}}],\"inLanguage\":\"es\"},{\"@type\":\"Person\",\"@id\":\"https:\\\/\\\/quehacerpolitico.mx\\\/#\\\/schema\\\/person\\\/496d8ad2d1d3f8036101dca7ee39e585\",\"name\":\"Redacci\u00f3n QP\",\"image\":{\"@type\":\"ImageObject\",\"inLanguage\":\"es\",\"@id\":\"https:\\\/\\\/secure.gravatar.com\\\/avatar\\\/c7164ed6fdec453195284ad24a5ae5b6e1eed2b848477fa2a4787ba9adf39a41?s=96&d=mm&r=g\",\"url\":\"https:\\\/\\\/secure.gravatar.com\\\/avatar\\\/c7164ed6fdec453195284ad24a5ae5b6e1eed2b848477fa2a4787ba9adf39a41?s=96&d=mm&r=g\",\"contentUrl\":\"https:\\\/\\\/secure.gravatar.com\\\/avatar\\\/c7164ed6fdec453195284ad24a5ae5b6e1eed2b848477fa2a4787ba9adf39a41?s=96&d=mm&r=g\",\"caption\":\"Redacci\u00f3n QP\"},\"url\":\"https:\\\/\\\/quehacerpolitico.mx\\\/?author=2\"}]}<\/script>\n<!-- \/ Yoast SEO plugin. -->","yoast_head_json":{"title":"Calder\u00f3n anuncia que crear\u00e1 un partido pol\u00edtico en 2019; \u201cel PAN est\u00e1 totalmente destrozado\u201d -","robots":{"index":"index","follow":"follow","max-snippet":"max-snippet:-1","max-image-preview":"max-image-preview:large","max-video-preview":"max-video-preview:-1"},"canonical":"https:\/\/quehacerpolitico.mx\/?p=8739","og_locale":"es_MX","og_type":"article","og_title":"Calder\u00f3n anuncia que crear\u00e1 un partido pol\u00edtico en 2019; \u201cel PAN est\u00e1 totalmente destrozado\u201d -","og_description":"Calder\u00f3n anuncia que crear\u00e1 un partido pol\u00edtico en 2019; \u201cel PAN est\u00e1 totalmente destrozado\u201d Por Redacci\u00f3n QP","og_url":"https:\/\/quehacerpolitico.mx\/?p=8739","article_published_time":"2018-11-08T16:15:54+00:00","author":"Redacci\u00f3n QP","twitter_card":"summary_large_image","twitter_misc":{"Escrito por":"Redacci\u00f3n QP","Tiempo de lectura":"4 minutos"},"schema":{"@context":"https:\/\/schema.org","@graph":[{"@type":"Article","@id":"https:\/\/quehacerpolitico.mx\/?p=8739#article","isPartOf":{"@id":"https:\/\/quehacerpolitico.mx\/?p=8739"},"author":{"name":"Redacci\u00f3n QP","@id":"https:\/\/quehacerpolitico.mx\/#\/schema\/person\/496d8ad2d1d3f8036101dca7ee39e585"},"headline":"Calder\u00f3n anuncia que crear\u00e1 un partido pol\u00edtico en 2019; \u201cel PAN est\u00e1 totalmente destrozado\u201d","datePublished":"2018-11-08T16:15:54+00:00","mainEntityOfPage":{"@id":"https:\/\/quehacerpolitico.mx\/?p=8739"},"wordCount":717,"commentCount":0,"image":{"@id":"https:\/\/quehacerpolitico.mx\/?p=8739#primaryimage"},"thumbnailUrl":"","articleSection":["Noticias"],"inLanguage":"es","potentialAction":[{"@type":"CommentAction","name":"Comment","target":["https:\/\/quehacerpolitico.mx\/?p=8739#respond"]}]},{"@type":"WebPage","@id":"https:\/\/quehacerpolitico.mx\/?p=8739","url":"https:\/\/quehacerpolitico.mx\/?p=8739","name":"Calder\u00f3n anuncia que crear\u00e1 un partido pol\u00edtico en 2019; \u201cel PAN est\u00e1 totalmente destrozado\u201d -","isPartOf":{"@id":"https:\/\/quehacerpolitico.mx\/#website"},"primaryImageOfPage":{"@id":"https:\/\/quehacerpolitico.mx\/?p=8739#primaryimage"},"image":{"@id":"https:\/\/quehacerpolitico.mx\/?p=8739#primaryimage"},"thumbnailUrl":"","datePublished":"2018-11-08T16:15:54+00:00","author":{"@id":"https:\/\/quehacerpolitico.mx\/#\/schema\/person\/496d8ad2d1d3f8036101dca7ee39e585"},"breadcrumb":{"@id":"https:\/\/quehacerpolitico.mx\/?p=8739#breadcrumb"},"inLanguage":"es","potentialAction":[{"@type":"ReadAction","target":["https:\/\/quehacerpolitico.mx\/?p=8739"]}]},{"@type":"ImageObject","inLanguage":"es","@id":"https:\/\/quehacerpolitico.mx\/?p=8739#primaryimage","url":"","contentUrl":""},{"@type":"BreadcrumbList","@id":"https:\/\/quehacerpolitico.mx\/?p=8739#breadcrumb","itemListElement":[{"@type":"ListItem","position":1,"name":"Inicio","item":"https:\/\/quehacerpolitico.mx\/"},{"@type":"ListItem","position":2,"name":"Calder\u00f3n anuncia que crear\u00e1 un partido pol\u00edtico en 2019; \u201cel PAN est\u00e1 totalmente destrozado\u201d"}]},{"@type":"WebSite","@id":"https:\/\/quehacerpolitico.mx\/#website","url":"https:\/\/quehacerpolitico.mx\/","name":"","description":"","potentialAction":[{"@type":"SearchAction","target":{"@type":"EntryPoint","urlTemplate":"https:\/\/quehacerpolitico.mx\/?s={search_term_string}"},"query-input":{"@type":"PropertyValueSpecification","valueRequired":true,"valueName":"search_term_string"}}],"inLanguage":"es"},{"@type":"Person","@id":"https:\/\/quehacerpolitico.mx\/#\/schema\/person\/496d8ad2d1d3f8036101dca7ee39e585","name":"Redacci\u00f3n QP","image":{"@type":"ImageObject","inLanguage":"es","@id":"https:\/\/secure.gravatar.com\/avatar\/c7164ed6fdec453195284ad24a5ae5b6e1eed2b848477fa2a4787ba9adf39a41?s=96&d=mm&r=g","url":"https:\/\/secure.gravatar.com\/avatar\/c7164ed6fdec453195284ad24a5ae5b6e1eed2b848477fa2a4787ba9adf39a41?s=96&d=mm&r=g","contentUrl":"https:\/\/secure.gravatar.com\/avatar\/c7164ed6fdec453195284ad24a5ae5b6e1eed2b848477fa2a4787ba9adf39a41?s=96&d=mm&r=g","caption":"Redacci\u00f3n QP"},"url":"https:\/\/quehacerpolitico.mx\/?author=2"}]}},"featured_image_urls":{"full":"","thumbnail":"","medium":"","medium_large":"","large":"","1536x1536":"","2048x2048":"","covernews-featured":"","covernews-medium":""},"author_info":{"display_name":"Redacci\u00f3n QP","author_link":"https:\/\/quehacerpolitico.mx\/?author=2"},"category_info":"<a href=\"https:\/\/quehacerpolitico.mx\/?cat=2\" rel=\"category\">Noticias<\/a>","tag_info":"Noticias","comment_count":"0","_links":{"self":[{"href":"https:\/\/quehacerpolitico.mx\/index.php?rest_route=\/wp\/v2\/posts\/8739","targetHints":{"allow":["GET"]}}],"collection":[{"href":"https:\/\/quehacerpolitico.mx\/index.php?rest_route=\/wp\/v2\/posts"}],"about":[{"href":"https:\/\/quehacerpolitico.mx\/index.php?rest_route=\/wp\/v2\/types\/post"}],"author":[{"embeddable":true,"href":"https:\/\/quehacerpolitico.mx\/index.php?rest_route=\/wp\/v2\/users\/2"}],"replies":[{"embeddable":true,"href":"https:\/\/quehacerpolitico.mx\/index.php?rest_route=%2Fwp%2Fv2%2Fcomments&post=8739"}],"version-history":[{"count":0,"href":"https:\/\/quehacerpolitico.mx\/index.php?rest_route=\/wp\/v2\/posts\/8739\/revisions"}],"wp:featuredmedia":[{"embeddable":true,"href":"https:\/\/quehacerpolitico.mx\/index.php?rest_route=\/"}],"wp:attachment":[{"href":"https:\/\/quehacerpolitico.mx\/index.php?rest_route=%2Fwp%2Fv2%2Fmedia&parent=8739"}],"wp:term":[{"taxonomy":"category","embeddable":true,"href":"https:\/\/quehacerpolitico.mx\/index.php?rest_route=%2Fwp%2Fv2%2Fcategories&post=8739"},{"taxonomy":"post_tag","embeddable":true,"href":"https:\/\/quehacerpolitico.mx\/index.php?rest_route=%2Fwp%2Fv2%2Ftags&post=8739"}],"curies":[{"name":"wp","href":"https:\/\/api.w.org\/{rel}","templated":true}]}}