{"id":87389,"date":"2021-12-15T04:53:46","date_gmt":"2021-12-15T04:53:46","guid":{"rendered":"https:\/\/quehacerpolitico.mx\/?p=87389"},"modified":"2021-12-15T04:53:51","modified_gmt":"2021-12-15T04:53:51","slug":"dos-traileres-con-respiradores-pasaron-por-caseta-el-segundo-se-accidento-en-chiapas","status":"publish","type":"post","link":"https:\/\/quehacerpolitico.mx\/?p=87389","title":{"rendered":"Dos tr\u00e1ileres con respiradores pasaron por caseta; el segundo se accident\u00f3 en Chiapas"},"content":{"rendered":"\n<p>Por Redacci\u00f3n QP<\/p>\n\n\n\n<p>Testimonios se\u00f1alan que ambas unidades &#8220;iban compitiendo&#8221; en la carretera, y eso habr\u00eda sido una de las causas que provocaron la volcadura<\/p>\n\n\n\n<p>Un video revela que fueron dos tr\u00e1ileres adaptados con respiradores artificiales los que pasaron por la caseta de peaje de Chiapa de Corzo el pasado jueves por la tarde con una diferencia de un minuto.<\/p>\n\n\n\n<figure class=\"wp-block-embed is-type-video is-provider-youtube wp-block-embed-youtube wp-embed-aspect-16-9 wp-has-aspect-ratio\"><div class=\"wp-block-embed__wrapper\">\n<iframe loading=\"lazy\" title=\"Video muestra que tr\u00e1iler con migrantes s\u00ed pas\u00f3 frente a personal de migraci\u00f3n\" width=\"640\" height=\"360\" src=\"https:\/\/www.youtube.com\/embed\/RQIAyIfcmsI?feature=oembed\" frameborder=\"0\" allow=\"accelerometer; autoplay; clipboard-write; encrypted-media; gyroscope; picture-in-picture; web-share\" referrerpolicy=\"strict-origin-when-cross-origin\" allowfullscreen><\/iframe>\n<\/div><\/figure>\n\n\n\n<p><strong>Los dos veh\u00edculos pesados de color blanco circularon por el \u00faltimo y pen\u00faltimo carril rumbo a Tuxtla<\/strong>, y uno de \u00e9stos es el que se accident\u00f3 siete kil\u00f3metros despu\u00e9s.<\/p>\n\n\n\n<p>En el video se puede observar que en el \u00faltimo carril, a las 15:14 horas, pasa uno de los tr\u00e1ileres de color blanco, y despu\u00e9s cruza otra unidad con tractor de color verde y doble remolque; no obstante, es hasta las 15:15 horas cuando el encargado de la cabina de cobro recibe el paso y autom\u00e1ticamente se levanta la barra de acceso.<\/p>\n\n\n\n<p>Esta unidad<strong>&nbsp;tambi\u00e9n va acondicionada con cinco respiradores artificiales en la parte del techo<\/strong>, que avanza lentamente para traspasar la caseta, pero siete kil\u00f3metros adelante es cuando se accidenta.<\/p>\n\n\n\n<p>Desde el jueves que ocurri\u00f3 el accidente,\u00a0<strong>las versiones de personas se\u00f1alaban que eran dos los tr\u00e1ileres a los que se les vio pasar entre la caseta de peaje y el lugar del accidente<\/strong>. Incluso se dice que ambas unidades &#8220;iban compitiendo&#8221; en la carretera, y eso habr\u00eda sido una de las causas que provocaron el accidente.<\/p>\n\n\n\n<figure class=\"wp-block-embed is-type-rich is-provider-twitter wp-block-embed-twitter\"><div class=\"wp-block-embed__wrapper\">\n<blockquote class=\"twitter-tweet\" data-width=\"550\" data-dnt=\"true\"><p lang=\"es\" dir=\"ltr\">Fue difundido un nuevo video en el que puede verse al tr\u00e1iler cruzar una caseta de cobro sin ser revisado; 66 migrantes contin\u00faan hospitalizados en Chiapas, cinco de ellos est\u00e1n graves.<a href=\"https:\/\/twitter.com\/hashtag\/Despierta?src=hash&amp;ref_src=twsrc%5Etfw\">#Despierta<\/a> con <a href=\"https:\/\/twitter.com\/campossuarez?ref_src=twsrc%5Etfw\">@campossuarez<\/a> <a href=\"https:\/\/t.co\/FbhNd8ewd5\">pic.twitter.com\/FbhNd8ewd5<\/a><\/p>&mdash; NM\u00e1s (@nmas) <a href=\"https:\/\/twitter.com\/nmas\/status\/1470818348825034752?ref_src=twsrc%5Etfw\">December 14, 2021<\/a><\/blockquote><script async src=\"https:\/\/platform.twitter.com\/widgets.js\" charset=\"utf-8\"><\/script>\n<\/div><\/figure>\n\n\n\n<p>Ahora, con el video, se puede confirmar que son dos los tr\u00e1ileres con las mismas caracter\u00edsticas, s\u00f3lo que el primero no se le alcanza a ver la raz\u00f3n social que llevaba el cami\u00f3n que se accident\u00f3.<\/p>\n\n\n\n<p>En otro video, se puede apreciar que una hora despu\u00e9s pasan por la caseta de peaje dos veh\u00edculos Toyota del Instituto Nacional de Migraci\u00f3n (INM), que se dirigen hacia Tuxtla, probablemente procedentes de San Crist\u00f3bal, para coadyuvar en las labores de atenci\u00f3n a los heridos en el lugar del accidente.<\/p>\n\n\n\n<p>Con informaci\u00f3n de SUN <\/p>\n","protected":false},"excerpt":{"rendered":"<p>Por Redacci\u00f3n QP Testimonios se\u00f1alan que ambas unidades &#8220;iban compitiendo&#8221; en la carretera, y eso&#8230;<\/p>\n","protected":false},"author":2,"featured_media":87390,"comment_status":"open","ping_status":"open","sticky":false,"template":"","format":"standard","meta":{"_monsterinsights_skip_tracking":false,"_monsterinsights_sitenote_active":false,"_monsterinsights_sitenote_note":"","_monsterinsights_sitenote_category":0,"footnotes":""},"categories":[2],"tags":[],"class_list":["post-87389","post","type-post","status-publish","format-standard","has-post-thumbnail","hentry","category-noticias"],"yoast_head":"<!-- This site is optimized with the Yoast SEO plugin v27.3 - https:\/\/yoast.com\/product\/yoast-seo-wordpress\/ -->\n<title>Dos tr\u00e1ileres con respiradores pasaron por caseta; el segundo se accident\u00f3 en Chiapas -<\/title>\n<meta name=\"robots\" content=\"index, follow, max-snippet:-1, max-image-preview:large, max-video-preview:-1\" \/>\n<link rel=\"canonical\" href=\"https:\/\/quehacerpolitico.mx\/?p=87389\" \/>\n<meta property=\"og:locale\" content=\"es_MX\" \/>\n<meta property=\"og:type\" content=\"article\" \/>\n<meta property=\"og:title\" content=\"Dos tr\u00e1ileres con respiradores pasaron por caseta; el segundo se accident\u00f3 en Chiapas -\" \/>\n<meta property=\"og:description\" content=\"Por Redacci\u00f3n QP Testimonios se\u00f1alan que ambas unidades &#8220;iban compitiendo&#8221; en la carretera, y eso...\" \/>\n<meta property=\"og:url\" content=\"https:\/\/quehacerpolitico.mx\/?p=87389\" \/>\n<meta property=\"article:published_time\" content=\"2021-12-15T04:53:46+00:00\" \/>\n<meta property=\"article:modified_time\" content=\"2021-12-15T04:53:51+00:00\" \/>\n<meta property=\"og:image\" content=\"https:\/\/quehacerpolitico.mx\/wp-content\/uploads\/2021\/12\/1CD1D55B-D22C-46A1-8294-498FC1BA00A7.jpeg\" \/>\n\t<meta property=\"og:image:width\" content=\"1097\" \/>\n\t<meta property=\"og:image:height\" content=\"672\" \/>\n\t<meta property=\"og:image:type\" content=\"image\/jpeg\" \/>\n<meta name=\"author\" content=\"Redacci\u00f3n QP\" \/>\n<meta name=\"twitter:card\" content=\"summary_large_image\" \/>\n<meta name=\"twitter:label1\" content=\"Escrito por\" \/>\n\t<meta name=\"twitter:data1\" content=\"Redacci\u00f3n QP\" \/>\n\t<meta name=\"twitter:label2\" content=\"Tiempo de lectura\" \/>\n\t<meta name=\"twitter:data2\" content=\"2 minutos\" \/>\n<script type=\"application\/ld+json\" class=\"yoast-schema-graph\">{\"@context\":\"https:\\\/\\\/schema.org\",\"@graph\":[{\"@type\":\"Article\",\"@id\":\"https:\\\/\\\/quehacerpolitico.mx\\\/?p=87389#article\",\"isPartOf\":{\"@id\":\"https:\\\/\\\/quehacerpolitico.mx\\\/?p=87389\"},\"author\":{\"name\":\"Redacci\u00f3n QP\",\"@id\":\"https:\\\/\\\/quehacerpolitico.mx\\\/#\\\/schema\\\/person\\\/496d8ad2d1d3f8036101dca7ee39e585\"},\"headline\":\"Dos tr\u00e1ileres con respiradores pasaron por caseta; el segundo se accident\u00f3 en Chiapas\",\"datePublished\":\"2021-12-15T04:53:46+00:00\",\"dateModified\":\"2021-12-15T04:53:51+00:00\",\"mainEntityOfPage\":{\"@id\":\"https:\\\/\\\/quehacerpolitico.mx\\\/?p=87389\"},\"wordCount\":378,\"commentCount\":0,\"image\":{\"@id\":\"https:\\\/\\\/quehacerpolitico.mx\\\/?p=87389#primaryimage\"},\"thumbnailUrl\":\"https:\\\/\\\/quehacerpolitico.mx\\\/wp-content\\\/uploads\\\/2021\\\/12\\\/1CD1D55B-D22C-46A1-8294-498FC1BA00A7.jpeg\",\"articleSection\":[\"Noticias\"],\"inLanguage\":\"es\",\"potentialAction\":[{\"@type\":\"CommentAction\",\"name\":\"Comment\",\"target\":[\"https:\\\/\\\/quehacerpolitico.mx\\\/?p=87389#respond\"]}]},{\"@type\":\"WebPage\",\"@id\":\"https:\\\/\\\/quehacerpolitico.mx\\\/?p=87389\",\"url\":\"https:\\\/\\\/quehacerpolitico.mx\\\/?p=87389\",\"name\":\"Dos tr\u00e1ileres con respiradores pasaron por caseta; el segundo se accident\u00f3 en Chiapas -\",\"isPartOf\":{\"@id\":\"https:\\\/\\\/quehacerpolitico.mx\\\/#website\"},\"primaryImageOfPage\":{\"@id\":\"https:\\\/\\\/quehacerpolitico.mx\\\/?p=87389#primaryimage\"},\"image\":{\"@id\":\"https:\\\/\\\/quehacerpolitico.mx\\\/?p=87389#primaryimage\"},\"thumbnailUrl\":\"https:\\\/\\\/quehacerpolitico.mx\\\/wp-content\\\/uploads\\\/2021\\\/12\\\/1CD1D55B-D22C-46A1-8294-498FC1BA00A7.jpeg\",\"datePublished\":\"2021-12-15T04:53:46+00:00\",\"dateModified\":\"2021-12-15T04:53:51+00:00\",\"author\":{\"@id\":\"https:\\\/\\\/quehacerpolitico.mx\\\/#\\\/schema\\\/person\\\/496d8ad2d1d3f8036101dca7ee39e585\"},\"breadcrumb\":{\"@id\":\"https:\\\/\\\/quehacerpolitico.mx\\\/?p=87389#breadcrumb\"},\"inLanguage\":\"es\",\"potentialAction\":[{\"@type\":\"ReadAction\",\"target\":[\"https:\\\/\\\/quehacerpolitico.mx\\\/?p=87389\"]}]},{\"@type\":\"ImageObject\",\"inLanguage\":\"es\",\"@id\":\"https:\\\/\\\/quehacerpolitico.mx\\\/?p=87389#primaryimage\",\"url\":\"https:\\\/\\\/quehacerpolitico.mx\\\/wp-content\\\/uploads\\\/2021\\\/12\\\/1CD1D55B-D22C-46A1-8294-498FC1BA00A7.jpeg\",\"contentUrl\":\"https:\\\/\\\/quehacerpolitico.mx\\\/wp-content\\\/uploads\\\/2021\\\/12\\\/1CD1D55B-D22C-46A1-8294-498FC1BA00A7.jpeg\",\"width\":1097,\"height\":672},{\"@type\":\"BreadcrumbList\",\"@id\":\"https:\\\/\\\/quehacerpolitico.mx\\\/?p=87389#breadcrumb\",\"itemListElement\":[{\"@type\":\"ListItem\",\"position\":1,\"name\":\"Inicio\",\"item\":\"https:\\\/\\\/quehacerpolitico.mx\\\/\"},{\"@type\":\"ListItem\",\"position\":2,\"name\":\"Dos tr\u00e1ileres con respiradores pasaron por caseta; el segundo se accident\u00f3 en Chiapas\"}]},{\"@type\":\"WebSite\",\"@id\":\"https:\\\/\\\/quehacerpolitico.mx\\\/#website\",\"url\":\"https:\\\/\\\/quehacerpolitico.mx\\\/\",\"name\":\"\",\"description\":\"\",\"potentialAction\":[{\"@type\":\"SearchAction\",\"target\":{\"@type\":\"EntryPoint\",\"urlTemplate\":\"https:\\\/\\\/quehacerpolitico.mx\\\/?s={search_term_string}\"},\"query-input\":{\"@type\":\"PropertyValueSpecification\",\"valueRequired\":true,\"valueName\":\"search_term_string\"}}],\"inLanguage\":\"es\"},{\"@type\":\"Person\",\"@id\":\"https:\\\/\\\/quehacerpolitico.mx\\\/#\\\/schema\\\/person\\\/496d8ad2d1d3f8036101dca7ee39e585\",\"name\":\"Redacci\u00f3n QP\",\"image\":{\"@type\":\"ImageObject\",\"inLanguage\":\"es\",\"@id\":\"https:\\\/\\\/secure.gravatar.com\\\/avatar\\\/c7164ed6fdec453195284ad24a5ae5b6e1eed2b848477fa2a4787ba9adf39a41?s=96&d=mm&r=g\",\"url\":\"https:\\\/\\\/secure.gravatar.com\\\/avatar\\\/c7164ed6fdec453195284ad24a5ae5b6e1eed2b848477fa2a4787ba9adf39a41?s=96&d=mm&r=g\",\"contentUrl\":\"https:\\\/\\\/secure.gravatar.com\\\/avatar\\\/c7164ed6fdec453195284ad24a5ae5b6e1eed2b848477fa2a4787ba9adf39a41?s=96&d=mm&r=g\",\"caption\":\"Redacci\u00f3n QP\"},\"url\":\"https:\\\/\\\/quehacerpolitico.mx\\\/?author=2\"}]}<\/script>\n<!-- \/ Yoast SEO plugin. -->","yoast_head_json":{"title":"Dos tr\u00e1ileres con respiradores pasaron por caseta; el segundo se accident\u00f3 en Chiapas -","robots":{"index":"index","follow":"follow","max-snippet":"max-snippet:-1","max-image-preview":"max-image-preview:large","max-video-preview":"max-video-preview:-1"},"canonical":"https:\/\/quehacerpolitico.mx\/?p=87389","og_locale":"es_MX","og_type":"article","og_title":"Dos tr\u00e1ileres con respiradores pasaron por caseta; el segundo se accident\u00f3 en Chiapas -","og_description":"Por Redacci\u00f3n QP Testimonios se\u00f1alan que ambas unidades &#8220;iban compitiendo&#8221; en la carretera, y eso...","og_url":"https:\/\/quehacerpolitico.mx\/?p=87389","article_published_time":"2021-12-15T04:53:46+00:00","article_modified_time":"2021-12-15T04:53:51+00:00","og_image":[{"width":1097,"height":672,"url":"https:\/\/quehacerpolitico.mx\/wp-content\/uploads\/2021\/12\/1CD1D55B-D22C-46A1-8294-498FC1BA00A7.jpeg","type":"image\/jpeg"}],"author":"Redacci\u00f3n QP","twitter_card":"summary_large_image","twitter_misc":{"Escrito por":"Redacci\u00f3n QP","Tiempo de lectura":"2 minutos"},"schema":{"@context":"https:\/\/schema.org","@graph":[{"@type":"Article","@id":"https:\/\/quehacerpolitico.mx\/?p=87389#article","isPartOf":{"@id":"https:\/\/quehacerpolitico.mx\/?p=87389"},"author":{"name":"Redacci\u00f3n QP","@id":"https:\/\/quehacerpolitico.mx\/#\/schema\/person\/496d8ad2d1d3f8036101dca7ee39e585"},"headline":"Dos tr\u00e1ileres con respiradores pasaron por caseta; el segundo se accident\u00f3 en Chiapas","datePublished":"2021-12-15T04:53:46+00:00","dateModified":"2021-12-15T04:53:51+00:00","mainEntityOfPage":{"@id":"https:\/\/quehacerpolitico.mx\/?p=87389"},"wordCount":378,"commentCount":0,"image":{"@id":"https:\/\/quehacerpolitico.mx\/?p=87389#primaryimage"},"thumbnailUrl":"https:\/\/quehacerpolitico.mx\/wp-content\/uploads\/2021\/12\/1CD1D55B-D22C-46A1-8294-498FC1BA00A7.jpeg","articleSection":["Noticias"],"inLanguage":"es","potentialAction":[{"@type":"CommentAction","name":"Comment","target":["https:\/\/quehacerpolitico.mx\/?p=87389#respond"]}]},{"@type":"WebPage","@id":"https:\/\/quehacerpolitico.mx\/?p=87389","url":"https:\/\/quehacerpolitico.mx\/?p=87389","name":"Dos tr\u00e1ileres con respiradores pasaron por caseta; el segundo se accident\u00f3 en Chiapas -","isPartOf":{"@id":"https:\/\/quehacerpolitico.mx\/#website"},"primaryImageOfPage":{"@id":"https:\/\/quehacerpolitico.mx\/?p=87389#primaryimage"},"image":{"@id":"https:\/\/quehacerpolitico.mx\/?p=87389#primaryimage"},"thumbnailUrl":"https:\/\/quehacerpolitico.mx\/wp-content\/uploads\/2021\/12\/1CD1D55B-D22C-46A1-8294-498FC1BA00A7.jpeg","datePublished":"2021-12-15T04:53:46+00:00","dateModified":"2021-12-15T04:53:51+00:00","author":{"@id":"https:\/\/quehacerpolitico.mx\/#\/schema\/person\/496d8ad2d1d3f8036101dca7ee39e585"},"breadcrumb":{"@id":"https:\/\/quehacerpolitico.mx\/?p=87389#breadcrumb"},"inLanguage":"es","potentialAction":[{"@type":"ReadAction","target":["https:\/\/quehacerpolitico.mx\/?p=87389"]}]},{"@type":"ImageObject","inLanguage":"es","@id":"https:\/\/quehacerpolitico.mx\/?p=87389#primaryimage","url":"https:\/\/quehacerpolitico.mx\/wp-content\/uploads\/2021\/12\/1CD1D55B-D22C-46A1-8294-498FC1BA00A7.jpeg","contentUrl":"https:\/\/quehacerpolitico.mx\/wp-content\/uploads\/2021\/12\/1CD1D55B-D22C-46A1-8294-498FC1BA00A7.jpeg","width":1097,"height":672},{"@type":"BreadcrumbList","@id":"https:\/\/quehacerpolitico.mx\/?p=87389#breadcrumb","itemListElement":[{"@type":"ListItem","position":1,"name":"Inicio","item":"https:\/\/quehacerpolitico.mx\/"},{"@type":"ListItem","position":2,"name":"Dos tr\u00e1ileres con respiradores pasaron por caseta; el segundo se accident\u00f3 en Chiapas"}]},{"@type":"WebSite","@id":"https:\/\/quehacerpolitico.mx\/#website","url":"https:\/\/quehacerpolitico.mx\/","name":"","description":"","potentialAction":[{"@type":"SearchAction","target":{"@type":"EntryPoint","urlTemplate":"https:\/\/quehacerpolitico.mx\/?s={search_term_string}"},"query-input":{"@type":"PropertyValueSpecification","valueRequired":true,"valueName":"search_term_string"}}],"inLanguage":"es"},{"@type":"Person","@id":"https:\/\/quehacerpolitico.mx\/#\/schema\/person\/496d8ad2d1d3f8036101dca7ee39e585","name":"Redacci\u00f3n QP","image":{"@type":"ImageObject","inLanguage":"es","@id":"https:\/\/secure.gravatar.com\/avatar\/c7164ed6fdec453195284ad24a5ae5b6e1eed2b848477fa2a4787ba9adf39a41?s=96&d=mm&r=g","url":"https:\/\/secure.gravatar.com\/avatar\/c7164ed6fdec453195284ad24a5ae5b6e1eed2b848477fa2a4787ba9adf39a41?s=96&d=mm&r=g","contentUrl":"https:\/\/secure.gravatar.com\/avatar\/c7164ed6fdec453195284ad24a5ae5b6e1eed2b848477fa2a4787ba9adf39a41?s=96&d=mm&r=g","caption":"Redacci\u00f3n QP"},"url":"https:\/\/quehacerpolitico.mx\/?author=2"}]}},"featured_image_urls":{"full":["https:\/\/quehacerpolitico.mx\/wp-content\/uploads\/2021\/12\/1CD1D55B-D22C-46A1-8294-498FC1BA00A7.jpeg",1097,672,false],"thumbnail":["https:\/\/quehacerpolitico.mx\/wp-content\/uploads\/2021\/12\/1CD1D55B-D22C-46A1-8294-498FC1BA00A7-150x150.jpeg",150,150,true],"medium":["https:\/\/quehacerpolitico.mx\/wp-content\/uploads\/2021\/12\/1CD1D55B-D22C-46A1-8294-498FC1BA00A7-300x184.jpeg",300,184,true],"medium_large":["https:\/\/quehacerpolitico.mx\/wp-content\/uploads\/2021\/12\/1CD1D55B-D22C-46A1-8294-498FC1BA00A7-768x470.jpeg",640,392,true],"large":["https:\/\/quehacerpolitico.mx\/wp-content\/uploads\/2021\/12\/1CD1D55B-D22C-46A1-8294-498FC1BA00A7-1024x627.jpeg",640,392,true],"1536x1536":["https:\/\/quehacerpolitico.mx\/wp-content\/uploads\/2021\/12\/1CD1D55B-D22C-46A1-8294-498FC1BA00A7.jpeg",1097,672,false],"2048x2048":["https:\/\/quehacerpolitico.mx\/wp-content\/uploads\/2021\/12\/1CD1D55B-D22C-46A1-8294-498FC1BA00A7.jpeg",1097,672,false],"covernews-featured":["https:\/\/quehacerpolitico.mx\/wp-content\/uploads\/2021\/12\/1CD1D55B-D22C-46A1-8294-498FC1BA00A7.jpeg",1024,627,false],"covernews-medium":["https:\/\/quehacerpolitico.mx\/wp-content\/uploads\/2021\/12\/1CD1D55B-D22C-46A1-8294-498FC1BA00A7.jpeg",540,331,false]},"author_info":{"display_name":"Redacci\u00f3n QP","author_link":"https:\/\/quehacerpolitico.mx\/?author=2"},"category_info":"<a href=\"https:\/\/quehacerpolitico.mx\/?cat=2\" rel=\"category\">Noticias<\/a>","tag_info":"Noticias","comment_count":"0","_links":{"self":[{"href":"https:\/\/quehacerpolitico.mx\/index.php?rest_route=\/wp\/v2\/posts\/87389","targetHints":{"allow":["GET"]}}],"collection":[{"href":"https:\/\/quehacerpolitico.mx\/index.php?rest_route=\/wp\/v2\/posts"}],"about":[{"href":"https:\/\/quehacerpolitico.mx\/index.php?rest_route=\/wp\/v2\/types\/post"}],"author":[{"embeddable":true,"href":"https:\/\/quehacerpolitico.mx\/index.php?rest_route=\/wp\/v2\/users\/2"}],"replies":[{"embeddable":true,"href":"https:\/\/quehacerpolitico.mx\/index.php?rest_route=%2Fwp%2Fv2%2Fcomments&post=87389"}],"version-history":[{"count":1,"href":"https:\/\/quehacerpolitico.mx\/index.php?rest_route=\/wp\/v2\/posts\/87389\/revisions"}],"predecessor-version":[{"id":87391,"href":"https:\/\/quehacerpolitico.mx\/index.php?rest_route=\/wp\/v2\/posts\/87389\/revisions\/87391"}],"wp:featuredmedia":[{"embeddable":true,"href":"https:\/\/quehacerpolitico.mx\/index.php?rest_route=\/wp\/v2\/media\/87390"}],"wp:attachment":[{"href":"https:\/\/quehacerpolitico.mx\/index.php?rest_route=%2Fwp%2Fv2%2Fmedia&parent=87389"}],"wp:term":[{"taxonomy":"category","embeddable":true,"href":"https:\/\/quehacerpolitico.mx\/index.php?rest_route=%2Fwp%2Fv2%2Fcategories&post=87389"},{"taxonomy":"post_tag","embeddable":true,"href":"https:\/\/quehacerpolitico.mx\/index.php?rest_route=%2Fwp%2Fv2%2Ftags&post=87389"}],"curies":[{"name":"wp","href":"https:\/\/api.w.org\/{rel}","templated":true}]}}