{"id":87380,"date":"2021-12-14T20:06:32","date_gmt":"2021-12-14T20:06:32","guid":{"rendered":"https:\/\/quehacerpolitico.mx\/?p=87380"},"modified":"2021-12-14T20:06:35","modified_gmt":"2021-12-14T20:06:35","slug":"fernandez-norona-comparte-imagen-donde-margarita-zavala-lo-apoya-para-elecciones-de-2024","status":"publish","type":"post","link":"https:\/\/quehacerpolitico.mx\/?p=87380","title":{"rendered":"Fern\u00e1ndez Noro\u00f1a comparte imagen donde Margarita Zavala &#8220;lo apoya&#8221; para elecciones de 2024"},"content":{"rendered":"\n<p>Por Redacci\u00f3n QP<\/p>\n\n\n\n<p>Seg\u00fan una encuesta que Fern\u00e1ndez Noro\u00f1a comparti\u00f3 en Facebook, \u00e9l es el &#8220;sucesor ideal&#8221; de AMLO en 2024<\/p>\n\n\n\n<p>Gerardo Fern\u00e1ndez Noro\u00f1a, diputado y aspirante a la presidencia en 2024, comparti\u00f3 en sus redes sociales una imagen editada por uno de sus seguidores,&nbsp;<strong>en la imagen compartida se ve a la diputada panista y anterior candidata a la presidencia Margarita Zavala mostrando apoyo a Fern\u00e1ndez Noro\u00f1a.<\/strong><\/p>\n\n\n\n<p>La imagen dice \u201cNoro\u00f1a presidente 4T\u201d, y el usuario Andres Deantes escribi\u00f3 con la imagen<strong>\u00a0&#8220;Do\u00f1a Margarita a favor de lo mejor para el pa\u00eds&#8221;<\/strong><\/p>\n\n\n\n<figure class=\"wp-block-embed is-type-rich is-provider-twitter wp-block-embed-twitter\"><div class=\"wp-block-embed__wrapper\">\n<blockquote class=\"twitter-tweet\" data-width=\"550\" data-dnt=\"true\"><p lang=\"es\" dir=\"ltr\">Los paniaguados ya entraron en raz\u00f3n. <a href=\"https:\/\/t.co\/Bu2OSLhjag\">https:\/\/t.co\/Bu2OSLhjag<\/a><\/p>&mdash; Fern\u00e1ndez Noro\u00f1a (@fernandeznorona) <a href=\"https:\/\/twitter.com\/fernandeznorona\/status\/1470587904124760066?ref_src=twsrc%5Etfw\">December 14, 2021<\/a><\/blockquote><script async src=\"https:\/\/platform.twitter.com\/widgets.js\" charset=\"utf-8\"><\/script>\n<\/div><\/figure>\n\n\n\n<p><strong>&#8220;Los paniaguados ya entraron en raz\u00f3n&#8221;<\/strong>, respondi\u00f3 Fern\u00e1ndez Noro\u00f1a al compartir la publicaci\u00f3n.<\/p>\n\n\n\n<p>Fern\u00e1ndez Noro\u00f1a les dice &#8220;paniaguados&#8221; a los panistas pues seg\u00fan la Real Academia Espa\u00f1ola, son personas allegadas a otras y favorecidas.<\/p>\n\n\n\n<h2 class=\"wp-block-heading\"><strong>Fern\u00e1ndez Noro\u00f1a: &#8220;Me sentir\u00eda muy honrado de ser el inquilino de Palacio Nacional\u201d<\/strong><\/h2>\n\n\n\n<p>En la tribuna de la C\u00e1mara de Diputados, Gerardo Noro\u00f1a expres\u00f3:<strong>\u00a0&#8220;Larga vida al compa\u00f1ero presidente L\u00f3pez Obrador, larga vida a esta revoluci\u00f3n sin violencia que es la Cuarta Transformaci\u00f3n&#8221;.<\/strong><\/p>\n\n\n\n<p>En sus activas redes sociales, el vicecoordinador del Partido del Trabajo en San L\u00e1zaro,&nbsp;<strong>coment\u00f3 que tuvo que defender ante tribuna al canciller Marcelo Ebrad y la jefa de gobierno Claudia Sheinbaum:<\/strong>&nbsp;&#8220;Monreal puede ser un candidato de ustedes, ciertamente, pero no creo que acepte semejante indignidad. Entonces vienen a atacar aqu\u00ed a muy valiosos compa\u00f1eros como&nbsp;<strong>el canciller Marcelo Ebrard, que ha hecho un trabajo espl\u00e9ndido,<\/strong>&nbsp;brillante, verdaderamente destacable(&#8230;) O a&nbsp;<strong>la compa\u00f1era Claudia Sheinbaum que ha hecho un trabajo extraordinario&nbsp;<\/strong>como jefa de Gobierno en la capital del pa\u00eds&#8221;, declar\u00f3 Fern\u00e1ndez Noro\u00f1a.<\/p>\n\n\n\n<p><strong>Mientras lo hac\u00eda, una diputada de Morena grit\u00f3: &#8220;pr\u00f3xima presidenta&#8221;.<\/strong><\/p>\n\n\n\n<p>A lo que recibi\u00f3 respuesta de Noro\u00f1a:<strong>&nbsp;&#8220;Qui\u00e9n sabe, no me subestimes compa\u00f1era, qui\u00e9n sabe&#8221;.<\/strong><\/p>\n\n\n\n<h2 class=\"wp-block-heading\"><strong>El diputado comparti\u00f3 un sondeo donde se coloca&nbsp;como &#8220;sucesor ideal&#8221; del presidente&nbsp;para 2024<\/strong><\/h2>\n\n\n\n<p>EL futuro candidato para la presidencia de 2024,&nbsp;<strong>Fern\u00e1ndez Noro\u00f1a public\u00f3 un sondeo hecho en Facebook&nbsp;<\/strong>por la p\u00e1gina &#8220;TuProfeDeRi Jes\u00fas L\u00f3pez Almejo&#8221;<\/p>\n\n\n\n<p>&#8220;De los funcionarios mexicanos que han hecho p\u00fablicas a candidatura presidencial para 2024, \u00bfqui\u00e9n te parece el sucesor ideal de AMLO yendo en alianza por Morena, PT y Verde?&#8221;, se cuestiona la publicaci\u00f3n.<\/p>\n\n\n\n<p>Los resultados colocaron a Monreal con el 1% y a Caludia Sheinbaum con 21%,&nbsp;<strong>mientras que Ebrad con un 36% y el mismo Noro\u00f1a con 43% ocupaban los primeros lugares<\/strong>,&nbsp;<strong>sin embargo la lista se realiz\u00f3 con apenas dos mil votantes.<\/strong><\/p>\n\n\n\n<p>&#8220;una encuesta se realiza con una muestra representativa bajo un muestreo estad\u00edstico&#8221;. puntualiz\u00f3 Gerardo Fern\u00e1ndez Noro\u00f1a.<\/p>\n\n\n\n<figure class=\"wp-block-image\"><img decoding=\"async\" src=\"https:\/\/www.informador.mx\/export\/sites\/elinformador\/img\/2021\/12\/14\/encunoro.png_857511098.png\" alt=\"\" title=\"\"\/><\/figure>\n\n\n\n<p>TWITTER \/ @fernandeznorona<\/p>\n\n\n\n<p>Con Informaci\u00f3n de SUN<\/p>\n","protected":false},"excerpt":{"rendered":"<p>Por Redacci\u00f3n QP Seg\u00fan una encuesta que Fern\u00e1ndez Noro\u00f1a comparti\u00f3 en Facebook, \u00e9l es el&#8230;<\/p>\n","protected":false},"author":2,"featured_media":87381,"comment_status":"open","ping_status":"open","sticky":false,"template":"","format":"standard","meta":{"_monsterinsights_skip_tracking":false,"_monsterinsights_sitenote_active":false,"_monsterinsights_sitenote_note":"","_monsterinsights_sitenote_category":0,"footnotes":""},"categories":[2],"tags":[],"class_list":["post-87380","post","type-post","status-publish","format-standard","has-post-thumbnail","hentry","category-noticias"],"yoast_head":"<!-- This site is optimized with the Yoast SEO plugin v27.3 - https:\/\/yoast.com\/product\/yoast-seo-wordpress\/ -->\n<title>Fern\u00e1ndez Noro\u00f1a comparte imagen donde Margarita Zavala &quot;lo apoya&quot; para elecciones de 2024 -<\/title>\n<meta name=\"robots\" content=\"index, follow, max-snippet:-1, max-image-preview:large, max-video-preview:-1\" \/>\n<link rel=\"canonical\" href=\"https:\/\/quehacerpolitico.mx\/?p=87380\" \/>\n<meta property=\"og:locale\" content=\"es_MX\" \/>\n<meta property=\"og:type\" content=\"article\" \/>\n<meta property=\"og:title\" content=\"Fern\u00e1ndez Noro\u00f1a comparte imagen donde Margarita Zavala &quot;lo apoya&quot; para elecciones de 2024 -\" \/>\n<meta property=\"og:description\" content=\"Por Redacci\u00f3n QP Seg\u00fan una encuesta que Fern\u00e1ndez Noro\u00f1a comparti\u00f3 en Facebook, \u00e9l es el...\" \/>\n<meta property=\"og:url\" content=\"https:\/\/quehacerpolitico.mx\/?p=87380\" \/>\n<meta property=\"article:published_time\" content=\"2021-12-14T20:06:32+00:00\" \/>\n<meta property=\"article:modified_time\" content=\"2021-12-14T20:06:35+00:00\" \/>\n<meta property=\"og:image\" content=\"https:\/\/quehacerpolitico.mx\/wp-content\/uploads\/2021\/12\/4F7E06B0-D92A-40EF-92E6-3E2B4EE4EB2B.jpeg\" \/>\n\t<meta property=\"og:image:width\" content=\"783\" \/>\n\t<meta property=\"og:image:height\" content=\"391\" \/>\n\t<meta property=\"og:image:type\" content=\"image\/jpeg\" \/>\n<meta name=\"author\" content=\"Redacci\u00f3n QP\" \/>\n<meta name=\"twitter:card\" content=\"summary_large_image\" \/>\n<meta name=\"twitter:label1\" content=\"Escrito por\" \/>\n\t<meta name=\"twitter:data1\" content=\"Redacci\u00f3n QP\" \/>\n\t<meta name=\"twitter:label2\" content=\"Tiempo de lectura\" \/>\n\t<meta name=\"twitter:data2\" content=\"2 minutos\" \/>\n<script type=\"application\/ld+json\" class=\"yoast-schema-graph\">{\"@context\":\"https:\\\/\\\/schema.org\",\"@graph\":[{\"@type\":\"Article\",\"@id\":\"https:\\\/\\\/quehacerpolitico.mx\\\/?p=87380#article\",\"isPartOf\":{\"@id\":\"https:\\\/\\\/quehacerpolitico.mx\\\/?p=87380\"},\"author\":{\"name\":\"Redacci\u00f3n QP\",\"@id\":\"https:\\\/\\\/quehacerpolitico.mx\\\/#\\\/schema\\\/person\\\/496d8ad2d1d3f8036101dca7ee39e585\"},\"headline\":\"Fern\u00e1ndez Noro\u00f1a comparte imagen donde Margarita Zavala &#8220;lo apoya&#8221; para elecciones de 2024\",\"datePublished\":\"2021-12-14T20:06:32+00:00\",\"dateModified\":\"2021-12-14T20:06:35+00:00\",\"mainEntityOfPage\":{\"@id\":\"https:\\\/\\\/quehacerpolitico.mx\\\/?p=87380\"},\"wordCount\":502,\"commentCount\":0,\"image\":{\"@id\":\"https:\\\/\\\/quehacerpolitico.mx\\\/?p=87380#primaryimage\"},\"thumbnailUrl\":\"https:\\\/\\\/quehacerpolitico.mx\\\/wp-content\\\/uploads\\\/2021\\\/12\\\/4F7E06B0-D92A-40EF-92E6-3E2B4EE4EB2B.jpeg\",\"articleSection\":[\"Noticias\"],\"inLanguage\":\"es\",\"potentialAction\":[{\"@type\":\"CommentAction\",\"name\":\"Comment\",\"target\":[\"https:\\\/\\\/quehacerpolitico.mx\\\/?p=87380#respond\"]}]},{\"@type\":\"WebPage\",\"@id\":\"https:\\\/\\\/quehacerpolitico.mx\\\/?p=87380\",\"url\":\"https:\\\/\\\/quehacerpolitico.mx\\\/?p=87380\",\"name\":\"Fern\u00e1ndez Noro\u00f1a comparte imagen donde Margarita Zavala \\\"lo apoya\\\" para elecciones de 2024 -\",\"isPartOf\":{\"@id\":\"https:\\\/\\\/quehacerpolitico.mx\\\/#website\"},\"primaryImageOfPage\":{\"@id\":\"https:\\\/\\\/quehacerpolitico.mx\\\/?p=87380#primaryimage\"},\"image\":{\"@id\":\"https:\\\/\\\/quehacerpolitico.mx\\\/?p=87380#primaryimage\"},\"thumbnailUrl\":\"https:\\\/\\\/quehacerpolitico.mx\\\/wp-content\\\/uploads\\\/2021\\\/12\\\/4F7E06B0-D92A-40EF-92E6-3E2B4EE4EB2B.jpeg\",\"datePublished\":\"2021-12-14T20:06:32+00:00\",\"dateModified\":\"2021-12-14T20:06:35+00:00\",\"author\":{\"@id\":\"https:\\\/\\\/quehacerpolitico.mx\\\/#\\\/schema\\\/person\\\/496d8ad2d1d3f8036101dca7ee39e585\"},\"breadcrumb\":{\"@id\":\"https:\\\/\\\/quehacerpolitico.mx\\\/?p=87380#breadcrumb\"},\"inLanguage\":\"es\",\"potentialAction\":[{\"@type\":\"ReadAction\",\"target\":[\"https:\\\/\\\/quehacerpolitico.mx\\\/?p=87380\"]}]},{\"@type\":\"ImageObject\",\"inLanguage\":\"es\",\"@id\":\"https:\\\/\\\/quehacerpolitico.mx\\\/?p=87380#primaryimage\",\"url\":\"https:\\\/\\\/quehacerpolitico.mx\\\/wp-content\\\/uploads\\\/2021\\\/12\\\/4F7E06B0-D92A-40EF-92E6-3E2B4EE4EB2B.jpeg\",\"contentUrl\":\"https:\\\/\\\/quehacerpolitico.mx\\\/wp-content\\\/uploads\\\/2021\\\/12\\\/4F7E06B0-D92A-40EF-92E6-3E2B4EE4EB2B.jpeg\",\"width\":783,\"height\":391},{\"@type\":\"BreadcrumbList\",\"@id\":\"https:\\\/\\\/quehacerpolitico.mx\\\/?p=87380#breadcrumb\",\"itemListElement\":[{\"@type\":\"ListItem\",\"position\":1,\"name\":\"Inicio\",\"item\":\"https:\\\/\\\/quehacerpolitico.mx\\\/\"},{\"@type\":\"ListItem\",\"position\":2,\"name\":\"Fern\u00e1ndez Noro\u00f1a comparte imagen donde Margarita Zavala &#8220;lo apoya&#8221; para elecciones de 2024\"}]},{\"@type\":\"WebSite\",\"@id\":\"https:\\\/\\\/quehacerpolitico.mx\\\/#website\",\"url\":\"https:\\\/\\\/quehacerpolitico.mx\\\/\",\"name\":\"\",\"description\":\"\",\"potentialAction\":[{\"@type\":\"SearchAction\",\"target\":{\"@type\":\"EntryPoint\",\"urlTemplate\":\"https:\\\/\\\/quehacerpolitico.mx\\\/?s={search_term_string}\"},\"query-input\":{\"@type\":\"PropertyValueSpecification\",\"valueRequired\":true,\"valueName\":\"search_term_string\"}}],\"inLanguage\":\"es\"},{\"@type\":\"Person\",\"@id\":\"https:\\\/\\\/quehacerpolitico.mx\\\/#\\\/schema\\\/person\\\/496d8ad2d1d3f8036101dca7ee39e585\",\"name\":\"Redacci\u00f3n QP\",\"image\":{\"@type\":\"ImageObject\",\"inLanguage\":\"es\",\"@id\":\"https:\\\/\\\/secure.gravatar.com\\\/avatar\\\/c7164ed6fdec453195284ad24a5ae5b6e1eed2b848477fa2a4787ba9adf39a41?s=96&d=mm&r=g\",\"url\":\"https:\\\/\\\/secure.gravatar.com\\\/avatar\\\/c7164ed6fdec453195284ad24a5ae5b6e1eed2b848477fa2a4787ba9adf39a41?s=96&d=mm&r=g\",\"contentUrl\":\"https:\\\/\\\/secure.gravatar.com\\\/avatar\\\/c7164ed6fdec453195284ad24a5ae5b6e1eed2b848477fa2a4787ba9adf39a41?s=96&d=mm&r=g\",\"caption\":\"Redacci\u00f3n QP\"},\"url\":\"https:\\\/\\\/quehacerpolitico.mx\\\/?author=2\"}]}<\/script>\n<!-- \/ Yoast SEO plugin. -->","yoast_head_json":{"title":"Fern\u00e1ndez Noro\u00f1a comparte imagen donde Margarita Zavala \"lo apoya\" para elecciones de 2024 -","robots":{"index":"index","follow":"follow","max-snippet":"max-snippet:-1","max-image-preview":"max-image-preview:large","max-video-preview":"max-video-preview:-1"},"canonical":"https:\/\/quehacerpolitico.mx\/?p=87380","og_locale":"es_MX","og_type":"article","og_title":"Fern\u00e1ndez Noro\u00f1a comparte imagen donde Margarita Zavala \"lo apoya\" para elecciones de 2024 -","og_description":"Por Redacci\u00f3n QP Seg\u00fan una encuesta que Fern\u00e1ndez Noro\u00f1a comparti\u00f3 en Facebook, \u00e9l es el...","og_url":"https:\/\/quehacerpolitico.mx\/?p=87380","article_published_time":"2021-12-14T20:06:32+00:00","article_modified_time":"2021-12-14T20:06:35+00:00","og_image":[{"width":783,"height":391,"url":"https:\/\/quehacerpolitico.mx\/wp-content\/uploads\/2021\/12\/4F7E06B0-D92A-40EF-92E6-3E2B4EE4EB2B.jpeg","type":"image\/jpeg"}],"author":"Redacci\u00f3n QP","twitter_card":"summary_large_image","twitter_misc":{"Escrito por":"Redacci\u00f3n QP","Tiempo de lectura":"2 minutos"},"schema":{"@context":"https:\/\/schema.org","@graph":[{"@type":"Article","@id":"https:\/\/quehacerpolitico.mx\/?p=87380#article","isPartOf":{"@id":"https:\/\/quehacerpolitico.mx\/?p=87380"},"author":{"name":"Redacci\u00f3n QP","@id":"https:\/\/quehacerpolitico.mx\/#\/schema\/person\/496d8ad2d1d3f8036101dca7ee39e585"},"headline":"Fern\u00e1ndez Noro\u00f1a comparte imagen donde Margarita Zavala &#8220;lo apoya&#8221; para elecciones de 2024","datePublished":"2021-12-14T20:06:32+00:00","dateModified":"2021-12-14T20:06:35+00:00","mainEntityOfPage":{"@id":"https:\/\/quehacerpolitico.mx\/?p=87380"},"wordCount":502,"commentCount":0,"image":{"@id":"https:\/\/quehacerpolitico.mx\/?p=87380#primaryimage"},"thumbnailUrl":"https:\/\/quehacerpolitico.mx\/wp-content\/uploads\/2021\/12\/4F7E06B0-D92A-40EF-92E6-3E2B4EE4EB2B.jpeg","articleSection":["Noticias"],"inLanguage":"es","potentialAction":[{"@type":"CommentAction","name":"Comment","target":["https:\/\/quehacerpolitico.mx\/?p=87380#respond"]}]},{"@type":"WebPage","@id":"https:\/\/quehacerpolitico.mx\/?p=87380","url":"https:\/\/quehacerpolitico.mx\/?p=87380","name":"Fern\u00e1ndez Noro\u00f1a comparte imagen donde Margarita Zavala \"lo apoya\" para elecciones de 2024 -","isPartOf":{"@id":"https:\/\/quehacerpolitico.mx\/#website"},"primaryImageOfPage":{"@id":"https:\/\/quehacerpolitico.mx\/?p=87380#primaryimage"},"image":{"@id":"https:\/\/quehacerpolitico.mx\/?p=87380#primaryimage"},"thumbnailUrl":"https:\/\/quehacerpolitico.mx\/wp-content\/uploads\/2021\/12\/4F7E06B0-D92A-40EF-92E6-3E2B4EE4EB2B.jpeg","datePublished":"2021-12-14T20:06:32+00:00","dateModified":"2021-12-14T20:06:35+00:00","author":{"@id":"https:\/\/quehacerpolitico.mx\/#\/schema\/person\/496d8ad2d1d3f8036101dca7ee39e585"},"breadcrumb":{"@id":"https:\/\/quehacerpolitico.mx\/?p=87380#breadcrumb"},"inLanguage":"es","potentialAction":[{"@type":"ReadAction","target":["https:\/\/quehacerpolitico.mx\/?p=87380"]}]},{"@type":"ImageObject","inLanguage":"es","@id":"https:\/\/quehacerpolitico.mx\/?p=87380#primaryimage","url":"https:\/\/quehacerpolitico.mx\/wp-content\/uploads\/2021\/12\/4F7E06B0-D92A-40EF-92E6-3E2B4EE4EB2B.jpeg","contentUrl":"https:\/\/quehacerpolitico.mx\/wp-content\/uploads\/2021\/12\/4F7E06B0-D92A-40EF-92E6-3E2B4EE4EB2B.jpeg","width":783,"height":391},{"@type":"BreadcrumbList","@id":"https:\/\/quehacerpolitico.mx\/?p=87380#breadcrumb","itemListElement":[{"@type":"ListItem","position":1,"name":"Inicio","item":"https:\/\/quehacerpolitico.mx\/"},{"@type":"ListItem","position":2,"name":"Fern\u00e1ndez Noro\u00f1a comparte imagen donde Margarita Zavala &#8220;lo apoya&#8221; para elecciones de 2024"}]},{"@type":"WebSite","@id":"https:\/\/quehacerpolitico.mx\/#website","url":"https:\/\/quehacerpolitico.mx\/","name":"","description":"","potentialAction":[{"@type":"SearchAction","target":{"@type":"EntryPoint","urlTemplate":"https:\/\/quehacerpolitico.mx\/?s={search_term_string}"},"query-input":{"@type":"PropertyValueSpecification","valueRequired":true,"valueName":"search_term_string"}}],"inLanguage":"es"},{"@type":"Person","@id":"https:\/\/quehacerpolitico.mx\/#\/schema\/person\/496d8ad2d1d3f8036101dca7ee39e585","name":"Redacci\u00f3n QP","image":{"@type":"ImageObject","inLanguage":"es","@id":"https:\/\/secure.gravatar.com\/avatar\/c7164ed6fdec453195284ad24a5ae5b6e1eed2b848477fa2a4787ba9adf39a41?s=96&d=mm&r=g","url":"https:\/\/secure.gravatar.com\/avatar\/c7164ed6fdec453195284ad24a5ae5b6e1eed2b848477fa2a4787ba9adf39a41?s=96&d=mm&r=g","contentUrl":"https:\/\/secure.gravatar.com\/avatar\/c7164ed6fdec453195284ad24a5ae5b6e1eed2b848477fa2a4787ba9adf39a41?s=96&d=mm&r=g","caption":"Redacci\u00f3n QP"},"url":"https:\/\/quehacerpolitico.mx\/?author=2"}]}},"featured_image_urls":{"full":["https:\/\/quehacerpolitico.mx\/wp-content\/uploads\/2021\/12\/4F7E06B0-D92A-40EF-92E6-3E2B4EE4EB2B.jpeg",783,391,false],"thumbnail":["https:\/\/quehacerpolitico.mx\/wp-content\/uploads\/2021\/12\/4F7E06B0-D92A-40EF-92E6-3E2B4EE4EB2B-150x150.jpeg",150,150,true],"medium":["https:\/\/quehacerpolitico.mx\/wp-content\/uploads\/2021\/12\/4F7E06B0-D92A-40EF-92E6-3E2B4EE4EB2B-300x150.jpeg",300,150,true],"medium_large":["https:\/\/quehacerpolitico.mx\/wp-content\/uploads\/2021\/12\/4F7E06B0-D92A-40EF-92E6-3E2B4EE4EB2B-768x384.jpeg",640,320,true],"large":["https:\/\/quehacerpolitico.mx\/wp-content\/uploads\/2021\/12\/4F7E06B0-D92A-40EF-92E6-3E2B4EE4EB2B.jpeg",640,320,false],"1536x1536":["https:\/\/quehacerpolitico.mx\/wp-content\/uploads\/2021\/12\/4F7E06B0-D92A-40EF-92E6-3E2B4EE4EB2B.jpeg",783,391,false],"2048x2048":["https:\/\/quehacerpolitico.mx\/wp-content\/uploads\/2021\/12\/4F7E06B0-D92A-40EF-92E6-3E2B4EE4EB2B.jpeg",783,391,false],"covernews-featured":["https:\/\/quehacerpolitico.mx\/wp-content\/uploads\/2021\/12\/4F7E06B0-D92A-40EF-92E6-3E2B4EE4EB2B.jpeg",783,391,false],"covernews-medium":["https:\/\/quehacerpolitico.mx\/wp-content\/uploads\/2021\/12\/4F7E06B0-D92A-40EF-92E6-3E2B4EE4EB2B.jpeg",540,270,false]},"author_info":{"display_name":"Redacci\u00f3n QP","author_link":"https:\/\/quehacerpolitico.mx\/?author=2"},"category_info":"<a href=\"https:\/\/quehacerpolitico.mx\/?cat=2\" rel=\"category\">Noticias<\/a>","tag_info":"Noticias","comment_count":"0","_links":{"self":[{"href":"https:\/\/quehacerpolitico.mx\/index.php?rest_route=\/wp\/v2\/posts\/87380","targetHints":{"allow":["GET"]}}],"collection":[{"href":"https:\/\/quehacerpolitico.mx\/index.php?rest_route=\/wp\/v2\/posts"}],"about":[{"href":"https:\/\/quehacerpolitico.mx\/index.php?rest_route=\/wp\/v2\/types\/post"}],"author":[{"embeddable":true,"href":"https:\/\/quehacerpolitico.mx\/index.php?rest_route=\/wp\/v2\/users\/2"}],"replies":[{"embeddable":true,"href":"https:\/\/quehacerpolitico.mx\/index.php?rest_route=%2Fwp%2Fv2%2Fcomments&post=87380"}],"version-history":[{"count":1,"href":"https:\/\/quehacerpolitico.mx\/index.php?rest_route=\/wp\/v2\/posts\/87380\/revisions"}],"predecessor-version":[{"id":87382,"href":"https:\/\/quehacerpolitico.mx\/index.php?rest_route=\/wp\/v2\/posts\/87380\/revisions\/87382"}],"wp:featuredmedia":[{"embeddable":true,"href":"https:\/\/quehacerpolitico.mx\/index.php?rest_route=\/wp\/v2\/media\/87381"}],"wp:attachment":[{"href":"https:\/\/quehacerpolitico.mx\/index.php?rest_route=%2Fwp%2Fv2%2Fmedia&parent=87380"}],"wp:term":[{"taxonomy":"category","embeddable":true,"href":"https:\/\/quehacerpolitico.mx\/index.php?rest_route=%2Fwp%2Fv2%2Fcategories&post=87380"},{"taxonomy":"post_tag","embeddable":true,"href":"https:\/\/quehacerpolitico.mx\/index.php?rest_route=%2Fwp%2Fv2%2Ftags&post=87380"}],"curies":[{"name":"wp","href":"https:\/\/api.w.org\/{rel}","templated":true}]}}