{"id":87377,"date":"2021-12-14T19:51:11","date_gmt":"2021-12-14T19:51:11","guid":{"rendered":"https:\/\/quehacerpolitico.mx\/?p=87377"},"modified":"2021-12-14T19:51:15","modified_gmt":"2021-12-14T19:51:15","slug":"marcelo-ebrad-dice-que-mexico-es-el-septimo-lugar-de-vacunados-a-nivel-mundial","status":"publish","type":"post","link":"https:\/\/quehacerpolitico.mx\/?p=87377","title":{"rendered":"Marcelo Ebrad dice que M\u00e9xico es el s\u00e9ptimo lugar de vacunados a nivel mundial"},"content":{"rendered":"\n<p>Por Redacci\u00f3n QP<\/p>\n\n\n\n<p>En &#8220;la ma\u00f1anera&#8221; el canciller, Marcelo Ebrad asegura que M\u00e9xico cuenta con 80 millones de personas vacunadas, por lo que califica c\u00f3mo exitosa la estrategia del pa\u00eds contra la pandemia<\/p>\n\n\n\n<p><strong>Hace un a\u00f1o, M\u00e9xico se convirti\u00f3 en el primer pa\u00eds en Am\u00e9rica Latina en tener vacunas contra el COVID-19\u00a0<\/strong>y se prev\u00e9 que antes de que termine este a\u00f1o lleguen m\u00e1s de 200 millones de dosis, por lo que el secretario de Relaciones Exteriores (SRE)\u00a0<strong>Marcelo Ebrad ha calificado la estrategia con la que M\u00e9xico ha enfrentado la pandemia c\u00f3mo exitosa.<\/strong><\/p>\n\n\n\n<p>&#8220;A un a\u00f1o de que se inici\u00f3 la estrategia que instruy\u00f3 el Presidente sobre vacunas fuimos el primer pa\u00eds en Am\u00e9rica Latina en tener vacunas, el 23 de diciembre se cumple un a\u00f1o,<strong>\u00a0vamos a tener cerca de 200 millones este a\u00f1o, que es la meta que se nos hab\u00eda puesto<\/strong>(..)\u201d se\u00f1al\u00f3 el secretario Marcelo Ebrad.<\/p>\n\n\n\n<figure class=\"wp-block-image\"><img decoding=\"async\" src=\"https:\/\/www.informador.mx\/export\/sites\/elinformador\/img\/2021\/12\/14\/teewt.jpg_75838967.jpg\" alt=\"\" title=\"\"\/><\/figure>\n\n\n\n<p>En la conferencia de prensa matutina del presidente Lopez Obrador,\u00a0<strong>el secretario se\u00f1al\u00f3 que m\u00e1s de 80 millones de mexicanos han sido inmunizados contra la pandemia<\/strong>, adem\u00e1s a\u00f1adi\u00f3 que as\u00ed,\u00a0<strong>M\u00e9xico ha ocupado el s\u00e9ptimo lugar en cuesti\u00f3n de pa\u00edses con m\u00e1s vacunas aplicadas a nivel mundial.<\/strong><\/p>\n\n\n\n<p><strong>&#8220;Tenemos m\u00e1s de 80 millones de personas ya protegidas,\u00a037% de las vacunas han sido envasadas en M\u00e9xico<\/strong>\u00a0y somos el s\u00e9ptimo pa\u00eds con m\u00e1s vacunas aplicadas en n\u00fameros absolutos&#8221;, concluy\u00f3\u00a0el canciller Marcelo Ebrad.<\/p>\n\n\n\n<figure class=\"wp-block-embed is-type-video is-provider-youtube wp-block-embed-youtube wp-embed-aspect-16-9 wp-has-aspect-ratio\"><div class=\"wp-block-embed__wrapper\">\n<iframe loading=\"lazy\" title=\"M\u00e9xico es el s\u00e9ptimo pa\u00eds con m\u00e1s vacunas aplicadas en el mundo: Ebrard\" width=\"640\" height=\"360\" src=\"https:\/\/www.youtube.com\/embed\/RsZUmKxOAK0?feature=oembed\" frameborder=\"0\" allow=\"accelerometer; autoplay; clipboard-write; encrypted-media; gyroscope; picture-in-picture; web-share\" referrerpolicy=\"strict-origin-when-cross-origin\" allowfullscreen><\/iframe>\n<\/div><\/figure>\n\n\n\n<p>Con Informaci\u00f3n de SUN<\/p>\n","protected":false},"excerpt":{"rendered":"<p>Por Redacci\u00f3n QP En &#8220;la ma\u00f1anera&#8221; el canciller, Marcelo Ebrad asegura que M\u00e9xico cuenta con&#8230;<\/p>\n","protected":false},"author":2,"featured_media":87378,"comment_status":"open","ping_status":"open","sticky":false,"template":"","format":"standard","meta":{"_monsterinsights_skip_tracking":false,"_monsterinsights_sitenote_active":false,"_monsterinsights_sitenote_note":"","_monsterinsights_sitenote_category":0,"footnotes":""},"categories":[2],"tags":[],"class_list":["post-87377","post","type-post","status-publish","format-standard","has-post-thumbnail","hentry","category-noticias"],"yoast_head":"<!-- This site is optimized with the Yoast SEO plugin v27.3 - https:\/\/yoast.com\/product\/yoast-seo-wordpress\/ -->\n<title>Marcelo Ebrad dice que M\u00e9xico es el s\u00e9ptimo lugar de vacunados a nivel mundial -<\/title>\n<meta name=\"robots\" content=\"index, follow, max-snippet:-1, max-image-preview:large, max-video-preview:-1\" \/>\n<link rel=\"canonical\" href=\"https:\/\/quehacerpolitico.mx\/?p=87377\" \/>\n<meta property=\"og:locale\" content=\"es_MX\" \/>\n<meta property=\"og:type\" content=\"article\" \/>\n<meta property=\"og:title\" content=\"Marcelo Ebrad dice que M\u00e9xico es el s\u00e9ptimo lugar de vacunados a nivel mundial -\" \/>\n<meta property=\"og:description\" content=\"Por Redacci\u00f3n QP En &#8220;la ma\u00f1anera&#8221; el canciller, Marcelo Ebrad asegura que M\u00e9xico cuenta con...\" \/>\n<meta property=\"og:url\" content=\"https:\/\/quehacerpolitico.mx\/?p=87377\" \/>\n<meta property=\"article:published_time\" content=\"2021-12-14T19:51:11+00:00\" \/>\n<meta property=\"article:modified_time\" content=\"2021-12-14T19:51:15+00:00\" \/>\n<meta property=\"og:image\" content=\"https:\/\/quehacerpolitico.mx\/wp-content\/uploads\/2021\/12\/5F8D58E3-74DE-498B-B2A2-8CC6B81EA876.jpeg\" \/>\n\t<meta property=\"og:image:width\" content=\"956\" \/>\n\t<meta property=\"og:image:height\" content=\"715\" \/>\n\t<meta property=\"og:image:type\" content=\"image\/jpeg\" \/>\n<meta name=\"author\" content=\"Redacci\u00f3n QP\" \/>\n<meta name=\"twitter:card\" content=\"summary_large_image\" \/>\n<meta name=\"twitter:label1\" content=\"Escrito por\" \/>\n\t<meta name=\"twitter:data1\" content=\"Redacci\u00f3n QP\" \/>\n\t<meta name=\"twitter:label2\" content=\"Tiempo de lectura\" \/>\n\t<meta name=\"twitter:data2\" content=\"1 minuto\" \/>\n<script type=\"application\/ld+json\" class=\"yoast-schema-graph\">{\"@context\":\"https:\\\/\\\/schema.org\",\"@graph\":[{\"@type\":\"Article\",\"@id\":\"https:\\\/\\\/quehacerpolitico.mx\\\/?p=87377#article\",\"isPartOf\":{\"@id\":\"https:\\\/\\\/quehacerpolitico.mx\\\/?p=87377\"},\"author\":{\"name\":\"Redacci\u00f3n QP\",\"@id\":\"https:\\\/\\\/quehacerpolitico.mx\\\/#\\\/schema\\\/person\\\/496d8ad2d1d3f8036101dca7ee39e585\"},\"headline\":\"Marcelo Ebrad dice que M\u00e9xico es el s\u00e9ptimo lugar de vacunados a nivel mundial\",\"datePublished\":\"2021-12-14T19:51:11+00:00\",\"dateModified\":\"2021-12-14T19:51:15+00:00\",\"mainEntityOfPage\":{\"@id\":\"https:\\\/\\\/quehacerpolitico.mx\\\/?p=87377\"},\"wordCount\":285,\"commentCount\":0,\"image\":{\"@id\":\"https:\\\/\\\/quehacerpolitico.mx\\\/?p=87377#primaryimage\"},\"thumbnailUrl\":\"https:\\\/\\\/quehacerpolitico.mx\\\/wp-content\\\/uploads\\\/2021\\\/12\\\/5F8D58E3-74DE-498B-B2A2-8CC6B81EA876.jpeg\",\"articleSection\":[\"Noticias\"],\"inLanguage\":\"es\",\"potentialAction\":[{\"@type\":\"CommentAction\",\"name\":\"Comment\",\"target\":[\"https:\\\/\\\/quehacerpolitico.mx\\\/?p=87377#respond\"]}]},{\"@type\":\"WebPage\",\"@id\":\"https:\\\/\\\/quehacerpolitico.mx\\\/?p=87377\",\"url\":\"https:\\\/\\\/quehacerpolitico.mx\\\/?p=87377\",\"name\":\"Marcelo Ebrad dice que M\u00e9xico es el s\u00e9ptimo lugar de vacunados a nivel mundial -\",\"isPartOf\":{\"@id\":\"https:\\\/\\\/quehacerpolitico.mx\\\/#website\"},\"primaryImageOfPage\":{\"@id\":\"https:\\\/\\\/quehacerpolitico.mx\\\/?p=87377#primaryimage\"},\"image\":{\"@id\":\"https:\\\/\\\/quehacerpolitico.mx\\\/?p=87377#primaryimage\"},\"thumbnailUrl\":\"https:\\\/\\\/quehacerpolitico.mx\\\/wp-content\\\/uploads\\\/2021\\\/12\\\/5F8D58E3-74DE-498B-B2A2-8CC6B81EA876.jpeg\",\"datePublished\":\"2021-12-14T19:51:11+00:00\",\"dateModified\":\"2021-12-14T19:51:15+00:00\",\"author\":{\"@id\":\"https:\\\/\\\/quehacerpolitico.mx\\\/#\\\/schema\\\/person\\\/496d8ad2d1d3f8036101dca7ee39e585\"},\"breadcrumb\":{\"@id\":\"https:\\\/\\\/quehacerpolitico.mx\\\/?p=87377#breadcrumb\"},\"inLanguage\":\"es\",\"potentialAction\":[{\"@type\":\"ReadAction\",\"target\":[\"https:\\\/\\\/quehacerpolitico.mx\\\/?p=87377\"]}]},{\"@type\":\"ImageObject\",\"inLanguage\":\"es\",\"@id\":\"https:\\\/\\\/quehacerpolitico.mx\\\/?p=87377#primaryimage\",\"url\":\"https:\\\/\\\/quehacerpolitico.mx\\\/wp-content\\\/uploads\\\/2021\\\/12\\\/5F8D58E3-74DE-498B-B2A2-8CC6B81EA876.jpeg\",\"contentUrl\":\"https:\\\/\\\/quehacerpolitico.mx\\\/wp-content\\\/uploads\\\/2021\\\/12\\\/5F8D58E3-74DE-498B-B2A2-8CC6B81EA876.jpeg\",\"width\":956,\"height\":715},{\"@type\":\"BreadcrumbList\",\"@id\":\"https:\\\/\\\/quehacerpolitico.mx\\\/?p=87377#breadcrumb\",\"itemListElement\":[{\"@type\":\"ListItem\",\"position\":1,\"name\":\"Inicio\",\"item\":\"https:\\\/\\\/quehacerpolitico.mx\\\/\"},{\"@type\":\"ListItem\",\"position\":2,\"name\":\"Marcelo Ebrad dice que M\u00e9xico es el s\u00e9ptimo lugar de vacunados a nivel mundial\"}]},{\"@type\":\"WebSite\",\"@id\":\"https:\\\/\\\/quehacerpolitico.mx\\\/#website\",\"url\":\"https:\\\/\\\/quehacerpolitico.mx\\\/\",\"name\":\"\",\"description\":\"\",\"potentialAction\":[{\"@type\":\"SearchAction\",\"target\":{\"@type\":\"EntryPoint\",\"urlTemplate\":\"https:\\\/\\\/quehacerpolitico.mx\\\/?s={search_term_string}\"},\"query-input\":{\"@type\":\"PropertyValueSpecification\",\"valueRequired\":true,\"valueName\":\"search_term_string\"}}],\"inLanguage\":\"es\"},{\"@type\":\"Person\",\"@id\":\"https:\\\/\\\/quehacerpolitico.mx\\\/#\\\/schema\\\/person\\\/496d8ad2d1d3f8036101dca7ee39e585\",\"name\":\"Redacci\u00f3n QP\",\"image\":{\"@type\":\"ImageObject\",\"inLanguage\":\"es\",\"@id\":\"https:\\\/\\\/secure.gravatar.com\\\/avatar\\\/c7164ed6fdec453195284ad24a5ae5b6e1eed2b848477fa2a4787ba9adf39a41?s=96&d=mm&r=g\",\"url\":\"https:\\\/\\\/secure.gravatar.com\\\/avatar\\\/c7164ed6fdec453195284ad24a5ae5b6e1eed2b848477fa2a4787ba9adf39a41?s=96&d=mm&r=g\",\"contentUrl\":\"https:\\\/\\\/secure.gravatar.com\\\/avatar\\\/c7164ed6fdec453195284ad24a5ae5b6e1eed2b848477fa2a4787ba9adf39a41?s=96&d=mm&r=g\",\"caption\":\"Redacci\u00f3n QP\"},\"url\":\"https:\\\/\\\/quehacerpolitico.mx\\\/?author=2\"}]}<\/script>\n<!-- \/ Yoast SEO plugin. -->","yoast_head_json":{"title":"Marcelo Ebrad dice que M\u00e9xico es el s\u00e9ptimo lugar de vacunados a nivel mundial -","robots":{"index":"index","follow":"follow","max-snippet":"max-snippet:-1","max-image-preview":"max-image-preview:large","max-video-preview":"max-video-preview:-1"},"canonical":"https:\/\/quehacerpolitico.mx\/?p=87377","og_locale":"es_MX","og_type":"article","og_title":"Marcelo Ebrad dice que M\u00e9xico es el s\u00e9ptimo lugar de vacunados a nivel mundial -","og_description":"Por Redacci\u00f3n QP En &#8220;la ma\u00f1anera&#8221; el canciller, Marcelo Ebrad asegura que M\u00e9xico cuenta con...","og_url":"https:\/\/quehacerpolitico.mx\/?p=87377","article_published_time":"2021-12-14T19:51:11+00:00","article_modified_time":"2021-12-14T19:51:15+00:00","og_image":[{"width":956,"height":715,"url":"https:\/\/quehacerpolitico.mx\/wp-content\/uploads\/2021\/12\/5F8D58E3-74DE-498B-B2A2-8CC6B81EA876.jpeg","type":"image\/jpeg"}],"author":"Redacci\u00f3n QP","twitter_card":"summary_large_image","twitter_misc":{"Escrito por":"Redacci\u00f3n QP","Tiempo de lectura":"1 minuto"},"schema":{"@context":"https:\/\/schema.org","@graph":[{"@type":"Article","@id":"https:\/\/quehacerpolitico.mx\/?p=87377#article","isPartOf":{"@id":"https:\/\/quehacerpolitico.mx\/?p=87377"},"author":{"name":"Redacci\u00f3n QP","@id":"https:\/\/quehacerpolitico.mx\/#\/schema\/person\/496d8ad2d1d3f8036101dca7ee39e585"},"headline":"Marcelo Ebrad dice que M\u00e9xico es el s\u00e9ptimo lugar de vacunados a nivel mundial","datePublished":"2021-12-14T19:51:11+00:00","dateModified":"2021-12-14T19:51:15+00:00","mainEntityOfPage":{"@id":"https:\/\/quehacerpolitico.mx\/?p=87377"},"wordCount":285,"commentCount":0,"image":{"@id":"https:\/\/quehacerpolitico.mx\/?p=87377#primaryimage"},"thumbnailUrl":"https:\/\/quehacerpolitico.mx\/wp-content\/uploads\/2021\/12\/5F8D58E3-74DE-498B-B2A2-8CC6B81EA876.jpeg","articleSection":["Noticias"],"inLanguage":"es","potentialAction":[{"@type":"CommentAction","name":"Comment","target":["https:\/\/quehacerpolitico.mx\/?p=87377#respond"]}]},{"@type":"WebPage","@id":"https:\/\/quehacerpolitico.mx\/?p=87377","url":"https:\/\/quehacerpolitico.mx\/?p=87377","name":"Marcelo Ebrad dice que M\u00e9xico es el s\u00e9ptimo lugar de vacunados a nivel mundial -","isPartOf":{"@id":"https:\/\/quehacerpolitico.mx\/#website"},"primaryImageOfPage":{"@id":"https:\/\/quehacerpolitico.mx\/?p=87377#primaryimage"},"image":{"@id":"https:\/\/quehacerpolitico.mx\/?p=87377#primaryimage"},"thumbnailUrl":"https:\/\/quehacerpolitico.mx\/wp-content\/uploads\/2021\/12\/5F8D58E3-74DE-498B-B2A2-8CC6B81EA876.jpeg","datePublished":"2021-12-14T19:51:11+00:00","dateModified":"2021-12-14T19:51:15+00:00","author":{"@id":"https:\/\/quehacerpolitico.mx\/#\/schema\/person\/496d8ad2d1d3f8036101dca7ee39e585"},"breadcrumb":{"@id":"https:\/\/quehacerpolitico.mx\/?p=87377#breadcrumb"},"inLanguage":"es","potentialAction":[{"@type":"ReadAction","target":["https:\/\/quehacerpolitico.mx\/?p=87377"]}]},{"@type":"ImageObject","inLanguage":"es","@id":"https:\/\/quehacerpolitico.mx\/?p=87377#primaryimage","url":"https:\/\/quehacerpolitico.mx\/wp-content\/uploads\/2021\/12\/5F8D58E3-74DE-498B-B2A2-8CC6B81EA876.jpeg","contentUrl":"https:\/\/quehacerpolitico.mx\/wp-content\/uploads\/2021\/12\/5F8D58E3-74DE-498B-B2A2-8CC6B81EA876.jpeg","width":956,"height":715},{"@type":"BreadcrumbList","@id":"https:\/\/quehacerpolitico.mx\/?p=87377#breadcrumb","itemListElement":[{"@type":"ListItem","position":1,"name":"Inicio","item":"https:\/\/quehacerpolitico.mx\/"},{"@type":"ListItem","position":2,"name":"Marcelo Ebrad dice que M\u00e9xico es el s\u00e9ptimo lugar de vacunados a nivel mundial"}]},{"@type":"WebSite","@id":"https:\/\/quehacerpolitico.mx\/#website","url":"https:\/\/quehacerpolitico.mx\/","name":"","description":"","potentialAction":[{"@type":"SearchAction","target":{"@type":"EntryPoint","urlTemplate":"https:\/\/quehacerpolitico.mx\/?s={search_term_string}"},"query-input":{"@type":"PropertyValueSpecification","valueRequired":true,"valueName":"search_term_string"}}],"inLanguage":"es"},{"@type":"Person","@id":"https:\/\/quehacerpolitico.mx\/#\/schema\/person\/496d8ad2d1d3f8036101dca7ee39e585","name":"Redacci\u00f3n QP","image":{"@type":"ImageObject","inLanguage":"es","@id":"https:\/\/secure.gravatar.com\/avatar\/c7164ed6fdec453195284ad24a5ae5b6e1eed2b848477fa2a4787ba9adf39a41?s=96&d=mm&r=g","url":"https:\/\/secure.gravatar.com\/avatar\/c7164ed6fdec453195284ad24a5ae5b6e1eed2b848477fa2a4787ba9adf39a41?s=96&d=mm&r=g","contentUrl":"https:\/\/secure.gravatar.com\/avatar\/c7164ed6fdec453195284ad24a5ae5b6e1eed2b848477fa2a4787ba9adf39a41?s=96&d=mm&r=g","caption":"Redacci\u00f3n QP"},"url":"https:\/\/quehacerpolitico.mx\/?author=2"}]}},"featured_image_urls":{"full":["https:\/\/quehacerpolitico.mx\/wp-content\/uploads\/2021\/12\/5F8D58E3-74DE-498B-B2A2-8CC6B81EA876.jpeg",956,715,false],"thumbnail":["https:\/\/quehacerpolitico.mx\/wp-content\/uploads\/2021\/12\/5F8D58E3-74DE-498B-B2A2-8CC6B81EA876-150x150.jpeg",150,150,true],"medium":["https:\/\/quehacerpolitico.mx\/wp-content\/uploads\/2021\/12\/5F8D58E3-74DE-498B-B2A2-8CC6B81EA876-300x224.jpeg",300,224,true],"medium_large":["https:\/\/quehacerpolitico.mx\/wp-content\/uploads\/2021\/12\/5F8D58E3-74DE-498B-B2A2-8CC6B81EA876-768x574.jpeg",640,478,true],"large":["https:\/\/quehacerpolitico.mx\/wp-content\/uploads\/2021\/12\/5F8D58E3-74DE-498B-B2A2-8CC6B81EA876.jpeg",640,479,false],"1536x1536":["https:\/\/quehacerpolitico.mx\/wp-content\/uploads\/2021\/12\/5F8D58E3-74DE-498B-B2A2-8CC6B81EA876.jpeg",956,715,false],"2048x2048":["https:\/\/quehacerpolitico.mx\/wp-content\/uploads\/2021\/12\/5F8D58E3-74DE-498B-B2A2-8CC6B81EA876.jpeg",956,715,false],"covernews-featured":["https:\/\/quehacerpolitico.mx\/wp-content\/uploads\/2021\/12\/5F8D58E3-74DE-498B-B2A2-8CC6B81EA876.jpeg",956,715,false],"covernews-medium":["https:\/\/quehacerpolitico.mx\/wp-content\/uploads\/2021\/12\/5F8D58E3-74DE-498B-B2A2-8CC6B81EA876.jpeg",455,340,false]},"author_info":{"display_name":"Redacci\u00f3n QP","author_link":"https:\/\/quehacerpolitico.mx\/?author=2"},"category_info":"<a href=\"https:\/\/quehacerpolitico.mx\/?cat=2\" rel=\"category\">Noticias<\/a>","tag_info":"Noticias","comment_count":"0","_links":{"self":[{"href":"https:\/\/quehacerpolitico.mx\/index.php?rest_route=\/wp\/v2\/posts\/87377","targetHints":{"allow":["GET"]}}],"collection":[{"href":"https:\/\/quehacerpolitico.mx\/index.php?rest_route=\/wp\/v2\/posts"}],"about":[{"href":"https:\/\/quehacerpolitico.mx\/index.php?rest_route=\/wp\/v2\/types\/post"}],"author":[{"embeddable":true,"href":"https:\/\/quehacerpolitico.mx\/index.php?rest_route=\/wp\/v2\/users\/2"}],"replies":[{"embeddable":true,"href":"https:\/\/quehacerpolitico.mx\/index.php?rest_route=%2Fwp%2Fv2%2Fcomments&post=87377"}],"version-history":[{"count":1,"href":"https:\/\/quehacerpolitico.mx\/index.php?rest_route=\/wp\/v2\/posts\/87377\/revisions"}],"predecessor-version":[{"id":87379,"href":"https:\/\/quehacerpolitico.mx\/index.php?rest_route=\/wp\/v2\/posts\/87377\/revisions\/87379"}],"wp:featuredmedia":[{"embeddable":true,"href":"https:\/\/quehacerpolitico.mx\/index.php?rest_route=\/wp\/v2\/media\/87378"}],"wp:attachment":[{"href":"https:\/\/quehacerpolitico.mx\/index.php?rest_route=%2Fwp%2Fv2%2Fmedia&parent=87377"}],"wp:term":[{"taxonomy":"category","embeddable":true,"href":"https:\/\/quehacerpolitico.mx\/index.php?rest_route=%2Fwp%2Fv2%2Fcategories&post=87377"},{"taxonomy":"post_tag","embeddable":true,"href":"https:\/\/quehacerpolitico.mx\/index.php?rest_route=%2Fwp%2Fv2%2Ftags&post=87377"}],"curies":[{"name":"wp","href":"https:\/\/api.w.org\/{rel}","templated":true}]}}