{"id":87374,"date":"2021-12-14T19:39:57","date_gmt":"2021-12-14T19:39:57","guid":{"rendered":"https:\/\/quehacerpolitico.mx\/?p=87374"},"modified":"2021-12-14T19:40:00","modified_gmt":"2021-12-14T19:40:00","slug":"que-siempre-si-adultos-mayores-deberan-registrarse-para-vacuna-de-refuerzo","status":"publish","type":"post","link":"https:\/\/quehacerpolitico.mx\/?p=87374","title":{"rendered":"\u00a1Qu\u00e9 siempre s\u00ed! Adultos mayores deber\u00e1n registrarse para vacuna de refuerzo"},"content":{"rendered":"\n<p>Por Redacci\u00f3n QP<\/p>\n\n\n\n<p>&#8220;S\u00ed ser\u00e1 necesario que las personas adultas mayores se registren porque no queremos que est\u00e9n mucho tiempo en espera&#8221;, dice\u00a0Hugo L\u00f3pez-Gatell Ram\u00edrez<\/p>\n\n\n\n<p>\u00a1Qu\u00e9 siempre s\u00ed! Luego de que al arranque de la campa\u00f1a para la vacuna de refuerzo contra\u00a0el COVID-19 para los adultos mayores se informara que no era necesario registrarse, hoy Hugo L\u00f3pez-Gatell Ram\u00edrez, subsecretario de Prevenci\u00f3n y Promoci\u00f3n de la Salud, declar\u00f3\u00a0que las personas de la tercera edad s\u00ed deber\u00e1n registrarse en la p\u00e1gina\u00a0<a href=\"http:\/\/mivacuna.salud.com.mx\/\" target=\"_blank\" rel=\"noreferrer noopener\"><strong>mivacuna.salud.com.mx<\/strong><\/a>\u00a0<strong>para agilizar la aplicaci\u00f3n de la dosis de refuerzo del coronavirus en M\u00e9xico<\/strong>.<\/p>\n\n\n\n<figure class=\"wp-block-embed is-type-rich is-provider-twitter wp-block-embed-twitter\"><div class=\"wp-block-embed__wrapper\">\n<blockquote class=\"twitter-tweet\" data-width=\"550\" data-dnt=\"true\"><p lang=\"es\" dir=\"ltr\">Dice mi mam\u00e1 que siempre s\u00ed \ud83e\udd37\u200d\u2640\ufe0f<br><br>Para no hacerlos esperar tanto, S\u00cd se tendr\u00e1n que registrar para acceder a la DOSIS DE REFUERZO de la <a href=\"https:\/\/twitter.com\/hashtag\/vacuna?src=hash&amp;ref_src=twsrc%5Etfw\">#vacuna<\/a> contra el <a href=\"https:\/\/twitter.com\/hashtag\/COVID19?src=hash&amp;ref_src=twsrc%5Etfw\">#COVID19<\/a> <a href=\"https:\/\/t.co\/58pHz1yJch\">pic.twitter.com\/58pHz1yJch<\/a><\/p>&mdash; Ruido en la Red (@RuidoEnLaRed) <a href=\"https:\/\/twitter.com\/RuidoEnLaRed\/status\/1470753460932993030?ref_src=twsrc%5Etfw\">December 14, 2021<\/a><\/blockquote><script async src=\"https:\/\/platform.twitter.com\/widgets.js\" charset=\"utf-8\"><\/script>\n<\/div><\/figure>\n\n\n\n<p>Durante la conferencia de prensa &#8220;ma\u00f1anera&#8221; de AMLO, L\u00f3pez-Gatell asegur\u00f3:<\/p>\n\n\n\n<p><strong>&#8220;Cuando se anunci\u00f3 la dosis de refuerzo en adultos mayores indicamos que no se necesitar\u00eda registro, pero s\u00ed ser\u00e1 necesario que las personas adultas mayores se registren porque no queremos que est\u00e9n mucho tiempo en espera, si llegan con su papeleta de vacunaci\u00f3n, solo se agrega el lote y fecha y ya tienen comprobante de vacunaci\u00f3n, es una mec\u00e1nica simple que deben realizar en el portal mi vacuna&#8221;<\/strong>.<\/p>\n\n\n\n<p>Al presentar el Pulso de la Salud, L\u00f3pez-Gatell se\u00f1al\u00f3 que durante el registro se pedir\u00e1n datos como la CURP del beneficiario de la vacunaci\u00f3n, la fecha en la que se aplic\u00f3 la segunda dosis, de manera que cuando los adultos mayores entreguen su papeleta en los m\u00f3dulos de inmunizaci\u00f3n el personal de salud agregu\u00e9 datos de la dosis de refuerzo.<\/p>\n\n\n\n<p>Con respecto al panorama de la pandemia por COVID-19 en\u00a0M\u00e9xico, el subsecretario mencion\u00f3 que la semana abri\u00f3 con una reducci\u00f3n de 6% y ahora es de 5%, sin embargo,\u00a0<strong>no hay tendencia generaliza al\u00a0alza<\/strong>, resalt\u00f3 que\u00a0<strong>\u00fanicamente se han reportado incrementos en la zona norte del pa\u00eds, pero en el resto del territorio nacional la tendencia es a la baja<\/strong>.<\/p>\n\n\n\n<figure class=\"wp-block-embed is-type-rich is-provider-twitter wp-block-embed-twitter\"><div class=\"wp-block-embed__wrapper\">\n<blockquote class=\"twitter-tweet\" data-width=\"550\" data-dnt=\"true\"><p lang=\"es\" dir=\"ltr\">En la <a href=\"https:\/\/twitter.com\/hashtag\/ma%C3%B1anera?src=hash&amp;ref_src=twsrc%5Etfw\">#ma\u00f1anera<\/a> Hugo Gatell afirma que hay tendencia a la baja en casos de contagios de <a href=\"https:\/\/twitter.com\/hashtag\/COVID19?src=hash&amp;ref_src=twsrc%5Etfw\">#COVID19<\/a>, menos en la ZONA NORTE. \u00bfQu\u00e9 pas\u00f3 amiguitos? \ud83e\udd14 <a href=\"https:\/\/t.co\/2cpIiYz0uq\">pic.twitter.com\/2cpIiYz0uq<\/a><\/p>&mdash; Ruido en la Red (@RuidoEnLaRed) <a href=\"https:\/\/twitter.com\/RuidoEnLaRed\/status\/1470750094412726274?ref_src=twsrc%5Etfw\">December 14, 2021<\/a><\/blockquote><script async src=\"https:\/\/platform.twitter.com\/widgets.js\" charset=\"utf-8\"><\/script>\n<\/div><\/figure>\n\n\n\n<p><strong>En cuanto a la hospitalizaci\u00f3n indic\u00f3 que permanece la reducci\u00f3n<\/strong>, &#8220;se siguen vaciando las unidades covid, hay menos pacientes nuevos, por lo tanto, menos hospitalizaciones&#8221;.<\/p>\n\n\n\n<p>En su participaci\u00f3n el funcionario enfatiz\u00f3 que al cierre del ciclo escolar no se ha registrado una repercusi\u00f3n elevada de contagios COVID por el regreso a clases presenciales.\u00a0<strong>&#8220;En un momento fue motivo de preocupaci\u00f3n, pero no hay impacto negativo&#8221;<\/strong>.<\/p>\n\n\n\n<figure class=\"wp-block-embed is-type-rich is-provider-twitter wp-block-embed-twitter\"><div class=\"wp-block-embed__wrapper\">\n<blockquote class=\"twitter-tweet\" data-width=\"550\" data-dnt=\"true\"><p lang=\"es\" dir=\"ltr\">Que dice Gatell que ya no pongan pretextos \ud83e\udd71<br><br>Con el cierre de ciclo escolar, los resultados han sido que regresar a clases NO AUMENT\u00d3 los casos de <a href=\"https:\/\/twitter.com\/hashtag\/COVID19?src=hash&amp;ref_src=twsrc%5Etfw\">#COVID19<\/a> en ni\u00f1os y ni\u00f1as. <a href=\"https:\/\/t.co\/Popky1dUBA\">pic.twitter.com\/Popky1dUBA<\/a><\/p>&mdash; Ruido en la Red (@RuidoEnLaRed) <a href=\"https:\/\/twitter.com\/RuidoEnLaRed\/status\/1470751708703862794?ref_src=twsrc%5Etfw\">December 14, 2021<\/a><\/blockquote><script async src=\"https:\/\/platform.twitter.com\/widgets.js\" charset=\"utf-8\"><\/script>\n<\/div><\/figure>\n\n\n\n<p><strong>Al reportar la cobertura de vacunaci\u00f3n COVID, L\u00f3pez- Gatell Ram\u00edrez coment\u00f3 que se han aplicado cerca de 138 millones de dosis en 80 millones de personas<\/strong>, lo que equivale a 87% de la poblaci\u00f3n de 18 a\u00f1os en adelante inmunizada.<\/p>\n\n\n\n<p>&#8220;Es de resaltar que est\u00e1 l\u00e1mina dice que Chiapas tiene 61%, pero ya est\u00e1 en 65% de cobertura y esto es resultado de un trabajo minucioso de ir comunidad a comunidad, por ello hemos tenido un avance acelerado particularmente en Chiapas&#8221;.<\/p>\n\n\n\n<p>Con Informaci\u00f3n de SUN<\/p>\n","protected":false},"excerpt":{"rendered":"<p>Por Redacci\u00f3n QP &#8220;S\u00ed ser\u00e1 necesario que las personas adultas mayores se registren porque no&#8230;<\/p>\n","protected":false},"author":2,"featured_media":87375,"comment_status":"open","ping_status":"open","sticky":false,"template":"","format":"standard","meta":{"_monsterinsights_skip_tracking":false,"_monsterinsights_sitenote_active":false,"_monsterinsights_sitenote_note":"","_monsterinsights_sitenote_category":0,"footnotes":""},"categories":[2],"tags":[],"class_list":["post-87374","post","type-post","status-publish","format-standard","has-post-thumbnail","hentry","category-noticias"],"yoast_head":"<!-- This site is optimized with the Yoast SEO plugin v27.3 - https:\/\/yoast.com\/product\/yoast-seo-wordpress\/ -->\n<title>\u00a1Qu\u00e9 siempre s\u00ed! Adultos mayores deber\u00e1n registrarse para vacuna de refuerzo -<\/title>\n<meta name=\"robots\" content=\"index, follow, max-snippet:-1, max-image-preview:large, max-video-preview:-1\" \/>\n<link rel=\"canonical\" href=\"https:\/\/quehacerpolitico.mx\/?p=87374\" \/>\n<meta property=\"og:locale\" content=\"es_MX\" \/>\n<meta property=\"og:type\" content=\"article\" \/>\n<meta property=\"og:title\" content=\"\u00a1Qu\u00e9 siempre s\u00ed! Adultos mayores deber\u00e1n registrarse para vacuna de refuerzo -\" \/>\n<meta property=\"og:description\" content=\"Por Redacci\u00f3n QP &#8220;S\u00ed ser\u00e1 necesario que las personas adultas mayores se registren porque no...\" \/>\n<meta property=\"og:url\" content=\"https:\/\/quehacerpolitico.mx\/?p=87374\" \/>\n<meta property=\"article:published_time\" content=\"2021-12-14T19:39:57+00:00\" \/>\n<meta property=\"article:modified_time\" content=\"2021-12-14T19:40:00+00:00\" \/>\n<meta property=\"og:image\" content=\"https:\/\/quehacerpolitico.mx\/wp-content\/uploads\/2021\/12\/5962F92E-62A6-4368-ADCB-4AD44645AF59.jpeg\" \/>\n\t<meta property=\"og:image:width\" content=\"1284\" \/>\n\t<meta property=\"og:image:height\" content=\"615\" \/>\n\t<meta property=\"og:image:type\" content=\"image\/jpeg\" \/>\n<meta name=\"author\" content=\"Redacci\u00f3n QP\" \/>\n<meta name=\"twitter:card\" content=\"summary_large_image\" \/>\n<meta name=\"twitter:label1\" content=\"Escrito por\" \/>\n\t<meta name=\"twitter:data1\" content=\"Redacci\u00f3n QP\" \/>\n\t<meta name=\"twitter:label2\" content=\"Tiempo de lectura\" \/>\n\t<meta name=\"twitter:data2\" content=\"3 minutos\" \/>\n<script type=\"application\/ld+json\" class=\"yoast-schema-graph\">{\"@context\":\"https:\\\/\\\/schema.org\",\"@graph\":[{\"@type\":\"Article\",\"@id\":\"https:\\\/\\\/quehacerpolitico.mx\\\/?p=87374#article\",\"isPartOf\":{\"@id\":\"https:\\\/\\\/quehacerpolitico.mx\\\/?p=87374\"},\"author\":{\"name\":\"Redacci\u00f3n QP\",\"@id\":\"https:\\\/\\\/quehacerpolitico.mx\\\/#\\\/schema\\\/person\\\/496d8ad2d1d3f8036101dca7ee39e585\"},\"headline\":\"\u00a1Qu\u00e9 siempre s\u00ed! Adultos mayores deber\u00e1n registrarse para vacuna de refuerzo\",\"datePublished\":\"2021-12-14T19:39:57+00:00\",\"dateModified\":\"2021-12-14T19:40:00+00:00\",\"mainEntityOfPage\":{\"@id\":\"https:\\\/\\\/quehacerpolitico.mx\\\/?p=87374\"},\"wordCount\":512,\"commentCount\":0,\"image\":{\"@id\":\"https:\\\/\\\/quehacerpolitico.mx\\\/?p=87374#primaryimage\"},\"thumbnailUrl\":\"https:\\\/\\\/quehacerpolitico.mx\\\/wp-content\\\/uploads\\\/2021\\\/12\\\/5962F92E-62A6-4368-ADCB-4AD44645AF59.jpeg\",\"articleSection\":[\"Noticias\"],\"inLanguage\":\"es\",\"potentialAction\":[{\"@type\":\"CommentAction\",\"name\":\"Comment\",\"target\":[\"https:\\\/\\\/quehacerpolitico.mx\\\/?p=87374#respond\"]}]},{\"@type\":\"WebPage\",\"@id\":\"https:\\\/\\\/quehacerpolitico.mx\\\/?p=87374\",\"url\":\"https:\\\/\\\/quehacerpolitico.mx\\\/?p=87374\",\"name\":\"\u00a1Qu\u00e9 siempre s\u00ed! Adultos mayores deber\u00e1n registrarse para vacuna de refuerzo -\",\"isPartOf\":{\"@id\":\"https:\\\/\\\/quehacerpolitico.mx\\\/#website\"},\"primaryImageOfPage\":{\"@id\":\"https:\\\/\\\/quehacerpolitico.mx\\\/?p=87374#primaryimage\"},\"image\":{\"@id\":\"https:\\\/\\\/quehacerpolitico.mx\\\/?p=87374#primaryimage\"},\"thumbnailUrl\":\"https:\\\/\\\/quehacerpolitico.mx\\\/wp-content\\\/uploads\\\/2021\\\/12\\\/5962F92E-62A6-4368-ADCB-4AD44645AF59.jpeg\",\"datePublished\":\"2021-12-14T19:39:57+00:00\",\"dateModified\":\"2021-12-14T19:40:00+00:00\",\"author\":{\"@id\":\"https:\\\/\\\/quehacerpolitico.mx\\\/#\\\/schema\\\/person\\\/496d8ad2d1d3f8036101dca7ee39e585\"},\"breadcrumb\":{\"@id\":\"https:\\\/\\\/quehacerpolitico.mx\\\/?p=87374#breadcrumb\"},\"inLanguage\":\"es\",\"potentialAction\":[{\"@type\":\"ReadAction\",\"target\":[\"https:\\\/\\\/quehacerpolitico.mx\\\/?p=87374\"]}]},{\"@type\":\"ImageObject\",\"inLanguage\":\"es\",\"@id\":\"https:\\\/\\\/quehacerpolitico.mx\\\/?p=87374#primaryimage\",\"url\":\"https:\\\/\\\/quehacerpolitico.mx\\\/wp-content\\\/uploads\\\/2021\\\/12\\\/5962F92E-62A6-4368-ADCB-4AD44645AF59.jpeg\",\"contentUrl\":\"https:\\\/\\\/quehacerpolitico.mx\\\/wp-content\\\/uploads\\\/2021\\\/12\\\/5962F92E-62A6-4368-ADCB-4AD44645AF59.jpeg\",\"width\":1284,\"height\":615},{\"@type\":\"BreadcrumbList\",\"@id\":\"https:\\\/\\\/quehacerpolitico.mx\\\/?p=87374#breadcrumb\",\"itemListElement\":[{\"@type\":\"ListItem\",\"position\":1,\"name\":\"Inicio\",\"item\":\"https:\\\/\\\/quehacerpolitico.mx\\\/\"},{\"@type\":\"ListItem\",\"position\":2,\"name\":\"\u00a1Qu\u00e9 siempre s\u00ed! Adultos mayores deber\u00e1n registrarse para vacuna de refuerzo\"}]},{\"@type\":\"WebSite\",\"@id\":\"https:\\\/\\\/quehacerpolitico.mx\\\/#website\",\"url\":\"https:\\\/\\\/quehacerpolitico.mx\\\/\",\"name\":\"\",\"description\":\"\",\"potentialAction\":[{\"@type\":\"SearchAction\",\"target\":{\"@type\":\"EntryPoint\",\"urlTemplate\":\"https:\\\/\\\/quehacerpolitico.mx\\\/?s={search_term_string}\"},\"query-input\":{\"@type\":\"PropertyValueSpecification\",\"valueRequired\":true,\"valueName\":\"search_term_string\"}}],\"inLanguage\":\"es\"},{\"@type\":\"Person\",\"@id\":\"https:\\\/\\\/quehacerpolitico.mx\\\/#\\\/schema\\\/person\\\/496d8ad2d1d3f8036101dca7ee39e585\",\"name\":\"Redacci\u00f3n QP\",\"image\":{\"@type\":\"ImageObject\",\"inLanguage\":\"es\",\"@id\":\"https:\\\/\\\/secure.gravatar.com\\\/avatar\\\/c7164ed6fdec453195284ad24a5ae5b6e1eed2b848477fa2a4787ba9adf39a41?s=96&d=mm&r=g\",\"url\":\"https:\\\/\\\/secure.gravatar.com\\\/avatar\\\/c7164ed6fdec453195284ad24a5ae5b6e1eed2b848477fa2a4787ba9adf39a41?s=96&d=mm&r=g\",\"contentUrl\":\"https:\\\/\\\/secure.gravatar.com\\\/avatar\\\/c7164ed6fdec453195284ad24a5ae5b6e1eed2b848477fa2a4787ba9adf39a41?s=96&d=mm&r=g\",\"caption\":\"Redacci\u00f3n QP\"},\"url\":\"https:\\\/\\\/quehacerpolitico.mx\\\/?author=2\"}]}<\/script>\n<!-- \/ Yoast SEO plugin. -->","yoast_head_json":{"title":"\u00a1Qu\u00e9 siempre s\u00ed! Adultos mayores deber\u00e1n registrarse para vacuna de refuerzo -","robots":{"index":"index","follow":"follow","max-snippet":"max-snippet:-1","max-image-preview":"max-image-preview:large","max-video-preview":"max-video-preview:-1"},"canonical":"https:\/\/quehacerpolitico.mx\/?p=87374","og_locale":"es_MX","og_type":"article","og_title":"\u00a1Qu\u00e9 siempre s\u00ed! Adultos mayores deber\u00e1n registrarse para vacuna de refuerzo -","og_description":"Por Redacci\u00f3n QP &#8220;S\u00ed ser\u00e1 necesario que las personas adultas mayores se registren porque no...","og_url":"https:\/\/quehacerpolitico.mx\/?p=87374","article_published_time":"2021-12-14T19:39:57+00:00","article_modified_time":"2021-12-14T19:40:00+00:00","og_image":[{"width":1284,"height":615,"url":"https:\/\/quehacerpolitico.mx\/wp-content\/uploads\/2021\/12\/5962F92E-62A6-4368-ADCB-4AD44645AF59.jpeg","type":"image\/jpeg"}],"author":"Redacci\u00f3n QP","twitter_card":"summary_large_image","twitter_misc":{"Escrito por":"Redacci\u00f3n QP","Tiempo de lectura":"3 minutos"},"schema":{"@context":"https:\/\/schema.org","@graph":[{"@type":"Article","@id":"https:\/\/quehacerpolitico.mx\/?p=87374#article","isPartOf":{"@id":"https:\/\/quehacerpolitico.mx\/?p=87374"},"author":{"name":"Redacci\u00f3n QP","@id":"https:\/\/quehacerpolitico.mx\/#\/schema\/person\/496d8ad2d1d3f8036101dca7ee39e585"},"headline":"\u00a1Qu\u00e9 siempre s\u00ed! Adultos mayores deber\u00e1n registrarse para vacuna de refuerzo","datePublished":"2021-12-14T19:39:57+00:00","dateModified":"2021-12-14T19:40:00+00:00","mainEntityOfPage":{"@id":"https:\/\/quehacerpolitico.mx\/?p=87374"},"wordCount":512,"commentCount":0,"image":{"@id":"https:\/\/quehacerpolitico.mx\/?p=87374#primaryimage"},"thumbnailUrl":"https:\/\/quehacerpolitico.mx\/wp-content\/uploads\/2021\/12\/5962F92E-62A6-4368-ADCB-4AD44645AF59.jpeg","articleSection":["Noticias"],"inLanguage":"es","potentialAction":[{"@type":"CommentAction","name":"Comment","target":["https:\/\/quehacerpolitico.mx\/?p=87374#respond"]}]},{"@type":"WebPage","@id":"https:\/\/quehacerpolitico.mx\/?p=87374","url":"https:\/\/quehacerpolitico.mx\/?p=87374","name":"\u00a1Qu\u00e9 siempre s\u00ed! Adultos mayores deber\u00e1n registrarse para vacuna de refuerzo -","isPartOf":{"@id":"https:\/\/quehacerpolitico.mx\/#website"},"primaryImageOfPage":{"@id":"https:\/\/quehacerpolitico.mx\/?p=87374#primaryimage"},"image":{"@id":"https:\/\/quehacerpolitico.mx\/?p=87374#primaryimage"},"thumbnailUrl":"https:\/\/quehacerpolitico.mx\/wp-content\/uploads\/2021\/12\/5962F92E-62A6-4368-ADCB-4AD44645AF59.jpeg","datePublished":"2021-12-14T19:39:57+00:00","dateModified":"2021-12-14T19:40:00+00:00","author":{"@id":"https:\/\/quehacerpolitico.mx\/#\/schema\/person\/496d8ad2d1d3f8036101dca7ee39e585"},"breadcrumb":{"@id":"https:\/\/quehacerpolitico.mx\/?p=87374#breadcrumb"},"inLanguage":"es","potentialAction":[{"@type":"ReadAction","target":["https:\/\/quehacerpolitico.mx\/?p=87374"]}]},{"@type":"ImageObject","inLanguage":"es","@id":"https:\/\/quehacerpolitico.mx\/?p=87374#primaryimage","url":"https:\/\/quehacerpolitico.mx\/wp-content\/uploads\/2021\/12\/5962F92E-62A6-4368-ADCB-4AD44645AF59.jpeg","contentUrl":"https:\/\/quehacerpolitico.mx\/wp-content\/uploads\/2021\/12\/5962F92E-62A6-4368-ADCB-4AD44645AF59.jpeg","width":1284,"height":615},{"@type":"BreadcrumbList","@id":"https:\/\/quehacerpolitico.mx\/?p=87374#breadcrumb","itemListElement":[{"@type":"ListItem","position":1,"name":"Inicio","item":"https:\/\/quehacerpolitico.mx\/"},{"@type":"ListItem","position":2,"name":"\u00a1Qu\u00e9 siempre s\u00ed! Adultos mayores deber\u00e1n registrarse para vacuna de refuerzo"}]},{"@type":"WebSite","@id":"https:\/\/quehacerpolitico.mx\/#website","url":"https:\/\/quehacerpolitico.mx\/","name":"","description":"","potentialAction":[{"@type":"SearchAction","target":{"@type":"EntryPoint","urlTemplate":"https:\/\/quehacerpolitico.mx\/?s={search_term_string}"},"query-input":{"@type":"PropertyValueSpecification","valueRequired":true,"valueName":"search_term_string"}}],"inLanguage":"es"},{"@type":"Person","@id":"https:\/\/quehacerpolitico.mx\/#\/schema\/person\/496d8ad2d1d3f8036101dca7ee39e585","name":"Redacci\u00f3n QP","image":{"@type":"ImageObject","inLanguage":"es","@id":"https:\/\/secure.gravatar.com\/avatar\/c7164ed6fdec453195284ad24a5ae5b6e1eed2b848477fa2a4787ba9adf39a41?s=96&d=mm&r=g","url":"https:\/\/secure.gravatar.com\/avatar\/c7164ed6fdec453195284ad24a5ae5b6e1eed2b848477fa2a4787ba9adf39a41?s=96&d=mm&r=g","contentUrl":"https:\/\/secure.gravatar.com\/avatar\/c7164ed6fdec453195284ad24a5ae5b6e1eed2b848477fa2a4787ba9adf39a41?s=96&d=mm&r=g","caption":"Redacci\u00f3n QP"},"url":"https:\/\/quehacerpolitico.mx\/?author=2"}]}},"featured_image_urls":{"full":["https:\/\/quehacerpolitico.mx\/wp-content\/uploads\/2021\/12\/5962F92E-62A6-4368-ADCB-4AD44645AF59.jpeg",1284,615,false],"thumbnail":["https:\/\/quehacerpolitico.mx\/wp-content\/uploads\/2021\/12\/5962F92E-62A6-4368-ADCB-4AD44645AF59-150x150.jpeg",150,150,true],"medium":["https:\/\/quehacerpolitico.mx\/wp-content\/uploads\/2021\/12\/5962F92E-62A6-4368-ADCB-4AD44645AF59-300x144.jpeg",300,144,true],"medium_large":["https:\/\/quehacerpolitico.mx\/wp-content\/uploads\/2021\/12\/5962F92E-62A6-4368-ADCB-4AD44645AF59-768x368.jpeg",640,307,true],"large":["https:\/\/quehacerpolitico.mx\/wp-content\/uploads\/2021\/12\/5962F92E-62A6-4368-ADCB-4AD44645AF59-1024x490.jpeg",640,306,true],"1536x1536":["https:\/\/quehacerpolitico.mx\/wp-content\/uploads\/2021\/12\/5962F92E-62A6-4368-ADCB-4AD44645AF59.jpeg",1284,615,false],"2048x2048":["https:\/\/quehacerpolitico.mx\/wp-content\/uploads\/2021\/12\/5962F92E-62A6-4368-ADCB-4AD44645AF59.jpeg",1284,615,false],"covernews-featured":["https:\/\/quehacerpolitico.mx\/wp-content\/uploads\/2021\/12\/5962F92E-62A6-4368-ADCB-4AD44645AF59.jpeg",1024,490,false],"covernews-medium":["https:\/\/quehacerpolitico.mx\/wp-content\/uploads\/2021\/12\/5962F92E-62A6-4368-ADCB-4AD44645AF59.jpeg",540,259,false]},"author_info":{"display_name":"Redacci\u00f3n QP","author_link":"https:\/\/quehacerpolitico.mx\/?author=2"},"category_info":"<a href=\"https:\/\/quehacerpolitico.mx\/?cat=2\" rel=\"category\">Noticias<\/a>","tag_info":"Noticias","comment_count":"0","_links":{"self":[{"href":"https:\/\/quehacerpolitico.mx\/index.php?rest_route=\/wp\/v2\/posts\/87374","targetHints":{"allow":["GET"]}}],"collection":[{"href":"https:\/\/quehacerpolitico.mx\/index.php?rest_route=\/wp\/v2\/posts"}],"about":[{"href":"https:\/\/quehacerpolitico.mx\/index.php?rest_route=\/wp\/v2\/types\/post"}],"author":[{"embeddable":true,"href":"https:\/\/quehacerpolitico.mx\/index.php?rest_route=\/wp\/v2\/users\/2"}],"replies":[{"embeddable":true,"href":"https:\/\/quehacerpolitico.mx\/index.php?rest_route=%2Fwp%2Fv2%2Fcomments&post=87374"}],"version-history":[{"count":1,"href":"https:\/\/quehacerpolitico.mx\/index.php?rest_route=\/wp\/v2\/posts\/87374\/revisions"}],"predecessor-version":[{"id":87376,"href":"https:\/\/quehacerpolitico.mx\/index.php?rest_route=\/wp\/v2\/posts\/87374\/revisions\/87376"}],"wp:featuredmedia":[{"embeddable":true,"href":"https:\/\/quehacerpolitico.mx\/index.php?rest_route=\/wp\/v2\/media\/87375"}],"wp:attachment":[{"href":"https:\/\/quehacerpolitico.mx\/index.php?rest_route=%2Fwp%2Fv2%2Fmedia&parent=87374"}],"wp:term":[{"taxonomy":"category","embeddable":true,"href":"https:\/\/quehacerpolitico.mx\/index.php?rest_route=%2Fwp%2Fv2%2Fcategories&post=87374"},{"taxonomy":"post_tag","embeddable":true,"href":"https:\/\/quehacerpolitico.mx\/index.php?rest_route=%2Fwp%2Fv2%2Ftags&post=87374"}],"curies":[{"name":"wp","href":"https:\/\/api.w.org\/{rel}","templated":true}]}}