{"id":87367,"date":"2021-12-14T16:30:50","date_gmt":"2021-12-14T16:30:50","guid":{"rendered":"https:\/\/quehacerpolitico.mx\/?p=87367"},"modified":"2022-01-24T04:54:18","modified_gmt":"2022-01-24T04:54:18","slug":"que-hago-si-no-me-pagan-mi-aguinaldo-en-este-ano-2021","status":"publish","type":"post","link":"https:\/\/quehacerpolitico.mx\/?p=87367","title":{"rendered":"\u00bfQue hago si no me pagan mi aguinaldo en este a\u00f1o 2021?"},"content":{"rendered":"\n<p>Por Redacci\u00f3n NotiExpress | La Revista del Sector Inmobiliario<\/p>\n\n\n\n<p>La Ley Federal del Trabajo establece la obligaci\u00f3n del patr\u00f3n&nbsp;de pagar el aguinaldo en tiempo y forma<\/p>\n\n\n\n<p>Los trabajadores en M\u00e9xico&nbsp;con una relaci\u00f3n de trabajo subordinado a un patr\u00f3n tienen&nbsp;<strong>derecho a<\/strong><strong>recibir un aguinaldo<\/strong>&nbsp;cada a\u00f1o. Pero, \u00bfqu\u00e9 pasa si no me pagan el aguinaldo 2021?<\/p>\n\n\n\n<h2 class=\"wp-block-heading\">\u00bfCu\u00e1ndo debe entregarse el aguinaldo?<\/h2>\n\n\n\n<p>Seg\u00fan la Ley Federal del Trabajo en 1970, el aguinaldo deber\u00e1 pagarse&nbsp;<strong>antes del 20 de diciembre<\/strong>. &nbsp;Es equivalente a por lo menos 15 d\u00edas de salario por el a\u00f1o laborado.<\/p>\n\n\n\n<p>Si no has cumplido un a\u00f1o de trabajo o no laboraste un a\u00f1o completo para un empleador, tienes derecho a que se te pague la parte proporcional del aguinaldo.<\/p>\n\n\n\n<h2 class=\"wp-block-heading\">\u00bfQu\u00e9 pasa si no recibo mi aguinaldo dentro de la fecha l\u00edmite?<\/h2>\n\n\n\n<p>La Procuradur\u00eda Federal de la Defensa del Trabajo (Profedet) recuerda que la ley establece que es una obligaci\u00f3n del empleador pagar el aguinaldo&nbsp;<strong>en tiempo y forma<\/strong>.<\/p>\n\n\n\n<p>En caso de que no se cumpla con el pago antes del 20 de diciembre, se contemplan&nbsp;<strong>sanciones de 50 a 500 veces UMA<\/strong>&nbsp;para este tipo de infracciones.&nbsp;&nbsp;La UMA es la referencia econ\u00f3mica en pesos para determinar el pago de las obligaciones y supuestos previstos en las leyes federales de los estados. El valor diario de la UMA en 2021 es de 89.62 pesos.<\/p>\n\n\n\n<h2 class=\"wp-block-heading\">\u00bfQu\u00e9 plazo tengo para reclamar el pago del aguinaldo?<\/h2>\n\n\n\n<p>El trabajador tiene un a\u00f1o, a partir del 20 de diciembre de 2021, para&nbsp;<strong>reclamar&nbsp;<\/strong>el pago del aguinaldo o su pago completo ante las instancias competentes:&nbsp;<\/p>\n\n\n\n<ul class=\"wp-block-list\"><li>Juntas de Conciliaci\u00f3n y Arbitraje Federales o Locales<\/li><li>y\/o Tribunales Laborales Federales o Locales<\/li><li>y en su caso, los Centros Federal de Conciliaci\u00f3n y Registro Labor<\/li><\/ul>\n\n\n\n<h2 class=\"wp-block-heading\">A qui\u00e9n acudir si no recibiste aguinaldo<\/h2>\n\n\n\n<p>La Profedet ofrece,&nbsp;<strong>de forma gratuita<\/strong>, los servicios de orientaci\u00f3n y asesor\u00eda sobre el aguinaldo a trav\u00e9s de sus 47 representaciones. Checa su ubicaci\u00f3n en:&nbsp;<strong><a href=\"http:\/\/cutt.ly\/CRFoStm\" target=\"_blank\" rel=\"noreferrer noopener\">cutt.ly\/CRFoStm<\/a><\/strong><\/p>\n\n\n\n<ul class=\"wp-block-list\"><li><strong>Por telef\u00f3no<\/strong>:\u00a0<a href=\"tel:800 911 7877; 800\">800 911 7877; 800<\/a>\u00a0<a href=\"tel:717 2942\">717 2942<\/a>\u00a0y\u00a0<a href=\"tel:5559 98 2000\">5559 98 2000<\/a>, extensiones 44740 y 44741<\/li><li><strong>V\u00eda WhatsApp<\/strong>:\u00a0<a href=\"tel:55 14 84 87 37\">55 14 84 87 37<\/a><\/li><li><strong>Por correo electr\u00f3nico<\/strong>: orientacionprofedet@stps.gob.mx<\/li><\/ul>\n","protected":false},"excerpt":{"rendered":"<p>Por Redacci\u00f3n NotiExpress | La Revista del Sector Inmobiliario La Ley Federal del Trabajo establece&#8230;<\/p>\n","protected":false},"author":2,"featured_media":88831,"comment_status":"open","ping_status":"open","sticky":false,"template":"","format":"standard","meta":{"_monsterinsights_skip_tracking":false,"_monsterinsights_sitenote_active":false,"_monsterinsights_sitenote_note":"","_monsterinsights_sitenote_category":0,"footnotes":""},"categories":[56],"tags":[],"class_list":["post-87367","post","type-post","status-publish","format-standard","has-post-thumbnail","hentry","category-economia"],"yoast_head":"<!-- This site is optimized with the Yoast SEO plugin v27.3 - https:\/\/yoast.com\/product\/yoast-seo-wordpress\/ -->\n<title>\u00bfQue hago si no me pagan mi aguinaldo en este a\u00f1o 2021? -<\/title>\n<meta name=\"robots\" content=\"index, follow, max-snippet:-1, max-image-preview:large, max-video-preview:-1\" \/>\n<link rel=\"canonical\" href=\"https:\/\/quehacerpolitico.mx\/?p=87367\" \/>\n<meta property=\"og:locale\" content=\"es_MX\" \/>\n<meta property=\"og:type\" content=\"article\" \/>\n<meta property=\"og:title\" content=\"\u00bfQue hago si no me pagan mi aguinaldo en este a\u00f1o 2021? -\" \/>\n<meta property=\"og:description\" content=\"Por Redacci\u00f3n NotiExpress | La Revista del Sector Inmobiliario La Ley Federal del Trabajo establece...\" \/>\n<meta property=\"og:url\" content=\"https:\/\/quehacerpolitico.mx\/?p=87367\" \/>\n<meta property=\"article:published_time\" content=\"2021-12-14T16:30:50+00:00\" \/>\n<meta property=\"article:modified_time\" content=\"2022-01-24T04:54:18+00:00\" \/>\n<meta property=\"og:image\" content=\"https:\/\/quehacerpolitico.mx\/wp-content\/uploads\/2021\/12\/19C67610-436E-4460-8027-84CFF3A49152.jpeg\" \/>\n\t<meta property=\"og:image:width\" content=\"1284\" \/>\n\t<meta property=\"og:image:height\" content=\"715\" \/>\n\t<meta property=\"og:image:type\" content=\"image\/jpeg\" \/>\n<meta name=\"author\" content=\"Redacci\u00f3n QP\" \/>\n<meta name=\"twitter:card\" content=\"summary_large_image\" \/>\n<meta name=\"twitter:label1\" content=\"Escrito por\" \/>\n\t<meta name=\"twitter:data1\" content=\"Redacci\u00f3n QP\" \/>\n\t<meta name=\"twitter:label2\" content=\"Tiempo de lectura\" \/>\n\t<meta name=\"twitter:data2\" content=\"2 minutos\" \/>\n<script type=\"application\/ld+json\" class=\"yoast-schema-graph\">{\"@context\":\"https:\\\/\\\/schema.org\",\"@graph\":[{\"@type\":\"Article\",\"@id\":\"https:\\\/\\\/quehacerpolitico.mx\\\/?p=87367#article\",\"isPartOf\":{\"@id\":\"https:\\\/\\\/quehacerpolitico.mx\\\/?p=87367\"},\"author\":{\"name\":\"Redacci\u00f3n QP\",\"@id\":\"https:\\\/\\\/quehacerpolitico.mx\\\/#\\\/schema\\\/person\\\/496d8ad2d1d3f8036101dca7ee39e585\"},\"headline\":\"\u00bfQue hago si no me pagan mi aguinaldo en este a\u00f1o 2021?\",\"datePublished\":\"2021-12-14T16:30:50+00:00\",\"dateModified\":\"2022-01-24T04:54:18+00:00\",\"mainEntityOfPage\":{\"@id\":\"https:\\\/\\\/quehacerpolitico.mx\\\/?p=87367\"},\"wordCount\":383,\"commentCount\":0,\"image\":{\"@id\":\"https:\\\/\\\/quehacerpolitico.mx\\\/?p=87367#primaryimage\"},\"thumbnailUrl\":\"https:\\\/\\\/quehacerpolitico.mx\\\/wp-content\\\/uploads\\\/2021\\\/12\\\/19C67610-436E-4460-8027-84CFF3A49152.jpeg\",\"articleSection\":[\"Econom\u00eda\"],\"inLanguage\":\"es\",\"potentialAction\":[{\"@type\":\"CommentAction\",\"name\":\"Comment\",\"target\":[\"https:\\\/\\\/quehacerpolitico.mx\\\/?p=87367#respond\"]}]},{\"@type\":\"WebPage\",\"@id\":\"https:\\\/\\\/quehacerpolitico.mx\\\/?p=87367\",\"url\":\"https:\\\/\\\/quehacerpolitico.mx\\\/?p=87367\",\"name\":\"\u00bfQue hago si no me pagan mi aguinaldo en este a\u00f1o 2021? -\",\"isPartOf\":{\"@id\":\"https:\\\/\\\/quehacerpolitico.mx\\\/#website\"},\"primaryImageOfPage\":{\"@id\":\"https:\\\/\\\/quehacerpolitico.mx\\\/?p=87367#primaryimage\"},\"image\":{\"@id\":\"https:\\\/\\\/quehacerpolitico.mx\\\/?p=87367#primaryimage\"},\"thumbnailUrl\":\"https:\\\/\\\/quehacerpolitico.mx\\\/wp-content\\\/uploads\\\/2021\\\/12\\\/19C67610-436E-4460-8027-84CFF3A49152.jpeg\",\"datePublished\":\"2021-12-14T16:30:50+00:00\",\"dateModified\":\"2022-01-24T04:54:18+00:00\",\"author\":{\"@id\":\"https:\\\/\\\/quehacerpolitico.mx\\\/#\\\/schema\\\/person\\\/496d8ad2d1d3f8036101dca7ee39e585\"},\"breadcrumb\":{\"@id\":\"https:\\\/\\\/quehacerpolitico.mx\\\/?p=87367#breadcrumb\"},\"inLanguage\":\"es\",\"potentialAction\":[{\"@type\":\"ReadAction\",\"target\":[\"https:\\\/\\\/quehacerpolitico.mx\\\/?p=87367\"]}]},{\"@type\":\"ImageObject\",\"inLanguage\":\"es\",\"@id\":\"https:\\\/\\\/quehacerpolitico.mx\\\/?p=87367#primaryimage\",\"url\":\"https:\\\/\\\/quehacerpolitico.mx\\\/wp-content\\\/uploads\\\/2021\\\/12\\\/19C67610-436E-4460-8027-84CFF3A49152.jpeg\",\"contentUrl\":\"https:\\\/\\\/quehacerpolitico.mx\\\/wp-content\\\/uploads\\\/2021\\\/12\\\/19C67610-436E-4460-8027-84CFF3A49152.jpeg\",\"width\":1284,\"height\":715},{\"@type\":\"BreadcrumbList\",\"@id\":\"https:\\\/\\\/quehacerpolitico.mx\\\/?p=87367#breadcrumb\",\"itemListElement\":[{\"@type\":\"ListItem\",\"position\":1,\"name\":\"Inicio\",\"item\":\"https:\\\/\\\/quehacerpolitico.mx\\\/\"},{\"@type\":\"ListItem\",\"position\":2,\"name\":\"\u00bfQue hago si no me pagan mi aguinaldo en este a\u00f1o 2021?\"}]},{\"@type\":\"WebSite\",\"@id\":\"https:\\\/\\\/quehacerpolitico.mx\\\/#website\",\"url\":\"https:\\\/\\\/quehacerpolitico.mx\\\/\",\"name\":\"\",\"description\":\"\",\"potentialAction\":[{\"@type\":\"SearchAction\",\"target\":{\"@type\":\"EntryPoint\",\"urlTemplate\":\"https:\\\/\\\/quehacerpolitico.mx\\\/?s={search_term_string}\"},\"query-input\":{\"@type\":\"PropertyValueSpecification\",\"valueRequired\":true,\"valueName\":\"search_term_string\"}}],\"inLanguage\":\"es\"},{\"@type\":\"Person\",\"@id\":\"https:\\\/\\\/quehacerpolitico.mx\\\/#\\\/schema\\\/person\\\/496d8ad2d1d3f8036101dca7ee39e585\",\"name\":\"Redacci\u00f3n QP\",\"image\":{\"@type\":\"ImageObject\",\"inLanguage\":\"es\",\"@id\":\"https:\\\/\\\/secure.gravatar.com\\\/avatar\\\/c7164ed6fdec453195284ad24a5ae5b6e1eed2b848477fa2a4787ba9adf39a41?s=96&d=mm&r=g\",\"url\":\"https:\\\/\\\/secure.gravatar.com\\\/avatar\\\/c7164ed6fdec453195284ad24a5ae5b6e1eed2b848477fa2a4787ba9adf39a41?s=96&d=mm&r=g\",\"contentUrl\":\"https:\\\/\\\/secure.gravatar.com\\\/avatar\\\/c7164ed6fdec453195284ad24a5ae5b6e1eed2b848477fa2a4787ba9adf39a41?s=96&d=mm&r=g\",\"caption\":\"Redacci\u00f3n QP\"},\"url\":\"https:\\\/\\\/quehacerpolitico.mx\\\/?author=2\"}]}<\/script>\n<!-- \/ Yoast SEO plugin. -->","yoast_head_json":{"title":"\u00bfQue hago si no me pagan mi aguinaldo en este a\u00f1o 2021? -","robots":{"index":"index","follow":"follow","max-snippet":"max-snippet:-1","max-image-preview":"max-image-preview:large","max-video-preview":"max-video-preview:-1"},"canonical":"https:\/\/quehacerpolitico.mx\/?p=87367","og_locale":"es_MX","og_type":"article","og_title":"\u00bfQue hago si no me pagan mi aguinaldo en este a\u00f1o 2021? -","og_description":"Por Redacci\u00f3n NotiExpress | La Revista del Sector Inmobiliario La Ley Federal del Trabajo establece...","og_url":"https:\/\/quehacerpolitico.mx\/?p=87367","article_published_time":"2021-12-14T16:30:50+00:00","article_modified_time":"2022-01-24T04:54:18+00:00","og_image":[{"width":1284,"height":715,"url":"https:\/\/quehacerpolitico.mx\/wp-content\/uploads\/2021\/12\/19C67610-436E-4460-8027-84CFF3A49152.jpeg","type":"image\/jpeg"}],"author":"Redacci\u00f3n QP","twitter_card":"summary_large_image","twitter_misc":{"Escrito por":"Redacci\u00f3n QP","Tiempo de lectura":"2 minutos"},"schema":{"@context":"https:\/\/schema.org","@graph":[{"@type":"Article","@id":"https:\/\/quehacerpolitico.mx\/?p=87367#article","isPartOf":{"@id":"https:\/\/quehacerpolitico.mx\/?p=87367"},"author":{"name":"Redacci\u00f3n QP","@id":"https:\/\/quehacerpolitico.mx\/#\/schema\/person\/496d8ad2d1d3f8036101dca7ee39e585"},"headline":"\u00bfQue hago si no me pagan mi aguinaldo en este a\u00f1o 2021?","datePublished":"2021-12-14T16:30:50+00:00","dateModified":"2022-01-24T04:54:18+00:00","mainEntityOfPage":{"@id":"https:\/\/quehacerpolitico.mx\/?p=87367"},"wordCount":383,"commentCount":0,"image":{"@id":"https:\/\/quehacerpolitico.mx\/?p=87367#primaryimage"},"thumbnailUrl":"https:\/\/quehacerpolitico.mx\/wp-content\/uploads\/2021\/12\/19C67610-436E-4460-8027-84CFF3A49152.jpeg","articleSection":["Econom\u00eda"],"inLanguage":"es","potentialAction":[{"@type":"CommentAction","name":"Comment","target":["https:\/\/quehacerpolitico.mx\/?p=87367#respond"]}]},{"@type":"WebPage","@id":"https:\/\/quehacerpolitico.mx\/?p=87367","url":"https:\/\/quehacerpolitico.mx\/?p=87367","name":"\u00bfQue hago si no me pagan mi aguinaldo en este a\u00f1o 2021? -","isPartOf":{"@id":"https:\/\/quehacerpolitico.mx\/#website"},"primaryImageOfPage":{"@id":"https:\/\/quehacerpolitico.mx\/?p=87367#primaryimage"},"image":{"@id":"https:\/\/quehacerpolitico.mx\/?p=87367#primaryimage"},"thumbnailUrl":"https:\/\/quehacerpolitico.mx\/wp-content\/uploads\/2021\/12\/19C67610-436E-4460-8027-84CFF3A49152.jpeg","datePublished":"2021-12-14T16:30:50+00:00","dateModified":"2022-01-24T04:54:18+00:00","author":{"@id":"https:\/\/quehacerpolitico.mx\/#\/schema\/person\/496d8ad2d1d3f8036101dca7ee39e585"},"breadcrumb":{"@id":"https:\/\/quehacerpolitico.mx\/?p=87367#breadcrumb"},"inLanguage":"es","potentialAction":[{"@type":"ReadAction","target":["https:\/\/quehacerpolitico.mx\/?p=87367"]}]},{"@type":"ImageObject","inLanguage":"es","@id":"https:\/\/quehacerpolitico.mx\/?p=87367#primaryimage","url":"https:\/\/quehacerpolitico.mx\/wp-content\/uploads\/2021\/12\/19C67610-436E-4460-8027-84CFF3A49152.jpeg","contentUrl":"https:\/\/quehacerpolitico.mx\/wp-content\/uploads\/2021\/12\/19C67610-436E-4460-8027-84CFF3A49152.jpeg","width":1284,"height":715},{"@type":"BreadcrumbList","@id":"https:\/\/quehacerpolitico.mx\/?p=87367#breadcrumb","itemListElement":[{"@type":"ListItem","position":1,"name":"Inicio","item":"https:\/\/quehacerpolitico.mx\/"},{"@type":"ListItem","position":2,"name":"\u00bfQue hago si no me pagan mi aguinaldo en este a\u00f1o 2021?"}]},{"@type":"WebSite","@id":"https:\/\/quehacerpolitico.mx\/#website","url":"https:\/\/quehacerpolitico.mx\/","name":"","description":"","potentialAction":[{"@type":"SearchAction","target":{"@type":"EntryPoint","urlTemplate":"https:\/\/quehacerpolitico.mx\/?s={search_term_string}"},"query-input":{"@type":"PropertyValueSpecification","valueRequired":true,"valueName":"search_term_string"}}],"inLanguage":"es"},{"@type":"Person","@id":"https:\/\/quehacerpolitico.mx\/#\/schema\/person\/496d8ad2d1d3f8036101dca7ee39e585","name":"Redacci\u00f3n QP","image":{"@type":"ImageObject","inLanguage":"es","@id":"https:\/\/secure.gravatar.com\/avatar\/c7164ed6fdec453195284ad24a5ae5b6e1eed2b848477fa2a4787ba9adf39a41?s=96&d=mm&r=g","url":"https:\/\/secure.gravatar.com\/avatar\/c7164ed6fdec453195284ad24a5ae5b6e1eed2b848477fa2a4787ba9adf39a41?s=96&d=mm&r=g","contentUrl":"https:\/\/secure.gravatar.com\/avatar\/c7164ed6fdec453195284ad24a5ae5b6e1eed2b848477fa2a4787ba9adf39a41?s=96&d=mm&r=g","caption":"Redacci\u00f3n QP"},"url":"https:\/\/quehacerpolitico.mx\/?author=2"}]}},"featured_image_urls":{"full":["https:\/\/quehacerpolitico.mx\/wp-content\/uploads\/2021\/12\/19C67610-436E-4460-8027-84CFF3A49152.jpeg",1284,715,false],"thumbnail":["https:\/\/quehacerpolitico.mx\/wp-content\/uploads\/2021\/12\/19C67610-436E-4460-8027-84CFF3A49152-150x150.jpeg",150,150,true],"medium":["https:\/\/quehacerpolitico.mx\/wp-content\/uploads\/2021\/12\/19C67610-436E-4460-8027-84CFF3A49152-300x167.jpeg",300,167,true],"medium_large":["https:\/\/quehacerpolitico.mx\/wp-content\/uploads\/2021\/12\/19C67610-436E-4460-8027-84CFF3A49152-768x428.jpeg",640,357,true],"large":["https:\/\/quehacerpolitico.mx\/wp-content\/uploads\/2021\/12\/19C67610-436E-4460-8027-84CFF3A49152-1024x570.jpeg",640,356,true],"1536x1536":["https:\/\/quehacerpolitico.mx\/wp-content\/uploads\/2021\/12\/19C67610-436E-4460-8027-84CFF3A49152.jpeg",1284,715,false],"2048x2048":["https:\/\/quehacerpolitico.mx\/wp-content\/uploads\/2021\/12\/19C67610-436E-4460-8027-84CFF3A49152.jpeg",1284,715,false],"covernews-featured":["https:\/\/quehacerpolitico.mx\/wp-content\/uploads\/2021\/12\/19C67610-436E-4460-8027-84CFF3A49152.jpeg",1024,570,false],"covernews-medium":["https:\/\/quehacerpolitico.mx\/wp-content\/uploads\/2021\/12\/19C67610-436E-4460-8027-84CFF3A49152.jpeg",540,301,false]},"author_info":{"display_name":"Redacci\u00f3n QP","author_link":"https:\/\/quehacerpolitico.mx\/?author=2"},"category_info":"<a href=\"https:\/\/quehacerpolitico.mx\/?cat=56\" rel=\"category\">Econom\u00eda<\/a>","tag_info":"Econom\u00eda","comment_count":"0","_links":{"self":[{"href":"https:\/\/quehacerpolitico.mx\/index.php?rest_route=\/wp\/v2\/posts\/87367","targetHints":{"allow":["GET"]}}],"collection":[{"href":"https:\/\/quehacerpolitico.mx\/index.php?rest_route=\/wp\/v2\/posts"}],"about":[{"href":"https:\/\/quehacerpolitico.mx\/index.php?rest_route=\/wp\/v2\/types\/post"}],"author":[{"embeddable":true,"href":"https:\/\/quehacerpolitico.mx\/index.php?rest_route=\/wp\/v2\/users\/2"}],"replies":[{"embeddable":true,"href":"https:\/\/quehacerpolitico.mx\/index.php?rest_route=%2Fwp%2Fv2%2Fcomments&post=87367"}],"version-history":[{"count":3,"href":"https:\/\/quehacerpolitico.mx\/index.php?rest_route=\/wp\/v2\/posts\/87367\/revisions"}],"predecessor-version":[{"id":88832,"href":"https:\/\/quehacerpolitico.mx\/index.php?rest_route=\/wp\/v2\/posts\/87367\/revisions\/88832"}],"wp:featuredmedia":[{"embeddable":true,"href":"https:\/\/quehacerpolitico.mx\/index.php?rest_route=\/wp\/v2\/media\/88831"}],"wp:attachment":[{"href":"https:\/\/quehacerpolitico.mx\/index.php?rest_route=%2Fwp%2Fv2%2Fmedia&parent=87367"}],"wp:term":[{"taxonomy":"category","embeddable":true,"href":"https:\/\/quehacerpolitico.mx\/index.php?rest_route=%2Fwp%2Fv2%2Fcategories&post=87367"},{"taxonomy":"post_tag","embeddable":true,"href":"https:\/\/quehacerpolitico.mx\/index.php?rest_route=%2Fwp%2Fv2%2Ftags&post=87367"}],"curies":[{"name":"wp","href":"https:\/\/api.w.org\/{rel}","templated":true}]}}