{"id":87361,"date":"2021-12-14T14:52:29","date_gmt":"2021-12-14T14:52:29","guid":{"rendered":"https:\/\/quehacerpolitico.mx\/?p=87361"},"modified":"2021-12-14T14:52:34","modified_gmt":"2021-12-14T14:52:34","slug":"las-marchas-y-manifestaciones-en-la-cdmx-hoy-14-de-diciembre","status":"publish","type":"post","link":"https:\/\/quehacerpolitico.mx\/?p=87361","title":{"rendered":"Las marchas y manifestaciones en la CdMx hoy 14 de diciembre"},"content":{"rendered":"\n<p>Por Redacci\u00f3n QP<\/p>\n\n\n\n<p>Este martes 14 de diciembre se esperan 14 concentraciones-marchas a lo largo del d\u00eda en distintos puntos de la Ciudad de M\u00e9xico. Aqu\u00ed te decimos d\u00f3nde, para que tomes precauciones.<\/p>\n\n\n\n<p>De acuerdo con el Centro de Comando, Control, C\u00f3mputo, Comunicaciones y Contacto Ciudadano de la Ciudad de M\u00e9xico (C5) este\u00a0<strong>14 de diciembre se esperan 14 marchas y concentraciones a lo largo del d\u00eda<\/strong>, las cuales podr\u00edan afectar la circulaci\u00f3n en vialidades de la capital.<\/p>\n\n\n\n<p>Durante el d\u00eda se tienen previstas 14 concentraciones: siete en la alcald\u00eda\u00a0<strong>Cuauht\u00e9moc<\/strong>, tres en\u00a0<strong>Iztapalapa<\/strong>, una en\u00a0<strong>Coyoac\u00e1n<\/strong>, una en\u00a0<strong>Gustavo A. Madero,<\/strong>\u00a0una en\u00a0<strong>Iztacalco\u00a0<\/strong>y una m\u00e1s en\u00a0<strong>Miguel Hidalgo<\/strong>.<\/p>\n\n\n\n<figure class=\"wp-block-embed is-type-rich is-provider-twitter wp-block-embed-twitter\"><div class=\"wp-block-embed__wrapper\">\n<blockquote class=\"twitter-tweet\" data-width=\"550\" data-dnt=\"true\"><p lang=\"es\" dir=\"ltr\">\u26a0\ufe0f\ud83d\udce2Te compartimos las movilizaciones sociales previstas para este d\u00eda en la CDMX.<a href=\"https:\/\/twitter.com\/hashtag\/MovilidadCDMX?src=hash&amp;ref_src=twsrc%5Etfw\">#MovilidadCDMX<\/a> <a href=\"https:\/\/twitter.com\/hashtag\/C5?src=hash&amp;ref_src=twsrc%5Etfw\">#C5<\/a> <a href=\"https:\/\/t.co\/3s5UsIAEbX\">pic.twitter.com\/3s5UsIAEbX<\/a><\/p>&mdash; C5 CDMX (@C5_CDMX) <a href=\"https:\/\/twitter.com\/C5_CDMX\/status\/1470726238113349634?ref_src=twsrc%5Etfw\">December 14, 2021<\/a><\/blockquote><script async src=\"https:\/\/platform.twitter.com\/widgets.js\" charset=\"utf-8\"><\/script>\n<\/div><\/figure>\n\n\n\n<h2 class=\"wp-block-heading\"><strong>Alcald\u00eda Cuauht\u00e9moc<\/strong><\/h2>\n\n\n\n<h2 class=\"wp-block-heading\"><\/h2>\n\n\n\n<p>08:00 Concentraci\u00f3n de Frente Popular Revolucionario, en Plaza de la Rep\u00fablica, colonia Tabacalera.&nbsp;<\/p>\n\n\n\n<p>09:00 y 11:00 Concentraci\u00f3n de Uni\u00f3n Ciudadana Democr\u00e1tica, en Plaza de la Constituci\u00f3n, colonia Centro.&nbsp;<\/p>\n\n\n\n<p>10:00 Concentraci\u00f3n de Coordinadora Nacional de Trabajadores de la Educaci\u00f3n (CNTE), en Plaza de la Constituci\u00f3n, colonia Centro.&nbsp;<\/p>\n\n\n\n<p>11:00 Concentraci\u00f3n \u2013 Marcha de Sindicato del Personal Acad\u00e9mico del CIDE, en avenida Insurgentes Sur, colonia Ju\u00e1rez, rumbo a avenida Paseo de la Reforma, colonia Ju\u00e1rez.<\/p>\n\n\n\n<p>11:00 Concentraci\u00f3n de Ex Trabajadores de la Extinta Ruta 100, e Allende y Donceles, colonia Centro.&nbsp;<\/p>\n\n\n\n<p>12:00 Concentraci\u00f3n de Primer Plant\u00f3n por la Abolici\u00f3n de la Tauromaquia en M\u00e9xico, en Allende y Donceles, colonia Centro.&nbsp;<\/p>\n\n\n\n<p>17:00 Concentraci\u00f3n de Sindicato Mexicano de Electricistas (SME), en avenida Insurgentes norte, colonia Tabacalera.&nbsp;<\/p>\n\n\n\n<h2 class=\"wp-block-heading\">\u00c1lvaro Iztapalapa<\/h2>\n\n\n\n<h2 class=\"wp-block-heading\"><\/h2>\n\n\n\n<p>10:00 Concentraci\u00f3n de Federaci\u00f3n Nacional de Organizaciones Populares, en Santiago y Emiliano Zapata, colonia Lomas de Zaragoza.&nbsp;<\/p>\n\n\n\n<p>14:00 Concentraci\u00f3n de Colectiva Feminista (D.S.), en avenida Reforma 100, colonia Lomas de San Lorenzo.&nbsp;<\/p>\n\n\n\n<p>14:00 Concentraci\u00f3n de Alianza para la Reconstituci\u00f3n de los Pueblos Originarios, en calle Benito Ju\u00e1rez, colonia Santa Martha Acatitla.&nbsp;<\/p>\n\n\n\n<h2 class=\"wp-block-heading\">Alcald\u00eda GAM<\/h2>\n\n\n\n<h2 class=\"wp-block-heading\"><\/h2>\n\n\n\n<p>Durante el d\u00eda: Caravana de Migrantes Centroamericanos y Haitinaos, en Fray Juan de Zum\u00e1rraga, colonia Villa Gustavo A. Madero.<\/p>\n\n\n\n<h2 class=\"wp-block-heading\">Alcald\u00eda Iztacalco<\/h2>\n\n\n\n<h2 class=\"wp-block-heading\"><\/h2>\n\n\n\n<p>15:00 Concentraci\u00f3n de Brigada Nacional de B\u00fasqueda, en avenida R\u00edo Churubusco, Pueblo de Iztacalco.&nbsp;<\/p>\n\n\n\n<h2 class=\"wp-block-heading\">Alcald\u00eda Miguel Hidalgo<\/h2>\n\n\n\n<h2 class=\"wp-block-heading\"><\/h2>\n\n\n\n<p>18:00 Concentraci\u00f3n de Red Universitaria Anticapitalista, en avenida Homero, colonia Polanco.<\/p>\n\n\n\n<h2 class=\"wp-block-heading\">Alcald\u00eda Coyoac\u00e1n&nbsp;<\/h2>\n\n\n\n<h2 class=\"wp-block-heading\"><\/h2>\n\n\n\n<p>07:00 Concentraci\u00f3n de Vecinos de Pedregal de SAANTO Domingo, en avenida Antonio Delf\u00edn Madrigal y Circuito Escolar, colonia Ciudad Universitaria.<\/p>\n","protected":false},"excerpt":{"rendered":"<p>Por Redacci\u00f3n QP Este martes 14 de diciembre se esperan 14 concentraciones-marchas a lo largo&#8230;<\/p>\n","protected":false},"author":2,"featured_media":87362,"comment_status":"open","ping_status":"open","sticky":false,"template":"","format":"standard","meta":{"_monsterinsights_skip_tracking":false,"_monsterinsights_sitenote_active":false,"_monsterinsights_sitenote_note":"","_monsterinsights_sitenote_category":0,"footnotes":""},"categories":[55],"tags":[],"class_list":["post-87361","post","type-post","status-publish","format-standard","has-post-thumbnail","hentry","category-cdmx"],"yoast_head":"<!-- This site is optimized with the Yoast SEO plugin v27.3 - https:\/\/yoast.com\/product\/yoast-seo-wordpress\/ -->\n<title>Las marchas y manifestaciones en la CdMx hoy 14 de diciembre -<\/title>\n<meta name=\"robots\" content=\"index, follow, max-snippet:-1, max-image-preview:large, max-video-preview:-1\" \/>\n<link rel=\"canonical\" href=\"https:\/\/quehacerpolitico.mx\/?p=87361\" \/>\n<meta property=\"og:locale\" content=\"es_MX\" \/>\n<meta property=\"og:type\" content=\"article\" \/>\n<meta property=\"og:title\" content=\"Las marchas y manifestaciones en la CdMx hoy 14 de diciembre -\" \/>\n<meta property=\"og:description\" content=\"Por Redacci\u00f3n QP Este martes 14 de diciembre se esperan 14 concentraciones-marchas a lo largo...\" \/>\n<meta property=\"og:url\" content=\"https:\/\/quehacerpolitico.mx\/?p=87361\" \/>\n<meta property=\"article:published_time\" content=\"2021-12-14T14:52:29+00:00\" \/>\n<meta property=\"article:modified_time\" content=\"2021-12-14T14:52:34+00:00\" \/>\n<meta property=\"og:image\" content=\"https:\/\/quehacerpolitico.mx\/wp-content\/uploads\/2021\/12\/816155EE-4108-45CF-A119-458E5CBF56D3.jpeg\" \/>\n\t<meta property=\"og:image:width\" content=\"795\" \/>\n\t<meta property=\"og:image:height\" content=\"386\" \/>\n\t<meta property=\"og:image:type\" content=\"image\/jpeg\" \/>\n<meta name=\"author\" content=\"Redacci\u00f3n QP\" \/>\n<meta name=\"twitter:card\" content=\"summary_large_image\" \/>\n<meta name=\"twitter:label1\" content=\"Escrito por\" \/>\n\t<meta name=\"twitter:data1\" content=\"Redacci\u00f3n QP\" \/>\n\t<meta name=\"twitter:label2\" content=\"Tiempo de lectura\" \/>\n\t<meta name=\"twitter:data2\" content=\"2 minutos\" \/>\n<script type=\"application\/ld+json\" class=\"yoast-schema-graph\">{\"@context\":\"https:\\\/\\\/schema.org\",\"@graph\":[{\"@type\":\"Article\",\"@id\":\"https:\\\/\\\/quehacerpolitico.mx\\\/?p=87361#article\",\"isPartOf\":{\"@id\":\"https:\\\/\\\/quehacerpolitico.mx\\\/?p=87361\"},\"author\":{\"name\":\"Redacci\u00f3n QP\",\"@id\":\"https:\\\/\\\/quehacerpolitico.mx\\\/#\\\/schema\\\/person\\\/496d8ad2d1d3f8036101dca7ee39e585\"},\"headline\":\"Las marchas y manifestaciones en la CdMx hoy 14 de diciembre\",\"datePublished\":\"2021-12-14T14:52:29+00:00\",\"dateModified\":\"2021-12-14T14:52:34+00:00\",\"mainEntityOfPage\":{\"@id\":\"https:\\\/\\\/quehacerpolitico.mx\\\/?p=87361\"},\"wordCount\":421,\"commentCount\":0,\"image\":{\"@id\":\"https:\\\/\\\/quehacerpolitico.mx\\\/?p=87361#primaryimage\"},\"thumbnailUrl\":\"https:\\\/\\\/quehacerpolitico.mx\\\/wp-content\\\/uploads\\\/2021\\\/12\\\/816155EE-4108-45CF-A119-458E5CBF56D3.jpeg\",\"articleSection\":[\"CDMX\"],\"inLanguage\":\"es\",\"potentialAction\":[{\"@type\":\"CommentAction\",\"name\":\"Comment\",\"target\":[\"https:\\\/\\\/quehacerpolitico.mx\\\/?p=87361#respond\"]}]},{\"@type\":\"WebPage\",\"@id\":\"https:\\\/\\\/quehacerpolitico.mx\\\/?p=87361\",\"url\":\"https:\\\/\\\/quehacerpolitico.mx\\\/?p=87361\",\"name\":\"Las marchas y manifestaciones en la CdMx hoy 14 de diciembre -\",\"isPartOf\":{\"@id\":\"https:\\\/\\\/quehacerpolitico.mx\\\/#website\"},\"primaryImageOfPage\":{\"@id\":\"https:\\\/\\\/quehacerpolitico.mx\\\/?p=87361#primaryimage\"},\"image\":{\"@id\":\"https:\\\/\\\/quehacerpolitico.mx\\\/?p=87361#primaryimage\"},\"thumbnailUrl\":\"https:\\\/\\\/quehacerpolitico.mx\\\/wp-content\\\/uploads\\\/2021\\\/12\\\/816155EE-4108-45CF-A119-458E5CBF56D3.jpeg\",\"datePublished\":\"2021-12-14T14:52:29+00:00\",\"dateModified\":\"2021-12-14T14:52:34+00:00\",\"author\":{\"@id\":\"https:\\\/\\\/quehacerpolitico.mx\\\/#\\\/schema\\\/person\\\/496d8ad2d1d3f8036101dca7ee39e585\"},\"breadcrumb\":{\"@id\":\"https:\\\/\\\/quehacerpolitico.mx\\\/?p=87361#breadcrumb\"},\"inLanguage\":\"es\",\"potentialAction\":[{\"@type\":\"ReadAction\",\"target\":[\"https:\\\/\\\/quehacerpolitico.mx\\\/?p=87361\"]}]},{\"@type\":\"ImageObject\",\"inLanguage\":\"es\",\"@id\":\"https:\\\/\\\/quehacerpolitico.mx\\\/?p=87361#primaryimage\",\"url\":\"https:\\\/\\\/quehacerpolitico.mx\\\/wp-content\\\/uploads\\\/2021\\\/12\\\/816155EE-4108-45CF-A119-458E5CBF56D3.jpeg\",\"contentUrl\":\"https:\\\/\\\/quehacerpolitico.mx\\\/wp-content\\\/uploads\\\/2021\\\/12\\\/816155EE-4108-45CF-A119-458E5CBF56D3.jpeg\",\"width\":795,\"height\":386},{\"@type\":\"BreadcrumbList\",\"@id\":\"https:\\\/\\\/quehacerpolitico.mx\\\/?p=87361#breadcrumb\",\"itemListElement\":[{\"@type\":\"ListItem\",\"position\":1,\"name\":\"Inicio\",\"item\":\"https:\\\/\\\/quehacerpolitico.mx\\\/\"},{\"@type\":\"ListItem\",\"position\":2,\"name\":\"Las marchas y manifestaciones en la CdMx hoy 14 de diciembre\"}]},{\"@type\":\"WebSite\",\"@id\":\"https:\\\/\\\/quehacerpolitico.mx\\\/#website\",\"url\":\"https:\\\/\\\/quehacerpolitico.mx\\\/\",\"name\":\"\",\"description\":\"\",\"potentialAction\":[{\"@type\":\"SearchAction\",\"target\":{\"@type\":\"EntryPoint\",\"urlTemplate\":\"https:\\\/\\\/quehacerpolitico.mx\\\/?s={search_term_string}\"},\"query-input\":{\"@type\":\"PropertyValueSpecification\",\"valueRequired\":true,\"valueName\":\"search_term_string\"}}],\"inLanguage\":\"es\"},{\"@type\":\"Person\",\"@id\":\"https:\\\/\\\/quehacerpolitico.mx\\\/#\\\/schema\\\/person\\\/496d8ad2d1d3f8036101dca7ee39e585\",\"name\":\"Redacci\u00f3n QP\",\"image\":{\"@type\":\"ImageObject\",\"inLanguage\":\"es\",\"@id\":\"https:\\\/\\\/secure.gravatar.com\\\/avatar\\\/c7164ed6fdec453195284ad24a5ae5b6e1eed2b848477fa2a4787ba9adf39a41?s=96&d=mm&r=g\",\"url\":\"https:\\\/\\\/secure.gravatar.com\\\/avatar\\\/c7164ed6fdec453195284ad24a5ae5b6e1eed2b848477fa2a4787ba9adf39a41?s=96&d=mm&r=g\",\"contentUrl\":\"https:\\\/\\\/secure.gravatar.com\\\/avatar\\\/c7164ed6fdec453195284ad24a5ae5b6e1eed2b848477fa2a4787ba9adf39a41?s=96&d=mm&r=g\",\"caption\":\"Redacci\u00f3n QP\"},\"url\":\"https:\\\/\\\/quehacerpolitico.mx\\\/?author=2\"}]}<\/script>\n<!-- \/ Yoast SEO plugin. -->","yoast_head_json":{"title":"Las marchas y manifestaciones en la CdMx hoy 14 de diciembre -","robots":{"index":"index","follow":"follow","max-snippet":"max-snippet:-1","max-image-preview":"max-image-preview:large","max-video-preview":"max-video-preview:-1"},"canonical":"https:\/\/quehacerpolitico.mx\/?p=87361","og_locale":"es_MX","og_type":"article","og_title":"Las marchas y manifestaciones en la CdMx hoy 14 de diciembre -","og_description":"Por Redacci\u00f3n QP Este martes 14 de diciembre se esperan 14 concentraciones-marchas a lo largo...","og_url":"https:\/\/quehacerpolitico.mx\/?p=87361","article_published_time":"2021-12-14T14:52:29+00:00","article_modified_time":"2021-12-14T14:52:34+00:00","og_image":[{"width":795,"height":386,"url":"https:\/\/quehacerpolitico.mx\/wp-content\/uploads\/2021\/12\/816155EE-4108-45CF-A119-458E5CBF56D3.jpeg","type":"image\/jpeg"}],"author":"Redacci\u00f3n QP","twitter_card":"summary_large_image","twitter_misc":{"Escrito por":"Redacci\u00f3n QP","Tiempo de lectura":"2 minutos"},"schema":{"@context":"https:\/\/schema.org","@graph":[{"@type":"Article","@id":"https:\/\/quehacerpolitico.mx\/?p=87361#article","isPartOf":{"@id":"https:\/\/quehacerpolitico.mx\/?p=87361"},"author":{"name":"Redacci\u00f3n QP","@id":"https:\/\/quehacerpolitico.mx\/#\/schema\/person\/496d8ad2d1d3f8036101dca7ee39e585"},"headline":"Las marchas y manifestaciones en la CdMx hoy 14 de diciembre","datePublished":"2021-12-14T14:52:29+00:00","dateModified":"2021-12-14T14:52:34+00:00","mainEntityOfPage":{"@id":"https:\/\/quehacerpolitico.mx\/?p=87361"},"wordCount":421,"commentCount":0,"image":{"@id":"https:\/\/quehacerpolitico.mx\/?p=87361#primaryimage"},"thumbnailUrl":"https:\/\/quehacerpolitico.mx\/wp-content\/uploads\/2021\/12\/816155EE-4108-45CF-A119-458E5CBF56D3.jpeg","articleSection":["CDMX"],"inLanguage":"es","potentialAction":[{"@type":"CommentAction","name":"Comment","target":["https:\/\/quehacerpolitico.mx\/?p=87361#respond"]}]},{"@type":"WebPage","@id":"https:\/\/quehacerpolitico.mx\/?p=87361","url":"https:\/\/quehacerpolitico.mx\/?p=87361","name":"Las marchas y manifestaciones en la CdMx hoy 14 de diciembre -","isPartOf":{"@id":"https:\/\/quehacerpolitico.mx\/#website"},"primaryImageOfPage":{"@id":"https:\/\/quehacerpolitico.mx\/?p=87361#primaryimage"},"image":{"@id":"https:\/\/quehacerpolitico.mx\/?p=87361#primaryimage"},"thumbnailUrl":"https:\/\/quehacerpolitico.mx\/wp-content\/uploads\/2021\/12\/816155EE-4108-45CF-A119-458E5CBF56D3.jpeg","datePublished":"2021-12-14T14:52:29+00:00","dateModified":"2021-12-14T14:52:34+00:00","author":{"@id":"https:\/\/quehacerpolitico.mx\/#\/schema\/person\/496d8ad2d1d3f8036101dca7ee39e585"},"breadcrumb":{"@id":"https:\/\/quehacerpolitico.mx\/?p=87361#breadcrumb"},"inLanguage":"es","potentialAction":[{"@type":"ReadAction","target":["https:\/\/quehacerpolitico.mx\/?p=87361"]}]},{"@type":"ImageObject","inLanguage":"es","@id":"https:\/\/quehacerpolitico.mx\/?p=87361#primaryimage","url":"https:\/\/quehacerpolitico.mx\/wp-content\/uploads\/2021\/12\/816155EE-4108-45CF-A119-458E5CBF56D3.jpeg","contentUrl":"https:\/\/quehacerpolitico.mx\/wp-content\/uploads\/2021\/12\/816155EE-4108-45CF-A119-458E5CBF56D3.jpeg","width":795,"height":386},{"@type":"BreadcrumbList","@id":"https:\/\/quehacerpolitico.mx\/?p=87361#breadcrumb","itemListElement":[{"@type":"ListItem","position":1,"name":"Inicio","item":"https:\/\/quehacerpolitico.mx\/"},{"@type":"ListItem","position":2,"name":"Las marchas y manifestaciones en la CdMx hoy 14 de diciembre"}]},{"@type":"WebSite","@id":"https:\/\/quehacerpolitico.mx\/#website","url":"https:\/\/quehacerpolitico.mx\/","name":"","description":"","potentialAction":[{"@type":"SearchAction","target":{"@type":"EntryPoint","urlTemplate":"https:\/\/quehacerpolitico.mx\/?s={search_term_string}"},"query-input":{"@type":"PropertyValueSpecification","valueRequired":true,"valueName":"search_term_string"}}],"inLanguage":"es"},{"@type":"Person","@id":"https:\/\/quehacerpolitico.mx\/#\/schema\/person\/496d8ad2d1d3f8036101dca7ee39e585","name":"Redacci\u00f3n QP","image":{"@type":"ImageObject","inLanguage":"es","@id":"https:\/\/secure.gravatar.com\/avatar\/c7164ed6fdec453195284ad24a5ae5b6e1eed2b848477fa2a4787ba9adf39a41?s=96&d=mm&r=g","url":"https:\/\/secure.gravatar.com\/avatar\/c7164ed6fdec453195284ad24a5ae5b6e1eed2b848477fa2a4787ba9adf39a41?s=96&d=mm&r=g","contentUrl":"https:\/\/secure.gravatar.com\/avatar\/c7164ed6fdec453195284ad24a5ae5b6e1eed2b848477fa2a4787ba9adf39a41?s=96&d=mm&r=g","caption":"Redacci\u00f3n QP"},"url":"https:\/\/quehacerpolitico.mx\/?author=2"}]}},"featured_image_urls":{"full":["https:\/\/quehacerpolitico.mx\/wp-content\/uploads\/2021\/12\/816155EE-4108-45CF-A119-458E5CBF56D3.jpeg",795,386,false],"thumbnail":["https:\/\/quehacerpolitico.mx\/wp-content\/uploads\/2021\/12\/816155EE-4108-45CF-A119-458E5CBF56D3-150x150.jpeg",150,150,true],"medium":["https:\/\/quehacerpolitico.mx\/wp-content\/uploads\/2021\/12\/816155EE-4108-45CF-A119-458E5CBF56D3-300x146.jpeg",300,146,true],"medium_large":["https:\/\/quehacerpolitico.mx\/wp-content\/uploads\/2021\/12\/816155EE-4108-45CF-A119-458E5CBF56D3-768x373.jpeg",640,311,true],"large":["https:\/\/quehacerpolitico.mx\/wp-content\/uploads\/2021\/12\/816155EE-4108-45CF-A119-458E5CBF56D3.jpeg",640,311,false],"1536x1536":["https:\/\/quehacerpolitico.mx\/wp-content\/uploads\/2021\/12\/816155EE-4108-45CF-A119-458E5CBF56D3.jpeg",795,386,false],"2048x2048":["https:\/\/quehacerpolitico.mx\/wp-content\/uploads\/2021\/12\/816155EE-4108-45CF-A119-458E5CBF56D3.jpeg",795,386,false],"covernews-featured":["https:\/\/quehacerpolitico.mx\/wp-content\/uploads\/2021\/12\/816155EE-4108-45CF-A119-458E5CBF56D3.jpeg",795,386,false],"covernews-medium":["https:\/\/quehacerpolitico.mx\/wp-content\/uploads\/2021\/12\/816155EE-4108-45CF-A119-458E5CBF56D3.jpeg",540,262,false]},"author_info":{"display_name":"Redacci\u00f3n QP","author_link":"https:\/\/quehacerpolitico.mx\/?author=2"},"category_info":"<a href=\"https:\/\/quehacerpolitico.mx\/?cat=55\" rel=\"category\">CDMX<\/a>","tag_info":"CDMX","comment_count":"0","_links":{"self":[{"href":"https:\/\/quehacerpolitico.mx\/index.php?rest_route=\/wp\/v2\/posts\/87361","targetHints":{"allow":["GET"]}}],"collection":[{"href":"https:\/\/quehacerpolitico.mx\/index.php?rest_route=\/wp\/v2\/posts"}],"about":[{"href":"https:\/\/quehacerpolitico.mx\/index.php?rest_route=\/wp\/v2\/types\/post"}],"author":[{"embeddable":true,"href":"https:\/\/quehacerpolitico.mx\/index.php?rest_route=\/wp\/v2\/users\/2"}],"replies":[{"embeddable":true,"href":"https:\/\/quehacerpolitico.mx\/index.php?rest_route=%2Fwp%2Fv2%2Fcomments&post=87361"}],"version-history":[{"count":1,"href":"https:\/\/quehacerpolitico.mx\/index.php?rest_route=\/wp\/v2\/posts\/87361\/revisions"}],"predecessor-version":[{"id":87363,"href":"https:\/\/quehacerpolitico.mx\/index.php?rest_route=\/wp\/v2\/posts\/87361\/revisions\/87363"}],"wp:featuredmedia":[{"embeddable":true,"href":"https:\/\/quehacerpolitico.mx\/index.php?rest_route=\/wp\/v2\/media\/87362"}],"wp:attachment":[{"href":"https:\/\/quehacerpolitico.mx\/index.php?rest_route=%2Fwp%2Fv2%2Fmedia&parent=87361"}],"wp:term":[{"taxonomy":"category","embeddable":true,"href":"https:\/\/quehacerpolitico.mx\/index.php?rest_route=%2Fwp%2Fv2%2Fcategories&post=87361"},{"taxonomy":"post_tag","embeddable":true,"href":"https:\/\/quehacerpolitico.mx\/index.php?rest_route=%2Fwp%2Fv2%2Ftags&post=87361"}],"curies":[{"name":"wp","href":"https:\/\/api.w.org\/{rel}","templated":true}]}}