{"id":87353,"date":"2021-12-13T20:04:17","date_gmt":"2021-12-13T20:04:17","guid":{"rendered":"https:\/\/quehacerpolitico.mx\/?p=87353"},"modified":"2021-12-13T20:04:21","modified_gmt":"2021-12-13T20:04:21","slug":"desde-mexico-extorsionan-a-familias-de-migrantes-accidentados","status":"publish","type":"post","link":"https:\/\/quehacerpolitico.mx\/?p=87353","title":{"rendered":"Desde M\u00e9xico extorsionan a familias de migrantes accidentados"},"content":{"rendered":"\n<p>Por Redacci\u00f3n QP<\/p>\n\n\n\n<p>Los extorsionadores est\u00e1n utilizando fotograf\u00edas alteradas en las que combinan fotos de los rostros de los desaparecidos con los cuerpos de otros migrantes<\/p>\n\n\n\n<p>El sufrimiento de las familias de los migrantes guatemaltecos que viajaban en el tr\u00e1iler accidentado en Chiapas, no termina.<\/p>\n\n\n\n<p>Adem\u00e1s de no saber nada de sus familiares, ahora est\u00e1n recibiendo amenazas y extorsiones de personas que les dicen que est\u00e1n secuestrados en M\u00e9xico.<\/p>\n\n\n\n<p>Una imagen enviada a The Associated Press el lunes muestra un mensaje enviado desde un tel\u00e9fono de M\u00e9xico en el que<strong>\u00a0le piden a una de las familias en Guatemala, que public\u00f3 su n\u00famero para recibir informaci\u00f3n de su familiar desaparecido, 3 mil\u00a0d\u00f3lares a cambio de informaci\u00f3n<\/strong>.<\/p>\n\n\n\n<p>Los extorsionadores tambi\u00e9n est\u00e1n utilizando fotograf\u00edas alteradas en las que combinan fotos de los rostros de los desaparecidos con los cuerpos de otros migrantes.<\/p>\n\n\n\n<p>Las llamadas no se limitan al territorio guatemalteco. Familiares de migrantes en Estados Unidos han recibido el mismo tipo de llamadas. &#8220;<strong>Tenemos miedo, dice que hay 40 secuestrados, no sabemos si all\u00ed puede estar mi hermano<\/strong>&#8220;, dijo un migrante que reside en Estados Unidos y quien por razones de seguridad pidi\u00f3 que no se publique su nombre.<\/p>\n\n\n\n<p>El jueves un tr\u00e1iler cargado de migrantes de Guatemala, Honduras, Rep\u00fablica Dominicana y Ecuador que hab\u00eda salido del sur de M\u00e9xico con destino a Puebla volc\u00f3 en Chiapas al circular a exceso de velocidad y<strong>\u00a0caus\u00f3 la muerte de 55 personas y dej\u00f3 heridas a m\u00e1s de un centenar<\/strong>.<\/p>\n\n\n\n<figure class=\"wp-block-image size-large\"><img loading=\"lazy\" decoding=\"async\" width=\"1024\" height=\"545\" src=\"https:\/\/quehacerpolitico.mx\/wp-content\/uploads\/2021\/12\/image-14-1024x545.jpeg\" alt=\"\" class=\"wp-image-87355\" srcset=\"https:\/\/quehacerpolitico.mx\/wp-content\/uploads\/2021\/12\/image-14-1024x545.jpeg 1024w, https:\/\/quehacerpolitico.mx\/wp-content\/uploads\/2021\/12\/image-14-300x160.jpeg 300w, https:\/\/quehacerpolitico.mx\/wp-content\/uploads\/2021\/12\/image-14-768x409.jpeg 768w, https:\/\/quehacerpolitico.mx\/wp-content\/uploads\/2021\/12\/image-14-260x138.jpeg 260w, https:\/\/quehacerpolitico.mx\/wp-content\/uploads\/2021\/12\/image-14-50x27.jpeg 50w, https:\/\/quehacerpolitico.mx\/wp-content\/uploads\/2021\/12\/image-14-141x75.jpeg 141w, https:\/\/quehacerpolitico.mx\/wp-content\/uploads\/2021\/12\/image-14-1280x683.jpeg 1280w, https:\/\/quehacerpolitico.mx\/wp-content\/uploads\/2021\/12\/image-14.jpeg 1284w\" sizes=\"auto, (max-width: 1024px) 100vw, 1024px\" \/><\/figure>\n\n\n\n<p>Hasta el lunes el Gobierno mexicano no ha hecho p\u00fablico un listado de los migrantes muertos, pero en las redes sociales circulan listas de personas fallecidas no confirmadas.<\/p>\n\n\n\n<p>Algunos de los heridos guatemaltecos decidieron regresar al pa\u00eds por sus propios medios.&nbsp;<strong>El gobierno guatemalteco puso a disposici\u00f3n n\u00fameros telef\u00f3nicos a los que las familias ubicadas en comunidades de escasos recursos<\/strong>, sin acceso o que incluso no hablan bien espa\u00f1ol deben llamar para pedir o dar informaci\u00f3n de sus familiares, pero a\u00fan no han recibido noticias.<\/p>\n\n\n\n<p>El viernes el gobierno guatemalteco envi\u00f3 a M\u00e9xico una comisi\u00f3n de alto nivel con el canciller Pedro Brolo a la cabeza y dos fiscales que estuvieron unas horas junto a los heridos y luego se reunieron en la Ciudad de M\u00e9xico con el canciller de ese pa\u00eds Marcelo Ebrard.<\/p>\n\n\n\n<p>Miles de migrantes huyen de la pobreza en Guatemala cada a\u00f1o. Seg\u00fan expertos entre 300 y 500 migrantes salen cada d\u00eda hacia el norte y pagan en promedio 10 mil\u00a0d\u00f3lares a traficantes de personas. Para obtener el dinero muchas veces se endeudan o dan en garant\u00eda sus casas o terrenos.<\/p>\n\n\n\n<p>Los migrantes, que en su gran mayor\u00eda buscan llegar a Estados Unidos -donde viven unos tres millones de guatemaltecos-, aportan al pa\u00eds m\u00e1s de 11 mil&nbsp;millones de d\u00f3lares al a\u00f1o en remesas, el equivalente a m\u00e1s del 14% del Producto Interno Bruto del pa\u00eds.<\/p>\n\n\n\n<p>Seg\u00fan datos oficiales de la Direcci\u00f3n de Migraci\u00f3n, de enero a noviembre de este a\u00f1o casi 15 mil&nbsp;guatemaltecos, incluidos m\u00e1s de 3 mil&nbsp;menores, fueron deportados desde Estados Unidos v\u00eda a\u00e9rea.<\/p>\n\n\n\n<p>En el mismo per\u00edodo otros 58 mil 225 fueron deportados v\u00eda terrestre y a\u00e9rea desde M\u00e9xico.<\/p>\n\n\n\n<p>Con Informaci\u00f3n de AP<\/p>\n","protected":false},"excerpt":{"rendered":"<p>Por Redacci\u00f3n QP Los extorsionadores est\u00e1n utilizando fotograf\u00edas alteradas en las que combinan fotos de&#8230;<\/p>\n","protected":false},"author":2,"featured_media":87354,"comment_status":"open","ping_status":"open","sticky":false,"template":"","format":"standard","meta":{"_monsterinsights_skip_tracking":false,"_monsterinsights_sitenote_active":false,"_monsterinsights_sitenote_note":"","_monsterinsights_sitenote_category":0,"footnotes":""},"categories":[2],"tags":[],"class_list":["post-87353","post","type-post","status-publish","format-standard","has-post-thumbnail","hentry","category-noticias"],"yoast_head":"<!-- This site is optimized with the Yoast SEO plugin v27.3 - https:\/\/yoast.com\/product\/yoast-seo-wordpress\/ -->\n<title>Desde M\u00e9xico extorsionan a familias de migrantes accidentados -<\/title>\n<meta name=\"robots\" content=\"index, follow, max-snippet:-1, max-image-preview:large, max-video-preview:-1\" \/>\n<link rel=\"canonical\" href=\"https:\/\/quehacerpolitico.mx\/?p=87353\" \/>\n<meta property=\"og:locale\" content=\"es_MX\" \/>\n<meta property=\"og:type\" content=\"article\" \/>\n<meta property=\"og:title\" content=\"Desde M\u00e9xico extorsionan a familias de migrantes accidentados -\" \/>\n<meta property=\"og:description\" content=\"Por Redacci\u00f3n QP Los extorsionadores est\u00e1n utilizando fotograf\u00edas alteradas en las que combinan fotos de...\" \/>\n<meta property=\"og:url\" content=\"https:\/\/quehacerpolitico.mx\/?p=87353\" \/>\n<meta property=\"article:published_time\" content=\"2021-12-13T20:04:17+00:00\" \/>\n<meta property=\"article:modified_time\" content=\"2021-12-13T20:04:21+00:00\" \/>\n<meta property=\"og:image\" content=\"https:\/\/quehacerpolitico.mx\/wp-content\/uploads\/2021\/12\/0C5D267E-F708-4042-A0E0-899EDD33B668.jpeg\" \/>\n\t<meta property=\"og:image:width\" content=\"1284\" \/>\n\t<meta property=\"og:image:height\" content=\"694\" \/>\n\t<meta property=\"og:image:type\" content=\"image\/jpeg\" \/>\n<meta name=\"author\" content=\"Redacci\u00f3n QP\" \/>\n<meta name=\"twitter:card\" content=\"summary_large_image\" \/>\n<meta name=\"twitter:label1\" content=\"Escrito por\" \/>\n\t<meta name=\"twitter:data1\" content=\"Redacci\u00f3n QP\" \/>\n\t<meta name=\"twitter:label2\" content=\"Tiempo de lectura\" \/>\n\t<meta name=\"twitter:data2\" content=\"3 minutos\" \/>\n<script type=\"application\/ld+json\" class=\"yoast-schema-graph\">{\"@context\":\"https:\\\/\\\/schema.org\",\"@graph\":[{\"@type\":\"Article\",\"@id\":\"https:\\\/\\\/quehacerpolitico.mx\\\/?p=87353#article\",\"isPartOf\":{\"@id\":\"https:\\\/\\\/quehacerpolitico.mx\\\/?p=87353\"},\"author\":{\"name\":\"Redacci\u00f3n QP\",\"@id\":\"https:\\\/\\\/quehacerpolitico.mx\\\/#\\\/schema\\\/person\\\/496d8ad2d1d3f8036101dca7ee39e585\"},\"headline\":\"Desde M\u00e9xico extorsionan a familias de migrantes accidentados\",\"datePublished\":\"2021-12-13T20:04:17+00:00\",\"dateModified\":\"2021-12-13T20:04:21+00:00\",\"mainEntityOfPage\":{\"@id\":\"https:\\\/\\\/quehacerpolitico.mx\\\/?p=87353\"},\"wordCount\":588,\"commentCount\":0,\"image\":{\"@id\":\"https:\\\/\\\/quehacerpolitico.mx\\\/?p=87353#primaryimage\"},\"thumbnailUrl\":\"https:\\\/\\\/quehacerpolitico.mx\\\/wp-content\\\/uploads\\\/2021\\\/12\\\/0C5D267E-F708-4042-A0E0-899EDD33B668.jpeg\",\"articleSection\":[\"Noticias\"],\"inLanguage\":\"es\",\"potentialAction\":[{\"@type\":\"CommentAction\",\"name\":\"Comment\",\"target\":[\"https:\\\/\\\/quehacerpolitico.mx\\\/?p=87353#respond\"]}]},{\"@type\":\"WebPage\",\"@id\":\"https:\\\/\\\/quehacerpolitico.mx\\\/?p=87353\",\"url\":\"https:\\\/\\\/quehacerpolitico.mx\\\/?p=87353\",\"name\":\"Desde M\u00e9xico extorsionan a familias de migrantes accidentados -\",\"isPartOf\":{\"@id\":\"https:\\\/\\\/quehacerpolitico.mx\\\/#website\"},\"primaryImageOfPage\":{\"@id\":\"https:\\\/\\\/quehacerpolitico.mx\\\/?p=87353#primaryimage\"},\"image\":{\"@id\":\"https:\\\/\\\/quehacerpolitico.mx\\\/?p=87353#primaryimage\"},\"thumbnailUrl\":\"https:\\\/\\\/quehacerpolitico.mx\\\/wp-content\\\/uploads\\\/2021\\\/12\\\/0C5D267E-F708-4042-A0E0-899EDD33B668.jpeg\",\"datePublished\":\"2021-12-13T20:04:17+00:00\",\"dateModified\":\"2021-12-13T20:04:21+00:00\",\"author\":{\"@id\":\"https:\\\/\\\/quehacerpolitico.mx\\\/#\\\/schema\\\/person\\\/496d8ad2d1d3f8036101dca7ee39e585\"},\"breadcrumb\":{\"@id\":\"https:\\\/\\\/quehacerpolitico.mx\\\/?p=87353#breadcrumb\"},\"inLanguage\":\"es\",\"potentialAction\":[{\"@type\":\"ReadAction\",\"target\":[\"https:\\\/\\\/quehacerpolitico.mx\\\/?p=87353\"]}]},{\"@type\":\"ImageObject\",\"inLanguage\":\"es\",\"@id\":\"https:\\\/\\\/quehacerpolitico.mx\\\/?p=87353#primaryimage\",\"url\":\"https:\\\/\\\/quehacerpolitico.mx\\\/wp-content\\\/uploads\\\/2021\\\/12\\\/0C5D267E-F708-4042-A0E0-899EDD33B668.jpeg\",\"contentUrl\":\"https:\\\/\\\/quehacerpolitico.mx\\\/wp-content\\\/uploads\\\/2021\\\/12\\\/0C5D267E-F708-4042-A0E0-899EDD33B668.jpeg\",\"width\":1284,\"height\":694},{\"@type\":\"BreadcrumbList\",\"@id\":\"https:\\\/\\\/quehacerpolitico.mx\\\/?p=87353#breadcrumb\",\"itemListElement\":[{\"@type\":\"ListItem\",\"position\":1,\"name\":\"Inicio\",\"item\":\"https:\\\/\\\/quehacerpolitico.mx\\\/\"},{\"@type\":\"ListItem\",\"position\":2,\"name\":\"Desde M\u00e9xico extorsionan a familias de migrantes accidentados\"}]},{\"@type\":\"WebSite\",\"@id\":\"https:\\\/\\\/quehacerpolitico.mx\\\/#website\",\"url\":\"https:\\\/\\\/quehacerpolitico.mx\\\/\",\"name\":\"\",\"description\":\"\",\"potentialAction\":[{\"@type\":\"SearchAction\",\"target\":{\"@type\":\"EntryPoint\",\"urlTemplate\":\"https:\\\/\\\/quehacerpolitico.mx\\\/?s={search_term_string}\"},\"query-input\":{\"@type\":\"PropertyValueSpecification\",\"valueRequired\":true,\"valueName\":\"search_term_string\"}}],\"inLanguage\":\"es\"},{\"@type\":\"Person\",\"@id\":\"https:\\\/\\\/quehacerpolitico.mx\\\/#\\\/schema\\\/person\\\/496d8ad2d1d3f8036101dca7ee39e585\",\"name\":\"Redacci\u00f3n QP\",\"image\":{\"@type\":\"ImageObject\",\"inLanguage\":\"es\",\"@id\":\"https:\\\/\\\/secure.gravatar.com\\\/avatar\\\/c7164ed6fdec453195284ad24a5ae5b6e1eed2b848477fa2a4787ba9adf39a41?s=96&d=mm&r=g\",\"url\":\"https:\\\/\\\/secure.gravatar.com\\\/avatar\\\/c7164ed6fdec453195284ad24a5ae5b6e1eed2b848477fa2a4787ba9adf39a41?s=96&d=mm&r=g\",\"contentUrl\":\"https:\\\/\\\/secure.gravatar.com\\\/avatar\\\/c7164ed6fdec453195284ad24a5ae5b6e1eed2b848477fa2a4787ba9adf39a41?s=96&d=mm&r=g\",\"caption\":\"Redacci\u00f3n QP\"},\"url\":\"https:\\\/\\\/quehacerpolitico.mx\\\/?author=2\"}]}<\/script>\n<!-- \/ Yoast SEO plugin. -->","yoast_head_json":{"title":"Desde M\u00e9xico extorsionan a familias de migrantes accidentados -","robots":{"index":"index","follow":"follow","max-snippet":"max-snippet:-1","max-image-preview":"max-image-preview:large","max-video-preview":"max-video-preview:-1"},"canonical":"https:\/\/quehacerpolitico.mx\/?p=87353","og_locale":"es_MX","og_type":"article","og_title":"Desde M\u00e9xico extorsionan a familias de migrantes accidentados -","og_description":"Por Redacci\u00f3n QP Los extorsionadores est\u00e1n utilizando fotograf\u00edas alteradas en las que combinan fotos de...","og_url":"https:\/\/quehacerpolitico.mx\/?p=87353","article_published_time":"2021-12-13T20:04:17+00:00","article_modified_time":"2021-12-13T20:04:21+00:00","og_image":[{"width":1284,"height":694,"url":"https:\/\/quehacerpolitico.mx\/wp-content\/uploads\/2021\/12\/0C5D267E-F708-4042-A0E0-899EDD33B668.jpeg","type":"image\/jpeg"}],"author":"Redacci\u00f3n QP","twitter_card":"summary_large_image","twitter_misc":{"Escrito por":"Redacci\u00f3n QP","Tiempo de lectura":"3 minutos"},"schema":{"@context":"https:\/\/schema.org","@graph":[{"@type":"Article","@id":"https:\/\/quehacerpolitico.mx\/?p=87353#article","isPartOf":{"@id":"https:\/\/quehacerpolitico.mx\/?p=87353"},"author":{"name":"Redacci\u00f3n QP","@id":"https:\/\/quehacerpolitico.mx\/#\/schema\/person\/496d8ad2d1d3f8036101dca7ee39e585"},"headline":"Desde M\u00e9xico extorsionan a familias de migrantes accidentados","datePublished":"2021-12-13T20:04:17+00:00","dateModified":"2021-12-13T20:04:21+00:00","mainEntityOfPage":{"@id":"https:\/\/quehacerpolitico.mx\/?p=87353"},"wordCount":588,"commentCount":0,"image":{"@id":"https:\/\/quehacerpolitico.mx\/?p=87353#primaryimage"},"thumbnailUrl":"https:\/\/quehacerpolitico.mx\/wp-content\/uploads\/2021\/12\/0C5D267E-F708-4042-A0E0-899EDD33B668.jpeg","articleSection":["Noticias"],"inLanguage":"es","potentialAction":[{"@type":"CommentAction","name":"Comment","target":["https:\/\/quehacerpolitico.mx\/?p=87353#respond"]}]},{"@type":"WebPage","@id":"https:\/\/quehacerpolitico.mx\/?p=87353","url":"https:\/\/quehacerpolitico.mx\/?p=87353","name":"Desde M\u00e9xico extorsionan a familias de migrantes accidentados -","isPartOf":{"@id":"https:\/\/quehacerpolitico.mx\/#website"},"primaryImageOfPage":{"@id":"https:\/\/quehacerpolitico.mx\/?p=87353#primaryimage"},"image":{"@id":"https:\/\/quehacerpolitico.mx\/?p=87353#primaryimage"},"thumbnailUrl":"https:\/\/quehacerpolitico.mx\/wp-content\/uploads\/2021\/12\/0C5D267E-F708-4042-A0E0-899EDD33B668.jpeg","datePublished":"2021-12-13T20:04:17+00:00","dateModified":"2021-12-13T20:04:21+00:00","author":{"@id":"https:\/\/quehacerpolitico.mx\/#\/schema\/person\/496d8ad2d1d3f8036101dca7ee39e585"},"breadcrumb":{"@id":"https:\/\/quehacerpolitico.mx\/?p=87353#breadcrumb"},"inLanguage":"es","potentialAction":[{"@type":"ReadAction","target":["https:\/\/quehacerpolitico.mx\/?p=87353"]}]},{"@type":"ImageObject","inLanguage":"es","@id":"https:\/\/quehacerpolitico.mx\/?p=87353#primaryimage","url":"https:\/\/quehacerpolitico.mx\/wp-content\/uploads\/2021\/12\/0C5D267E-F708-4042-A0E0-899EDD33B668.jpeg","contentUrl":"https:\/\/quehacerpolitico.mx\/wp-content\/uploads\/2021\/12\/0C5D267E-F708-4042-A0E0-899EDD33B668.jpeg","width":1284,"height":694},{"@type":"BreadcrumbList","@id":"https:\/\/quehacerpolitico.mx\/?p=87353#breadcrumb","itemListElement":[{"@type":"ListItem","position":1,"name":"Inicio","item":"https:\/\/quehacerpolitico.mx\/"},{"@type":"ListItem","position":2,"name":"Desde M\u00e9xico extorsionan a familias de migrantes accidentados"}]},{"@type":"WebSite","@id":"https:\/\/quehacerpolitico.mx\/#website","url":"https:\/\/quehacerpolitico.mx\/","name":"","description":"","potentialAction":[{"@type":"SearchAction","target":{"@type":"EntryPoint","urlTemplate":"https:\/\/quehacerpolitico.mx\/?s={search_term_string}"},"query-input":{"@type":"PropertyValueSpecification","valueRequired":true,"valueName":"search_term_string"}}],"inLanguage":"es"},{"@type":"Person","@id":"https:\/\/quehacerpolitico.mx\/#\/schema\/person\/496d8ad2d1d3f8036101dca7ee39e585","name":"Redacci\u00f3n QP","image":{"@type":"ImageObject","inLanguage":"es","@id":"https:\/\/secure.gravatar.com\/avatar\/c7164ed6fdec453195284ad24a5ae5b6e1eed2b848477fa2a4787ba9adf39a41?s=96&d=mm&r=g","url":"https:\/\/secure.gravatar.com\/avatar\/c7164ed6fdec453195284ad24a5ae5b6e1eed2b848477fa2a4787ba9adf39a41?s=96&d=mm&r=g","contentUrl":"https:\/\/secure.gravatar.com\/avatar\/c7164ed6fdec453195284ad24a5ae5b6e1eed2b848477fa2a4787ba9adf39a41?s=96&d=mm&r=g","caption":"Redacci\u00f3n QP"},"url":"https:\/\/quehacerpolitico.mx\/?author=2"}]}},"featured_image_urls":{"full":["https:\/\/quehacerpolitico.mx\/wp-content\/uploads\/2021\/12\/0C5D267E-F708-4042-A0E0-899EDD33B668.jpeg",1284,694,false],"thumbnail":["https:\/\/quehacerpolitico.mx\/wp-content\/uploads\/2021\/12\/0C5D267E-F708-4042-A0E0-899EDD33B668-150x150.jpeg",150,150,true],"medium":["https:\/\/quehacerpolitico.mx\/wp-content\/uploads\/2021\/12\/0C5D267E-F708-4042-A0E0-899EDD33B668-300x162.jpeg",300,162,true],"medium_large":["https:\/\/quehacerpolitico.mx\/wp-content\/uploads\/2021\/12\/0C5D267E-F708-4042-A0E0-899EDD33B668-768x415.jpeg",640,346,true],"large":["https:\/\/quehacerpolitico.mx\/wp-content\/uploads\/2021\/12\/0C5D267E-F708-4042-A0E0-899EDD33B668-1024x553.jpeg",640,346,true],"1536x1536":["https:\/\/quehacerpolitico.mx\/wp-content\/uploads\/2021\/12\/0C5D267E-F708-4042-A0E0-899EDD33B668.jpeg",1284,694,false],"2048x2048":["https:\/\/quehacerpolitico.mx\/wp-content\/uploads\/2021\/12\/0C5D267E-F708-4042-A0E0-899EDD33B668.jpeg",1284,694,false],"covernews-featured":["https:\/\/quehacerpolitico.mx\/wp-content\/uploads\/2021\/12\/0C5D267E-F708-4042-A0E0-899EDD33B668.jpeg",1024,553,false],"covernews-medium":["https:\/\/quehacerpolitico.mx\/wp-content\/uploads\/2021\/12\/0C5D267E-F708-4042-A0E0-899EDD33B668.jpeg",540,292,false]},"author_info":{"display_name":"Redacci\u00f3n QP","author_link":"https:\/\/quehacerpolitico.mx\/?author=2"},"category_info":"<a href=\"https:\/\/quehacerpolitico.mx\/?cat=2\" rel=\"category\">Noticias<\/a>","tag_info":"Noticias","comment_count":"0","_links":{"self":[{"href":"https:\/\/quehacerpolitico.mx\/index.php?rest_route=\/wp\/v2\/posts\/87353","targetHints":{"allow":["GET"]}}],"collection":[{"href":"https:\/\/quehacerpolitico.mx\/index.php?rest_route=\/wp\/v2\/posts"}],"about":[{"href":"https:\/\/quehacerpolitico.mx\/index.php?rest_route=\/wp\/v2\/types\/post"}],"author":[{"embeddable":true,"href":"https:\/\/quehacerpolitico.mx\/index.php?rest_route=\/wp\/v2\/users\/2"}],"replies":[{"embeddable":true,"href":"https:\/\/quehacerpolitico.mx\/index.php?rest_route=%2Fwp%2Fv2%2Fcomments&post=87353"}],"version-history":[{"count":1,"href":"https:\/\/quehacerpolitico.mx\/index.php?rest_route=\/wp\/v2\/posts\/87353\/revisions"}],"predecessor-version":[{"id":87356,"href":"https:\/\/quehacerpolitico.mx\/index.php?rest_route=\/wp\/v2\/posts\/87353\/revisions\/87356"}],"wp:featuredmedia":[{"embeddable":true,"href":"https:\/\/quehacerpolitico.mx\/index.php?rest_route=\/wp\/v2\/media\/87354"}],"wp:attachment":[{"href":"https:\/\/quehacerpolitico.mx\/index.php?rest_route=%2Fwp%2Fv2%2Fmedia&parent=87353"}],"wp:term":[{"taxonomy":"category","embeddable":true,"href":"https:\/\/quehacerpolitico.mx\/index.php?rest_route=%2Fwp%2Fv2%2Fcategories&post=87353"},{"taxonomy":"post_tag","embeddable":true,"href":"https:\/\/quehacerpolitico.mx\/index.php?rest_route=%2Fwp%2Fv2%2Ftags&post=87353"}],"curies":[{"name":"wp","href":"https:\/\/api.w.org\/{rel}","templated":true}]}}