{"id":87345,"date":"2021-12-13T19:26:29","date_gmt":"2021-12-13T19:26:29","guid":{"rendered":"https:\/\/quehacerpolitico.mx\/?p=87345"},"modified":"2021-12-13T19:26:33","modified_gmt":"2021-12-13T19:26:33","slug":"amlo-revela-por-que-algunos-empresarios-le-estan-ofreciendo-disculpas","status":"publish","type":"post","link":"https:\/\/quehacerpolitico.mx\/?p=87345","title":{"rendered":"AMLO revela por qu\u00e9 algunos empresarios le est\u00e1n ofreciendo disculpas"},"content":{"rendered":"\n<p>Por Redacci\u00f3n QP<\/p>\n\n\n\n<p>L\u00f3pez Obrador asever\u00f3 que estos empresarios buscan otra oportunidad para poder participar en proyectos del Gobierno federal<\/p>\n\n\n\n<p>El Presidente de M\u00e9xico, Andr\u00e9s Manuel L\u00f3pez Obrador (AMLO) revel\u00f3 hoy lunes durante la \u201cma\u00f1anera\u201d que varios empresarios se han acercado para ofrecer disculpas por los abusos que cometieron en sexenios pasados.&nbsp;<\/p>\n\n\n\n<p><strong>AMLO asever\u00f3 que estos empresarios buscan otra oportunidad para poder participar en proyectos del Gobierno federal<\/strong>, pero ahora tienen el compromiso de actuar con integridad, sin embargo, no revelar\u00e1 los nombres de estos personajes por &#8220;dignidad&#8221;.<\/p>\n\n\n\n<p>L\u00f3pez Obrador destac\u00f3 que los empresarios se atrevan a pedir disculpas, pues eso \u201chabla muy bien de ellos\u201d.<\/p>\n\n\n\n<p>&#8220;Dar la espalda al que sufre nada m\u00e1s estar pensando en uno, \u00bfy d\u00f3nde est\u00e1 el amor del pr\u00f3jimo? Y dicen es que no, es legal, si, bueno, nada m\u00e1s que hiciste la ley a tu medida, t\u00fa apoyaste la reforma energ\u00e9tica, t\u00fa y tus medios de comunicaci\u00f3n ayudaron para cometer este atraco. Es legalizar la corrupci\u00f3n&#8221;, dijo AMLO&nbsp;<\/p>\n\n\n\n<p>\u00bfSe los dijo en la reuni\u00f3n (del Consejo Mexicano de Negocios) a la que acudi\u00f3 el pasado jueves?, se le pregunt\u00f3.<\/p>\n\n\n\n<p>&#8220;S\u00ed les dije, no as\u00ed, pero s\u00ed lo dije, s\u00ed puse el ejemplo de que no era posible que se pagaran menos por la luz, eso lo dije, que no era justo y que hoy todos ten\u00edamos que ayudar y la verdad, la verdad, los empresarios est\u00e1n ayudando mucho\u201d, finaliz\u00f3 L\u00f3pez Obrador.<\/p>\n\n\n\n<p>Con Informaci\u00f3n de SUN<\/p>\n","protected":false},"excerpt":{"rendered":"<p>Por Redacci\u00f3n QP L\u00f3pez Obrador asever\u00f3 que estos empresarios buscan otra oportunidad para poder participar&#8230;<\/p>\n","protected":false},"author":2,"featured_media":87346,"comment_status":"open","ping_status":"open","sticky":false,"template":"","format":"standard","meta":{"_monsterinsights_skip_tracking":false,"_monsterinsights_sitenote_active":false,"_monsterinsights_sitenote_note":"","_monsterinsights_sitenote_category":0,"footnotes":""},"categories":[2],"tags":[],"class_list":["post-87345","post","type-post","status-publish","format-standard","has-post-thumbnail","hentry","category-noticias"],"yoast_head":"<!-- This site is optimized with the Yoast SEO plugin v27.3 - https:\/\/yoast.com\/product\/yoast-seo-wordpress\/ -->\n<title>AMLO revela por qu\u00e9 algunos empresarios le est\u00e1n ofreciendo disculpas -<\/title>\n<meta name=\"robots\" content=\"index, follow, max-snippet:-1, max-image-preview:large, max-video-preview:-1\" \/>\n<link rel=\"canonical\" href=\"https:\/\/quehacerpolitico.mx\/?p=87345\" \/>\n<meta property=\"og:locale\" content=\"es_MX\" \/>\n<meta property=\"og:type\" content=\"article\" \/>\n<meta property=\"og:title\" content=\"AMLO revela por qu\u00e9 algunos empresarios le est\u00e1n ofreciendo disculpas -\" \/>\n<meta property=\"og:description\" content=\"Por Redacci\u00f3n QP L\u00f3pez Obrador asever\u00f3 que estos empresarios buscan otra oportunidad para poder participar...\" \/>\n<meta property=\"og:url\" content=\"https:\/\/quehacerpolitico.mx\/?p=87345\" \/>\n<meta property=\"article:published_time\" content=\"2021-12-13T19:26:29+00:00\" \/>\n<meta property=\"article:modified_time\" content=\"2021-12-13T19:26:33+00:00\" \/>\n<meta property=\"og:image\" content=\"https:\/\/quehacerpolitico.mx\/wp-content\/uploads\/2021\/12\/9BA93E44-9E6A-474F-AA21-674373A79978.jpeg\" \/>\n\t<meta property=\"og:image:width\" content=\"1284\" \/>\n\t<meta property=\"og:image:height\" content=\"626\" \/>\n\t<meta property=\"og:image:type\" content=\"image\/jpeg\" \/>\n<meta name=\"author\" content=\"Redacci\u00f3n QP\" \/>\n<meta name=\"twitter:card\" content=\"summary_large_image\" \/>\n<meta name=\"twitter:label1\" content=\"Escrito por\" \/>\n\t<meta name=\"twitter:data1\" content=\"Redacci\u00f3n QP\" \/>\n\t<meta name=\"twitter:label2\" content=\"Tiempo de lectura\" \/>\n\t<meta name=\"twitter:data2\" content=\"1 minuto\" \/>\n<script type=\"application\/ld+json\" class=\"yoast-schema-graph\">{\"@context\":\"https:\\\/\\\/schema.org\",\"@graph\":[{\"@type\":\"Article\",\"@id\":\"https:\\\/\\\/quehacerpolitico.mx\\\/?p=87345#article\",\"isPartOf\":{\"@id\":\"https:\\\/\\\/quehacerpolitico.mx\\\/?p=87345\"},\"author\":{\"name\":\"Redacci\u00f3n QP\",\"@id\":\"https:\\\/\\\/quehacerpolitico.mx\\\/#\\\/schema\\\/person\\\/496d8ad2d1d3f8036101dca7ee39e585\"},\"headline\":\"AMLO revela por qu\u00e9 algunos empresarios le est\u00e1n ofreciendo disculpas\",\"datePublished\":\"2021-12-13T19:26:29+00:00\",\"dateModified\":\"2021-12-13T19:26:33+00:00\",\"mainEntityOfPage\":{\"@id\":\"https:\\\/\\\/quehacerpolitico.mx\\\/?p=87345\"},\"wordCount\":274,\"commentCount\":0,\"image\":{\"@id\":\"https:\\\/\\\/quehacerpolitico.mx\\\/?p=87345#primaryimage\"},\"thumbnailUrl\":\"https:\\\/\\\/quehacerpolitico.mx\\\/wp-content\\\/uploads\\\/2021\\\/12\\\/9BA93E44-9E6A-474F-AA21-674373A79978.jpeg\",\"articleSection\":[\"Noticias\"],\"inLanguage\":\"es\",\"potentialAction\":[{\"@type\":\"CommentAction\",\"name\":\"Comment\",\"target\":[\"https:\\\/\\\/quehacerpolitico.mx\\\/?p=87345#respond\"]}]},{\"@type\":\"WebPage\",\"@id\":\"https:\\\/\\\/quehacerpolitico.mx\\\/?p=87345\",\"url\":\"https:\\\/\\\/quehacerpolitico.mx\\\/?p=87345\",\"name\":\"AMLO revela por qu\u00e9 algunos empresarios le est\u00e1n ofreciendo disculpas -\",\"isPartOf\":{\"@id\":\"https:\\\/\\\/quehacerpolitico.mx\\\/#website\"},\"primaryImageOfPage\":{\"@id\":\"https:\\\/\\\/quehacerpolitico.mx\\\/?p=87345#primaryimage\"},\"image\":{\"@id\":\"https:\\\/\\\/quehacerpolitico.mx\\\/?p=87345#primaryimage\"},\"thumbnailUrl\":\"https:\\\/\\\/quehacerpolitico.mx\\\/wp-content\\\/uploads\\\/2021\\\/12\\\/9BA93E44-9E6A-474F-AA21-674373A79978.jpeg\",\"datePublished\":\"2021-12-13T19:26:29+00:00\",\"dateModified\":\"2021-12-13T19:26:33+00:00\",\"author\":{\"@id\":\"https:\\\/\\\/quehacerpolitico.mx\\\/#\\\/schema\\\/person\\\/496d8ad2d1d3f8036101dca7ee39e585\"},\"breadcrumb\":{\"@id\":\"https:\\\/\\\/quehacerpolitico.mx\\\/?p=87345#breadcrumb\"},\"inLanguage\":\"es\",\"potentialAction\":[{\"@type\":\"ReadAction\",\"target\":[\"https:\\\/\\\/quehacerpolitico.mx\\\/?p=87345\"]}]},{\"@type\":\"ImageObject\",\"inLanguage\":\"es\",\"@id\":\"https:\\\/\\\/quehacerpolitico.mx\\\/?p=87345#primaryimage\",\"url\":\"https:\\\/\\\/quehacerpolitico.mx\\\/wp-content\\\/uploads\\\/2021\\\/12\\\/9BA93E44-9E6A-474F-AA21-674373A79978.jpeg\",\"contentUrl\":\"https:\\\/\\\/quehacerpolitico.mx\\\/wp-content\\\/uploads\\\/2021\\\/12\\\/9BA93E44-9E6A-474F-AA21-674373A79978.jpeg\",\"width\":1284,\"height\":626},{\"@type\":\"BreadcrumbList\",\"@id\":\"https:\\\/\\\/quehacerpolitico.mx\\\/?p=87345#breadcrumb\",\"itemListElement\":[{\"@type\":\"ListItem\",\"position\":1,\"name\":\"Inicio\",\"item\":\"https:\\\/\\\/quehacerpolitico.mx\\\/\"},{\"@type\":\"ListItem\",\"position\":2,\"name\":\"AMLO revela por qu\u00e9 algunos empresarios le est\u00e1n ofreciendo disculpas\"}]},{\"@type\":\"WebSite\",\"@id\":\"https:\\\/\\\/quehacerpolitico.mx\\\/#website\",\"url\":\"https:\\\/\\\/quehacerpolitico.mx\\\/\",\"name\":\"\",\"description\":\"\",\"potentialAction\":[{\"@type\":\"SearchAction\",\"target\":{\"@type\":\"EntryPoint\",\"urlTemplate\":\"https:\\\/\\\/quehacerpolitico.mx\\\/?s={search_term_string}\"},\"query-input\":{\"@type\":\"PropertyValueSpecification\",\"valueRequired\":true,\"valueName\":\"search_term_string\"}}],\"inLanguage\":\"es\"},{\"@type\":\"Person\",\"@id\":\"https:\\\/\\\/quehacerpolitico.mx\\\/#\\\/schema\\\/person\\\/496d8ad2d1d3f8036101dca7ee39e585\",\"name\":\"Redacci\u00f3n QP\",\"image\":{\"@type\":\"ImageObject\",\"inLanguage\":\"es\",\"@id\":\"https:\\\/\\\/secure.gravatar.com\\\/avatar\\\/c7164ed6fdec453195284ad24a5ae5b6e1eed2b848477fa2a4787ba9adf39a41?s=96&d=mm&r=g\",\"url\":\"https:\\\/\\\/secure.gravatar.com\\\/avatar\\\/c7164ed6fdec453195284ad24a5ae5b6e1eed2b848477fa2a4787ba9adf39a41?s=96&d=mm&r=g\",\"contentUrl\":\"https:\\\/\\\/secure.gravatar.com\\\/avatar\\\/c7164ed6fdec453195284ad24a5ae5b6e1eed2b848477fa2a4787ba9adf39a41?s=96&d=mm&r=g\",\"caption\":\"Redacci\u00f3n QP\"},\"url\":\"https:\\\/\\\/quehacerpolitico.mx\\\/?author=2\"}]}<\/script>\n<!-- \/ Yoast SEO plugin. -->","yoast_head_json":{"title":"AMLO revela por qu\u00e9 algunos empresarios le est\u00e1n ofreciendo disculpas -","robots":{"index":"index","follow":"follow","max-snippet":"max-snippet:-1","max-image-preview":"max-image-preview:large","max-video-preview":"max-video-preview:-1"},"canonical":"https:\/\/quehacerpolitico.mx\/?p=87345","og_locale":"es_MX","og_type":"article","og_title":"AMLO revela por qu\u00e9 algunos empresarios le est\u00e1n ofreciendo disculpas -","og_description":"Por Redacci\u00f3n QP L\u00f3pez Obrador asever\u00f3 que estos empresarios buscan otra oportunidad para poder participar...","og_url":"https:\/\/quehacerpolitico.mx\/?p=87345","article_published_time":"2021-12-13T19:26:29+00:00","article_modified_time":"2021-12-13T19:26:33+00:00","og_image":[{"width":1284,"height":626,"url":"https:\/\/quehacerpolitico.mx\/wp-content\/uploads\/2021\/12\/9BA93E44-9E6A-474F-AA21-674373A79978.jpeg","type":"image\/jpeg"}],"author":"Redacci\u00f3n QP","twitter_card":"summary_large_image","twitter_misc":{"Escrito por":"Redacci\u00f3n QP","Tiempo de lectura":"1 minuto"},"schema":{"@context":"https:\/\/schema.org","@graph":[{"@type":"Article","@id":"https:\/\/quehacerpolitico.mx\/?p=87345#article","isPartOf":{"@id":"https:\/\/quehacerpolitico.mx\/?p=87345"},"author":{"name":"Redacci\u00f3n QP","@id":"https:\/\/quehacerpolitico.mx\/#\/schema\/person\/496d8ad2d1d3f8036101dca7ee39e585"},"headline":"AMLO revela por qu\u00e9 algunos empresarios le est\u00e1n ofreciendo disculpas","datePublished":"2021-12-13T19:26:29+00:00","dateModified":"2021-12-13T19:26:33+00:00","mainEntityOfPage":{"@id":"https:\/\/quehacerpolitico.mx\/?p=87345"},"wordCount":274,"commentCount":0,"image":{"@id":"https:\/\/quehacerpolitico.mx\/?p=87345#primaryimage"},"thumbnailUrl":"https:\/\/quehacerpolitico.mx\/wp-content\/uploads\/2021\/12\/9BA93E44-9E6A-474F-AA21-674373A79978.jpeg","articleSection":["Noticias"],"inLanguage":"es","potentialAction":[{"@type":"CommentAction","name":"Comment","target":["https:\/\/quehacerpolitico.mx\/?p=87345#respond"]}]},{"@type":"WebPage","@id":"https:\/\/quehacerpolitico.mx\/?p=87345","url":"https:\/\/quehacerpolitico.mx\/?p=87345","name":"AMLO revela por qu\u00e9 algunos empresarios le est\u00e1n ofreciendo disculpas -","isPartOf":{"@id":"https:\/\/quehacerpolitico.mx\/#website"},"primaryImageOfPage":{"@id":"https:\/\/quehacerpolitico.mx\/?p=87345#primaryimage"},"image":{"@id":"https:\/\/quehacerpolitico.mx\/?p=87345#primaryimage"},"thumbnailUrl":"https:\/\/quehacerpolitico.mx\/wp-content\/uploads\/2021\/12\/9BA93E44-9E6A-474F-AA21-674373A79978.jpeg","datePublished":"2021-12-13T19:26:29+00:00","dateModified":"2021-12-13T19:26:33+00:00","author":{"@id":"https:\/\/quehacerpolitico.mx\/#\/schema\/person\/496d8ad2d1d3f8036101dca7ee39e585"},"breadcrumb":{"@id":"https:\/\/quehacerpolitico.mx\/?p=87345#breadcrumb"},"inLanguage":"es","potentialAction":[{"@type":"ReadAction","target":["https:\/\/quehacerpolitico.mx\/?p=87345"]}]},{"@type":"ImageObject","inLanguage":"es","@id":"https:\/\/quehacerpolitico.mx\/?p=87345#primaryimage","url":"https:\/\/quehacerpolitico.mx\/wp-content\/uploads\/2021\/12\/9BA93E44-9E6A-474F-AA21-674373A79978.jpeg","contentUrl":"https:\/\/quehacerpolitico.mx\/wp-content\/uploads\/2021\/12\/9BA93E44-9E6A-474F-AA21-674373A79978.jpeg","width":1284,"height":626},{"@type":"BreadcrumbList","@id":"https:\/\/quehacerpolitico.mx\/?p=87345#breadcrumb","itemListElement":[{"@type":"ListItem","position":1,"name":"Inicio","item":"https:\/\/quehacerpolitico.mx\/"},{"@type":"ListItem","position":2,"name":"AMLO revela por qu\u00e9 algunos empresarios le est\u00e1n ofreciendo disculpas"}]},{"@type":"WebSite","@id":"https:\/\/quehacerpolitico.mx\/#website","url":"https:\/\/quehacerpolitico.mx\/","name":"","description":"","potentialAction":[{"@type":"SearchAction","target":{"@type":"EntryPoint","urlTemplate":"https:\/\/quehacerpolitico.mx\/?s={search_term_string}"},"query-input":{"@type":"PropertyValueSpecification","valueRequired":true,"valueName":"search_term_string"}}],"inLanguage":"es"},{"@type":"Person","@id":"https:\/\/quehacerpolitico.mx\/#\/schema\/person\/496d8ad2d1d3f8036101dca7ee39e585","name":"Redacci\u00f3n QP","image":{"@type":"ImageObject","inLanguage":"es","@id":"https:\/\/secure.gravatar.com\/avatar\/c7164ed6fdec453195284ad24a5ae5b6e1eed2b848477fa2a4787ba9adf39a41?s=96&d=mm&r=g","url":"https:\/\/secure.gravatar.com\/avatar\/c7164ed6fdec453195284ad24a5ae5b6e1eed2b848477fa2a4787ba9adf39a41?s=96&d=mm&r=g","contentUrl":"https:\/\/secure.gravatar.com\/avatar\/c7164ed6fdec453195284ad24a5ae5b6e1eed2b848477fa2a4787ba9adf39a41?s=96&d=mm&r=g","caption":"Redacci\u00f3n QP"},"url":"https:\/\/quehacerpolitico.mx\/?author=2"}]}},"featured_image_urls":{"full":["https:\/\/quehacerpolitico.mx\/wp-content\/uploads\/2021\/12\/9BA93E44-9E6A-474F-AA21-674373A79978.jpeg",1284,626,false],"thumbnail":["https:\/\/quehacerpolitico.mx\/wp-content\/uploads\/2021\/12\/9BA93E44-9E6A-474F-AA21-674373A79978-150x150.jpeg",150,150,true],"medium":["https:\/\/quehacerpolitico.mx\/wp-content\/uploads\/2021\/12\/9BA93E44-9E6A-474F-AA21-674373A79978-300x146.jpeg",300,146,true],"medium_large":["https:\/\/quehacerpolitico.mx\/wp-content\/uploads\/2021\/12\/9BA93E44-9E6A-474F-AA21-674373A79978-768x374.jpeg",640,312,true],"large":["https:\/\/quehacerpolitico.mx\/wp-content\/uploads\/2021\/12\/9BA93E44-9E6A-474F-AA21-674373A79978-1024x499.jpeg",640,312,true],"1536x1536":["https:\/\/quehacerpolitico.mx\/wp-content\/uploads\/2021\/12\/9BA93E44-9E6A-474F-AA21-674373A79978.jpeg",1284,626,false],"2048x2048":["https:\/\/quehacerpolitico.mx\/wp-content\/uploads\/2021\/12\/9BA93E44-9E6A-474F-AA21-674373A79978.jpeg",1284,626,false],"covernews-featured":["https:\/\/quehacerpolitico.mx\/wp-content\/uploads\/2021\/12\/9BA93E44-9E6A-474F-AA21-674373A79978.jpeg",1024,499,false],"covernews-medium":["https:\/\/quehacerpolitico.mx\/wp-content\/uploads\/2021\/12\/9BA93E44-9E6A-474F-AA21-674373A79978.jpeg",540,263,false]},"author_info":{"display_name":"Redacci\u00f3n QP","author_link":"https:\/\/quehacerpolitico.mx\/?author=2"},"category_info":"<a href=\"https:\/\/quehacerpolitico.mx\/?cat=2\" rel=\"category\">Noticias<\/a>","tag_info":"Noticias","comment_count":"0","_links":{"self":[{"href":"https:\/\/quehacerpolitico.mx\/index.php?rest_route=\/wp\/v2\/posts\/87345","targetHints":{"allow":["GET"]}}],"collection":[{"href":"https:\/\/quehacerpolitico.mx\/index.php?rest_route=\/wp\/v2\/posts"}],"about":[{"href":"https:\/\/quehacerpolitico.mx\/index.php?rest_route=\/wp\/v2\/types\/post"}],"author":[{"embeddable":true,"href":"https:\/\/quehacerpolitico.mx\/index.php?rest_route=\/wp\/v2\/users\/2"}],"replies":[{"embeddable":true,"href":"https:\/\/quehacerpolitico.mx\/index.php?rest_route=%2Fwp%2Fv2%2Fcomments&post=87345"}],"version-history":[{"count":1,"href":"https:\/\/quehacerpolitico.mx\/index.php?rest_route=\/wp\/v2\/posts\/87345\/revisions"}],"predecessor-version":[{"id":87347,"href":"https:\/\/quehacerpolitico.mx\/index.php?rest_route=\/wp\/v2\/posts\/87345\/revisions\/87347"}],"wp:featuredmedia":[{"embeddable":true,"href":"https:\/\/quehacerpolitico.mx\/index.php?rest_route=\/wp\/v2\/media\/87346"}],"wp:attachment":[{"href":"https:\/\/quehacerpolitico.mx\/index.php?rest_route=%2Fwp%2Fv2%2Fmedia&parent=87345"}],"wp:term":[{"taxonomy":"category","embeddable":true,"href":"https:\/\/quehacerpolitico.mx\/index.php?rest_route=%2Fwp%2Fv2%2Fcategories&post=87345"},{"taxonomy":"post_tag","embeddable":true,"href":"https:\/\/quehacerpolitico.mx\/index.php?rest_route=%2Fwp%2Fv2%2Ftags&post=87345"}],"curies":[{"name":"wp","href":"https:\/\/api.w.org\/{rel}","templated":true}]}}