{"id":87342,"date":"2021-12-13T19:03:43","date_gmt":"2021-12-13T19:03:43","guid":{"rendered":"https:\/\/quehacerpolitico.mx\/?p=87342"},"modified":"2021-12-13T19:03:47","modified_gmt":"2021-12-13T19:03:47","slug":"internacionales-carolina-alonso-romei-reino-unido-confirma-la-primera-muerte-por-omicron","status":"publish","type":"post","link":"https:\/\/quehacerpolitico.mx\/?p=87342","title":{"rendered":"Internacionales\/\/\/Carolina Alonso Romei\/\/\/Reino Unido confirma la primera muerte por \u00f3micron"},"content":{"rendered":"\n<p>Por Carolina Alonso Romei <\/p>\n\n\n\n<p>Internacionalista <\/p>\n\n\n\n<p>Boris Johnson rechaz\u00f3 la actual percepci\u00f3n de que esta nueva variante del COVID produce efectos menos graves que otra<\/p>\n\n\n\n<p>El primer ministro brit\u00e1nico, Boris Johnson inform\u00f3 hoy lunes que al menos una persona muri\u00f3 a causa de la nueva variante \u00f3micron del coronavirus en Reino Unido. Adem\u00e1s, destac\u00f3 que Londres ya representa, aproximadamente, &#8220;el 40% de los casos&#8221;.<\/p>\n\n\n\n<figure class=\"wp-block-embed is-type-video is-provider-youtube wp-block-embed-youtube wp-embed-aspect-16-9 wp-has-aspect-ratio\"><div class=\"wp-block-embed__wrapper\">\n<iframe loading=\"lazy\" title=\"Covid-19: Reino Unido confirm\u00f3 el primer fallecimiento por la variante \u00d3micron\" width=\"640\" height=\"360\" src=\"https:\/\/www.youtube.com\/embed\/sC0K5t6Xass?feature=oembed\" frameborder=\"0\" allow=\"accelerometer; autoplay; clipboard-write; encrypted-media; gyroscope; picture-in-picture; web-share\" referrerpolicy=\"strict-origin-when-cross-origin\" allowfullscreen><\/iframe>\n<\/div><\/figure>\n\n\n\n<p><strong>Johnson dijo a los medios que &#8220;tristemente, \u00f3micron est\u00e1 produciendo hospitalizaciones y al menos un paciente ha fallecido&#8221; por ella<\/strong>, y rechaz\u00f3 la actual percepci\u00f3n de que esta variante produce efectos menos graves que otras.<\/p>\n\n\n\n<p>&#8220;Esta idea de que (\u00f3micron) es una versi\u00f3n m\u00e1s suave del virus es algo que debemos aparcar y reconocer la rapidez con la que se acelera (su propagaci\u00f3n) entre la poblaci\u00f3n. As\u00ed que lo mejor que podemos hacer es ponernos todos la dosis de refuerzo&#8221; de la vacuna, resalt\u00f3.<\/p>\n\n\n\n<p>Desde ayer domingo, Johnson anunci\u00f3 a partir de hoy se ofrecer\u00e1 la dosis de refuerzo contra el COVID a todos los mayores de 18 a\u00f1os en Inglaterra -siempre que hayan pasado al menos tres meses desde la segunda dosis.<\/p>\n\n\n\n<h4 class=\"wp-block-heading\">Londres, &#8220;epicentro&#8221; de \u00f3micron<\/h4>\n\n\n\n<p>Johnson alert\u00f3 hoy de que &#8220;alrededor del 40 por ciento&#8221; de los casos de COVID-19 que se registran ahora en Londres pertenecen a esa variante,\u00a0<strong>al tiempo que los hospitales del pa\u00eds ya han empezado a recibir pacientes infectados por \u00f3micron y se teme un colapso del NHS<\/strong>\u00a0(servicio p\u00fablico sanitario).<\/p>\n\n\n\n<p>&#8220;Creo que todo el mundo debe reconocer un par de cosas: que \u00f3micron representa un riesgo muy grave para la salud p\u00fablica, y que se propaga con mucha rapidez, y creo que no hay lugar para la complacencia&#8221;, remarc\u00f3.<\/p>\n\n\n\n<p>Al mismo tiempo, record\u00f3 que el pa\u00eds cuenta con las vacunas y que la posici\u00f3n brit\u00e1nica &#8220;es incomparablemente mejor que el pasado a\u00f1o&#8221;.<\/p>\n\n\n\n<p>Con Informaci\u00f3n de EFE<\/p>\n","protected":false},"excerpt":{"rendered":"<p>Por Carolina Alonso Romei Internacionalista Boris Johnson rechaz\u00f3 la actual percepci\u00f3n de que esta nueva&#8230;<\/p>\n","protected":false},"author":2,"featured_media":87343,"comment_status":"open","ping_status":"open","sticky":false,"template":"","format":"standard","meta":{"_monsterinsights_skip_tracking":false,"_monsterinsights_sitenote_active":false,"_monsterinsights_sitenote_note":"","_monsterinsights_sitenote_category":0,"footnotes":""},"categories":[1],"tags":[],"class_list":["post-87342","post","type-post","status-publish","format-standard","has-post-thumbnail","hentry","category-sin-categoria"],"yoast_head":"<!-- This site is optimized with the Yoast SEO plugin v27.3 - https:\/\/yoast.com\/product\/yoast-seo-wordpress\/ -->\n<title>Internacionales\/\/\/Carolina Alonso Romei\/\/\/Reino Unido confirma la primera muerte por \u00f3micron -<\/title>\n<meta name=\"robots\" content=\"index, follow, max-snippet:-1, max-image-preview:large, max-video-preview:-1\" \/>\n<link rel=\"canonical\" href=\"https:\/\/quehacerpolitico.mx\/?p=87342\" \/>\n<meta property=\"og:locale\" content=\"es_MX\" \/>\n<meta property=\"og:type\" content=\"article\" \/>\n<meta property=\"og:title\" content=\"Internacionales\/\/\/Carolina Alonso Romei\/\/\/Reino Unido confirma la primera muerte por \u00f3micron -\" \/>\n<meta property=\"og:description\" content=\"Por Carolina Alonso Romei Internacionalista Boris Johnson rechaz\u00f3 la actual percepci\u00f3n de que esta nueva...\" \/>\n<meta property=\"og:url\" content=\"https:\/\/quehacerpolitico.mx\/?p=87342\" \/>\n<meta property=\"article:published_time\" content=\"2021-12-13T19:03:43+00:00\" \/>\n<meta property=\"article:modified_time\" content=\"2021-12-13T19:03:47+00:00\" \/>\n<meta property=\"og:image\" content=\"https:\/\/quehacerpolitico.mx\/wp-content\/uploads\/2021\/12\/F5799554-780A-442C-B456-B6D404D3B408.jpeg\" \/>\n\t<meta property=\"og:image:width\" content=\"1097\" \/>\n\t<meta property=\"og:image:height\" content=\"608\" \/>\n\t<meta property=\"og:image:type\" content=\"image\/jpeg\" \/>\n<meta name=\"author\" content=\"Redacci\u00f3n QP\" \/>\n<meta name=\"twitter:card\" content=\"summary_large_image\" \/>\n<meta name=\"twitter:label1\" content=\"Escrito por\" \/>\n\t<meta name=\"twitter:data1\" content=\"Redacci\u00f3n QP\" \/>\n\t<meta name=\"twitter:label2\" content=\"Tiempo de lectura\" \/>\n\t<meta name=\"twitter:data2\" content=\"2 minutos\" \/>\n<script type=\"application\/ld+json\" class=\"yoast-schema-graph\">{\"@context\":\"https:\\\/\\\/schema.org\",\"@graph\":[{\"@type\":\"Article\",\"@id\":\"https:\\\/\\\/quehacerpolitico.mx\\\/?p=87342#article\",\"isPartOf\":{\"@id\":\"https:\\\/\\\/quehacerpolitico.mx\\\/?p=87342\"},\"author\":{\"name\":\"Redacci\u00f3n QP\",\"@id\":\"https:\\\/\\\/quehacerpolitico.mx\\\/#\\\/schema\\\/person\\\/496d8ad2d1d3f8036101dca7ee39e585\"},\"headline\":\"Internacionales\\\/\\\/\\\/Carolina Alonso Romei\\\/\\\/\\\/Reino Unido confirma la primera muerte por \u00f3micron\",\"datePublished\":\"2021-12-13T19:03:43+00:00\",\"dateModified\":\"2021-12-13T19:03:47+00:00\",\"mainEntityOfPage\":{\"@id\":\"https:\\\/\\\/quehacerpolitico.mx\\\/?p=87342\"},\"wordCount\":340,\"commentCount\":0,\"image\":{\"@id\":\"https:\\\/\\\/quehacerpolitico.mx\\\/?p=87342#primaryimage\"},\"thumbnailUrl\":\"https:\\\/\\\/quehacerpolitico.mx\\\/wp-content\\\/uploads\\\/2021\\\/12\\\/F5799554-780A-442C-B456-B6D404D3B408.jpeg\",\"articleSection\":[\"Internacionales\"],\"inLanguage\":\"es\",\"potentialAction\":[{\"@type\":\"CommentAction\",\"name\":\"Comment\",\"target\":[\"https:\\\/\\\/quehacerpolitico.mx\\\/?p=87342#respond\"]}]},{\"@type\":\"WebPage\",\"@id\":\"https:\\\/\\\/quehacerpolitico.mx\\\/?p=87342\",\"url\":\"https:\\\/\\\/quehacerpolitico.mx\\\/?p=87342\",\"name\":\"Internacionales\\\/\\\/\\\/Carolina Alonso Romei\\\/\\\/\\\/Reino Unido confirma la primera muerte por \u00f3micron -\",\"isPartOf\":{\"@id\":\"https:\\\/\\\/quehacerpolitico.mx\\\/#website\"},\"primaryImageOfPage\":{\"@id\":\"https:\\\/\\\/quehacerpolitico.mx\\\/?p=87342#primaryimage\"},\"image\":{\"@id\":\"https:\\\/\\\/quehacerpolitico.mx\\\/?p=87342#primaryimage\"},\"thumbnailUrl\":\"https:\\\/\\\/quehacerpolitico.mx\\\/wp-content\\\/uploads\\\/2021\\\/12\\\/F5799554-780A-442C-B456-B6D404D3B408.jpeg\",\"datePublished\":\"2021-12-13T19:03:43+00:00\",\"dateModified\":\"2021-12-13T19:03:47+00:00\",\"author\":{\"@id\":\"https:\\\/\\\/quehacerpolitico.mx\\\/#\\\/schema\\\/person\\\/496d8ad2d1d3f8036101dca7ee39e585\"},\"breadcrumb\":{\"@id\":\"https:\\\/\\\/quehacerpolitico.mx\\\/?p=87342#breadcrumb\"},\"inLanguage\":\"es\",\"potentialAction\":[{\"@type\":\"ReadAction\",\"target\":[\"https:\\\/\\\/quehacerpolitico.mx\\\/?p=87342\"]}]},{\"@type\":\"ImageObject\",\"inLanguage\":\"es\",\"@id\":\"https:\\\/\\\/quehacerpolitico.mx\\\/?p=87342#primaryimage\",\"url\":\"https:\\\/\\\/quehacerpolitico.mx\\\/wp-content\\\/uploads\\\/2021\\\/12\\\/F5799554-780A-442C-B456-B6D404D3B408.jpeg\",\"contentUrl\":\"https:\\\/\\\/quehacerpolitico.mx\\\/wp-content\\\/uploads\\\/2021\\\/12\\\/F5799554-780A-442C-B456-B6D404D3B408.jpeg\",\"width\":1097,\"height\":608},{\"@type\":\"BreadcrumbList\",\"@id\":\"https:\\\/\\\/quehacerpolitico.mx\\\/?p=87342#breadcrumb\",\"itemListElement\":[{\"@type\":\"ListItem\",\"position\":1,\"name\":\"Inicio\",\"item\":\"https:\\\/\\\/quehacerpolitico.mx\\\/\"},{\"@type\":\"ListItem\",\"position\":2,\"name\":\"Internacionales\\\/\\\/\\\/Carolina Alonso Romei\\\/\\\/\\\/Reino Unido confirma la primera muerte por \u00f3micron\"}]},{\"@type\":\"WebSite\",\"@id\":\"https:\\\/\\\/quehacerpolitico.mx\\\/#website\",\"url\":\"https:\\\/\\\/quehacerpolitico.mx\\\/\",\"name\":\"\",\"description\":\"\",\"potentialAction\":[{\"@type\":\"SearchAction\",\"target\":{\"@type\":\"EntryPoint\",\"urlTemplate\":\"https:\\\/\\\/quehacerpolitico.mx\\\/?s={search_term_string}\"},\"query-input\":{\"@type\":\"PropertyValueSpecification\",\"valueRequired\":true,\"valueName\":\"search_term_string\"}}],\"inLanguage\":\"es\"},{\"@type\":\"Person\",\"@id\":\"https:\\\/\\\/quehacerpolitico.mx\\\/#\\\/schema\\\/person\\\/496d8ad2d1d3f8036101dca7ee39e585\",\"name\":\"Redacci\u00f3n QP\",\"image\":{\"@type\":\"ImageObject\",\"inLanguage\":\"es\",\"@id\":\"https:\\\/\\\/secure.gravatar.com\\\/avatar\\\/c7164ed6fdec453195284ad24a5ae5b6e1eed2b848477fa2a4787ba9adf39a41?s=96&d=mm&r=g\",\"url\":\"https:\\\/\\\/secure.gravatar.com\\\/avatar\\\/c7164ed6fdec453195284ad24a5ae5b6e1eed2b848477fa2a4787ba9adf39a41?s=96&d=mm&r=g\",\"contentUrl\":\"https:\\\/\\\/secure.gravatar.com\\\/avatar\\\/c7164ed6fdec453195284ad24a5ae5b6e1eed2b848477fa2a4787ba9adf39a41?s=96&d=mm&r=g\",\"caption\":\"Redacci\u00f3n QP\"},\"url\":\"https:\\\/\\\/quehacerpolitico.mx\\\/?author=2\"}]}<\/script>\n<!-- \/ Yoast SEO plugin. -->","yoast_head_json":{"title":"Internacionales\/\/\/Carolina Alonso Romei\/\/\/Reino Unido confirma la primera muerte por \u00f3micron -","robots":{"index":"index","follow":"follow","max-snippet":"max-snippet:-1","max-image-preview":"max-image-preview:large","max-video-preview":"max-video-preview:-1"},"canonical":"https:\/\/quehacerpolitico.mx\/?p=87342","og_locale":"es_MX","og_type":"article","og_title":"Internacionales\/\/\/Carolina Alonso Romei\/\/\/Reino Unido confirma la primera muerte por \u00f3micron -","og_description":"Por Carolina Alonso Romei Internacionalista Boris Johnson rechaz\u00f3 la actual percepci\u00f3n de que esta nueva...","og_url":"https:\/\/quehacerpolitico.mx\/?p=87342","article_published_time":"2021-12-13T19:03:43+00:00","article_modified_time":"2021-12-13T19:03:47+00:00","og_image":[{"width":1097,"height":608,"url":"https:\/\/quehacerpolitico.mx\/wp-content\/uploads\/2021\/12\/F5799554-780A-442C-B456-B6D404D3B408.jpeg","type":"image\/jpeg"}],"author":"Redacci\u00f3n QP","twitter_card":"summary_large_image","twitter_misc":{"Escrito por":"Redacci\u00f3n QP","Tiempo de lectura":"2 minutos"},"schema":{"@context":"https:\/\/schema.org","@graph":[{"@type":"Article","@id":"https:\/\/quehacerpolitico.mx\/?p=87342#article","isPartOf":{"@id":"https:\/\/quehacerpolitico.mx\/?p=87342"},"author":{"name":"Redacci\u00f3n QP","@id":"https:\/\/quehacerpolitico.mx\/#\/schema\/person\/496d8ad2d1d3f8036101dca7ee39e585"},"headline":"Internacionales\/\/\/Carolina Alonso Romei\/\/\/Reino Unido confirma la primera muerte por \u00f3micron","datePublished":"2021-12-13T19:03:43+00:00","dateModified":"2021-12-13T19:03:47+00:00","mainEntityOfPage":{"@id":"https:\/\/quehacerpolitico.mx\/?p=87342"},"wordCount":340,"commentCount":0,"image":{"@id":"https:\/\/quehacerpolitico.mx\/?p=87342#primaryimage"},"thumbnailUrl":"https:\/\/quehacerpolitico.mx\/wp-content\/uploads\/2021\/12\/F5799554-780A-442C-B456-B6D404D3B408.jpeg","articleSection":["Internacionales"],"inLanguage":"es","potentialAction":[{"@type":"CommentAction","name":"Comment","target":["https:\/\/quehacerpolitico.mx\/?p=87342#respond"]}]},{"@type":"WebPage","@id":"https:\/\/quehacerpolitico.mx\/?p=87342","url":"https:\/\/quehacerpolitico.mx\/?p=87342","name":"Internacionales\/\/\/Carolina Alonso Romei\/\/\/Reino Unido confirma la primera muerte por \u00f3micron -","isPartOf":{"@id":"https:\/\/quehacerpolitico.mx\/#website"},"primaryImageOfPage":{"@id":"https:\/\/quehacerpolitico.mx\/?p=87342#primaryimage"},"image":{"@id":"https:\/\/quehacerpolitico.mx\/?p=87342#primaryimage"},"thumbnailUrl":"https:\/\/quehacerpolitico.mx\/wp-content\/uploads\/2021\/12\/F5799554-780A-442C-B456-B6D404D3B408.jpeg","datePublished":"2021-12-13T19:03:43+00:00","dateModified":"2021-12-13T19:03:47+00:00","author":{"@id":"https:\/\/quehacerpolitico.mx\/#\/schema\/person\/496d8ad2d1d3f8036101dca7ee39e585"},"breadcrumb":{"@id":"https:\/\/quehacerpolitico.mx\/?p=87342#breadcrumb"},"inLanguage":"es","potentialAction":[{"@type":"ReadAction","target":["https:\/\/quehacerpolitico.mx\/?p=87342"]}]},{"@type":"ImageObject","inLanguage":"es","@id":"https:\/\/quehacerpolitico.mx\/?p=87342#primaryimage","url":"https:\/\/quehacerpolitico.mx\/wp-content\/uploads\/2021\/12\/F5799554-780A-442C-B456-B6D404D3B408.jpeg","contentUrl":"https:\/\/quehacerpolitico.mx\/wp-content\/uploads\/2021\/12\/F5799554-780A-442C-B456-B6D404D3B408.jpeg","width":1097,"height":608},{"@type":"BreadcrumbList","@id":"https:\/\/quehacerpolitico.mx\/?p=87342#breadcrumb","itemListElement":[{"@type":"ListItem","position":1,"name":"Inicio","item":"https:\/\/quehacerpolitico.mx\/"},{"@type":"ListItem","position":2,"name":"Internacionales\/\/\/Carolina Alonso Romei\/\/\/Reino Unido confirma la primera muerte por \u00f3micron"}]},{"@type":"WebSite","@id":"https:\/\/quehacerpolitico.mx\/#website","url":"https:\/\/quehacerpolitico.mx\/","name":"","description":"","potentialAction":[{"@type":"SearchAction","target":{"@type":"EntryPoint","urlTemplate":"https:\/\/quehacerpolitico.mx\/?s={search_term_string}"},"query-input":{"@type":"PropertyValueSpecification","valueRequired":true,"valueName":"search_term_string"}}],"inLanguage":"es"},{"@type":"Person","@id":"https:\/\/quehacerpolitico.mx\/#\/schema\/person\/496d8ad2d1d3f8036101dca7ee39e585","name":"Redacci\u00f3n QP","image":{"@type":"ImageObject","inLanguage":"es","@id":"https:\/\/secure.gravatar.com\/avatar\/c7164ed6fdec453195284ad24a5ae5b6e1eed2b848477fa2a4787ba9adf39a41?s=96&d=mm&r=g","url":"https:\/\/secure.gravatar.com\/avatar\/c7164ed6fdec453195284ad24a5ae5b6e1eed2b848477fa2a4787ba9adf39a41?s=96&d=mm&r=g","contentUrl":"https:\/\/secure.gravatar.com\/avatar\/c7164ed6fdec453195284ad24a5ae5b6e1eed2b848477fa2a4787ba9adf39a41?s=96&d=mm&r=g","caption":"Redacci\u00f3n QP"},"url":"https:\/\/quehacerpolitico.mx\/?author=2"}]}},"featured_image_urls":{"full":["https:\/\/quehacerpolitico.mx\/wp-content\/uploads\/2021\/12\/F5799554-780A-442C-B456-B6D404D3B408.jpeg",1097,608,false],"thumbnail":["https:\/\/quehacerpolitico.mx\/wp-content\/uploads\/2021\/12\/F5799554-780A-442C-B456-B6D404D3B408-150x150.jpeg",150,150,true],"medium":["https:\/\/quehacerpolitico.mx\/wp-content\/uploads\/2021\/12\/F5799554-780A-442C-B456-B6D404D3B408-300x166.jpeg",300,166,true],"medium_large":["https:\/\/quehacerpolitico.mx\/wp-content\/uploads\/2021\/12\/F5799554-780A-442C-B456-B6D404D3B408-768x426.jpeg",640,355,true],"large":["https:\/\/quehacerpolitico.mx\/wp-content\/uploads\/2021\/12\/F5799554-780A-442C-B456-B6D404D3B408-1024x568.jpeg",640,355,true],"1536x1536":["https:\/\/quehacerpolitico.mx\/wp-content\/uploads\/2021\/12\/F5799554-780A-442C-B456-B6D404D3B408.jpeg",1097,608,false],"2048x2048":["https:\/\/quehacerpolitico.mx\/wp-content\/uploads\/2021\/12\/F5799554-780A-442C-B456-B6D404D3B408.jpeg",1097,608,false],"covernews-featured":["https:\/\/quehacerpolitico.mx\/wp-content\/uploads\/2021\/12\/F5799554-780A-442C-B456-B6D404D3B408.jpeg",1024,568,false],"covernews-medium":["https:\/\/quehacerpolitico.mx\/wp-content\/uploads\/2021\/12\/F5799554-780A-442C-B456-B6D404D3B408.jpeg",540,299,false]},"author_info":{"display_name":"Redacci\u00f3n QP","author_link":"https:\/\/quehacerpolitico.mx\/?author=2"},"category_info":"<a href=\"https:\/\/quehacerpolitico.mx\/?cat=1\" rel=\"category\">Internacionales<\/a>","tag_info":"Internacionales","comment_count":"0","_links":{"self":[{"href":"https:\/\/quehacerpolitico.mx\/index.php?rest_route=\/wp\/v2\/posts\/87342","targetHints":{"allow":["GET"]}}],"collection":[{"href":"https:\/\/quehacerpolitico.mx\/index.php?rest_route=\/wp\/v2\/posts"}],"about":[{"href":"https:\/\/quehacerpolitico.mx\/index.php?rest_route=\/wp\/v2\/types\/post"}],"author":[{"embeddable":true,"href":"https:\/\/quehacerpolitico.mx\/index.php?rest_route=\/wp\/v2\/users\/2"}],"replies":[{"embeddable":true,"href":"https:\/\/quehacerpolitico.mx\/index.php?rest_route=%2Fwp%2Fv2%2Fcomments&post=87342"}],"version-history":[{"count":1,"href":"https:\/\/quehacerpolitico.mx\/index.php?rest_route=\/wp\/v2\/posts\/87342\/revisions"}],"predecessor-version":[{"id":87344,"href":"https:\/\/quehacerpolitico.mx\/index.php?rest_route=\/wp\/v2\/posts\/87342\/revisions\/87344"}],"wp:featuredmedia":[{"embeddable":true,"href":"https:\/\/quehacerpolitico.mx\/index.php?rest_route=\/wp\/v2\/media\/87343"}],"wp:attachment":[{"href":"https:\/\/quehacerpolitico.mx\/index.php?rest_route=%2Fwp%2Fv2%2Fmedia&parent=87342"}],"wp:term":[{"taxonomy":"category","embeddable":true,"href":"https:\/\/quehacerpolitico.mx\/index.php?rest_route=%2Fwp%2Fv2%2Fcategories&post=87342"},{"taxonomy":"post_tag","embeddable":true,"href":"https:\/\/quehacerpolitico.mx\/index.php?rest_route=%2Fwp%2Fv2%2Ftags&post=87342"}],"curies":[{"name":"wp","href":"https:\/\/api.w.org\/{rel}","templated":true}]}}