{"id":87333,"date":"2021-12-13T18:15:05","date_gmt":"2021-12-13T18:15:05","guid":{"rendered":"https:\/\/quehacerpolitico.mx\/?p=87333"},"modified":"2021-12-13T18:15:08","modified_gmt":"2021-12-13T18:15:08","slug":"con-fosas-familias-de-desaparecidos-protestan-afuera-de-palacio-nacional","status":"publish","type":"post","link":"https:\/\/quehacerpolitico.mx\/?p=87333","title":{"rendered":"Con fosas, familias de desaparecidos protestan afuera de Palacio Nacional"},"content":{"rendered":"\n<p>Por Redacci\u00f3n QP<\/p>\n\n\n\n<p>&#8220;Si AMLO no va a las fosas, las fosas vienen a \u00e9l&#8221;, fue la consigna de colectivos de desaparecidos que tambi\u00e9n exigieron una reuni\u00f3n con AMLO<\/p>\n\n\n\n<p>&#8220;Si AMLO no va a las fosas, las fosas vienen a \u00e9l&#8221;, fue la consigna que integrantes de colectivos de b\u00fasqueda de familias de desaparecidos de Guanajuato hicieron durante la manifestaci\u00f3n que realizaron desde temprana hora de hoy lunes afuera de Palacio Nacional, donde el Presidente de M\u00e9xico, Andr\u00e9s Manuel L\u00f3pez Obrador (AMLO) realiza la \u201cma\u00f1anera\u201d.&nbsp;<\/p>\n\n\n\n<p><strong>Un cami\u00f3n de carga tir\u00f3 varios kilos de tierra frente al Palacio Nacional, para simular fosas clandestinas y tambi\u00e9n para exigir una reuni\u00f3n con AMLO<\/strong>. En el pavimento, cerca de 30 manifestantes, entre ellas integrantes del colectivo &#8220;Hasta Encontrarte&#8221;, han comenzado a pintar leyendas exigiendo apoyo al Gobierno federal para encontrar a sus familiares.<\/p>\n\n\n\n<figure class=\"wp-block-embed is-type-rich is-provider-twitter wp-block-embed-twitter\"><div class=\"wp-block-embed__wrapper\">\n<blockquote class=\"twitter-tweet\" data-width=\"550\" data-dnt=\"true\"><p lang=\"es\" dir=\"ltr\">Mientras transcurre la ma\u00f1anera, varias colectivas de b\u00fasqueda de familias de desaparecidos montan &quot;fosas clandestinas&quot; frente al Palacio para pedir una audiencia con el presidente <a href=\"https:\/\/twitter.com\/lopezobrador_?ref_src=twsrc%5Etfw\">@lopezobrador_<\/a>.<br><br>&quot;Si AMLO no va a las fosas, las fosas vienen a \u00e9l&quot;<a href=\"https:\/\/t.co\/IQPiix21GH\">pic.twitter.com\/IQPiix21GH<\/a><\/p>&mdash; Ruido en la Red (@RuidoEnLaRed) <a href=\"https:\/\/twitter.com\/RuidoEnLaRed\/status\/1470406472899219457?ref_src=twsrc%5Etfw\">December 13, 2021<\/a><\/blockquote><script async src=\"https:\/\/platform.twitter.com\/widgets.js\" charset=\"utf-8\"><\/script>\n<\/div><\/figure>\n\n\n\n<p>En noviembre pasado, los integrantes del Comit\u00e9 de las Naciones Unidas contra la Desaparici\u00f3n Forzada, Juan Pablo Alb\u00e1n y Horacio Ravenna, sostuvieron una reuni\u00f3n privada con la Comisi\u00f3n de Derechos Humanos del Senado de la Rep\u00fablica, en el marco de una visita de 12 d\u00edas a M\u00e9xico que realiz\u00f3 ese organismo.<\/p>\n\n\n\n<p>En el encuentro, el senador sin partido Emilio \u00c1lvarez Icaza celebr\u00f3 que esta visita se haya concretado despu\u00e9s de casi una d\u00e9cada de que la representaci\u00f3n de la ONU lo solicitara.<\/p>\n\n\n\n<p>&#8220;Lo que ustedes deben tener absolutamente claro es que M\u00e9xico vive una profunda crisis de violaci\u00f3n a los Derechos Humanos, misma que se ha agudizado.\u00a0<strong>Las desapariciones forzadas y las desapariciones de personas contin\u00faan perpetr\u00e1ndose de manera creciente y escandalosa<\/strong>&#8220;, expres\u00f3 el legislador, al hablar a nombre del Grupo Plural del Senado.<\/p>\n\n\n\n<p>Con Informaci\u00f3n de SUN<\/p>\n","protected":false},"excerpt":{"rendered":"<p>Por Redacci\u00f3n QP &#8220;Si AMLO no va a las fosas, las fosas vienen a \u00e9l&#8221;,&#8230;<\/p>\n","protected":false},"author":2,"featured_media":87334,"comment_status":"open","ping_status":"open","sticky":false,"template":"","format":"standard","meta":{"_monsterinsights_skip_tracking":false,"_monsterinsights_sitenote_active":false,"_monsterinsights_sitenote_note":"","_monsterinsights_sitenote_category":0,"footnotes":""},"categories":[2],"tags":[],"class_list":["post-87333","post","type-post","status-publish","format-standard","has-post-thumbnail","hentry","category-noticias"],"yoast_head":"<!-- This site is optimized with the Yoast SEO plugin v27.3 - https:\/\/yoast.com\/product\/yoast-seo-wordpress\/ -->\n<title>Con fosas, familias de desaparecidos protestan afuera de Palacio Nacional -<\/title>\n<meta name=\"robots\" content=\"index, follow, max-snippet:-1, max-image-preview:large, max-video-preview:-1\" \/>\n<link rel=\"canonical\" href=\"https:\/\/quehacerpolitico.mx\/?p=87333\" \/>\n<meta property=\"og:locale\" content=\"es_MX\" \/>\n<meta property=\"og:type\" content=\"article\" \/>\n<meta property=\"og:title\" content=\"Con fosas, familias de desaparecidos protestan afuera de Palacio Nacional -\" \/>\n<meta property=\"og:description\" content=\"Por Redacci\u00f3n QP &#8220;Si AMLO no va a las fosas, las fosas vienen a \u00e9l&#8221;,...\" \/>\n<meta property=\"og:url\" content=\"https:\/\/quehacerpolitico.mx\/?p=87333\" \/>\n<meta property=\"article:published_time\" content=\"2021-12-13T18:15:05+00:00\" \/>\n<meta property=\"article:modified_time\" content=\"2021-12-13T18:15:08+00:00\" \/>\n<meta property=\"og:image\" content=\"https:\/\/quehacerpolitico.mx\/wp-content\/uploads\/2021\/12\/14D29BEE-685C-4889-880B-3195AF4C03FE.jpeg\" \/>\n\t<meta property=\"og:image:width\" content=\"1284\" \/>\n\t<meta property=\"og:image:height\" content=\"719\" \/>\n\t<meta property=\"og:image:type\" content=\"image\/jpeg\" \/>\n<meta name=\"author\" content=\"Redacci\u00f3n QP\" \/>\n<meta name=\"twitter:card\" content=\"summary_large_image\" \/>\n<meta name=\"twitter:label1\" content=\"Escrito por\" \/>\n\t<meta name=\"twitter:data1\" content=\"Redacci\u00f3n QP\" \/>\n\t<meta name=\"twitter:label2\" content=\"Tiempo de lectura\" \/>\n\t<meta name=\"twitter:data2\" content=\"2 minutos\" \/>\n<script type=\"application\/ld+json\" class=\"yoast-schema-graph\">{\"@context\":\"https:\\\/\\\/schema.org\",\"@graph\":[{\"@type\":\"Article\",\"@id\":\"https:\\\/\\\/quehacerpolitico.mx\\\/?p=87333#article\",\"isPartOf\":{\"@id\":\"https:\\\/\\\/quehacerpolitico.mx\\\/?p=87333\"},\"author\":{\"name\":\"Redacci\u00f3n QP\",\"@id\":\"https:\\\/\\\/quehacerpolitico.mx\\\/#\\\/schema\\\/person\\\/496d8ad2d1d3f8036101dca7ee39e585\"},\"headline\":\"Con fosas, familias de desaparecidos protestan afuera de Palacio Nacional\",\"datePublished\":\"2021-12-13T18:15:05+00:00\",\"dateModified\":\"2021-12-13T18:15:08+00:00\",\"mainEntityOfPage\":{\"@id\":\"https:\\\/\\\/quehacerpolitico.mx\\\/?p=87333\"},\"wordCount\":319,\"commentCount\":0,\"image\":{\"@id\":\"https:\\\/\\\/quehacerpolitico.mx\\\/?p=87333#primaryimage\"},\"thumbnailUrl\":\"https:\\\/\\\/quehacerpolitico.mx\\\/wp-content\\\/uploads\\\/2021\\\/12\\\/14D29BEE-685C-4889-880B-3195AF4C03FE.jpeg\",\"articleSection\":[\"Noticias\"],\"inLanguage\":\"es\",\"potentialAction\":[{\"@type\":\"CommentAction\",\"name\":\"Comment\",\"target\":[\"https:\\\/\\\/quehacerpolitico.mx\\\/?p=87333#respond\"]}]},{\"@type\":\"WebPage\",\"@id\":\"https:\\\/\\\/quehacerpolitico.mx\\\/?p=87333\",\"url\":\"https:\\\/\\\/quehacerpolitico.mx\\\/?p=87333\",\"name\":\"Con fosas, familias de desaparecidos protestan afuera de Palacio Nacional -\",\"isPartOf\":{\"@id\":\"https:\\\/\\\/quehacerpolitico.mx\\\/#website\"},\"primaryImageOfPage\":{\"@id\":\"https:\\\/\\\/quehacerpolitico.mx\\\/?p=87333#primaryimage\"},\"image\":{\"@id\":\"https:\\\/\\\/quehacerpolitico.mx\\\/?p=87333#primaryimage\"},\"thumbnailUrl\":\"https:\\\/\\\/quehacerpolitico.mx\\\/wp-content\\\/uploads\\\/2021\\\/12\\\/14D29BEE-685C-4889-880B-3195AF4C03FE.jpeg\",\"datePublished\":\"2021-12-13T18:15:05+00:00\",\"dateModified\":\"2021-12-13T18:15:08+00:00\",\"author\":{\"@id\":\"https:\\\/\\\/quehacerpolitico.mx\\\/#\\\/schema\\\/person\\\/496d8ad2d1d3f8036101dca7ee39e585\"},\"breadcrumb\":{\"@id\":\"https:\\\/\\\/quehacerpolitico.mx\\\/?p=87333#breadcrumb\"},\"inLanguage\":\"es\",\"potentialAction\":[{\"@type\":\"ReadAction\",\"target\":[\"https:\\\/\\\/quehacerpolitico.mx\\\/?p=87333\"]}]},{\"@type\":\"ImageObject\",\"inLanguage\":\"es\",\"@id\":\"https:\\\/\\\/quehacerpolitico.mx\\\/?p=87333#primaryimage\",\"url\":\"https:\\\/\\\/quehacerpolitico.mx\\\/wp-content\\\/uploads\\\/2021\\\/12\\\/14D29BEE-685C-4889-880B-3195AF4C03FE.jpeg\",\"contentUrl\":\"https:\\\/\\\/quehacerpolitico.mx\\\/wp-content\\\/uploads\\\/2021\\\/12\\\/14D29BEE-685C-4889-880B-3195AF4C03FE.jpeg\",\"width\":1284,\"height\":719},{\"@type\":\"BreadcrumbList\",\"@id\":\"https:\\\/\\\/quehacerpolitico.mx\\\/?p=87333#breadcrumb\",\"itemListElement\":[{\"@type\":\"ListItem\",\"position\":1,\"name\":\"Inicio\",\"item\":\"https:\\\/\\\/quehacerpolitico.mx\\\/\"},{\"@type\":\"ListItem\",\"position\":2,\"name\":\"Con fosas, familias de desaparecidos protestan afuera de Palacio Nacional\"}]},{\"@type\":\"WebSite\",\"@id\":\"https:\\\/\\\/quehacerpolitico.mx\\\/#website\",\"url\":\"https:\\\/\\\/quehacerpolitico.mx\\\/\",\"name\":\"\",\"description\":\"\",\"potentialAction\":[{\"@type\":\"SearchAction\",\"target\":{\"@type\":\"EntryPoint\",\"urlTemplate\":\"https:\\\/\\\/quehacerpolitico.mx\\\/?s={search_term_string}\"},\"query-input\":{\"@type\":\"PropertyValueSpecification\",\"valueRequired\":true,\"valueName\":\"search_term_string\"}}],\"inLanguage\":\"es\"},{\"@type\":\"Person\",\"@id\":\"https:\\\/\\\/quehacerpolitico.mx\\\/#\\\/schema\\\/person\\\/496d8ad2d1d3f8036101dca7ee39e585\",\"name\":\"Redacci\u00f3n QP\",\"image\":{\"@type\":\"ImageObject\",\"inLanguage\":\"es\",\"@id\":\"https:\\\/\\\/secure.gravatar.com\\\/avatar\\\/c7164ed6fdec453195284ad24a5ae5b6e1eed2b848477fa2a4787ba9adf39a41?s=96&d=mm&r=g\",\"url\":\"https:\\\/\\\/secure.gravatar.com\\\/avatar\\\/c7164ed6fdec453195284ad24a5ae5b6e1eed2b848477fa2a4787ba9adf39a41?s=96&d=mm&r=g\",\"contentUrl\":\"https:\\\/\\\/secure.gravatar.com\\\/avatar\\\/c7164ed6fdec453195284ad24a5ae5b6e1eed2b848477fa2a4787ba9adf39a41?s=96&d=mm&r=g\",\"caption\":\"Redacci\u00f3n QP\"},\"url\":\"https:\\\/\\\/quehacerpolitico.mx\\\/?author=2\"}]}<\/script>\n<!-- \/ Yoast SEO plugin. -->","yoast_head_json":{"title":"Con fosas, familias de desaparecidos protestan afuera de Palacio Nacional -","robots":{"index":"index","follow":"follow","max-snippet":"max-snippet:-1","max-image-preview":"max-image-preview:large","max-video-preview":"max-video-preview:-1"},"canonical":"https:\/\/quehacerpolitico.mx\/?p=87333","og_locale":"es_MX","og_type":"article","og_title":"Con fosas, familias de desaparecidos protestan afuera de Palacio Nacional -","og_description":"Por Redacci\u00f3n QP &#8220;Si AMLO no va a las fosas, las fosas vienen a \u00e9l&#8221;,...","og_url":"https:\/\/quehacerpolitico.mx\/?p=87333","article_published_time":"2021-12-13T18:15:05+00:00","article_modified_time":"2021-12-13T18:15:08+00:00","og_image":[{"width":1284,"height":719,"url":"https:\/\/quehacerpolitico.mx\/wp-content\/uploads\/2021\/12\/14D29BEE-685C-4889-880B-3195AF4C03FE.jpeg","type":"image\/jpeg"}],"author":"Redacci\u00f3n QP","twitter_card":"summary_large_image","twitter_misc":{"Escrito por":"Redacci\u00f3n QP","Tiempo de lectura":"2 minutos"},"schema":{"@context":"https:\/\/schema.org","@graph":[{"@type":"Article","@id":"https:\/\/quehacerpolitico.mx\/?p=87333#article","isPartOf":{"@id":"https:\/\/quehacerpolitico.mx\/?p=87333"},"author":{"name":"Redacci\u00f3n QP","@id":"https:\/\/quehacerpolitico.mx\/#\/schema\/person\/496d8ad2d1d3f8036101dca7ee39e585"},"headline":"Con fosas, familias de desaparecidos protestan afuera de Palacio Nacional","datePublished":"2021-12-13T18:15:05+00:00","dateModified":"2021-12-13T18:15:08+00:00","mainEntityOfPage":{"@id":"https:\/\/quehacerpolitico.mx\/?p=87333"},"wordCount":319,"commentCount":0,"image":{"@id":"https:\/\/quehacerpolitico.mx\/?p=87333#primaryimage"},"thumbnailUrl":"https:\/\/quehacerpolitico.mx\/wp-content\/uploads\/2021\/12\/14D29BEE-685C-4889-880B-3195AF4C03FE.jpeg","articleSection":["Noticias"],"inLanguage":"es","potentialAction":[{"@type":"CommentAction","name":"Comment","target":["https:\/\/quehacerpolitico.mx\/?p=87333#respond"]}]},{"@type":"WebPage","@id":"https:\/\/quehacerpolitico.mx\/?p=87333","url":"https:\/\/quehacerpolitico.mx\/?p=87333","name":"Con fosas, familias de desaparecidos protestan afuera de Palacio Nacional -","isPartOf":{"@id":"https:\/\/quehacerpolitico.mx\/#website"},"primaryImageOfPage":{"@id":"https:\/\/quehacerpolitico.mx\/?p=87333#primaryimage"},"image":{"@id":"https:\/\/quehacerpolitico.mx\/?p=87333#primaryimage"},"thumbnailUrl":"https:\/\/quehacerpolitico.mx\/wp-content\/uploads\/2021\/12\/14D29BEE-685C-4889-880B-3195AF4C03FE.jpeg","datePublished":"2021-12-13T18:15:05+00:00","dateModified":"2021-12-13T18:15:08+00:00","author":{"@id":"https:\/\/quehacerpolitico.mx\/#\/schema\/person\/496d8ad2d1d3f8036101dca7ee39e585"},"breadcrumb":{"@id":"https:\/\/quehacerpolitico.mx\/?p=87333#breadcrumb"},"inLanguage":"es","potentialAction":[{"@type":"ReadAction","target":["https:\/\/quehacerpolitico.mx\/?p=87333"]}]},{"@type":"ImageObject","inLanguage":"es","@id":"https:\/\/quehacerpolitico.mx\/?p=87333#primaryimage","url":"https:\/\/quehacerpolitico.mx\/wp-content\/uploads\/2021\/12\/14D29BEE-685C-4889-880B-3195AF4C03FE.jpeg","contentUrl":"https:\/\/quehacerpolitico.mx\/wp-content\/uploads\/2021\/12\/14D29BEE-685C-4889-880B-3195AF4C03FE.jpeg","width":1284,"height":719},{"@type":"BreadcrumbList","@id":"https:\/\/quehacerpolitico.mx\/?p=87333#breadcrumb","itemListElement":[{"@type":"ListItem","position":1,"name":"Inicio","item":"https:\/\/quehacerpolitico.mx\/"},{"@type":"ListItem","position":2,"name":"Con fosas, familias de desaparecidos protestan afuera de Palacio Nacional"}]},{"@type":"WebSite","@id":"https:\/\/quehacerpolitico.mx\/#website","url":"https:\/\/quehacerpolitico.mx\/","name":"","description":"","potentialAction":[{"@type":"SearchAction","target":{"@type":"EntryPoint","urlTemplate":"https:\/\/quehacerpolitico.mx\/?s={search_term_string}"},"query-input":{"@type":"PropertyValueSpecification","valueRequired":true,"valueName":"search_term_string"}}],"inLanguage":"es"},{"@type":"Person","@id":"https:\/\/quehacerpolitico.mx\/#\/schema\/person\/496d8ad2d1d3f8036101dca7ee39e585","name":"Redacci\u00f3n QP","image":{"@type":"ImageObject","inLanguage":"es","@id":"https:\/\/secure.gravatar.com\/avatar\/c7164ed6fdec453195284ad24a5ae5b6e1eed2b848477fa2a4787ba9adf39a41?s=96&d=mm&r=g","url":"https:\/\/secure.gravatar.com\/avatar\/c7164ed6fdec453195284ad24a5ae5b6e1eed2b848477fa2a4787ba9adf39a41?s=96&d=mm&r=g","contentUrl":"https:\/\/secure.gravatar.com\/avatar\/c7164ed6fdec453195284ad24a5ae5b6e1eed2b848477fa2a4787ba9adf39a41?s=96&d=mm&r=g","caption":"Redacci\u00f3n QP"},"url":"https:\/\/quehacerpolitico.mx\/?author=2"}]}},"featured_image_urls":{"full":["https:\/\/quehacerpolitico.mx\/wp-content\/uploads\/2021\/12\/14D29BEE-685C-4889-880B-3195AF4C03FE.jpeg",1284,719,false],"thumbnail":["https:\/\/quehacerpolitico.mx\/wp-content\/uploads\/2021\/12\/14D29BEE-685C-4889-880B-3195AF4C03FE-150x150.jpeg",150,150,true],"medium":["https:\/\/quehacerpolitico.mx\/wp-content\/uploads\/2021\/12\/14D29BEE-685C-4889-880B-3195AF4C03FE-300x168.jpeg",300,168,true],"medium_large":["https:\/\/quehacerpolitico.mx\/wp-content\/uploads\/2021\/12\/14D29BEE-685C-4889-880B-3195AF4C03FE-768x430.jpeg",640,358,true],"large":["https:\/\/quehacerpolitico.mx\/wp-content\/uploads\/2021\/12\/14D29BEE-685C-4889-880B-3195AF4C03FE-1024x573.jpeg",640,358,true],"1536x1536":["https:\/\/quehacerpolitico.mx\/wp-content\/uploads\/2021\/12\/14D29BEE-685C-4889-880B-3195AF4C03FE.jpeg",1284,719,false],"2048x2048":["https:\/\/quehacerpolitico.mx\/wp-content\/uploads\/2021\/12\/14D29BEE-685C-4889-880B-3195AF4C03FE.jpeg",1284,719,false],"covernews-featured":["https:\/\/quehacerpolitico.mx\/wp-content\/uploads\/2021\/12\/14D29BEE-685C-4889-880B-3195AF4C03FE.jpeg",1024,573,false],"covernews-medium":["https:\/\/quehacerpolitico.mx\/wp-content\/uploads\/2021\/12\/14D29BEE-685C-4889-880B-3195AF4C03FE.jpeg",540,302,false]},"author_info":{"display_name":"Redacci\u00f3n QP","author_link":"https:\/\/quehacerpolitico.mx\/?author=2"},"category_info":"<a href=\"https:\/\/quehacerpolitico.mx\/?cat=2\" rel=\"category\">Noticias<\/a>","tag_info":"Noticias","comment_count":"0","_links":{"self":[{"href":"https:\/\/quehacerpolitico.mx\/index.php?rest_route=\/wp\/v2\/posts\/87333","targetHints":{"allow":["GET"]}}],"collection":[{"href":"https:\/\/quehacerpolitico.mx\/index.php?rest_route=\/wp\/v2\/posts"}],"about":[{"href":"https:\/\/quehacerpolitico.mx\/index.php?rest_route=\/wp\/v2\/types\/post"}],"author":[{"embeddable":true,"href":"https:\/\/quehacerpolitico.mx\/index.php?rest_route=\/wp\/v2\/users\/2"}],"replies":[{"embeddable":true,"href":"https:\/\/quehacerpolitico.mx\/index.php?rest_route=%2Fwp%2Fv2%2Fcomments&post=87333"}],"version-history":[{"count":1,"href":"https:\/\/quehacerpolitico.mx\/index.php?rest_route=\/wp\/v2\/posts\/87333\/revisions"}],"predecessor-version":[{"id":87335,"href":"https:\/\/quehacerpolitico.mx\/index.php?rest_route=\/wp\/v2\/posts\/87333\/revisions\/87335"}],"wp:featuredmedia":[{"embeddable":true,"href":"https:\/\/quehacerpolitico.mx\/index.php?rest_route=\/wp\/v2\/media\/87334"}],"wp:attachment":[{"href":"https:\/\/quehacerpolitico.mx\/index.php?rest_route=%2Fwp%2Fv2%2Fmedia&parent=87333"}],"wp:term":[{"taxonomy":"category","embeddable":true,"href":"https:\/\/quehacerpolitico.mx\/index.php?rest_route=%2Fwp%2Fv2%2Fcategories&post=87333"},{"taxonomy":"post_tag","embeddable":true,"href":"https:\/\/quehacerpolitico.mx\/index.php?rest_route=%2Fwp%2Fv2%2Ftags&post=87333"}],"curies":[{"name":"wp","href":"https:\/\/api.w.org\/{rel}","templated":true}]}}