{"id":87327,"date":"2021-12-13T17:34:42","date_gmt":"2021-12-13T17:34:42","guid":{"rendered":"https:\/\/quehacerpolitico.mx\/?p=87327"},"modified":"2021-12-13T17:34:45","modified_gmt":"2021-12-13T17:34:45","slug":"internacionales-carolina-alonso-romei-elon-musk-nombrado-persona-del-ano-2021-por-la-revista-time","status":"publish","type":"post","link":"https:\/\/quehacerpolitico.mx\/?p=87327","title":{"rendered":"Internacionales\/\/\/Carolina Alonso Romei\/\/\/Elon Musk, nombrado \u2018Persona del A\u00f1o\u2019 2021 por la revista Time"},"content":{"rendered":"\n<p>Por Carolina Alonso Romei <\/p>\n\n\n\n<p>Internacionalista <\/p>\n\n\n\n<p>Seg\u00fan la revista Time, la \u2018Persona del A\u00f1o\u2019 significa alguien \u2018que afect\u00f3 m\u00e1s a las noticias o a nuestras vidas, para bien o para mal\u2019<\/p>\n\n\n\n<ul class=\"wp-block-list\"><li>Musk es el fundador y CEO de SpaceX, adem\u00e1s dirige la empresa de chips cerebrales Neuralink y la de infraestructuras The Boring Company<\/li><\/ul>\n\n\n\n<p>Elon Musk, presidente ejecutivo de Tesla, fue nombrado \u2018<strong>Persona del A\u00f1o\u2019 2021<\/strong>\u00a0por la\u00a0revista Time, un a\u00f1o en el que su empresa de veh\u00edculos el\u00e9ctricos se convirti\u00f3 en el fabricante de autom\u00f3viles m\u00e1s valioso del mundo y su compa\u00f1\u00eda de cohetes alcanz\u00f3 el borde del espacio con una tripulaci\u00f3n totalmente civil.<\/p>\n\n\n\n<p>Musk tambi\u00e9n es el fundador y CEO de\u00a0<strong>SpaceX<\/strong>y dirige la empresa de chips cerebrales Neuralink y la de infraestructuras The Boring Company.<\/p>\n\n\n\n<p>El valor de mercado de\u00a0<strong>Tesla<\/strong>\u00a0se dispar\u00f3 a m\u00e1s de un bill\u00f3n de d\u00f3lares este a\u00f1o, lo que la hace m\u00e1s valiosa que Ford Motor y General Motors juntas.<\/p>\n\n\n\n<figure class=\"wp-block-image size-large\"><img loading=\"lazy\" decoding=\"async\" width=\"768\" height=\"1024\" src=\"https:\/\/quehacerpolitico.mx\/wp-content\/uploads\/2021\/12\/image-768x1024.png\" alt=\"\" class=\"wp-image-87328\" srcset=\"https:\/\/quehacerpolitico.mx\/wp-content\/uploads\/2021\/12\/image-768x1024.png 768w, https:\/\/quehacerpolitico.mx\/wp-content\/uploads\/2021\/12\/image-225x300.png 225w, https:\/\/quehacerpolitico.mx\/wp-content\/uploads\/2021\/12\/image-1152x1536.png 1152w, https:\/\/quehacerpolitico.mx\/wp-content\/uploads\/2021\/12\/image-110x146.png 110w, https:\/\/quehacerpolitico.mx\/wp-content\/uploads\/2021\/12\/image-38x50.png 38w, https:\/\/quehacerpolitico.mx\/wp-content\/uploads\/2021\/12\/image-56x75.png 56w, https:\/\/quehacerpolitico.mx\/wp-content\/uploads\/2021\/12\/image.png 1164w\" sizes=\"auto, (max-width: 768px) 100vw, 768px\" \/><\/figure>\n\n\n\n<p><strong>Tesla<\/strong>&nbsp;produce cientos de miles de autom\u00f3viles al a\u00f1o y ha conseguido evitar los problemas de la cadena de suministro mejor que muchos de sus rivales, al tiempo que ha empujado a muchos consumidores j\u00f3venes a pasarse a los autom\u00f3viles el\u00e9ctricos y a los fabricantes de veh\u00edculos tradicionales a centrarse en los el\u00e9ctricos.<\/p>\n\n\n\n<blockquote class=\"wp-block-quote is-layout-flow wp-block-quote-is-layout-flow\"><p>\u201cPor crear soluciones a una crisis existencial, por encarnar las posibilidades y los peligros de la era de los titanes de la tecnolog\u00eda, por impulsar las transformaciones m\u00e1s audaces y disruptivas de la sociedad, Elon Musk es la Persona del A\u00f1o 2021 de TIME\u201d, dijo el editor jefe de la revista, Edward Felsenthal.<\/p><\/blockquote>\n\n\n\n<blockquote class=\"wp-block-quote is-layout-flow wp-block-quote-is-layout-flow\"><p>\u201cIncluso las aventuras espaciales de Elon Musk son una l\u00ednea directa a la primera Persona del A\u00f1o, Charles Lindbergh, a quien los editores seleccionaron en 1927 para conmemorar su hist\u00f3rico primer vuelo transatl\u00e1ntico en solitario sobre el Atl\u00e1ntico\u201d.<\/p><\/blockquote>\n\n\n\n<p>Desde su paso como presentador del programa Saturday Night Live hasta lanzar tuits sobre criptomonedas y memes que han provocado movimientos masivos en su valor, Musk ha dominado los titulares y ha acumulado m\u00e1s de 66 millones de seguidores en Twitter.<\/p>\n\n\n\n<p>Seg\u00fan la revista, la\u00a0<strong>\u2018Persona del A\u00f1o\u2019<\/strong>\u00a0significa alguien \u2018que afect\u00f3 m\u00e1s a las noticias o a nuestras vidas, para bien o para mal\u2019.<\/p>\n\n\n\n<p>La&nbsp;<strong>revista Time<\/strong>&nbsp;nombr\u00f3 a la cantante pop adolescente Olivia Rodrigo como \u201cArtista del A\u00f1o\u201d, a la gimnasta estadounidense Simone Biles como \u201cAtleta del A\u00f1o\u201d y a los cient\u00edficos que han trabajado en las vacunas como \u201cH\u00e9roes del A\u00f1o\u201d.<\/p>\n\n\n\n<p>Con informaci\u00f3n de Reuters<\/p>\n","protected":false},"excerpt":{"rendered":"<p>Por Carolina Alonso Romei Internacionalista Seg\u00fan la revista Time, la \u2018Persona del A\u00f1o\u2019 significa alguien&#8230;<\/p>\n","protected":false},"author":2,"featured_media":87328,"comment_status":"open","ping_status":"open","sticky":false,"template":"","format":"standard","meta":{"_monsterinsights_skip_tracking":false,"_monsterinsights_sitenote_active":false,"_monsterinsights_sitenote_note":"","_monsterinsights_sitenote_category":0,"footnotes":""},"categories":[1],"tags":[],"class_list":["post-87327","post","type-post","status-publish","format-standard","has-post-thumbnail","hentry","category-sin-categoria"],"yoast_head":"<!-- This site is optimized with the Yoast SEO plugin v27.3 - https:\/\/yoast.com\/product\/yoast-seo-wordpress\/ -->\n<title>Internacionales\/\/\/Carolina Alonso Romei\/\/\/Elon Musk, nombrado \u2018Persona del A\u00f1o\u2019 2021 por la revista Time -<\/title>\n<meta name=\"robots\" content=\"index, follow, max-snippet:-1, max-image-preview:large, max-video-preview:-1\" \/>\n<link rel=\"canonical\" href=\"https:\/\/quehacerpolitico.mx\/?p=87327\" \/>\n<meta property=\"og:locale\" content=\"es_MX\" \/>\n<meta property=\"og:type\" content=\"article\" \/>\n<meta property=\"og:title\" content=\"Internacionales\/\/\/Carolina Alonso Romei\/\/\/Elon Musk, nombrado \u2018Persona del A\u00f1o\u2019 2021 por la revista Time -\" \/>\n<meta property=\"og:description\" content=\"Por Carolina Alonso Romei Internacionalista Seg\u00fan la revista Time, la \u2018Persona del A\u00f1o\u2019 significa alguien...\" \/>\n<meta property=\"og:url\" content=\"https:\/\/quehacerpolitico.mx\/?p=87327\" \/>\n<meta property=\"article:published_time\" content=\"2021-12-13T17:34:42+00:00\" \/>\n<meta property=\"article:modified_time\" content=\"2021-12-13T17:34:45+00:00\" \/>\n<meta property=\"og:image\" content=\"https:\/\/quehacerpolitico.mx\/wp-content\/uploads\/2021\/12\/image-768x1024.png\" \/>\n\t<meta property=\"og:image:width\" content=\"768\" \/>\n\t<meta property=\"og:image:height\" content=\"1024\" \/>\n\t<meta property=\"og:image:type\" content=\"image\/png\" \/>\n<meta name=\"author\" content=\"Redacci\u00f3n QP\" \/>\n<meta name=\"twitter:card\" content=\"summary_large_image\" \/>\n<meta name=\"twitter:label1\" content=\"Escrito por\" \/>\n\t<meta name=\"twitter:data1\" content=\"Redacci\u00f3n QP\" \/>\n\t<meta name=\"twitter:label2\" content=\"Tiempo de lectura\" \/>\n\t<meta name=\"twitter:data2\" content=\"2 minutos\" \/>\n<script type=\"application\/ld+json\" class=\"yoast-schema-graph\">{\"@context\":\"https:\\\/\\\/schema.org\",\"@graph\":[{\"@type\":\"Article\",\"@id\":\"https:\\\/\\\/quehacerpolitico.mx\\\/?p=87327#article\",\"isPartOf\":{\"@id\":\"https:\\\/\\\/quehacerpolitico.mx\\\/?p=87327\"},\"author\":{\"name\":\"Redacci\u00f3n QP\",\"@id\":\"https:\\\/\\\/quehacerpolitico.mx\\\/#\\\/schema\\\/person\\\/496d8ad2d1d3f8036101dca7ee39e585\"},\"headline\":\"Internacionales\\\/\\\/\\\/Carolina Alonso Romei\\\/\\\/\\\/Elon Musk, nombrado \u2018Persona del A\u00f1o\u2019 2021 por la revista Time\",\"datePublished\":\"2021-12-13T17:34:42+00:00\",\"dateModified\":\"2021-12-13T17:34:45+00:00\",\"mainEntityOfPage\":{\"@id\":\"https:\\\/\\\/quehacerpolitico.mx\\\/?p=87327\"},\"wordCount\":467,\"commentCount\":0,\"image\":{\"@id\":\"https:\\\/\\\/quehacerpolitico.mx\\\/?p=87327#primaryimage\"},\"thumbnailUrl\":\"https:\\\/\\\/quehacerpolitico.mx\\\/wp-content\\\/uploads\\\/2021\\\/12\\\/image.png\",\"articleSection\":[\"Internacionales\"],\"inLanguage\":\"es\",\"potentialAction\":[{\"@type\":\"CommentAction\",\"name\":\"Comment\",\"target\":[\"https:\\\/\\\/quehacerpolitico.mx\\\/?p=87327#respond\"]}]},{\"@type\":\"WebPage\",\"@id\":\"https:\\\/\\\/quehacerpolitico.mx\\\/?p=87327\",\"url\":\"https:\\\/\\\/quehacerpolitico.mx\\\/?p=87327\",\"name\":\"Internacionales\\\/\\\/\\\/Carolina Alonso Romei\\\/\\\/\\\/Elon Musk, nombrado \u2018Persona del A\u00f1o\u2019 2021 por la revista Time -\",\"isPartOf\":{\"@id\":\"https:\\\/\\\/quehacerpolitico.mx\\\/#website\"},\"primaryImageOfPage\":{\"@id\":\"https:\\\/\\\/quehacerpolitico.mx\\\/?p=87327#primaryimage\"},\"image\":{\"@id\":\"https:\\\/\\\/quehacerpolitico.mx\\\/?p=87327#primaryimage\"},\"thumbnailUrl\":\"https:\\\/\\\/quehacerpolitico.mx\\\/wp-content\\\/uploads\\\/2021\\\/12\\\/image.png\",\"datePublished\":\"2021-12-13T17:34:42+00:00\",\"dateModified\":\"2021-12-13T17:34:45+00:00\",\"author\":{\"@id\":\"https:\\\/\\\/quehacerpolitico.mx\\\/#\\\/schema\\\/person\\\/496d8ad2d1d3f8036101dca7ee39e585\"},\"breadcrumb\":{\"@id\":\"https:\\\/\\\/quehacerpolitico.mx\\\/?p=87327#breadcrumb\"},\"inLanguage\":\"es\",\"potentialAction\":[{\"@type\":\"ReadAction\",\"target\":[\"https:\\\/\\\/quehacerpolitico.mx\\\/?p=87327\"]}]},{\"@type\":\"ImageObject\",\"inLanguage\":\"es\",\"@id\":\"https:\\\/\\\/quehacerpolitico.mx\\\/?p=87327#primaryimage\",\"url\":\"https:\\\/\\\/quehacerpolitico.mx\\\/wp-content\\\/uploads\\\/2021\\\/12\\\/image.png\",\"contentUrl\":\"https:\\\/\\\/quehacerpolitico.mx\\\/wp-content\\\/uploads\\\/2021\\\/12\\\/image.png\",\"width\":1164,\"height\":1552},{\"@type\":\"BreadcrumbList\",\"@id\":\"https:\\\/\\\/quehacerpolitico.mx\\\/?p=87327#breadcrumb\",\"itemListElement\":[{\"@type\":\"ListItem\",\"position\":1,\"name\":\"Inicio\",\"item\":\"https:\\\/\\\/quehacerpolitico.mx\\\/\"},{\"@type\":\"ListItem\",\"position\":2,\"name\":\"Internacionales\\\/\\\/\\\/Carolina Alonso Romei\\\/\\\/\\\/Elon Musk, nombrado \u2018Persona del A\u00f1o\u2019 2021 por la revista Time\"}]},{\"@type\":\"WebSite\",\"@id\":\"https:\\\/\\\/quehacerpolitico.mx\\\/#website\",\"url\":\"https:\\\/\\\/quehacerpolitico.mx\\\/\",\"name\":\"\",\"description\":\"\",\"potentialAction\":[{\"@type\":\"SearchAction\",\"target\":{\"@type\":\"EntryPoint\",\"urlTemplate\":\"https:\\\/\\\/quehacerpolitico.mx\\\/?s={search_term_string}\"},\"query-input\":{\"@type\":\"PropertyValueSpecification\",\"valueRequired\":true,\"valueName\":\"search_term_string\"}}],\"inLanguage\":\"es\"},{\"@type\":\"Person\",\"@id\":\"https:\\\/\\\/quehacerpolitico.mx\\\/#\\\/schema\\\/person\\\/496d8ad2d1d3f8036101dca7ee39e585\",\"name\":\"Redacci\u00f3n QP\",\"image\":{\"@type\":\"ImageObject\",\"inLanguage\":\"es\",\"@id\":\"https:\\\/\\\/secure.gravatar.com\\\/avatar\\\/c7164ed6fdec453195284ad24a5ae5b6e1eed2b848477fa2a4787ba9adf39a41?s=96&d=mm&r=g\",\"url\":\"https:\\\/\\\/secure.gravatar.com\\\/avatar\\\/c7164ed6fdec453195284ad24a5ae5b6e1eed2b848477fa2a4787ba9adf39a41?s=96&d=mm&r=g\",\"contentUrl\":\"https:\\\/\\\/secure.gravatar.com\\\/avatar\\\/c7164ed6fdec453195284ad24a5ae5b6e1eed2b848477fa2a4787ba9adf39a41?s=96&d=mm&r=g\",\"caption\":\"Redacci\u00f3n QP\"},\"url\":\"https:\\\/\\\/quehacerpolitico.mx\\\/?author=2\"}]}<\/script>\n<!-- \/ Yoast SEO plugin. -->","yoast_head_json":{"title":"Internacionales\/\/\/Carolina Alonso Romei\/\/\/Elon Musk, nombrado \u2018Persona del A\u00f1o\u2019 2021 por la revista Time -","robots":{"index":"index","follow":"follow","max-snippet":"max-snippet:-1","max-image-preview":"max-image-preview:large","max-video-preview":"max-video-preview:-1"},"canonical":"https:\/\/quehacerpolitico.mx\/?p=87327","og_locale":"es_MX","og_type":"article","og_title":"Internacionales\/\/\/Carolina Alonso Romei\/\/\/Elon Musk, nombrado \u2018Persona del A\u00f1o\u2019 2021 por la revista Time -","og_description":"Por Carolina Alonso Romei Internacionalista Seg\u00fan la revista Time, la \u2018Persona del A\u00f1o\u2019 significa alguien...","og_url":"https:\/\/quehacerpolitico.mx\/?p=87327","article_published_time":"2021-12-13T17:34:42+00:00","article_modified_time":"2021-12-13T17:34:45+00:00","og_image":[{"width":768,"height":1024,"url":"https:\/\/quehacerpolitico.mx\/wp-content\/uploads\/2021\/12\/image-768x1024.png","type":"image\/png"}],"author":"Redacci\u00f3n QP","twitter_card":"summary_large_image","twitter_misc":{"Escrito por":"Redacci\u00f3n QP","Tiempo de lectura":"2 minutos"},"schema":{"@context":"https:\/\/schema.org","@graph":[{"@type":"Article","@id":"https:\/\/quehacerpolitico.mx\/?p=87327#article","isPartOf":{"@id":"https:\/\/quehacerpolitico.mx\/?p=87327"},"author":{"name":"Redacci\u00f3n QP","@id":"https:\/\/quehacerpolitico.mx\/#\/schema\/person\/496d8ad2d1d3f8036101dca7ee39e585"},"headline":"Internacionales\/\/\/Carolina Alonso Romei\/\/\/Elon Musk, nombrado \u2018Persona del A\u00f1o\u2019 2021 por la revista Time","datePublished":"2021-12-13T17:34:42+00:00","dateModified":"2021-12-13T17:34:45+00:00","mainEntityOfPage":{"@id":"https:\/\/quehacerpolitico.mx\/?p=87327"},"wordCount":467,"commentCount":0,"image":{"@id":"https:\/\/quehacerpolitico.mx\/?p=87327#primaryimage"},"thumbnailUrl":"https:\/\/quehacerpolitico.mx\/wp-content\/uploads\/2021\/12\/image.png","articleSection":["Internacionales"],"inLanguage":"es","potentialAction":[{"@type":"CommentAction","name":"Comment","target":["https:\/\/quehacerpolitico.mx\/?p=87327#respond"]}]},{"@type":"WebPage","@id":"https:\/\/quehacerpolitico.mx\/?p=87327","url":"https:\/\/quehacerpolitico.mx\/?p=87327","name":"Internacionales\/\/\/Carolina Alonso Romei\/\/\/Elon Musk, nombrado \u2018Persona del A\u00f1o\u2019 2021 por la revista Time -","isPartOf":{"@id":"https:\/\/quehacerpolitico.mx\/#website"},"primaryImageOfPage":{"@id":"https:\/\/quehacerpolitico.mx\/?p=87327#primaryimage"},"image":{"@id":"https:\/\/quehacerpolitico.mx\/?p=87327#primaryimage"},"thumbnailUrl":"https:\/\/quehacerpolitico.mx\/wp-content\/uploads\/2021\/12\/image.png","datePublished":"2021-12-13T17:34:42+00:00","dateModified":"2021-12-13T17:34:45+00:00","author":{"@id":"https:\/\/quehacerpolitico.mx\/#\/schema\/person\/496d8ad2d1d3f8036101dca7ee39e585"},"breadcrumb":{"@id":"https:\/\/quehacerpolitico.mx\/?p=87327#breadcrumb"},"inLanguage":"es","potentialAction":[{"@type":"ReadAction","target":["https:\/\/quehacerpolitico.mx\/?p=87327"]}]},{"@type":"ImageObject","inLanguage":"es","@id":"https:\/\/quehacerpolitico.mx\/?p=87327#primaryimage","url":"https:\/\/quehacerpolitico.mx\/wp-content\/uploads\/2021\/12\/image.png","contentUrl":"https:\/\/quehacerpolitico.mx\/wp-content\/uploads\/2021\/12\/image.png","width":1164,"height":1552},{"@type":"BreadcrumbList","@id":"https:\/\/quehacerpolitico.mx\/?p=87327#breadcrumb","itemListElement":[{"@type":"ListItem","position":1,"name":"Inicio","item":"https:\/\/quehacerpolitico.mx\/"},{"@type":"ListItem","position":2,"name":"Internacionales\/\/\/Carolina Alonso Romei\/\/\/Elon Musk, nombrado \u2018Persona del A\u00f1o\u2019 2021 por la revista Time"}]},{"@type":"WebSite","@id":"https:\/\/quehacerpolitico.mx\/#website","url":"https:\/\/quehacerpolitico.mx\/","name":"","description":"","potentialAction":[{"@type":"SearchAction","target":{"@type":"EntryPoint","urlTemplate":"https:\/\/quehacerpolitico.mx\/?s={search_term_string}"},"query-input":{"@type":"PropertyValueSpecification","valueRequired":true,"valueName":"search_term_string"}}],"inLanguage":"es"},{"@type":"Person","@id":"https:\/\/quehacerpolitico.mx\/#\/schema\/person\/496d8ad2d1d3f8036101dca7ee39e585","name":"Redacci\u00f3n QP","image":{"@type":"ImageObject","inLanguage":"es","@id":"https:\/\/secure.gravatar.com\/avatar\/c7164ed6fdec453195284ad24a5ae5b6e1eed2b848477fa2a4787ba9adf39a41?s=96&d=mm&r=g","url":"https:\/\/secure.gravatar.com\/avatar\/c7164ed6fdec453195284ad24a5ae5b6e1eed2b848477fa2a4787ba9adf39a41?s=96&d=mm&r=g","contentUrl":"https:\/\/secure.gravatar.com\/avatar\/c7164ed6fdec453195284ad24a5ae5b6e1eed2b848477fa2a4787ba9adf39a41?s=96&d=mm&r=g","caption":"Redacci\u00f3n QP"},"url":"https:\/\/quehacerpolitico.mx\/?author=2"}]}},"featured_image_urls":{"full":["https:\/\/quehacerpolitico.mx\/wp-content\/uploads\/2021\/12\/image.png",1164,1552,false],"thumbnail":["https:\/\/quehacerpolitico.mx\/wp-content\/uploads\/2021\/12\/image-150x150.png",150,150,true],"medium":["https:\/\/quehacerpolitico.mx\/wp-content\/uploads\/2021\/12\/image-225x300.png",225,300,true],"medium_large":["https:\/\/quehacerpolitico.mx\/wp-content\/uploads\/2021\/12\/image-768x1024.png",640,853,true],"large":["https:\/\/quehacerpolitico.mx\/wp-content\/uploads\/2021\/12\/image-768x1024.png",640,853,true],"1536x1536":["https:\/\/quehacerpolitico.mx\/wp-content\/uploads\/2021\/12\/image-1152x1536.png",1152,1536,true],"2048x2048":["https:\/\/quehacerpolitico.mx\/wp-content\/uploads\/2021\/12\/image.png",1164,1552,false],"covernews-featured":["https:\/\/quehacerpolitico.mx\/wp-content\/uploads\/2021\/12\/image.png",1024,1365,false],"covernews-medium":["https:\/\/quehacerpolitico.mx\/wp-content\/uploads\/2021\/12\/image.png",255,340,false]},"author_info":{"display_name":"Redacci\u00f3n QP","author_link":"https:\/\/quehacerpolitico.mx\/?author=2"},"category_info":"<a href=\"https:\/\/quehacerpolitico.mx\/?cat=1\" rel=\"category\">Internacionales<\/a>","tag_info":"Internacionales","comment_count":"0","_links":{"self":[{"href":"https:\/\/quehacerpolitico.mx\/index.php?rest_route=\/wp\/v2\/posts\/87327","targetHints":{"allow":["GET"]}}],"collection":[{"href":"https:\/\/quehacerpolitico.mx\/index.php?rest_route=\/wp\/v2\/posts"}],"about":[{"href":"https:\/\/quehacerpolitico.mx\/index.php?rest_route=\/wp\/v2\/types\/post"}],"author":[{"embeddable":true,"href":"https:\/\/quehacerpolitico.mx\/index.php?rest_route=\/wp\/v2\/users\/2"}],"replies":[{"embeddable":true,"href":"https:\/\/quehacerpolitico.mx\/index.php?rest_route=%2Fwp%2Fv2%2Fcomments&post=87327"}],"version-history":[{"count":1,"href":"https:\/\/quehacerpolitico.mx\/index.php?rest_route=\/wp\/v2\/posts\/87327\/revisions"}],"predecessor-version":[{"id":87329,"href":"https:\/\/quehacerpolitico.mx\/index.php?rest_route=\/wp\/v2\/posts\/87327\/revisions\/87329"}],"wp:featuredmedia":[{"embeddable":true,"href":"https:\/\/quehacerpolitico.mx\/index.php?rest_route=\/wp\/v2\/media\/87328"}],"wp:attachment":[{"href":"https:\/\/quehacerpolitico.mx\/index.php?rest_route=%2Fwp%2Fv2%2Fmedia&parent=87327"}],"wp:term":[{"taxonomy":"category","embeddable":true,"href":"https:\/\/quehacerpolitico.mx\/index.php?rest_route=%2Fwp%2Fv2%2Fcategories&post=87327"},{"taxonomy":"post_tag","embeddable":true,"href":"https:\/\/quehacerpolitico.mx\/index.php?rest_route=%2Fwp%2Fv2%2Ftags&post=87327"}],"curies":[{"name":"wp","href":"https:\/\/api.w.org\/{rel}","templated":true}]}}