{"id":87301,"date":"2021-12-12T19:37:23","date_gmt":"2021-12-12T19:37:23","guid":{"rendered":"https:\/\/quehacerpolitico.mx\/?p=87301"},"modified":"2021-12-12T19:37:26","modified_gmt":"2021-12-12T19:37:26","slug":"pri-competira-en-alianza-con-pan-prd-en-las-elecciones-de-2024-alejandro-moreno","status":"publish","type":"post","link":"https:\/\/quehacerpolitico.mx\/?p=87301","title":{"rendered":"PRI competir\u00e1 en alianza con PAN, PRD en las elecciones de 2024: Alejandro Moreno"},"content":{"rendered":"\n<p>Por Redacci\u00f3n QP<\/p>\n\n\n\n<p>El presidente del PRI, Alejandro Moreno, precis\u00f3 que en los comicios del 2022 en seis entidades su partido competir\u00e1 en alianza con PAN y PRD<\/p>\n\n\n\n<p>El\u00a0<strong>presidente del PRI<\/strong>\u00a0precis\u00f3 que en los\u00a0<strong>comicios del 2022 en 6 entidades<\/strong>\u00a0su partido competir\u00e1 en alianza con<strong>\u00a0PAN y PRD.<\/strong><\/p>\n\n\n\n<figure class=\"wp-block-embed is-type-rich is-provider-twitter wp-block-embed-twitter\"><div class=\"wp-block-embed__wrapper\">\n<blockquote class=\"twitter-tweet\" data-width=\"550\" data-dnt=\"true\"><p lang=\"es\" dir=\"ltr\">\u00a1Los priistas estamos de pie, firmes y unidos, leales a los mexicanos! \u00a1Por eso estamos con la militancia, por eso estamos con la sociedad, y por eso vamos a volver a ganar, para servirle al pueblo de M\u00e9xico! \ud83d\udc4a\ud83c\udffc\ud83c\uddf2\ud83c\uddfd <a href=\"https:\/\/t.co\/pVjtMPhdZW\">pic.twitter.com\/pVjtMPhdZW<\/a><\/p>&mdash; Alejandro Moreno (@alitomorenoc) <a href=\"https:\/\/twitter.com\/alitomorenoc\/status\/1469823052816990213?ref_src=twsrc%5Etfw\">December 12, 2021<\/a><\/blockquote><script async src=\"https:\/\/platform.twitter.com\/widgets.js\" charset=\"utf-8\"><\/script>\n<\/div><\/figure>\n\n\n\n<p>Concluy\u00f3 la\u00a0<strong>23 Asamblea Nacional del PRI<\/strong>\u00a0en donde se defini\u00f3 como partido de centro izquierda social dem\u00f3crata, alejado del populismo y del neoliberalismo fallido,\u00a0<strong>ratific\u00f3 su decisi\u00f3n de ir en coalici\u00f3n en las elecciones de 2024.<\/strong><\/p>\n\n\n\n<blockquote class=\"wp-block-quote is-layout-flow wp-block-quote-is-layout-flow\"><p>\u201cFortalecer las coaliciones electorales y legislativas de las que formemos parte para trascender a los gobiernos de coalici\u00f3n, esto con miras a trabajar en las elecciones de 2022, de 2023 y de 2024. Hoy estamos fortaleciendo la unidad, un partido unido y vigente en pie de lucha y desafiando al poder para decirle que el PRI, va por M\u00e9xico, el PRI va por la Rep\u00fablica y que el PRI va por la presidencia de la Rep\u00fablica y que vamos a trabajar para ganar en el 2024\u201d, afirm\u00f3 Alejandro Moreno, presidente del PRI.<\/p><\/blockquote>\n\n\n\n<p>El&nbsp;<strong>presidente del PRI<\/strong>&nbsp;precis\u00f3 que en los comicios del 2022 en&nbsp;<strong>6 entidades su partido competir\u00e1 en alianza con PAN y PRD.<\/strong><\/p>\n\n\n\n<blockquote class=\"wp-block-quote is-layout-flow wp-block-quote-is-layout-flow\"><p>\u201cEstamos en pl\u00e1ticas y en reuniones con nuestros<strong>&nbsp;coaligados Partido Acci\u00f3n Nacional y el Partido de la Revoluci\u00f3n Democr\u00e1tica.<\/strong>&nbsp;Y est\u00e1 claro, hoy, que en todas las encuestas p\u00fablicas y publicadas a nivel nacional que ustedes conocen, el PRI tiene 20 puntos, Acci\u00f3n Nacional tiene 20 puntos y el PRD tiene poco m\u00e1s de cuatro puntos as\u00ed que somos una coalici\u00f3n potente a nivel nacional\u201d, refiri\u00f3.<\/p><\/blockquote>\n\n\n\n<p>En la Asamblea los priistas aprobaron que en la selecci\u00f3n de candidaturas se le dar\u00e1 preferencia a la militancia que haya demostrado trabajo ininterrumpido, institucionalidad, lealtad y \u00e9tica partidista.<\/p>\n\n\n\n<figure class=\"wp-block-embed is-type-rich is-provider-twitter wp-block-embed-twitter\"><div class=\"wp-block-embed__wrapper\">\n<blockquote class=\"twitter-tweet\" data-width=\"550\" data-dnt=\"true\"><p lang=\"es\" dir=\"ltr\">El PRI de hoy somos la Militancia de base hecha Partido y representamos la cultura del esfuerzo y no del privilegio. <br>Somos protesta, propuesta y respuesta, y representamos una oposici\u00f3n irrestricta al abuso de poder dentro o fuera del PRI.<a href=\"https:\/\/twitter.com\/alitomorenoc?ref_src=twsrc%5Etfw\">@alitomorenoc<\/a> <a href=\"https:\/\/twitter.com\/hashtag\/23AsambleaPRI?src=hash&amp;ref_src=twsrc%5Etfw\">#23AsambleaPRI<\/a> <a href=\"https:\/\/t.co\/lTD3lwoyaZ\">pic.twitter.com\/lTD3lwoyaZ<\/a><\/p>&mdash; PRI (@PRI_Nacional) <a href=\"https:\/\/twitter.com\/PRI_Nacional\/status\/1469778049797394440?ref_src=twsrc%5Etfw\">December 11, 2021<\/a><\/blockquote><script async src=\"https:\/\/platform.twitter.com\/widgets.js\" charset=\"utf-8\"><\/script>\n<\/div><\/figure>\n\n\n\n<p>La selecci\u00f3n ser\u00e1 abierta e incluyente garantizando la participaci\u00f3n de representantes de los sectores de cada entidad y grupos que han sido marginados en la toma de decisiones.<\/p>\n\n\n\n<p><strong>Los j\u00f3venes ser\u00e1n incluidos en una de cada tres candidaturas cargos de elecci\u00f3n popular.<\/strong><\/p>\n\n\n\n<p>Al final de la Asamblea los asistentes le gritaron \u201cPresidente\u201d a Alejandro Moreno actual dirigente del PRI.<\/p>\n\n\n\n<figure class=\"wp-block-embed is-type-rich is-provider-twitter wp-block-embed-twitter\"><div class=\"wp-block-embed__wrapper\">\n<blockquote class=\"twitter-tweet\" data-width=\"550\" data-dnt=\"true\"><p lang=\"es\" dir=\"ltr\">Nuevos tiempos en el PRI se est\u00e1n suscitando, son decisivos, cruciales, profundos; y son, por razones estrat\u00e9gicas, del m\u00e1s alto inter\u00e9s nacional. <br><br>Son tiempos modernos, in\u00e9ditos y turbulentos, tiempos de cambio para retomar el rumbo: <a href=\"https:\/\/twitter.com\/alitomorenoc?ref_src=twsrc%5Etfw\">@alitomorenoc<\/a>.<a href=\"https:\/\/twitter.com\/hashtag\/23AsambleaPRI?src=hash&amp;ref_src=twsrc%5Etfw\">#23AsambleaPRI<\/a> <a href=\"https:\/\/t.co\/Jk0uhXRZZF\">pic.twitter.com\/Jk0uhXRZZF<\/a><\/p>&mdash; PRI (@PRI_Nacional) <a href=\"https:\/\/twitter.com\/PRI_Nacional\/status\/1469776547536121865?ref_src=twsrc%5Etfw\">December 11, 2021<\/a><\/blockquote><script async src=\"https:\/\/platform.twitter.com\/widgets.js\" charset=\"utf-8\"><\/script>\n<\/div><\/figure>\n\n\n\n<p>Se le cuestiono si consideraba que ese apoyo era su destape como aspirante a la Presidencia por el PRI, a lo que respondi\u00f3 que valora y agradece el respaldo a su posible candidatura, pero ser\u00e1n los pri\u00edstas quienes definan qui\u00e9n ser\u00e1 el que encabece el proyecto a la presidencia de M\u00e9xico.<\/p>\n\n\n\n<p><strong>De forma presencial asistieron a la asamblea los gobernadores de Hidalgo, Omar Fayad y Oaxaca, Alejandro Murat.<\/strong><\/p>\n","protected":false},"excerpt":{"rendered":"<p>Por Redacci\u00f3n QP El presidente del PRI, Alejandro Moreno, precis\u00f3 que en los comicios del&#8230;<\/p>\n","protected":false},"author":2,"featured_media":87302,"comment_status":"open","ping_status":"open","sticky":false,"template":"","format":"standard","meta":{"_monsterinsights_skip_tracking":false,"_monsterinsights_sitenote_active":false,"_monsterinsights_sitenote_note":"","_monsterinsights_sitenote_category":0,"footnotes":""},"categories":[2],"tags":[],"class_list":["post-87301","post","type-post","status-publish","format-standard","has-post-thumbnail","hentry","category-noticias"],"yoast_head":"<!-- This site is optimized with the Yoast SEO plugin v27.3 - https:\/\/yoast.com\/product\/yoast-seo-wordpress\/ -->\n<title>PRI competir\u00e1 en alianza con PAN, PRD en las elecciones de 2024: Alejandro Moreno -<\/title>\n<meta name=\"robots\" content=\"index, follow, max-snippet:-1, max-image-preview:large, max-video-preview:-1\" \/>\n<link rel=\"canonical\" href=\"https:\/\/quehacerpolitico.mx\/?p=87301\" \/>\n<meta property=\"og:locale\" content=\"es_MX\" \/>\n<meta property=\"og:type\" content=\"article\" \/>\n<meta property=\"og:title\" content=\"PRI competir\u00e1 en alianza con PAN, PRD en las elecciones de 2024: Alejandro Moreno -\" \/>\n<meta property=\"og:description\" content=\"Por Redacci\u00f3n QP El presidente del PRI, Alejandro Moreno, precis\u00f3 que en los comicios del...\" \/>\n<meta property=\"og:url\" content=\"https:\/\/quehacerpolitico.mx\/?p=87301\" \/>\n<meta property=\"article:published_time\" content=\"2021-12-12T19:37:23+00:00\" \/>\n<meta property=\"article:modified_time\" content=\"2021-12-12T19:37:26+00:00\" \/>\n<meta property=\"og:image\" content=\"https:\/\/quehacerpolitico.mx\/wp-content\/uploads\/2021\/12\/37EFAC00-D8A8-407C-B550-C8FE127D557F.jpeg\" \/>\n\t<meta property=\"og:image:width\" content=\"1280\" \/>\n\t<meta property=\"og:image:height\" content=\"854\" \/>\n\t<meta property=\"og:image:type\" content=\"image\/jpeg\" \/>\n<meta name=\"author\" content=\"Redacci\u00f3n QP\" \/>\n<meta name=\"twitter:card\" content=\"summary_large_image\" \/>\n<meta name=\"twitter:label1\" content=\"Escrito por\" \/>\n\t<meta name=\"twitter:data1\" content=\"Redacci\u00f3n QP\" \/>\n\t<meta name=\"twitter:label2\" content=\"Tiempo de lectura\" \/>\n\t<meta name=\"twitter:data2\" content=\"2 minutos\" \/>\n<script type=\"application\/ld+json\" class=\"yoast-schema-graph\">{\"@context\":\"https:\\\/\\\/schema.org\",\"@graph\":[{\"@type\":\"Article\",\"@id\":\"https:\\\/\\\/quehacerpolitico.mx\\\/?p=87301#article\",\"isPartOf\":{\"@id\":\"https:\\\/\\\/quehacerpolitico.mx\\\/?p=87301\"},\"author\":{\"name\":\"Redacci\u00f3n QP\",\"@id\":\"https:\\\/\\\/quehacerpolitico.mx\\\/#\\\/schema\\\/person\\\/496d8ad2d1d3f8036101dca7ee39e585\"},\"headline\":\"PRI competir\u00e1 en alianza con PAN, PRD en las elecciones de 2024: Alejandro Moreno\",\"datePublished\":\"2021-12-12T19:37:23+00:00\",\"dateModified\":\"2021-12-12T19:37:26+00:00\",\"mainEntityOfPage\":{\"@id\":\"https:\\\/\\\/quehacerpolitico.mx\\\/?p=87301\"},\"wordCount\":476,\"commentCount\":0,\"image\":{\"@id\":\"https:\\\/\\\/quehacerpolitico.mx\\\/?p=87301#primaryimage\"},\"thumbnailUrl\":\"https:\\\/\\\/quehacerpolitico.mx\\\/wp-content\\\/uploads\\\/2021\\\/12\\\/37EFAC00-D8A8-407C-B550-C8FE127D557F.jpeg\",\"articleSection\":[\"Noticias\"],\"inLanguage\":\"es\",\"potentialAction\":[{\"@type\":\"CommentAction\",\"name\":\"Comment\",\"target\":[\"https:\\\/\\\/quehacerpolitico.mx\\\/?p=87301#respond\"]}]},{\"@type\":\"WebPage\",\"@id\":\"https:\\\/\\\/quehacerpolitico.mx\\\/?p=87301\",\"url\":\"https:\\\/\\\/quehacerpolitico.mx\\\/?p=87301\",\"name\":\"PRI competir\u00e1 en alianza con PAN, PRD en las elecciones de 2024: Alejandro Moreno -\",\"isPartOf\":{\"@id\":\"https:\\\/\\\/quehacerpolitico.mx\\\/#website\"},\"primaryImageOfPage\":{\"@id\":\"https:\\\/\\\/quehacerpolitico.mx\\\/?p=87301#primaryimage\"},\"image\":{\"@id\":\"https:\\\/\\\/quehacerpolitico.mx\\\/?p=87301#primaryimage\"},\"thumbnailUrl\":\"https:\\\/\\\/quehacerpolitico.mx\\\/wp-content\\\/uploads\\\/2021\\\/12\\\/37EFAC00-D8A8-407C-B550-C8FE127D557F.jpeg\",\"datePublished\":\"2021-12-12T19:37:23+00:00\",\"dateModified\":\"2021-12-12T19:37:26+00:00\",\"author\":{\"@id\":\"https:\\\/\\\/quehacerpolitico.mx\\\/#\\\/schema\\\/person\\\/496d8ad2d1d3f8036101dca7ee39e585\"},\"breadcrumb\":{\"@id\":\"https:\\\/\\\/quehacerpolitico.mx\\\/?p=87301#breadcrumb\"},\"inLanguage\":\"es\",\"potentialAction\":[{\"@type\":\"ReadAction\",\"target\":[\"https:\\\/\\\/quehacerpolitico.mx\\\/?p=87301\"]}]},{\"@type\":\"ImageObject\",\"inLanguage\":\"es\",\"@id\":\"https:\\\/\\\/quehacerpolitico.mx\\\/?p=87301#primaryimage\",\"url\":\"https:\\\/\\\/quehacerpolitico.mx\\\/wp-content\\\/uploads\\\/2021\\\/12\\\/37EFAC00-D8A8-407C-B550-C8FE127D557F.jpeg\",\"contentUrl\":\"https:\\\/\\\/quehacerpolitico.mx\\\/wp-content\\\/uploads\\\/2021\\\/12\\\/37EFAC00-D8A8-407C-B550-C8FE127D557F.jpeg\",\"width\":1280,\"height\":854},{\"@type\":\"BreadcrumbList\",\"@id\":\"https:\\\/\\\/quehacerpolitico.mx\\\/?p=87301#breadcrumb\",\"itemListElement\":[{\"@type\":\"ListItem\",\"position\":1,\"name\":\"Inicio\",\"item\":\"https:\\\/\\\/quehacerpolitico.mx\\\/\"},{\"@type\":\"ListItem\",\"position\":2,\"name\":\"PRI competir\u00e1 en alianza con PAN, PRD en las elecciones de 2024: Alejandro Moreno\"}]},{\"@type\":\"WebSite\",\"@id\":\"https:\\\/\\\/quehacerpolitico.mx\\\/#website\",\"url\":\"https:\\\/\\\/quehacerpolitico.mx\\\/\",\"name\":\"\",\"description\":\"\",\"potentialAction\":[{\"@type\":\"SearchAction\",\"target\":{\"@type\":\"EntryPoint\",\"urlTemplate\":\"https:\\\/\\\/quehacerpolitico.mx\\\/?s={search_term_string}\"},\"query-input\":{\"@type\":\"PropertyValueSpecification\",\"valueRequired\":true,\"valueName\":\"search_term_string\"}}],\"inLanguage\":\"es\"},{\"@type\":\"Person\",\"@id\":\"https:\\\/\\\/quehacerpolitico.mx\\\/#\\\/schema\\\/person\\\/496d8ad2d1d3f8036101dca7ee39e585\",\"name\":\"Redacci\u00f3n QP\",\"image\":{\"@type\":\"ImageObject\",\"inLanguage\":\"es\",\"@id\":\"https:\\\/\\\/secure.gravatar.com\\\/avatar\\\/c7164ed6fdec453195284ad24a5ae5b6e1eed2b848477fa2a4787ba9adf39a41?s=96&d=mm&r=g\",\"url\":\"https:\\\/\\\/secure.gravatar.com\\\/avatar\\\/c7164ed6fdec453195284ad24a5ae5b6e1eed2b848477fa2a4787ba9adf39a41?s=96&d=mm&r=g\",\"contentUrl\":\"https:\\\/\\\/secure.gravatar.com\\\/avatar\\\/c7164ed6fdec453195284ad24a5ae5b6e1eed2b848477fa2a4787ba9adf39a41?s=96&d=mm&r=g\",\"caption\":\"Redacci\u00f3n QP\"},\"url\":\"https:\\\/\\\/quehacerpolitico.mx\\\/?author=2\"}]}<\/script>\n<!-- \/ Yoast SEO plugin. -->","yoast_head_json":{"title":"PRI competir\u00e1 en alianza con PAN, PRD en las elecciones de 2024: Alejandro Moreno -","robots":{"index":"index","follow":"follow","max-snippet":"max-snippet:-1","max-image-preview":"max-image-preview:large","max-video-preview":"max-video-preview:-1"},"canonical":"https:\/\/quehacerpolitico.mx\/?p=87301","og_locale":"es_MX","og_type":"article","og_title":"PRI competir\u00e1 en alianza con PAN, PRD en las elecciones de 2024: Alejandro Moreno -","og_description":"Por Redacci\u00f3n QP El presidente del PRI, Alejandro Moreno, precis\u00f3 que en los comicios del...","og_url":"https:\/\/quehacerpolitico.mx\/?p=87301","article_published_time":"2021-12-12T19:37:23+00:00","article_modified_time":"2021-12-12T19:37:26+00:00","og_image":[{"width":1280,"height":854,"url":"https:\/\/quehacerpolitico.mx\/wp-content\/uploads\/2021\/12\/37EFAC00-D8A8-407C-B550-C8FE127D557F.jpeg","type":"image\/jpeg"}],"author":"Redacci\u00f3n QP","twitter_card":"summary_large_image","twitter_misc":{"Escrito por":"Redacci\u00f3n QP","Tiempo de lectura":"2 minutos"},"schema":{"@context":"https:\/\/schema.org","@graph":[{"@type":"Article","@id":"https:\/\/quehacerpolitico.mx\/?p=87301#article","isPartOf":{"@id":"https:\/\/quehacerpolitico.mx\/?p=87301"},"author":{"name":"Redacci\u00f3n QP","@id":"https:\/\/quehacerpolitico.mx\/#\/schema\/person\/496d8ad2d1d3f8036101dca7ee39e585"},"headline":"PRI competir\u00e1 en alianza con PAN, PRD en las elecciones de 2024: Alejandro Moreno","datePublished":"2021-12-12T19:37:23+00:00","dateModified":"2021-12-12T19:37:26+00:00","mainEntityOfPage":{"@id":"https:\/\/quehacerpolitico.mx\/?p=87301"},"wordCount":476,"commentCount":0,"image":{"@id":"https:\/\/quehacerpolitico.mx\/?p=87301#primaryimage"},"thumbnailUrl":"https:\/\/quehacerpolitico.mx\/wp-content\/uploads\/2021\/12\/37EFAC00-D8A8-407C-B550-C8FE127D557F.jpeg","articleSection":["Noticias"],"inLanguage":"es","potentialAction":[{"@type":"CommentAction","name":"Comment","target":["https:\/\/quehacerpolitico.mx\/?p=87301#respond"]}]},{"@type":"WebPage","@id":"https:\/\/quehacerpolitico.mx\/?p=87301","url":"https:\/\/quehacerpolitico.mx\/?p=87301","name":"PRI competir\u00e1 en alianza con PAN, PRD en las elecciones de 2024: Alejandro Moreno -","isPartOf":{"@id":"https:\/\/quehacerpolitico.mx\/#website"},"primaryImageOfPage":{"@id":"https:\/\/quehacerpolitico.mx\/?p=87301#primaryimage"},"image":{"@id":"https:\/\/quehacerpolitico.mx\/?p=87301#primaryimage"},"thumbnailUrl":"https:\/\/quehacerpolitico.mx\/wp-content\/uploads\/2021\/12\/37EFAC00-D8A8-407C-B550-C8FE127D557F.jpeg","datePublished":"2021-12-12T19:37:23+00:00","dateModified":"2021-12-12T19:37:26+00:00","author":{"@id":"https:\/\/quehacerpolitico.mx\/#\/schema\/person\/496d8ad2d1d3f8036101dca7ee39e585"},"breadcrumb":{"@id":"https:\/\/quehacerpolitico.mx\/?p=87301#breadcrumb"},"inLanguage":"es","potentialAction":[{"@type":"ReadAction","target":["https:\/\/quehacerpolitico.mx\/?p=87301"]}]},{"@type":"ImageObject","inLanguage":"es","@id":"https:\/\/quehacerpolitico.mx\/?p=87301#primaryimage","url":"https:\/\/quehacerpolitico.mx\/wp-content\/uploads\/2021\/12\/37EFAC00-D8A8-407C-B550-C8FE127D557F.jpeg","contentUrl":"https:\/\/quehacerpolitico.mx\/wp-content\/uploads\/2021\/12\/37EFAC00-D8A8-407C-B550-C8FE127D557F.jpeg","width":1280,"height":854},{"@type":"BreadcrumbList","@id":"https:\/\/quehacerpolitico.mx\/?p=87301#breadcrumb","itemListElement":[{"@type":"ListItem","position":1,"name":"Inicio","item":"https:\/\/quehacerpolitico.mx\/"},{"@type":"ListItem","position":2,"name":"PRI competir\u00e1 en alianza con PAN, PRD en las elecciones de 2024: Alejandro Moreno"}]},{"@type":"WebSite","@id":"https:\/\/quehacerpolitico.mx\/#website","url":"https:\/\/quehacerpolitico.mx\/","name":"","description":"","potentialAction":[{"@type":"SearchAction","target":{"@type":"EntryPoint","urlTemplate":"https:\/\/quehacerpolitico.mx\/?s={search_term_string}"},"query-input":{"@type":"PropertyValueSpecification","valueRequired":true,"valueName":"search_term_string"}}],"inLanguage":"es"},{"@type":"Person","@id":"https:\/\/quehacerpolitico.mx\/#\/schema\/person\/496d8ad2d1d3f8036101dca7ee39e585","name":"Redacci\u00f3n QP","image":{"@type":"ImageObject","inLanguage":"es","@id":"https:\/\/secure.gravatar.com\/avatar\/c7164ed6fdec453195284ad24a5ae5b6e1eed2b848477fa2a4787ba9adf39a41?s=96&d=mm&r=g","url":"https:\/\/secure.gravatar.com\/avatar\/c7164ed6fdec453195284ad24a5ae5b6e1eed2b848477fa2a4787ba9adf39a41?s=96&d=mm&r=g","contentUrl":"https:\/\/secure.gravatar.com\/avatar\/c7164ed6fdec453195284ad24a5ae5b6e1eed2b848477fa2a4787ba9adf39a41?s=96&d=mm&r=g","caption":"Redacci\u00f3n QP"},"url":"https:\/\/quehacerpolitico.mx\/?author=2"}]}},"featured_image_urls":{"full":["https:\/\/quehacerpolitico.mx\/wp-content\/uploads\/2021\/12\/37EFAC00-D8A8-407C-B550-C8FE127D557F.jpeg",1280,854,false],"thumbnail":["https:\/\/quehacerpolitico.mx\/wp-content\/uploads\/2021\/12\/37EFAC00-D8A8-407C-B550-C8FE127D557F-150x150.jpeg",150,150,true],"medium":["https:\/\/quehacerpolitico.mx\/wp-content\/uploads\/2021\/12\/37EFAC00-D8A8-407C-B550-C8FE127D557F-300x200.jpeg",300,200,true],"medium_large":["https:\/\/quehacerpolitico.mx\/wp-content\/uploads\/2021\/12\/37EFAC00-D8A8-407C-B550-C8FE127D557F-768x512.jpeg",640,427,true],"large":["https:\/\/quehacerpolitico.mx\/wp-content\/uploads\/2021\/12\/37EFAC00-D8A8-407C-B550-C8FE127D557F-1024x683.jpeg",640,427,true],"1536x1536":["https:\/\/quehacerpolitico.mx\/wp-content\/uploads\/2021\/12\/37EFAC00-D8A8-407C-B550-C8FE127D557F.jpeg",1280,854,false],"2048x2048":["https:\/\/quehacerpolitico.mx\/wp-content\/uploads\/2021\/12\/37EFAC00-D8A8-407C-B550-C8FE127D557F.jpeg",1280,854,false],"covernews-featured":["https:\/\/quehacerpolitico.mx\/wp-content\/uploads\/2021\/12\/37EFAC00-D8A8-407C-B550-C8FE127D557F.jpeg",1024,683,false],"covernews-medium":["https:\/\/quehacerpolitico.mx\/wp-content\/uploads\/2021\/12\/37EFAC00-D8A8-407C-B550-C8FE127D557F.jpeg",510,340,false]},"author_info":{"display_name":"Redacci\u00f3n QP","author_link":"https:\/\/quehacerpolitico.mx\/?author=2"},"category_info":"<a href=\"https:\/\/quehacerpolitico.mx\/?cat=2\" rel=\"category\">Noticias<\/a>","tag_info":"Noticias","comment_count":"0","_links":{"self":[{"href":"https:\/\/quehacerpolitico.mx\/index.php?rest_route=\/wp\/v2\/posts\/87301","targetHints":{"allow":["GET"]}}],"collection":[{"href":"https:\/\/quehacerpolitico.mx\/index.php?rest_route=\/wp\/v2\/posts"}],"about":[{"href":"https:\/\/quehacerpolitico.mx\/index.php?rest_route=\/wp\/v2\/types\/post"}],"author":[{"embeddable":true,"href":"https:\/\/quehacerpolitico.mx\/index.php?rest_route=\/wp\/v2\/users\/2"}],"replies":[{"embeddable":true,"href":"https:\/\/quehacerpolitico.mx\/index.php?rest_route=%2Fwp%2Fv2%2Fcomments&post=87301"}],"version-history":[{"count":1,"href":"https:\/\/quehacerpolitico.mx\/index.php?rest_route=\/wp\/v2\/posts\/87301\/revisions"}],"predecessor-version":[{"id":87303,"href":"https:\/\/quehacerpolitico.mx\/index.php?rest_route=\/wp\/v2\/posts\/87301\/revisions\/87303"}],"wp:featuredmedia":[{"embeddable":true,"href":"https:\/\/quehacerpolitico.mx\/index.php?rest_route=\/wp\/v2\/media\/87302"}],"wp:attachment":[{"href":"https:\/\/quehacerpolitico.mx\/index.php?rest_route=%2Fwp%2Fv2%2Fmedia&parent=87301"}],"wp:term":[{"taxonomy":"category","embeddable":true,"href":"https:\/\/quehacerpolitico.mx\/index.php?rest_route=%2Fwp%2Fv2%2Fcategories&post=87301"},{"taxonomy":"post_tag","embeddable":true,"href":"https:\/\/quehacerpolitico.mx\/index.php?rest_route=%2Fwp%2Fv2%2Ftags&post=87301"}],"curies":[{"name":"wp","href":"https:\/\/api.w.org\/{rel}","templated":true}]}}