{"id":87295,"date":"2021-12-12T18:32:21","date_gmt":"2021-12-12T18:32:21","guid":{"rendered":"https:\/\/quehacerpolitico.mx\/?p=87295"},"modified":"2021-12-12T18:32:24","modified_gmt":"2021-12-12T18:32:24","slug":"verstappen-campeon-del-mundo-de-formula-1-checo-abandona-carrera","status":"publish","type":"post","link":"https:\/\/quehacerpolitico.mx\/?p=87295","title":{"rendered":"Verstappen campe\u00f3n del mundo de F\u00f3rmula 1, \u2018Checo\u2019 abandona carrera"},"content":{"rendered":"\n<p>Por Redacci\u00f3n QP<\/p>\n\n\n\n<p>El piloto Max Verstappen se proclama ganador del mundo de F\u00f3rmula 1, Sergio \u2018Checo\u2019 P\u00e9rez abandon\u00f3 carrera para otorgar el reconocimiento a su compa\u00f1ero Red Bull<\/p>\n\n\n\n<ul class=\"wp-block-list\"><li>El piloto de Red Bull gan\u00f3 su d\u00e9cima carrera esta temporada para finalizar en el Mundial por delante de Hamilton<\/li><\/ul>\n\n\n\n<p>El piloto neerland\u00e9s\u00a0<strong>Max Verstappen<\/strong>, de 24 a\u00f1os, se proclam\u00f3 campe\u00f3n del mundo de\u00a0F\u00f3rmula 1 por primera vez en su carrera, despu\u00e9s de conquistar \u2018in extremis\u2019 el\u00a0<strong>Gran Premio de Abu Dabi<\/strong>, \u00faltimo de la temporada 2021, por delante de su rival\u00a0<strong>Lewis Hamilton.<\/strong><\/p>\n\n\n\n<figure class=\"wp-block-embed is-type-rich is-provider-twitter wp-block-embed-twitter\"><div class=\"wp-block-embed__wrapper\">\n<blockquote class=\"twitter-tweet\" data-width=\"550\" data-dnt=\"true\"><p lang=\"en\" dir=\"ltr\">WORLD CHAMPION! \ud83c\udfc6<br><br>And simply the greatest day so far in the racing life of <a href=\"https:\/\/twitter.com\/Max33Verstappen?ref_src=twsrc%5Etfw\">@Max33Verstappen<\/a> \ud83d\udc51 \ud83d\udc40<a href=\"https:\/\/twitter.com\/hashtag\/AbuDhabiGP?src=hash&amp;ref_src=twsrc%5Etfw\">#AbuDhabiGP<\/a> \ud83c\udde6\ud83c\uddea <a href=\"https:\/\/twitter.com\/hashtag\/F1?src=hash&amp;ref_src=twsrc%5Etfw\">#F1<\/a> <a href=\"https:\/\/t.co\/o3SsSC5THG\">pic.twitter.com\/o3SsSC5THG<\/a><\/p>&mdash; Formula 1 (@F1) <a href=\"https:\/\/twitter.com\/F1\/status\/1470056287505371141?ref_src=twsrc%5Etfw\">December 12, 2021<\/a><\/blockquote><script async src=\"https:\/\/platform.twitter.com\/widgets.js\" charset=\"utf-8\"><\/script>\n<\/div><\/figure>\n\n\n\n<p>El piloto de\u00a0<strong>Red Bull<\/strong>\u00a0gan\u00f3 su d\u00e9cima carrera esta temporada para finalizar en el Mundial por delante de Hamilton,\u00a0<strong>siete veces campe\u00f3n del mundo.<\/strong><\/p>\n\n\n\n<p>El t\u00edtulo de constructores fue para&nbsp;<strong>Mercedes<\/strong>, mientras que el tercer caj\u00f3n del podio este domingo en el circuito de Yas Marino lo ocup\u00f3 el espa\u00f1ol de Ferrari Carlos Sainz.<\/p>\n\n\n\n<p>La carrera y el Mundial se resolvieron en un escenario digno de pel\u00edcula, con los&nbsp;<strong>dos rivales igualados a puntos<\/strong>&nbsp;(369,5) antes de esta final.<\/p>\n\n\n\n<p>En esas condiciones la ecuaci\u00f3n era sencilla: el mejor clasificado se\u00a0<strong>proclamar\u00eda campe\u00f3n.<\/strong><\/p>\n\n\n\n<figure class=\"wp-block-embed is-type-rich is-provider-twitter wp-block-embed-twitter\"><div class=\"wp-block-embed__wrapper\">\n<blockquote class=\"twitter-tweet\" data-width=\"550\" data-dnt=\"true\"><p lang=\"en\" dir=\"ltr\">A dream come true for <a href=\"https:\/\/twitter.com\/Max33Verstappen?ref_src=twsrc%5Etfw\">@Max33Verstappen<\/a> as he crosses the line in Abu Dhabi \ud83d\udc40<br><br>And becomes F1 World Champion for the first time! \ud83d\udc51 \ud83c\udfc6<a href=\"https:\/\/twitter.com\/hashtag\/AbuDhabiGP?src=hash&amp;ref_src=twsrc%5Etfw\">#AbuDhabiGP<\/a> \ud83c\udde6\ud83c\uddea <a href=\"https:\/\/twitter.com\/hashtag\/F1?src=hash&amp;ref_src=twsrc%5Etfw\">#F1<\/a> <a href=\"https:\/\/t.co\/DIF51TL6Sk\">pic.twitter.com\/DIF51TL6Sk<\/a><\/p>&mdash; Formula 1 (@F1) <a href=\"https:\/\/twitter.com\/F1\/status\/1470048581574930433?ref_src=twsrc%5Etfw\">December 12, 2021<\/a><\/blockquote><script async src=\"https:\/\/platform.twitter.com\/widgets.js\" charset=\"utf-8\"><\/script>\n<\/div><\/figure>\n\n\n\n<p>Todos cre\u00edan casi hasta el final que \u00e9ste ser\u00eda Hamilton,&nbsp;<strong>autor de una mejor salida<\/strong>&nbsp;y l\u00edder durante la mayor parte de la carrera.<\/p>\n\n\n\n<p>Pero un coche de seguridad a cinco vueltas del final determin\u00f3 el destino:\u00a0<strong>Verstappen cambi\u00f3 de neum\u00e1ticos<\/strong>, pero no lo hizo as\u00ed Hamilton.<\/p>\n\n\n\n<p>Tras reanudarse la carrera, el&nbsp;<strong>neerland\u00e9s adelant\u00f3 a su rival en la \u00faltima vuelta.<\/strong><\/p>\n\n\n\n<p>Los AlphaTauri del japon\u00e9s Yuki Tsunoda y del franc\u00e9s Pierre Gasly completaron el Top 5.<\/p>\n\n\n\n<p>El finland\u00e9s Valtteri Bottas (Mercedes), el brit\u00e1nico Lando Norris (McLaren), el espa\u00f1ol Fernando Alonso (Alpine), el franc\u00e9s Esteban Ocon (Alpine) y el monegasco Charles Leclerc (Ferrari)\u00a0<strong>tambi\u00e9n entraron en los puntos.<\/strong><\/p>\n\n\n\n<figure class=\"wp-block-embed is-type-rich is-provider-twitter wp-block-embed-twitter\"><div class=\"wp-block-embed__wrapper\">\n<blockquote class=\"twitter-tweet\" data-width=\"550\" data-dnt=\"true\"><p lang=\"en\" dir=\"ltr\">Max, your time is now <a href=\"https:\/\/twitter.com\/hashtag\/F1?src=hash&amp;ref_src=twsrc%5Etfw\">#F1<\/a> <a href=\"https:\/\/twitter.com\/hashtag\/HistoryMade?src=hash&amp;ref_src=twsrc%5Etfw\">#HistoryMade<\/a> <a href=\"https:\/\/t.co\/j2Fl2SaVAD\">pic.twitter.com\/j2Fl2SaVAD<\/a><\/p>&mdash; Formula 1 (@F1) <a href=\"https:\/\/twitter.com\/F1\/status\/1470043322022510597?ref_src=twsrc%5Etfw\">December 12, 2021<\/a><\/blockquote><script async src=\"https:\/\/platform.twitter.com\/widgets.js\" charset=\"utf-8\"><\/script>\n<\/div><\/figure>\n\n\n\n<p>El finland\u00e9s Kimi R\u00e4ikk\u00f6nen (Alfa Romeo) se despidi\u00f3 de la F1 por la puerta de atr\u00e1s,&nbsp;<strong>abandonando mediada la carrera por un problema mec\u00e1nico<\/strong>. A sus 42 a\u00f1os se retira de las carreras luego de 19 temporadas en la \u00e9lite y un t\u00edtulo mundial con Ferrari en 2007.<\/p>\n\n\n\n<p>Clasificaci\u00f3n del GP de Abu Dabi:<\/p>\n\n\n\n<p><strong>1. Max Verstappen (NED\/Red Bull-Honda) los 306,183 km en 1 h 30:17.345<\/strong><br><strong>(velocidad media: 203,468 km\/h)<\/strong><br>2. Lewis Hamilton (GBR\/Mercedes) a 2.256<br>3. Carlos Sainz Jr (ESP\/Ferrari) a 5.173<br>4. Yuki Tsunoda (JPN\/AlphaTauri-Honda) a 5.692<br>5. Pierre Gasly (FRA\/AlphaTauri-Honda) a 6.531<br>6. Valtteri Bottas (FIN\/Mercedes) a 7.463<br>7. Lando Norris (GBR\/McLaren-Mercedes) a 59.200<br>8. Fernando Alonso (ESP\/Alpine-Renault) a 1:01.708<br>9. Esteban Ocon (FRA\/Alpine-Renault) a 1:04.026<br>10. Charles Leclerc (MON\/Ferrari) a 1:06.057<br>11. Sebastian Vettel (GER\/Aston Martin-Mercedes) a 1:07.527<br>12. Daniel Ricciardo (AUS\/McLaren-Mercedes) a 1 vuelta<br>13. Lance Stroll (CAN\/Aston Martin-Mercedes) a 1 vuelta<br>14. Mick Schumacher (GER\/Haas-Ferrari) a 1 vuelta<br><strong>15.\u00a0Sergio P\u00e9rez (MEX\/Red Bull-Honda) abandono<\/strong><\/p>\n\n\n\n<p>Mejor vuelta: Max Verstappen (NED\/Red Bull-Honda) 1:26.103 en la vuelta 40 (media: 220,800 km\/h)<\/p>\n\n\n\n<p>Abandonos:<br>Kimi R\u00e4ikk\u00f6nen (FIN\/Alfa Romeo Racing-Ferrari): problema mec\u00e1nico 26\u00aa vuelta<br>George Russell (GBR\/Williams-Mercedes): problema mec\u00e1nico 27\u00aa vuelta<br>Antonio Giovinazzi (ITA\/Alfa Romeo Racing-Ferrari): problema mec\u00e1nico 34\u00aa vuelta<br>Nicholas Latifi (CAN\/Williams-Mercedes): accidente 51\u00aa vuelta<\/p>\n\n\n\n<p>No particip\u00f3: Nikita Mazepin (RUS\/Haas-Ferrari)<\/p>\n\n\n\n<p>Clasificaci\u00f3n de pilotos:<br>1. Max Verstappen (NED) 395,5 pts<br>2. Lewis Hamilton (GBR) 387,5<br>3. Valtteri Bottas (FIN) 226<br>4. Sergio P\u00e9rez (MEX) 190<br>5. Carlos Sainz Jr (ESP) 164,5<br>6. Lando Norris (GBR) 160<br>7. Charles Leclerc (MON) 159<br>8. Daniel Ricciardo (AUS) 115<br>9. Pierre Gasly (FRA) 110<br>10. Fernando Alonso (ESP) 81<br>11. Esteban Ocon (FRA) 74<br>12. Sebastian Vettel (GER) 43<br>13. Lance Stroll (CAN) 34<br>14. Yuki Tsunoda (JPN) 32<br>15. George Russell (GBR) 16<br>16. Kimi R\u00e4ikk\u00f6nen (FIN) 10<br>17. Nicholas Latifi (CAN) 7<br>18. Antonio Giovinazzi (ITA) 3<br>19. Nikita Mazepin (RUS) 0<br>20. Mick Schumacher (GER) 0<br>21. Robert Kubica (POL) 0<\/p>\n\n\n\n<p>Claificaci\u00f3n de constructores:<br>1. Mercedes 613,5 pts<br>2. Red Bull-Honda 585,5<br>3. Ferrari 323,5<br>4. McLaren-Mercedes 275<br>5. Alpine-Renault 155<br>6. AlphaTauri-Honda 142<br>7. Aston Martin-Mercedes 77<br>8. Williams-Mercedes 23<br>9. Alfa Romeo Racing-Ferrari 13<br>10. Haas-Ferrari 0<\/p>\n\n\n\n<p>En el&nbsp;<strong>GP de B\u00e9lgica<\/strong>&nbsp;s\u00f3lo se distribuyeron la mitad de los puntos para los diez primeros pilotos, despu\u00e9s de que la carrera fuese acortada.<\/p>\n\n\n\n<p><em>Con informaci\u00f3n de AFP<\/em><\/p>\n","protected":false},"excerpt":{"rendered":"<p>Por Redacci\u00f3n QP El piloto Max Verstappen se proclama ganador del mundo de F\u00f3rmula 1,&#8230;<\/p>\n","protected":false},"author":2,"featured_media":87296,"comment_status":"open","ping_status":"open","sticky":false,"template":"","format":"standard","meta":{"_monsterinsights_skip_tracking":false,"_monsterinsights_sitenote_active":false,"_monsterinsights_sitenote_note":"","_monsterinsights_sitenote_category":0,"footnotes":""},"categories":[54],"tags":[],"class_list":["post-87295","post","type-post","status-publish","format-standard","has-post-thumbnail","hentry","category-deportes"],"yoast_head":"<!-- This site is optimized with the Yoast SEO plugin v27.3 - https:\/\/yoast.com\/product\/yoast-seo-wordpress\/ -->\n<title>Verstappen campe\u00f3n del mundo de F\u00f3rmula 1, \u2018Checo\u2019 abandona carrera -<\/title>\n<meta name=\"robots\" content=\"index, follow, max-snippet:-1, max-image-preview:large, max-video-preview:-1\" \/>\n<link rel=\"canonical\" href=\"https:\/\/quehacerpolitico.mx\/?p=87295\" \/>\n<meta property=\"og:locale\" content=\"es_MX\" \/>\n<meta property=\"og:type\" content=\"article\" \/>\n<meta property=\"og:title\" content=\"Verstappen campe\u00f3n del mundo de F\u00f3rmula 1, \u2018Checo\u2019 abandona carrera -\" \/>\n<meta property=\"og:description\" content=\"Por Redacci\u00f3n QP El piloto Max Verstappen se proclama ganador del mundo de F\u00f3rmula 1,...\" \/>\n<meta property=\"og:url\" content=\"https:\/\/quehacerpolitico.mx\/?p=87295\" \/>\n<meta property=\"article:published_time\" content=\"2021-12-12T18:32:21+00:00\" \/>\n<meta property=\"article:modified_time\" content=\"2021-12-12T18:32:24+00:00\" \/>\n<meta property=\"og:image\" content=\"https:\/\/quehacerpolitico.mx\/wp-content\/uploads\/2021\/12\/42ADBE4A-7CD9-4F7F-8F44-5B684BE7DC72.jpeg\" \/>\n\t<meta property=\"og:image:width\" content=\"1920\" \/>\n\t<meta property=\"og:image:height\" content=\"1080\" \/>\n\t<meta property=\"og:image:type\" content=\"image\/jpeg\" \/>\n<meta name=\"author\" content=\"Redacci\u00f3n QP\" \/>\n<meta name=\"twitter:card\" content=\"summary_large_image\" \/>\n<meta name=\"twitter:label1\" content=\"Escrito por\" \/>\n\t<meta name=\"twitter:data1\" content=\"Redacci\u00f3n QP\" \/>\n\t<meta name=\"twitter:label2\" content=\"Tiempo de lectura\" \/>\n\t<meta name=\"twitter:data2\" content=\"3 minutos\" \/>\n<script type=\"application\/ld+json\" class=\"yoast-schema-graph\">{\"@context\":\"https:\\\/\\\/schema.org\",\"@graph\":[{\"@type\":\"Article\",\"@id\":\"https:\\\/\\\/quehacerpolitico.mx\\\/?p=87295#article\",\"isPartOf\":{\"@id\":\"https:\\\/\\\/quehacerpolitico.mx\\\/?p=87295\"},\"author\":{\"name\":\"Redacci\u00f3n QP\",\"@id\":\"https:\\\/\\\/quehacerpolitico.mx\\\/#\\\/schema\\\/person\\\/496d8ad2d1d3f8036101dca7ee39e585\"},\"headline\":\"Verstappen campe\u00f3n del mundo de F\u00f3rmula 1, \u2018Checo\u2019 abandona carrera\",\"datePublished\":\"2021-12-12T18:32:21+00:00\",\"dateModified\":\"2021-12-12T18:32:24+00:00\",\"mainEntityOfPage\":{\"@id\":\"https:\\\/\\\/quehacerpolitico.mx\\\/?p=87295\"},\"wordCount\":684,\"commentCount\":0,\"image\":{\"@id\":\"https:\\\/\\\/quehacerpolitico.mx\\\/?p=87295#primaryimage\"},\"thumbnailUrl\":\"https:\\\/\\\/quehacerpolitico.mx\\\/wp-content\\\/uploads\\\/2021\\\/12\\\/42ADBE4A-7CD9-4F7F-8F44-5B684BE7DC72.jpeg\",\"articleSection\":[\"Deportes\"],\"inLanguage\":\"es\",\"potentialAction\":[{\"@type\":\"CommentAction\",\"name\":\"Comment\",\"target\":[\"https:\\\/\\\/quehacerpolitico.mx\\\/?p=87295#respond\"]}]},{\"@type\":\"WebPage\",\"@id\":\"https:\\\/\\\/quehacerpolitico.mx\\\/?p=87295\",\"url\":\"https:\\\/\\\/quehacerpolitico.mx\\\/?p=87295\",\"name\":\"Verstappen campe\u00f3n del mundo de F\u00f3rmula 1, \u2018Checo\u2019 abandona carrera -\",\"isPartOf\":{\"@id\":\"https:\\\/\\\/quehacerpolitico.mx\\\/#website\"},\"primaryImageOfPage\":{\"@id\":\"https:\\\/\\\/quehacerpolitico.mx\\\/?p=87295#primaryimage\"},\"image\":{\"@id\":\"https:\\\/\\\/quehacerpolitico.mx\\\/?p=87295#primaryimage\"},\"thumbnailUrl\":\"https:\\\/\\\/quehacerpolitico.mx\\\/wp-content\\\/uploads\\\/2021\\\/12\\\/42ADBE4A-7CD9-4F7F-8F44-5B684BE7DC72.jpeg\",\"datePublished\":\"2021-12-12T18:32:21+00:00\",\"dateModified\":\"2021-12-12T18:32:24+00:00\",\"author\":{\"@id\":\"https:\\\/\\\/quehacerpolitico.mx\\\/#\\\/schema\\\/person\\\/496d8ad2d1d3f8036101dca7ee39e585\"},\"breadcrumb\":{\"@id\":\"https:\\\/\\\/quehacerpolitico.mx\\\/?p=87295#breadcrumb\"},\"inLanguage\":\"es\",\"potentialAction\":[{\"@type\":\"ReadAction\",\"target\":[\"https:\\\/\\\/quehacerpolitico.mx\\\/?p=87295\"]}]},{\"@type\":\"ImageObject\",\"inLanguage\":\"es\",\"@id\":\"https:\\\/\\\/quehacerpolitico.mx\\\/?p=87295#primaryimage\",\"url\":\"https:\\\/\\\/quehacerpolitico.mx\\\/wp-content\\\/uploads\\\/2021\\\/12\\\/42ADBE4A-7CD9-4F7F-8F44-5B684BE7DC72.jpeg\",\"contentUrl\":\"https:\\\/\\\/quehacerpolitico.mx\\\/wp-content\\\/uploads\\\/2021\\\/12\\\/42ADBE4A-7CD9-4F7F-8F44-5B684BE7DC72.jpeg\",\"width\":1920,\"height\":1080},{\"@type\":\"BreadcrumbList\",\"@id\":\"https:\\\/\\\/quehacerpolitico.mx\\\/?p=87295#breadcrumb\",\"itemListElement\":[{\"@type\":\"ListItem\",\"position\":1,\"name\":\"Inicio\",\"item\":\"https:\\\/\\\/quehacerpolitico.mx\\\/\"},{\"@type\":\"ListItem\",\"position\":2,\"name\":\"Verstappen campe\u00f3n del mundo de F\u00f3rmula 1, \u2018Checo\u2019 abandona carrera\"}]},{\"@type\":\"WebSite\",\"@id\":\"https:\\\/\\\/quehacerpolitico.mx\\\/#website\",\"url\":\"https:\\\/\\\/quehacerpolitico.mx\\\/\",\"name\":\"\",\"description\":\"\",\"potentialAction\":[{\"@type\":\"SearchAction\",\"target\":{\"@type\":\"EntryPoint\",\"urlTemplate\":\"https:\\\/\\\/quehacerpolitico.mx\\\/?s={search_term_string}\"},\"query-input\":{\"@type\":\"PropertyValueSpecification\",\"valueRequired\":true,\"valueName\":\"search_term_string\"}}],\"inLanguage\":\"es\"},{\"@type\":\"Person\",\"@id\":\"https:\\\/\\\/quehacerpolitico.mx\\\/#\\\/schema\\\/person\\\/496d8ad2d1d3f8036101dca7ee39e585\",\"name\":\"Redacci\u00f3n QP\",\"image\":{\"@type\":\"ImageObject\",\"inLanguage\":\"es\",\"@id\":\"https:\\\/\\\/secure.gravatar.com\\\/avatar\\\/c7164ed6fdec453195284ad24a5ae5b6e1eed2b848477fa2a4787ba9adf39a41?s=96&d=mm&r=g\",\"url\":\"https:\\\/\\\/secure.gravatar.com\\\/avatar\\\/c7164ed6fdec453195284ad24a5ae5b6e1eed2b848477fa2a4787ba9adf39a41?s=96&d=mm&r=g\",\"contentUrl\":\"https:\\\/\\\/secure.gravatar.com\\\/avatar\\\/c7164ed6fdec453195284ad24a5ae5b6e1eed2b848477fa2a4787ba9adf39a41?s=96&d=mm&r=g\",\"caption\":\"Redacci\u00f3n QP\"},\"url\":\"https:\\\/\\\/quehacerpolitico.mx\\\/?author=2\"}]}<\/script>\n<!-- \/ Yoast SEO plugin. -->","yoast_head_json":{"title":"Verstappen campe\u00f3n del mundo de F\u00f3rmula 1, \u2018Checo\u2019 abandona carrera -","robots":{"index":"index","follow":"follow","max-snippet":"max-snippet:-1","max-image-preview":"max-image-preview:large","max-video-preview":"max-video-preview:-1"},"canonical":"https:\/\/quehacerpolitico.mx\/?p=87295","og_locale":"es_MX","og_type":"article","og_title":"Verstappen campe\u00f3n del mundo de F\u00f3rmula 1, \u2018Checo\u2019 abandona carrera -","og_description":"Por Redacci\u00f3n QP El piloto Max Verstappen se proclama ganador del mundo de F\u00f3rmula 1,...","og_url":"https:\/\/quehacerpolitico.mx\/?p=87295","article_published_time":"2021-12-12T18:32:21+00:00","article_modified_time":"2021-12-12T18:32:24+00:00","og_image":[{"width":1920,"height":1080,"url":"https:\/\/quehacerpolitico.mx\/wp-content\/uploads\/2021\/12\/42ADBE4A-7CD9-4F7F-8F44-5B684BE7DC72.jpeg","type":"image\/jpeg"}],"author":"Redacci\u00f3n QP","twitter_card":"summary_large_image","twitter_misc":{"Escrito por":"Redacci\u00f3n QP","Tiempo de lectura":"3 minutos"},"schema":{"@context":"https:\/\/schema.org","@graph":[{"@type":"Article","@id":"https:\/\/quehacerpolitico.mx\/?p=87295#article","isPartOf":{"@id":"https:\/\/quehacerpolitico.mx\/?p=87295"},"author":{"name":"Redacci\u00f3n QP","@id":"https:\/\/quehacerpolitico.mx\/#\/schema\/person\/496d8ad2d1d3f8036101dca7ee39e585"},"headline":"Verstappen campe\u00f3n del mundo de F\u00f3rmula 1, \u2018Checo\u2019 abandona carrera","datePublished":"2021-12-12T18:32:21+00:00","dateModified":"2021-12-12T18:32:24+00:00","mainEntityOfPage":{"@id":"https:\/\/quehacerpolitico.mx\/?p=87295"},"wordCount":684,"commentCount":0,"image":{"@id":"https:\/\/quehacerpolitico.mx\/?p=87295#primaryimage"},"thumbnailUrl":"https:\/\/quehacerpolitico.mx\/wp-content\/uploads\/2021\/12\/42ADBE4A-7CD9-4F7F-8F44-5B684BE7DC72.jpeg","articleSection":["Deportes"],"inLanguage":"es","potentialAction":[{"@type":"CommentAction","name":"Comment","target":["https:\/\/quehacerpolitico.mx\/?p=87295#respond"]}]},{"@type":"WebPage","@id":"https:\/\/quehacerpolitico.mx\/?p=87295","url":"https:\/\/quehacerpolitico.mx\/?p=87295","name":"Verstappen campe\u00f3n del mundo de F\u00f3rmula 1, \u2018Checo\u2019 abandona carrera -","isPartOf":{"@id":"https:\/\/quehacerpolitico.mx\/#website"},"primaryImageOfPage":{"@id":"https:\/\/quehacerpolitico.mx\/?p=87295#primaryimage"},"image":{"@id":"https:\/\/quehacerpolitico.mx\/?p=87295#primaryimage"},"thumbnailUrl":"https:\/\/quehacerpolitico.mx\/wp-content\/uploads\/2021\/12\/42ADBE4A-7CD9-4F7F-8F44-5B684BE7DC72.jpeg","datePublished":"2021-12-12T18:32:21+00:00","dateModified":"2021-12-12T18:32:24+00:00","author":{"@id":"https:\/\/quehacerpolitico.mx\/#\/schema\/person\/496d8ad2d1d3f8036101dca7ee39e585"},"breadcrumb":{"@id":"https:\/\/quehacerpolitico.mx\/?p=87295#breadcrumb"},"inLanguage":"es","potentialAction":[{"@type":"ReadAction","target":["https:\/\/quehacerpolitico.mx\/?p=87295"]}]},{"@type":"ImageObject","inLanguage":"es","@id":"https:\/\/quehacerpolitico.mx\/?p=87295#primaryimage","url":"https:\/\/quehacerpolitico.mx\/wp-content\/uploads\/2021\/12\/42ADBE4A-7CD9-4F7F-8F44-5B684BE7DC72.jpeg","contentUrl":"https:\/\/quehacerpolitico.mx\/wp-content\/uploads\/2021\/12\/42ADBE4A-7CD9-4F7F-8F44-5B684BE7DC72.jpeg","width":1920,"height":1080},{"@type":"BreadcrumbList","@id":"https:\/\/quehacerpolitico.mx\/?p=87295#breadcrumb","itemListElement":[{"@type":"ListItem","position":1,"name":"Inicio","item":"https:\/\/quehacerpolitico.mx\/"},{"@type":"ListItem","position":2,"name":"Verstappen campe\u00f3n del mundo de F\u00f3rmula 1, \u2018Checo\u2019 abandona carrera"}]},{"@type":"WebSite","@id":"https:\/\/quehacerpolitico.mx\/#website","url":"https:\/\/quehacerpolitico.mx\/","name":"","description":"","potentialAction":[{"@type":"SearchAction","target":{"@type":"EntryPoint","urlTemplate":"https:\/\/quehacerpolitico.mx\/?s={search_term_string}"},"query-input":{"@type":"PropertyValueSpecification","valueRequired":true,"valueName":"search_term_string"}}],"inLanguage":"es"},{"@type":"Person","@id":"https:\/\/quehacerpolitico.mx\/#\/schema\/person\/496d8ad2d1d3f8036101dca7ee39e585","name":"Redacci\u00f3n QP","image":{"@type":"ImageObject","inLanguage":"es","@id":"https:\/\/secure.gravatar.com\/avatar\/c7164ed6fdec453195284ad24a5ae5b6e1eed2b848477fa2a4787ba9adf39a41?s=96&d=mm&r=g","url":"https:\/\/secure.gravatar.com\/avatar\/c7164ed6fdec453195284ad24a5ae5b6e1eed2b848477fa2a4787ba9adf39a41?s=96&d=mm&r=g","contentUrl":"https:\/\/secure.gravatar.com\/avatar\/c7164ed6fdec453195284ad24a5ae5b6e1eed2b848477fa2a4787ba9adf39a41?s=96&d=mm&r=g","caption":"Redacci\u00f3n QP"},"url":"https:\/\/quehacerpolitico.mx\/?author=2"}]}},"featured_image_urls":{"full":["https:\/\/quehacerpolitico.mx\/wp-content\/uploads\/2021\/12\/42ADBE4A-7CD9-4F7F-8F44-5B684BE7DC72.jpeg",1920,1080,false],"thumbnail":["https:\/\/quehacerpolitico.mx\/wp-content\/uploads\/2021\/12\/42ADBE4A-7CD9-4F7F-8F44-5B684BE7DC72-150x150.jpeg",150,150,true],"medium":["https:\/\/quehacerpolitico.mx\/wp-content\/uploads\/2021\/12\/42ADBE4A-7CD9-4F7F-8F44-5B684BE7DC72-300x169.jpeg",300,169,true],"medium_large":["https:\/\/quehacerpolitico.mx\/wp-content\/uploads\/2021\/12\/42ADBE4A-7CD9-4F7F-8F44-5B684BE7DC72-768x432.jpeg",640,360,true],"large":["https:\/\/quehacerpolitico.mx\/wp-content\/uploads\/2021\/12\/42ADBE4A-7CD9-4F7F-8F44-5B684BE7DC72-1024x576.jpeg",640,360,true],"1536x1536":["https:\/\/quehacerpolitico.mx\/wp-content\/uploads\/2021\/12\/42ADBE4A-7CD9-4F7F-8F44-5B684BE7DC72-1536x864.jpeg",1536,864,true],"2048x2048":["https:\/\/quehacerpolitico.mx\/wp-content\/uploads\/2021\/12\/42ADBE4A-7CD9-4F7F-8F44-5B684BE7DC72.jpeg",1920,1080,false],"covernews-featured":["https:\/\/quehacerpolitico.mx\/wp-content\/uploads\/2021\/12\/42ADBE4A-7CD9-4F7F-8F44-5B684BE7DC72.jpeg",1024,576,false],"covernews-medium":["https:\/\/quehacerpolitico.mx\/wp-content\/uploads\/2021\/12\/42ADBE4A-7CD9-4F7F-8F44-5B684BE7DC72.jpeg",540,304,false]},"author_info":{"display_name":"Redacci\u00f3n QP","author_link":"https:\/\/quehacerpolitico.mx\/?author=2"},"category_info":"<a href=\"https:\/\/quehacerpolitico.mx\/?cat=54\" rel=\"category\">Deportes<\/a>","tag_info":"Deportes","comment_count":"0","_links":{"self":[{"href":"https:\/\/quehacerpolitico.mx\/index.php?rest_route=\/wp\/v2\/posts\/87295","targetHints":{"allow":["GET"]}}],"collection":[{"href":"https:\/\/quehacerpolitico.mx\/index.php?rest_route=\/wp\/v2\/posts"}],"about":[{"href":"https:\/\/quehacerpolitico.mx\/index.php?rest_route=\/wp\/v2\/types\/post"}],"author":[{"embeddable":true,"href":"https:\/\/quehacerpolitico.mx\/index.php?rest_route=\/wp\/v2\/users\/2"}],"replies":[{"embeddable":true,"href":"https:\/\/quehacerpolitico.mx\/index.php?rest_route=%2Fwp%2Fv2%2Fcomments&post=87295"}],"version-history":[{"count":1,"href":"https:\/\/quehacerpolitico.mx\/index.php?rest_route=\/wp\/v2\/posts\/87295\/revisions"}],"predecessor-version":[{"id":87297,"href":"https:\/\/quehacerpolitico.mx\/index.php?rest_route=\/wp\/v2\/posts\/87295\/revisions\/87297"}],"wp:featuredmedia":[{"embeddable":true,"href":"https:\/\/quehacerpolitico.mx\/index.php?rest_route=\/wp\/v2\/media\/87296"}],"wp:attachment":[{"href":"https:\/\/quehacerpolitico.mx\/index.php?rest_route=%2Fwp%2Fv2%2Fmedia&parent=87295"}],"wp:term":[{"taxonomy":"category","embeddable":true,"href":"https:\/\/quehacerpolitico.mx\/index.php?rest_route=%2Fwp%2Fv2%2Fcategories&post=87295"},{"taxonomy":"post_tag","embeddable":true,"href":"https:\/\/quehacerpolitico.mx\/index.php?rest_route=%2Fwp%2Fv2%2Ftags&post=87295"}],"curies":[{"name":"wp","href":"https:\/\/api.w.org\/{rel}","templated":true}]}}