{"id":87286,"date":"2021-12-12T17:18:03","date_gmt":"2021-12-12T17:18:03","guid":{"rendered":"https:\/\/quehacerpolitico.mx\/?p=87286"},"modified":"2021-12-12T17:18:06","modified_gmt":"2021-12-12T17:18:06","slug":"max-verstappen-alaba-labor-de-checo-perez-es-un-gran-companero","status":"publish","type":"post","link":"https:\/\/quehacerpolitico.mx\/?p=87286","title":{"rendered":"Max Verstappen alaba labor de Checo P\u00e9rez; &#8216;es un gran compa\u00f1ero&#8217;"},"content":{"rendered":"\n<p>Por Redacci\u00f3n QP<\/p>\n\n\n\n<p>El flamante campe\u00f3n de F\u00f3rmula destac\u00f3 lo hecho por Sergio P\u00e9rez, su coequipero en Red Bull tras lo hecho en el Gran Premio de Abu Dhabi.<\/p>\n\n\n\n<p>Luego de conquistar su primer campeonato de F\u00f3rmula 1 con una tremenda victoria en el Gran Premio de Abu Dhabi, el neerland\u00e9s Max Verstappen se dio tiempo de agradecer al mexicano Sergio P\u00e9rez. El europeo destac\u00f3 la complejidad que represent\u00f3 la competencia con Lewis Hamilton, a quien pudo vencer en la \u00faltima vuelta en el circuito de Yas Marina.<\/p>\n\n\n\n<p>\u201cEs incre\u00edble. Estuvimos peleando toda la carrera. Es extraordinario lo que hizo el equipo y quiero agradecerles, a Honda, para m\u00ed es algo incre\u00edble\u201d, apunt\u00f3 para las c\u00e1maras de F1. &#8216;Cr\u00e9dito a Checo&#8217; Pero no fue todo, ya que Verstappen se acord\u00f3 del de Guadalajara, quien en su primera temporada con Red Bull ayud\u00f3 de gran manera a cuajar el primer t\u00edtulo en la trayectoria de Max.<\/p>\n\n\n\n<figure class=\"wp-block-embed is-type-rich is-provider-twitter wp-block-embed-twitter\"><div class=\"wp-block-embed__wrapper\">\n<blockquote class=\"twitter-tweet\" data-width=\"550\" data-dnt=\"true\"><p lang=\"es\" dir=\"ltr\">&quot;UNA LOCURA&quot;\ud83d\ude2d\ud83d\ude4c\ud83d\udd25<br><br>Max Verstappen, al borde del llanto: &quot;Hay que darle cr\u00e9dito a &#39;Checo&#39;, un gran compa\u00f1ero&quot;<br><br>Lewis Hamilton: &quot;No ha sido f\u00e1cil; nunca nos rendimos&quot;<br><br>Carlos Sainz: &quot;Es bueno ver que es capaz (Max); me motiva&quot;<br><br>Yas Marina Circuit, Gran Premio Abu Dhabi<a href=\"https:\/\/twitter.com\/hashtag\/F1xFOX?src=hash&amp;ref_src=twsrc%5Etfw\">#F1xFOX<\/a> <a href=\"https:\/\/t.co\/NfnvT3ygLP\">pic.twitter.com\/NfnvT3ygLP<\/a><\/p>&mdash; FOX Sports MX (@FOXSportsMX) <a href=\"https:\/\/twitter.com\/FOXSportsMX\/status\/1470047675441627136?ref_src=twsrc%5Etfw\">December 12, 2021<\/a><\/blockquote><script async src=\"https:\/\/platform.twitter.com\/widgets.js\" charset=\"utf-8\"><\/script>\n<\/div><\/figure>\n\n\n\n<p>\u201cPor fin tuve un poco de suerte, pero hay que darle cr\u00e9dito a Checo P\u00e9rez, hizo un gran trabajo de equipo y es un gran compa\u00f1ero\u201d, sentenci\u00f3. Sabor agridulce Lamentablemente, Checo P\u00e9rez abandon\u00f3 la carrera cuando ten\u00eda todo para subir al podio, pero su motor estaba en riesgo de &#8216;tronar&#8217; y el equipo austriaco decidi\u00f3 retirarlo de la pista. \u200bPese a ello, regal\u00f3 una espectacular defensa ante Lewis Hamilton, y desde ese instante Verstappen lo defini\u00f3 como &#8216;leyenda&#8217;.<\/p>\n\n\n\n<p>Con Informaci\u00f3n de Medio Tiempo<\/p>\n","protected":false},"excerpt":{"rendered":"<p>Por Redacci\u00f3n QP El flamante campe\u00f3n de F\u00f3rmula destac\u00f3 lo hecho por Sergio P\u00e9rez, su&#8230;<\/p>\n","protected":false},"author":2,"featured_media":87287,"comment_status":"open","ping_status":"open","sticky":false,"template":"","format":"standard","meta":{"_monsterinsights_skip_tracking":false,"_monsterinsights_sitenote_active":false,"_monsterinsights_sitenote_note":"","_monsterinsights_sitenote_category":0,"footnotes":""},"categories":[54],"tags":[],"class_list":["post-87286","post","type-post","status-publish","format-standard","has-post-thumbnail","hentry","category-deportes"],"yoast_head":"<!-- This site is optimized with the Yoast SEO plugin v27.3 - https:\/\/yoast.com\/product\/yoast-seo-wordpress\/ -->\n<title>Max Verstappen alaba labor de Checo P\u00e9rez; &#039;es un gran compa\u00f1ero&#039; -<\/title>\n<meta name=\"robots\" content=\"index, follow, max-snippet:-1, max-image-preview:large, max-video-preview:-1\" \/>\n<link rel=\"canonical\" href=\"https:\/\/quehacerpolitico.mx\/?p=87286\" \/>\n<meta property=\"og:locale\" content=\"es_MX\" \/>\n<meta property=\"og:type\" content=\"article\" \/>\n<meta property=\"og:title\" content=\"Max Verstappen alaba labor de Checo P\u00e9rez; &#039;es un gran compa\u00f1ero&#039; -\" \/>\n<meta property=\"og:description\" content=\"Por Redacci\u00f3n QP El flamante campe\u00f3n de F\u00f3rmula destac\u00f3 lo hecho por Sergio P\u00e9rez, su...\" \/>\n<meta property=\"og:url\" content=\"https:\/\/quehacerpolitico.mx\/?p=87286\" \/>\n<meta property=\"article:published_time\" content=\"2021-12-12T17:18:03+00:00\" \/>\n<meta property=\"article:modified_time\" content=\"2021-12-12T17:18:06+00:00\" \/>\n<meta property=\"og:image\" content=\"https:\/\/quehacerpolitico.mx\/wp-content\/uploads\/2021\/12\/F75969FF-83CC-40F1-9AF7-DFA4AC1E132E.jpeg\" \/>\n\t<meta property=\"og:image:width\" content=\"739\" \/>\n\t<meta property=\"og:image:height\" content=\"415\" \/>\n\t<meta property=\"og:image:type\" content=\"image\/jpeg\" \/>\n<meta name=\"author\" content=\"Redacci\u00f3n QP\" \/>\n<meta name=\"twitter:card\" content=\"summary_large_image\" \/>\n<meta name=\"twitter:label1\" content=\"Escrito por\" \/>\n\t<meta name=\"twitter:data1\" content=\"Redacci\u00f3n QP\" \/>\n\t<meta name=\"twitter:label2\" content=\"Tiempo de lectura\" \/>\n\t<meta name=\"twitter:data2\" content=\"1 minuto\" \/>\n<script type=\"application\/ld+json\" class=\"yoast-schema-graph\">{\"@context\":\"https:\\\/\\\/schema.org\",\"@graph\":[{\"@type\":\"Article\",\"@id\":\"https:\\\/\\\/quehacerpolitico.mx\\\/?p=87286#article\",\"isPartOf\":{\"@id\":\"https:\\\/\\\/quehacerpolitico.mx\\\/?p=87286\"},\"author\":{\"name\":\"Redacci\u00f3n QP\",\"@id\":\"https:\\\/\\\/quehacerpolitico.mx\\\/#\\\/schema\\\/person\\\/496d8ad2d1d3f8036101dca7ee39e585\"},\"headline\":\"Max Verstappen alaba labor de Checo P\u00e9rez; &#8216;es un gran compa\u00f1ero&#8217;\",\"datePublished\":\"2021-12-12T17:18:03+00:00\",\"dateModified\":\"2021-12-12T17:18:06+00:00\",\"mainEntityOfPage\":{\"@id\":\"https:\\\/\\\/quehacerpolitico.mx\\\/?p=87286\"},\"wordCount\":274,\"commentCount\":0,\"image\":{\"@id\":\"https:\\\/\\\/quehacerpolitico.mx\\\/?p=87286#primaryimage\"},\"thumbnailUrl\":\"https:\\\/\\\/quehacerpolitico.mx\\\/wp-content\\\/uploads\\\/2021\\\/12\\\/F75969FF-83CC-40F1-9AF7-DFA4AC1E132E.jpeg\",\"articleSection\":[\"Deportes\"],\"inLanguage\":\"es\",\"potentialAction\":[{\"@type\":\"CommentAction\",\"name\":\"Comment\",\"target\":[\"https:\\\/\\\/quehacerpolitico.mx\\\/?p=87286#respond\"]}]},{\"@type\":\"WebPage\",\"@id\":\"https:\\\/\\\/quehacerpolitico.mx\\\/?p=87286\",\"url\":\"https:\\\/\\\/quehacerpolitico.mx\\\/?p=87286\",\"name\":\"Max Verstappen alaba labor de Checo P\u00e9rez; 'es un gran compa\u00f1ero' -\",\"isPartOf\":{\"@id\":\"https:\\\/\\\/quehacerpolitico.mx\\\/#website\"},\"primaryImageOfPage\":{\"@id\":\"https:\\\/\\\/quehacerpolitico.mx\\\/?p=87286#primaryimage\"},\"image\":{\"@id\":\"https:\\\/\\\/quehacerpolitico.mx\\\/?p=87286#primaryimage\"},\"thumbnailUrl\":\"https:\\\/\\\/quehacerpolitico.mx\\\/wp-content\\\/uploads\\\/2021\\\/12\\\/F75969FF-83CC-40F1-9AF7-DFA4AC1E132E.jpeg\",\"datePublished\":\"2021-12-12T17:18:03+00:00\",\"dateModified\":\"2021-12-12T17:18:06+00:00\",\"author\":{\"@id\":\"https:\\\/\\\/quehacerpolitico.mx\\\/#\\\/schema\\\/person\\\/496d8ad2d1d3f8036101dca7ee39e585\"},\"breadcrumb\":{\"@id\":\"https:\\\/\\\/quehacerpolitico.mx\\\/?p=87286#breadcrumb\"},\"inLanguage\":\"es\",\"potentialAction\":[{\"@type\":\"ReadAction\",\"target\":[\"https:\\\/\\\/quehacerpolitico.mx\\\/?p=87286\"]}]},{\"@type\":\"ImageObject\",\"inLanguage\":\"es\",\"@id\":\"https:\\\/\\\/quehacerpolitico.mx\\\/?p=87286#primaryimage\",\"url\":\"https:\\\/\\\/quehacerpolitico.mx\\\/wp-content\\\/uploads\\\/2021\\\/12\\\/F75969FF-83CC-40F1-9AF7-DFA4AC1E132E.jpeg\",\"contentUrl\":\"https:\\\/\\\/quehacerpolitico.mx\\\/wp-content\\\/uploads\\\/2021\\\/12\\\/F75969FF-83CC-40F1-9AF7-DFA4AC1E132E.jpeg\",\"width\":739,\"height\":415},{\"@type\":\"BreadcrumbList\",\"@id\":\"https:\\\/\\\/quehacerpolitico.mx\\\/?p=87286#breadcrumb\",\"itemListElement\":[{\"@type\":\"ListItem\",\"position\":1,\"name\":\"Inicio\",\"item\":\"https:\\\/\\\/quehacerpolitico.mx\\\/\"},{\"@type\":\"ListItem\",\"position\":2,\"name\":\"Max Verstappen alaba labor de Checo P\u00e9rez; &#8216;es un gran compa\u00f1ero&#8217;\"}]},{\"@type\":\"WebSite\",\"@id\":\"https:\\\/\\\/quehacerpolitico.mx\\\/#website\",\"url\":\"https:\\\/\\\/quehacerpolitico.mx\\\/\",\"name\":\"\",\"description\":\"\",\"potentialAction\":[{\"@type\":\"SearchAction\",\"target\":{\"@type\":\"EntryPoint\",\"urlTemplate\":\"https:\\\/\\\/quehacerpolitico.mx\\\/?s={search_term_string}\"},\"query-input\":{\"@type\":\"PropertyValueSpecification\",\"valueRequired\":true,\"valueName\":\"search_term_string\"}}],\"inLanguage\":\"es\"},{\"@type\":\"Person\",\"@id\":\"https:\\\/\\\/quehacerpolitico.mx\\\/#\\\/schema\\\/person\\\/496d8ad2d1d3f8036101dca7ee39e585\",\"name\":\"Redacci\u00f3n QP\",\"image\":{\"@type\":\"ImageObject\",\"inLanguage\":\"es\",\"@id\":\"https:\\\/\\\/secure.gravatar.com\\\/avatar\\\/c7164ed6fdec453195284ad24a5ae5b6e1eed2b848477fa2a4787ba9adf39a41?s=96&d=mm&r=g\",\"url\":\"https:\\\/\\\/secure.gravatar.com\\\/avatar\\\/c7164ed6fdec453195284ad24a5ae5b6e1eed2b848477fa2a4787ba9adf39a41?s=96&d=mm&r=g\",\"contentUrl\":\"https:\\\/\\\/secure.gravatar.com\\\/avatar\\\/c7164ed6fdec453195284ad24a5ae5b6e1eed2b848477fa2a4787ba9adf39a41?s=96&d=mm&r=g\",\"caption\":\"Redacci\u00f3n QP\"},\"url\":\"https:\\\/\\\/quehacerpolitico.mx\\\/?author=2\"}]}<\/script>\n<!-- \/ Yoast SEO plugin. -->","yoast_head_json":{"title":"Max Verstappen alaba labor de Checo P\u00e9rez; 'es un gran compa\u00f1ero' -","robots":{"index":"index","follow":"follow","max-snippet":"max-snippet:-1","max-image-preview":"max-image-preview:large","max-video-preview":"max-video-preview:-1"},"canonical":"https:\/\/quehacerpolitico.mx\/?p=87286","og_locale":"es_MX","og_type":"article","og_title":"Max Verstappen alaba labor de Checo P\u00e9rez; 'es un gran compa\u00f1ero' -","og_description":"Por Redacci\u00f3n QP El flamante campe\u00f3n de F\u00f3rmula destac\u00f3 lo hecho por Sergio P\u00e9rez, su...","og_url":"https:\/\/quehacerpolitico.mx\/?p=87286","article_published_time":"2021-12-12T17:18:03+00:00","article_modified_time":"2021-12-12T17:18:06+00:00","og_image":[{"width":739,"height":415,"url":"https:\/\/quehacerpolitico.mx\/wp-content\/uploads\/2021\/12\/F75969FF-83CC-40F1-9AF7-DFA4AC1E132E.jpeg","type":"image\/jpeg"}],"author":"Redacci\u00f3n QP","twitter_card":"summary_large_image","twitter_misc":{"Escrito por":"Redacci\u00f3n QP","Tiempo de lectura":"1 minuto"},"schema":{"@context":"https:\/\/schema.org","@graph":[{"@type":"Article","@id":"https:\/\/quehacerpolitico.mx\/?p=87286#article","isPartOf":{"@id":"https:\/\/quehacerpolitico.mx\/?p=87286"},"author":{"name":"Redacci\u00f3n QP","@id":"https:\/\/quehacerpolitico.mx\/#\/schema\/person\/496d8ad2d1d3f8036101dca7ee39e585"},"headline":"Max Verstappen alaba labor de Checo P\u00e9rez; &#8216;es un gran compa\u00f1ero&#8217;","datePublished":"2021-12-12T17:18:03+00:00","dateModified":"2021-12-12T17:18:06+00:00","mainEntityOfPage":{"@id":"https:\/\/quehacerpolitico.mx\/?p=87286"},"wordCount":274,"commentCount":0,"image":{"@id":"https:\/\/quehacerpolitico.mx\/?p=87286#primaryimage"},"thumbnailUrl":"https:\/\/quehacerpolitico.mx\/wp-content\/uploads\/2021\/12\/F75969FF-83CC-40F1-9AF7-DFA4AC1E132E.jpeg","articleSection":["Deportes"],"inLanguage":"es","potentialAction":[{"@type":"CommentAction","name":"Comment","target":["https:\/\/quehacerpolitico.mx\/?p=87286#respond"]}]},{"@type":"WebPage","@id":"https:\/\/quehacerpolitico.mx\/?p=87286","url":"https:\/\/quehacerpolitico.mx\/?p=87286","name":"Max Verstappen alaba labor de Checo P\u00e9rez; 'es un gran compa\u00f1ero' -","isPartOf":{"@id":"https:\/\/quehacerpolitico.mx\/#website"},"primaryImageOfPage":{"@id":"https:\/\/quehacerpolitico.mx\/?p=87286#primaryimage"},"image":{"@id":"https:\/\/quehacerpolitico.mx\/?p=87286#primaryimage"},"thumbnailUrl":"https:\/\/quehacerpolitico.mx\/wp-content\/uploads\/2021\/12\/F75969FF-83CC-40F1-9AF7-DFA4AC1E132E.jpeg","datePublished":"2021-12-12T17:18:03+00:00","dateModified":"2021-12-12T17:18:06+00:00","author":{"@id":"https:\/\/quehacerpolitico.mx\/#\/schema\/person\/496d8ad2d1d3f8036101dca7ee39e585"},"breadcrumb":{"@id":"https:\/\/quehacerpolitico.mx\/?p=87286#breadcrumb"},"inLanguage":"es","potentialAction":[{"@type":"ReadAction","target":["https:\/\/quehacerpolitico.mx\/?p=87286"]}]},{"@type":"ImageObject","inLanguage":"es","@id":"https:\/\/quehacerpolitico.mx\/?p=87286#primaryimage","url":"https:\/\/quehacerpolitico.mx\/wp-content\/uploads\/2021\/12\/F75969FF-83CC-40F1-9AF7-DFA4AC1E132E.jpeg","contentUrl":"https:\/\/quehacerpolitico.mx\/wp-content\/uploads\/2021\/12\/F75969FF-83CC-40F1-9AF7-DFA4AC1E132E.jpeg","width":739,"height":415},{"@type":"BreadcrumbList","@id":"https:\/\/quehacerpolitico.mx\/?p=87286#breadcrumb","itemListElement":[{"@type":"ListItem","position":1,"name":"Inicio","item":"https:\/\/quehacerpolitico.mx\/"},{"@type":"ListItem","position":2,"name":"Max Verstappen alaba labor de Checo P\u00e9rez; &#8216;es un gran compa\u00f1ero&#8217;"}]},{"@type":"WebSite","@id":"https:\/\/quehacerpolitico.mx\/#website","url":"https:\/\/quehacerpolitico.mx\/","name":"","description":"","potentialAction":[{"@type":"SearchAction","target":{"@type":"EntryPoint","urlTemplate":"https:\/\/quehacerpolitico.mx\/?s={search_term_string}"},"query-input":{"@type":"PropertyValueSpecification","valueRequired":true,"valueName":"search_term_string"}}],"inLanguage":"es"},{"@type":"Person","@id":"https:\/\/quehacerpolitico.mx\/#\/schema\/person\/496d8ad2d1d3f8036101dca7ee39e585","name":"Redacci\u00f3n QP","image":{"@type":"ImageObject","inLanguage":"es","@id":"https:\/\/secure.gravatar.com\/avatar\/c7164ed6fdec453195284ad24a5ae5b6e1eed2b848477fa2a4787ba9adf39a41?s=96&d=mm&r=g","url":"https:\/\/secure.gravatar.com\/avatar\/c7164ed6fdec453195284ad24a5ae5b6e1eed2b848477fa2a4787ba9adf39a41?s=96&d=mm&r=g","contentUrl":"https:\/\/secure.gravatar.com\/avatar\/c7164ed6fdec453195284ad24a5ae5b6e1eed2b848477fa2a4787ba9adf39a41?s=96&d=mm&r=g","caption":"Redacci\u00f3n QP"},"url":"https:\/\/quehacerpolitico.mx\/?author=2"}]}},"featured_image_urls":{"full":["https:\/\/quehacerpolitico.mx\/wp-content\/uploads\/2021\/12\/F75969FF-83CC-40F1-9AF7-DFA4AC1E132E.jpeg",739,415,false],"thumbnail":["https:\/\/quehacerpolitico.mx\/wp-content\/uploads\/2021\/12\/F75969FF-83CC-40F1-9AF7-DFA4AC1E132E-150x150.jpeg",150,150,true],"medium":["https:\/\/quehacerpolitico.mx\/wp-content\/uploads\/2021\/12\/F75969FF-83CC-40F1-9AF7-DFA4AC1E132E-300x168.jpeg",300,168,true],"medium_large":["https:\/\/quehacerpolitico.mx\/wp-content\/uploads\/2021\/12\/F75969FF-83CC-40F1-9AF7-DFA4AC1E132E.jpeg",640,359,false],"large":["https:\/\/quehacerpolitico.mx\/wp-content\/uploads\/2021\/12\/F75969FF-83CC-40F1-9AF7-DFA4AC1E132E.jpeg",640,359,false],"1536x1536":["https:\/\/quehacerpolitico.mx\/wp-content\/uploads\/2021\/12\/F75969FF-83CC-40F1-9AF7-DFA4AC1E132E.jpeg",739,415,false],"2048x2048":["https:\/\/quehacerpolitico.mx\/wp-content\/uploads\/2021\/12\/F75969FF-83CC-40F1-9AF7-DFA4AC1E132E.jpeg",739,415,false],"covernews-featured":["https:\/\/quehacerpolitico.mx\/wp-content\/uploads\/2021\/12\/F75969FF-83CC-40F1-9AF7-DFA4AC1E132E.jpeg",739,415,false],"covernews-medium":["https:\/\/quehacerpolitico.mx\/wp-content\/uploads\/2021\/12\/F75969FF-83CC-40F1-9AF7-DFA4AC1E132E.jpeg",540,303,false]},"author_info":{"display_name":"Redacci\u00f3n QP","author_link":"https:\/\/quehacerpolitico.mx\/?author=2"},"category_info":"<a href=\"https:\/\/quehacerpolitico.mx\/?cat=54\" rel=\"category\">Deportes<\/a>","tag_info":"Deportes","comment_count":"0","_links":{"self":[{"href":"https:\/\/quehacerpolitico.mx\/index.php?rest_route=\/wp\/v2\/posts\/87286","targetHints":{"allow":["GET"]}}],"collection":[{"href":"https:\/\/quehacerpolitico.mx\/index.php?rest_route=\/wp\/v2\/posts"}],"about":[{"href":"https:\/\/quehacerpolitico.mx\/index.php?rest_route=\/wp\/v2\/types\/post"}],"author":[{"embeddable":true,"href":"https:\/\/quehacerpolitico.mx\/index.php?rest_route=\/wp\/v2\/users\/2"}],"replies":[{"embeddable":true,"href":"https:\/\/quehacerpolitico.mx\/index.php?rest_route=%2Fwp%2Fv2%2Fcomments&post=87286"}],"version-history":[{"count":1,"href":"https:\/\/quehacerpolitico.mx\/index.php?rest_route=\/wp\/v2\/posts\/87286\/revisions"}],"predecessor-version":[{"id":87288,"href":"https:\/\/quehacerpolitico.mx\/index.php?rest_route=\/wp\/v2\/posts\/87286\/revisions\/87288"}],"wp:featuredmedia":[{"embeddable":true,"href":"https:\/\/quehacerpolitico.mx\/index.php?rest_route=\/wp\/v2\/media\/87287"}],"wp:attachment":[{"href":"https:\/\/quehacerpolitico.mx\/index.php?rest_route=%2Fwp%2Fv2%2Fmedia&parent=87286"}],"wp:term":[{"taxonomy":"category","embeddable":true,"href":"https:\/\/quehacerpolitico.mx\/index.php?rest_route=%2Fwp%2Fv2%2Fcategories&post=87286"},{"taxonomy":"post_tag","embeddable":true,"href":"https:\/\/quehacerpolitico.mx\/index.php?rest_route=%2Fwp%2Fv2%2Ftags&post=87286"}],"curies":[{"name":"wp","href":"https:\/\/api.w.org\/{rel}","templated":true}]}}