{"id":87262,"date":"2021-12-10T19:02:06","date_gmt":"2021-12-10T19:02:06","guid":{"rendered":"https:\/\/quehacerpolitico.mx\/?p=87262"},"modified":"2021-12-10T19:02:08","modified_gmt":"2021-12-10T19:02:08","slug":"trabajadores-de-starbucks-formaran-el-primer-sindicato-de-la-cadena-en-eu","status":"publish","type":"post","link":"https:\/\/quehacerpolitico.mx\/?p=87262","title":{"rendered":"Trabajadores de Starbucks formar\u00e1n el primer sindicato de la cadena en EU"},"content":{"rendered":"\n<p>Por Redacci\u00f3n QP<\/p>\n\n\n\n<p>La cadena de cafeter\u00edas advierte que si m\u00e1s empleados se unen a sindicatos, sus\u00a0costos laborales podr\u00edan aumentar<\/p>\n\n\n\n<p>Los trabajadores de&nbsp;<strong>dos cafeter\u00edas de Starbucks<\/strong>en el estado de Nueva York se fundieron este jueves en un abrazo al conocer el resultado favorable de la votaci\u00f3n para&nbsp;<strong>constituir el primer sindicato en Estados Unidos<\/strong>&nbsp;de la cadena.<\/p>\n\n\n\n<p>Un total de tres cafeter\u00edas hab\u00edan solicitado por separado constituir sendos sindicatos, pero solo dos, una ubicada en la avenida Elmwood, de la ciudad de B\u00fafalo, y otra en la cercana localidad de Hamburg, lograron su objetivo, aunque los resultados tienen que ser\u00a0<strong>todav\u00eda confirmado<\/strong>s ante la existencia de varias papeletas que han sido rechazadas por las partes.<\/p>\n\n\n\n<p>Starbucks tiene 245 mil empleados en sus 9 mil tiendas en \u00a0Estados Unidos.<\/p>\n\n\n\n<p>Tras dos horas de tensi\u00f3n e incertidumbre por el c\u00f3mputo de votos, realizado en directo y v\u00eda telem\u00e1tica por la Junta Nacional de Relaciones Laborales (NLRB), un organismo estatal que convoc\u00f3 una votaci\u00f3n por correo tras aceptar la solicitud de tres cafeter\u00edas de asociarse bajo el paraguas del sindicato SEIU.<\/p>\n\n\n\n<p>Jaz Brisack, una de las organizadoras, dijo que ha estado tan enfocada &#8220;en asegurarse de que las tiendas se mantuvieran unidas&#8221; ante los ataques antisindicalistas de la empresa, que a\u00fan no puede creer que lo hayan conseguido.<\/p>\n\n\n\n<p>&#8220;Esperamos que, despu\u00e9s de esto, Starbucks deje su campa\u00f1a de acoso a los sindicatos, pase p\u00e1gina y se siente a la mesa de las negociaciones y podamos crear un contrato del que tanto nosotros como Starbucks podamos estar orgullosos&#8221;, cont\u00f3.<\/p>\n\n\n\n<p>Michelle Eisen, que lleva 11 a\u00f1os trabajando para Starbucks, destac\u00f3 que este logro &#8220;en un sentido m\u00e1s amplio, se produce despu\u00e9s de varios a\u00f1os trabajando con la empresa que era una de las mejores empresas del pa\u00eds para trabajar pero donde las condiciones laborales han empeorado mucho en los \u00faltimos cinco a\u00f1os&#8221;.<\/p>\n\n\n\n<h2 class=\"wp-block-heading\">Starbucks expresa rechazo<\/h2>\n\n\n\n<p>Como se esperaba, Starbucks no ha disimulado su disgusto por los resultados, y en un comunicado ha amenazado contra los&nbsp;<strong>presuntos efectos negativos<\/strong>&nbsp;sobre la empresa si este movimiento se generaliza dentro de la corporaci\u00f3n.<\/p>\n\n\n\n<p>&#8220;Si una parte significativa de nuestros empleados se sindicalizara, nuestros costos laborales podr\u00edan aumentar y nuestro negocio podr\u00eda verse afectado negativamente por otros requisitos y expectativas que podr\u00edan aumentar nuestros costos, cambiar la cultura de nuestros empleados, disminuir nuestra flexibilidad e interrumpir nuestro negocio&#8221;, dijo.<\/p>\n\n\n\n<p>Adem\u00e1s agreg\u00f3 que estos esfuerzos de organizaci\u00f3n sindical &#8220;podr\u00edan tener un impacto negativo en c\u00f3mo se percibe nuestra marca y tener efectos adversos en nuestro negocio, incluidos nuestros resultados financieros&#8221;.<\/p>\n\n\n\n<p>Frente a los tit\u00e1nicos esfuerzos de Starbucks por abortar la votaci\u00f3n, que incluy\u00f3 el env\u00edo de decenas de responsables a Bufalo desde que en verano los trabajadores presentaron la solicitud de constituirse en sindicato, la izquierda dem\u00f3crata ha tomado partido por los trabajadores.<\/p>\n\n\n\n<p>Uno de los \u00faltimos en hacerlo fue el excandidato presidencial Bernie Sanders, que el lunes celebr\u00f3 una reuni\u00f3n virtual con varios empleados en la que subray\u00f3 que &#8220;los trabajadores j\u00f3venes est\u00e1n contraatacando contra una econom\u00eda que solo funciona para los ricos&#8221;.<\/p>\n\n\n\n<p>Asimismo, la tambi\u00e9n senadora y excandidata a la presidencia, Kirsten Gillibrand, o la joven congresista Alexandria Ocasio-Cort\u00e9s, conocida por sus ideas progresistas, viajaron en persona a B\u00fafalo para reunirse con los trabajadores de los caf\u00e9s d\u00edscolos para mostrarles su apoyo y expresarles su solidaridad.<\/p>\n\n\n\n<p>Con Informaci\u00f3n de EFE<\/p>\n","protected":false},"excerpt":{"rendered":"<p>Por Redacci\u00f3n QP La cadena de cafeter\u00edas advierte que si m\u00e1s empleados se unen a&#8230;<\/p>\n","protected":false},"author":2,"featured_media":87263,"comment_status":"open","ping_status":"open","sticky":false,"template":"","format":"standard","meta":{"_monsterinsights_skip_tracking":false,"_monsterinsights_sitenote_active":false,"_monsterinsights_sitenote_note":"","_monsterinsights_sitenote_category":0,"footnotes":""},"categories":[56],"tags":[],"class_list":["post-87262","post","type-post","status-publish","format-standard","has-post-thumbnail","hentry","category-economia"],"yoast_head":"<!-- This site is optimized with the Yoast SEO plugin v27.3 - https:\/\/yoast.com\/product\/yoast-seo-wordpress\/ -->\n<title>Trabajadores de Starbucks formar\u00e1n el primer sindicato de la cadena en EU -<\/title>\n<meta name=\"robots\" content=\"index, follow, max-snippet:-1, max-image-preview:large, max-video-preview:-1\" \/>\n<link rel=\"canonical\" href=\"https:\/\/quehacerpolitico.mx\/?p=87262\" \/>\n<meta property=\"og:locale\" content=\"es_MX\" \/>\n<meta property=\"og:type\" content=\"article\" \/>\n<meta property=\"og:title\" content=\"Trabajadores de Starbucks formar\u00e1n el primer sindicato de la cadena en EU -\" \/>\n<meta property=\"og:description\" content=\"Por Redacci\u00f3n QP La cadena de cafeter\u00edas advierte que si m\u00e1s empleados se unen a...\" \/>\n<meta property=\"og:url\" content=\"https:\/\/quehacerpolitico.mx\/?p=87262\" \/>\n<meta property=\"article:published_time\" content=\"2021-12-10T19:02:06+00:00\" \/>\n<meta property=\"article:modified_time\" content=\"2021-12-10T19:02:08+00:00\" \/>\n<meta property=\"og:image\" content=\"https:\/\/quehacerpolitico.mx\/wp-content\/uploads\/2021\/12\/1C882F8D-F2F5-48B7-8E63-34EF5190FC90.jpeg\" \/>\n\t<meta property=\"og:image:width\" content=\"640\" \/>\n\t<meta property=\"og:image:height\" content=\"480\" \/>\n\t<meta property=\"og:image:type\" content=\"image\/jpeg\" \/>\n<meta name=\"author\" content=\"Redacci\u00f3n QP\" \/>\n<meta name=\"twitter:card\" content=\"summary_large_image\" \/>\n<meta name=\"twitter:label1\" content=\"Escrito por\" \/>\n\t<meta name=\"twitter:data1\" content=\"Redacci\u00f3n QP\" \/>\n\t<meta name=\"twitter:label2\" content=\"Tiempo de lectura\" \/>\n\t<meta name=\"twitter:data2\" content=\"3 minutos\" \/>\n<script type=\"application\/ld+json\" class=\"yoast-schema-graph\">{\"@context\":\"https:\\\/\\\/schema.org\",\"@graph\":[{\"@type\":\"Article\",\"@id\":\"https:\\\/\\\/quehacerpolitico.mx\\\/?p=87262#article\",\"isPartOf\":{\"@id\":\"https:\\\/\\\/quehacerpolitico.mx\\\/?p=87262\"},\"author\":{\"name\":\"Redacci\u00f3n QP\",\"@id\":\"https:\\\/\\\/quehacerpolitico.mx\\\/#\\\/schema\\\/person\\\/496d8ad2d1d3f8036101dca7ee39e585\"},\"headline\":\"Trabajadores de Starbucks formar\u00e1n el primer sindicato de la cadena en EU\",\"datePublished\":\"2021-12-10T19:02:06+00:00\",\"dateModified\":\"2021-12-10T19:02:08+00:00\",\"mainEntityOfPage\":{\"@id\":\"https:\\\/\\\/quehacerpolitico.mx\\\/?p=87262\"},\"wordCount\":617,\"commentCount\":0,\"image\":{\"@id\":\"https:\\\/\\\/quehacerpolitico.mx\\\/?p=87262#primaryimage\"},\"thumbnailUrl\":\"https:\\\/\\\/quehacerpolitico.mx\\\/wp-content\\\/uploads\\\/2021\\\/12\\\/1C882F8D-F2F5-48B7-8E63-34EF5190FC90.jpeg\",\"articleSection\":[\"Econom\u00eda\"],\"inLanguage\":\"es\",\"potentialAction\":[{\"@type\":\"CommentAction\",\"name\":\"Comment\",\"target\":[\"https:\\\/\\\/quehacerpolitico.mx\\\/?p=87262#respond\"]}]},{\"@type\":\"WebPage\",\"@id\":\"https:\\\/\\\/quehacerpolitico.mx\\\/?p=87262\",\"url\":\"https:\\\/\\\/quehacerpolitico.mx\\\/?p=87262\",\"name\":\"Trabajadores de Starbucks formar\u00e1n el primer sindicato de la cadena en EU -\",\"isPartOf\":{\"@id\":\"https:\\\/\\\/quehacerpolitico.mx\\\/#website\"},\"primaryImageOfPage\":{\"@id\":\"https:\\\/\\\/quehacerpolitico.mx\\\/?p=87262#primaryimage\"},\"image\":{\"@id\":\"https:\\\/\\\/quehacerpolitico.mx\\\/?p=87262#primaryimage\"},\"thumbnailUrl\":\"https:\\\/\\\/quehacerpolitico.mx\\\/wp-content\\\/uploads\\\/2021\\\/12\\\/1C882F8D-F2F5-48B7-8E63-34EF5190FC90.jpeg\",\"datePublished\":\"2021-12-10T19:02:06+00:00\",\"dateModified\":\"2021-12-10T19:02:08+00:00\",\"author\":{\"@id\":\"https:\\\/\\\/quehacerpolitico.mx\\\/#\\\/schema\\\/person\\\/496d8ad2d1d3f8036101dca7ee39e585\"},\"breadcrumb\":{\"@id\":\"https:\\\/\\\/quehacerpolitico.mx\\\/?p=87262#breadcrumb\"},\"inLanguage\":\"es\",\"potentialAction\":[{\"@type\":\"ReadAction\",\"target\":[\"https:\\\/\\\/quehacerpolitico.mx\\\/?p=87262\"]}]},{\"@type\":\"ImageObject\",\"inLanguage\":\"es\",\"@id\":\"https:\\\/\\\/quehacerpolitico.mx\\\/?p=87262#primaryimage\",\"url\":\"https:\\\/\\\/quehacerpolitico.mx\\\/wp-content\\\/uploads\\\/2021\\\/12\\\/1C882F8D-F2F5-48B7-8E63-34EF5190FC90.jpeg\",\"contentUrl\":\"https:\\\/\\\/quehacerpolitico.mx\\\/wp-content\\\/uploads\\\/2021\\\/12\\\/1C882F8D-F2F5-48B7-8E63-34EF5190FC90.jpeg\",\"width\":640,\"height\":480},{\"@type\":\"BreadcrumbList\",\"@id\":\"https:\\\/\\\/quehacerpolitico.mx\\\/?p=87262#breadcrumb\",\"itemListElement\":[{\"@type\":\"ListItem\",\"position\":1,\"name\":\"Inicio\",\"item\":\"https:\\\/\\\/quehacerpolitico.mx\\\/\"},{\"@type\":\"ListItem\",\"position\":2,\"name\":\"Trabajadores de Starbucks formar\u00e1n el primer sindicato de la cadena en EU\"}]},{\"@type\":\"WebSite\",\"@id\":\"https:\\\/\\\/quehacerpolitico.mx\\\/#website\",\"url\":\"https:\\\/\\\/quehacerpolitico.mx\\\/\",\"name\":\"\",\"description\":\"\",\"potentialAction\":[{\"@type\":\"SearchAction\",\"target\":{\"@type\":\"EntryPoint\",\"urlTemplate\":\"https:\\\/\\\/quehacerpolitico.mx\\\/?s={search_term_string}\"},\"query-input\":{\"@type\":\"PropertyValueSpecification\",\"valueRequired\":true,\"valueName\":\"search_term_string\"}}],\"inLanguage\":\"es\"},{\"@type\":\"Person\",\"@id\":\"https:\\\/\\\/quehacerpolitico.mx\\\/#\\\/schema\\\/person\\\/496d8ad2d1d3f8036101dca7ee39e585\",\"name\":\"Redacci\u00f3n QP\",\"image\":{\"@type\":\"ImageObject\",\"inLanguage\":\"es\",\"@id\":\"https:\\\/\\\/secure.gravatar.com\\\/avatar\\\/c7164ed6fdec453195284ad24a5ae5b6e1eed2b848477fa2a4787ba9adf39a41?s=96&d=mm&r=g\",\"url\":\"https:\\\/\\\/secure.gravatar.com\\\/avatar\\\/c7164ed6fdec453195284ad24a5ae5b6e1eed2b848477fa2a4787ba9adf39a41?s=96&d=mm&r=g\",\"contentUrl\":\"https:\\\/\\\/secure.gravatar.com\\\/avatar\\\/c7164ed6fdec453195284ad24a5ae5b6e1eed2b848477fa2a4787ba9adf39a41?s=96&d=mm&r=g\",\"caption\":\"Redacci\u00f3n QP\"},\"url\":\"https:\\\/\\\/quehacerpolitico.mx\\\/?author=2\"}]}<\/script>\n<!-- \/ Yoast SEO plugin. -->","yoast_head_json":{"title":"Trabajadores de Starbucks formar\u00e1n el primer sindicato de la cadena en EU -","robots":{"index":"index","follow":"follow","max-snippet":"max-snippet:-1","max-image-preview":"max-image-preview:large","max-video-preview":"max-video-preview:-1"},"canonical":"https:\/\/quehacerpolitico.mx\/?p=87262","og_locale":"es_MX","og_type":"article","og_title":"Trabajadores de Starbucks formar\u00e1n el primer sindicato de la cadena en EU -","og_description":"Por Redacci\u00f3n QP La cadena de cafeter\u00edas advierte que si m\u00e1s empleados se unen a...","og_url":"https:\/\/quehacerpolitico.mx\/?p=87262","article_published_time":"2021-12-10T19:02:06+00:00","article_modified_time":"2021-12-10T19:02:08+00:00","og_image":[{"width":640,"height":480,"url":"https:\/\/quehacerpolitico.mx\/wp-content\/uploads\/2021\/12\/1C882F8D-F2F5-48B7-8E63-34EF5190FC90.jpeg","type":"image\/jpeg"}],"author":"Redacci\u00f3n QP","twitter_card":"summary_large_image","twitter_misc":{"Escrito por":"Redacci\u00f3n QP","Tiempo de lectura":"3 minutos"},"schema":{"@context":"https:\/\/schema.org","@graph":[{"@type":"Article","@id":"https:\/\/quehacerpolitico.mx\/?p=87262#article","isPartOf":{"@id":"https:\/\/quehacerpolitico.mx\/?p=87262"},"author":{"name":"Redacci\u00f3n QP","@id":"https:\/\/quehacerpolitico.mx\/#\/schema\/person\/496d8ad2d1d3f8036101dca7ee39e585"},"headline":"Trabajadores de Starbucks formar\u00e1n el primer sindicato de la cadena en EU","datePublished":"2021-12-10T19:02:06+00:00","dateModified":"2021-12-10T19:02:08+00:00","mainEntityOfPage":{"@id":"https:\/\/quehacerpolitico.mx\/?p=87262"},"wordCount":617,"commentCount":0,"image":{"@id":"https:\/\/quehacerpolitico.mx\/?p=87262#primaryimage"},"thumbnailUrl":"https:\/\/quehacerpolitico.mx\/wp-content\/uploads\/2021\/12\/1C882F8D-F2F5-48B7-8E63-34EF5190FC90.jpeg","articleSection":["Econom\u00eda"],"inLanguage":"es","potentialAction":[{"@type":"CommentAction","name":"Comment","target":["https:\/\/quehacerpolitico.mx\/?p=87262#respond"]}]},{"@type":"WebPage","@id":"https:\/\/quehacerpolitico.mx\/?p=87262","url":"https:\/\/quehacerpolitico.mx\/?p=87262","name":"Trabajadores de Starbucks formar\u00e1n el primer sindicato de la cadena en EU -","isPartOf":{"@id":"https:\/\/quehacerpolitico.mx\/#website"},"primaryImageOfPage":{"@id":"https:\/\/quehacerpolitico.mx\/?p=87262#primaryimage"},"image":{"@id":"https:\/\/quehacerpolitico.mx\/?p=87262#primaryimage"},"thumbnailUrl":"https:\/\/quehacerpolitico.mx\/wp-content\/uploads\/2021\/12\/1C882F8D-F2F5-48B7-8E63-34EF5190FC90.jpeg","datePublished":"2021-12-10T19:02:06+00:00","dateModified":"2021-12-10T19:02:08+00:00","author":{"@id":"https:\/\/quehacerpolitico.mx\/#\/schema\/person\/496d8ad2d1d3f8036101dca7ee39e585"},"breadcrumb":{"@id":"https:\/\/quehacerpolitico.mx\/?p=87262#breadcrumb"},"inLanguage":"es","potentialAction":[{"@type":"ReadAction","target":["https:\/\/quehacerpolitico.mx\/?p=87262"]}]},{"@type":"ImageObject","inLanguage":"es","@id":"https:\/\/quehacerpolitico.mx\/?p=87262#primaryimage","url":"https:\/\/quehacerpolitico.mx\/wp-content\/uploads\/2021\/12\/1C882F8D-F2F5-48B7-8E63-34EF5190FC90.jpeg","contentUrl":"https:\/\/quehacerpolitico.mx\/wp-content\/uploads\/2021\/12\/1C882F8D-F2F5-48B7-8E63-34EF5190FC90.jpeg","width":640,"height":480},{"@type":"BreadcrumbList","@id":"https:\/\/quehacerpolitico.mx\/?p=87262#breadcrumb","itemListElement":[{"@type":"ListItem","position":1,"name":"Inicio","item":"https:\/\/quehacerpolitico.mx\/"},{"@type":"ListItem","position":2,"name":"Trabajadores de Starbucks formar\u00e1n el primer sindicato de la cadena en EU"}]},{"@type":"WebSite","@id":"https:\/\/quehacerpolitico.mx\/#website","url":"https:\/\/quehacerpolitico.mx\/","name":"","description":"","potentialAction":[{"@type":"SearchAction","target":{"@type":"EntryPoint","urlTemplate":"https:\/\/quehacerpolitico.mx\/?s={search_term_string}"},"query-input":{"@type":"PropertyValueSpecification","valueRequired":true,"valueName":"search_term_string"}}],"inLanguage":"es"},{"@type":"Person","@id":"https:\/\/quehacerpolitico.mx\/#\/schema\/person\/496d8ad2d1d3f8036101dca7ee39e585","name":"Redacci\u00f3n QP","image":{"@type":"ImageObject","inLanguage":"es","@id":"https:\/\/secure.gravatar.com\/avatar\/c7164ed6fdec453195284ad24a5ae5b6e1eed2b848477fa2a4787ba9adf39a41?s=96&d=mm&r=g","url":"https:\/\/secure.gravatar.com\/avatar\/c7164ed6fdec453195284ad24a5ae5b6e1eed2b848477fa2a4787ba9adf39a41?s=96&d=mm&r=g","contentUrl":"https:\/\/secure.gravatar.com\/avatar\/c7164ed6fdec453195284ad24a5ae5b6e1eed2b848477fa2a4787ba9adf39a41?s=96&d=mm&r=g","caption":"Redacci\u00f3n QP"},"url":"https:\/\/quehacerpolitico.mx\/?author=2"}]}},"featured_image_urls":{"full":["https:\/\/quehacerpolitico.mx\/wp-content\/uploads\/2021\/12\/1C882F8D-F2F5-48B7-8E63-34EF5190FC90.jpeg",640,480,false],"thumbnail":["https:\/\/quehacerpolitico.mx\/wp-content\/uploads\/2021\/12\/1C882F8D-F2F5-48B7-8E63-34EF5190FC90-150x150.jpeg",150,150,true],"medium":["https:\/\/quehacerpolitico.mx\/wp-content\/uploads\/2021\/12\/1C882F8D-F2F5-48B7-8E63-34EF5190FC90-300x225.jpeg",300,225,true],"medium_large":["https:\/\/quehacerpolitico.mx\/wp-content\/uploads\/2021\/12\/1C882F8D-F2F5-48B7-8E63-34EF5190FC90.jpeg",640,480,false],"large":["https:\/\/quehacerpolitico.mx\/wp-content\/uploads\/2021\/12\/1C882F8D-F2F5-48B7-8E63-34EF5190FC90.jpeg",640,480,false],"1536x1536":["https:\/\/quehacerpolitico.mx\/wp-content\/uploads\/2021\/12\/1C882F8D-F2F5-48B7-8E63-34EF5190FC90.jpeg",640,480,false],"2048x2048":["https:\/\/quehacerpolitico.mx\/wp-content\/uploads\/2021\/12\/1C882F8D-F2F5-48B7-8E63-34EF5190FC90.jpeg",640,480,false],"covernews-featured":["https:\/\/quehacerpolitico.mx\/wp-content\/uploads\/2021\/12\/1C882F8D-F2F5-48B7-8E63-34EF5190FC90.jpeg",640,480,false],"covernews-medium":["https:\/\/quehacerpolitico.mx\/wp-content\/uploads\/2021\/12\/1C882F8D-F2F5-48B7-8E63-34EF5190FC90.jpeg",453,340,false]},"author_info":{"display_name":"Redacci\u00f3n QP","author_link":"https:\/\/quehacerpolitico.mx\/?author=2"},"category_info":"<a href=\"https:\/\/quehacerpolitico.mx\/?cat=56\" rel=\"category\">Econom\u00eda<\/a>","tag_info":"Econom\u00eda","comment_count":"0","_links":{"self":[{"href":"https:\/\/quehacerpolitico.mx\/index.php?rest_route=\/wp\/v2\/posts\/87262","targetHints":{"allow":["GET"]}}],"collection":[{"href":"https:\/\/quehacerpolitico.mx\/index.php?rest_route=\/wp\/v2\/posts"}],"about":[{"href":"https:\/\/quehacerpolitico.mx\/index.php?rest_route=\/wp\/v2\/types\/post"}],"author":[{"embeddable":true,"href":"https:\/\/quehacerpolitico.mx\/index.php?rest_route=\/wp\/v2\/users\/2"}],"replies":[{"embeddable":true,"href":"https:\/\/quehacerpolitico.mx\/index.php?rest_route=%2Fwp%2Fv2%2Fcomments&post=87262"}],"version-history":[{"count":1,"href":"https:\/\/quehacerpolitico.mx\/index.php?rest_route=\/wp\/v2\/posts\/87262\/revisions"}],"predecessor-version":[{"id":87264,"href":"https:\/\/quehacerpolitico.mx\/index.php?rest_route=\/wp\/v2\/posts\/87262\/revisions\/87264"}],"wp:featuredmedia":[{"embeddable":true,"href":"https:\/\/quehacerpolitico.mx\/index.php?rest_route=\/wp\/v2\/media\/87263"}],"wp:attachment":[{"href":"https:\/\/quehacerpolitico.mx\/index.php?rest_route=%2Fwp%2Fv2%2Fmedia&parent=87262"}],"wp:term":[{"taxonomy":"category","embeddable":true,"href":"https:\/\/quehacerpolitico.mx\/index.php?rest_route=%2Fwp%2Fv2%2Fcategories&post=87262"},{"taxonomy":"post_tag","embeddable":true,"href":"https:\/\/quehacerpolitico.mx\/index.php?rest_route=%2Fwp%2Fv2%2Ftags&post=87262"}],"curies":[{"name":"wp","href":"https:\/\/api.w.org\/{rel}","templated":true}]}}