{"id":87259,"date":"2021-12-10T18:41:54","date_gmt":"2021-12-10T18:41:54","guid":{"rendered":"https:\/\/quehacerpolitico.mx\/?p=87259"},"modified":"2021-12-10T18:41:57","modified_gmt":"2021-12-10T18:41:57","slug":"dali-y-rodin-aparecen-al-aire-libre-para-convivir-con-los-mexicanos","status":"publish","type":"post","link":"https:\/\/quehacerpolitico.mx\/?p=87259","title":{"rendered":"Dal\u00ed y Rodin aparecen al aire libre para convivir con los mexicanos"},"content":{"rendered":"\n<p>Por Redacci\u00f3n QP<\/p>\n\n\n\n<p>El museo Soumaya presenta &#8220;Rodin Dal\u00ed&#8221;, exposici\u00f3n al aire libre que busca\u00a0reactivar la ocupaci\u00f3n responsable de los espacios p\u00fablicos<\/p>\n\n\n\n<p>Por primera vez la obra pl\u00e1stica del\u00a0<strong>artista espa\u00f1ol Salvador Dal\u00ed<\/strong>\u00a0y el\u00a0<strong>escultor franc\u00e9s Auguste Rodin\u00a0<\/strong>salen del museo Soumaya para convivir al aire libre en el coraz\u00f3n de la Ciudad de M\u00e9xico con la exposici\u00f3n<strong>\u00a0&#8220;Rodin Dal\u00ed&#8221;<\/strong>.<\/p>\n\n\n\n<figure class=\"wp-block-image\"><img decoding=\"async\" src=\"https:\/\/www.informador.mx\/__export\/1639011595454\/sites\/elinformador\/img\/2021\/12\/08\/dalx_y_rodin_salen_del_x5926636x_1_crop1639011593454.jpg_1970638775.jpg\" alt=\"\" title=\"\"\/><figcaption>&#8220;Cabeza colosal de Pierre de Wiessant&#8221; sale del museo Soumaya. EFE\/J. M\u00e9ndez<\/figcaption><\/figure>\n\n\n\n<figure class=\"wp-block-image\"><img decoding=\"async\" src=\"https:\/\/www.informador.mx\/__export\/1639011662668\/sites\/elinformador\/img\/2021\/12\/08\/dalx_y_rodin_salen_del_x5926631x_crop1639011660530.jpg_1970638775.jpg\" alt=\"\" title=\"\"\/><figcaption>&#8220;Gabinete antropom\u00f3rfico&#8221; sale del museo Soumaya. EFE\/J. M\u00e9ndez<\/figcaption><\/figure>\n\n\n\n<figure class=\"wp-block-image\"><img decoding=\"async\" src=\"https:\/\/www.informador.mx\/__export\/1639011726298\/sites\/elinformador\/img\/2021\/12\/08\/dalx_y_rodin_salen_del_x5926600x_crop1639011723875.jpg_1970638775.jpg\" alt=\"\" title=\"\"\/><figcaption>&#8220;Mujer con cabezas de rosas&#8221; sale del museo Soumaya. EFE\/J. M\u00e9ndez<\/figcaption><\/figure>\n\n\n\n<figure class=\"wp-block-image\"><img decoding=\"async\" src=\"https:\/\/www.informador.mx\/__export\/1639011783400\/sites\/elinformador\/img\/2021\/12\/08\/dalx_y_rodin_salen_del_x5926587x_crop1639011781314.jpg_1970638775.jpg\" alt=\"\" title=\"\"\/><figcaption>&#8220;Cristo de San Juan de la Cruz&#8221; sale del museo Soumaya. EFE\/J. M\u00e9ndez<\/figcaption><\/figure>\n\n\n\n<figure class=\"wp-block-image\"><img decoding=\"async\" src=\"https:\/\/www.informador.mx\/__export\/1639011862875\/sites\/elinformador\/img\/2021\/12\/08\/dalx_y_rodin_salen_del_x5926533x_crop1639011861030.jpg_1970638775.jpg\" alt=\"\" title=\"\"\/><figcaption>&#8220;Andrieu d&#8217;Andres, monumental&#8221; sale del museo Soumaya. EFE\/J. M\u00e9ndez<\/figcaption><\/figure>\n\n\n\n<p>&#8220;La idea viene de&nbsp;<strong>reactivar la ocupaci\u00f3n responsable de los espacios p\u00fablicos<\/strong>, entonces dos artistas se\u00f1eros de la colecci\u00f3n Soumaya salen por primera vez juntos a pasear por el Centro Hist\u00f3rico de la Ciudad de M\u00e9xico&#8221;, coment\u00f3 el director general del museo Soumaya, Alfonso Miranda.<\/p>\n\n\n\n<p>Entre la modernidad del llamado padre de la escultura moderna, Rodin, y las rupturas vanguardistas que propone el surrealismo daliniano, las obras exploran la\u00a0<strong>condici\u00f3n humana<\/strong>con esculturas que invitan a la<strong>\u00a0introspecci\u00f3n del ser<\/strong>.<\/p>\n\n\n\n<p>&#8220;Son siete binomios que nos van a permitir este&nbsp;<strong>di\u00e1logo entre lo invisible y lo intangible<\/strong>. Las esculturas a partir de su gesto, su fragmento y su posici\u00f3n, van a evocar cosas que no se ven pero que est\u00e1n ah\u00ed como la fe, los sue\u00f1os, que son los veh\u00edculos para conocer el interior de nosotros mismos&#8221;, asegur\u00f3 en conferencia de prensa Laura Gonz\u00e1lez Eguiarte, curadora de la exhibici\u00f3n, que se lleva a cabo en el emblem\u00e1tico Atrio de San Francisco.<\/p>\n\n\n\n<p>Entre las piezas in\u00e9ditas de la exposici\u00f3n se encuentra la\u00a0<strong>&#8220;Mujer con cabeza de rosas&#8221;<\/strong>, de Dal\u00ed, una escultura surrealista de un cuerpo fragmentado que alude a la resurrecci\u00f3n y la contradicci\u00f3n del sistema capitalista.<\/p>\n\n\n\n<p>Asimismo, se encuentra presente&nbsp;<strong>&#8220;Perfil del tiempo&#8221;,<\/strong>&nbsp;tambi\u00e9n del espa\u00f1ol, uno de sus famosos relojes derretidos que al marcar las 18.00 horas alude a la ambig\u00fcedad del mundo.<\/p>\n\n\n\n<p>Por su parte, la<strong>\u00a0&#8220;Cabeza colosal&#8221;<\/strong>\u00a0y\u00a0<strong>&#8220;La eterna primavera&#8221;\u00a0<\/strong>de Rodin exploran los gestos y las corporalidades que aluden a cuestionamientos m\u00e1s \u00edntimos del ser humano.<\/p>\n\n\n\n<p>&#8220;La mayor\u00eda de las esculturas de Salvador Dal\u00ed iniciaron en la pintura y despu\u00e9s alcanzaron el modelado en una \u00e9poca de maduraci\u00f3n de su producci\u00f3n art\u00edstica. En cambio Rodin siempre trabaj\u00f3 el volumen a partir del gesto y es precisamente el gesto el movimiento un hilo conductor a trav\u00e9s de las 15 obras&#8221;, a\u00f1adi\u00f3.<\/p>\n\n\n\n<p>Sobre el espacio en el que se lleva a cabo la exposici\u00f3n gratuita, que se puede visitar todos los d\u00edas de la semana, Miranda asegur\u00f3 que&nbsp;<strong>el proyecto convive con la realidad mexicana<\/strong>&nbsp;que genera &#8220;otra forma de percibir el museo&#8221;.<\/p>\n\n\n\n<p>&#8220;El antiguo atrio del Templo de San Francisco fue un espacio fundacional de M\u00e9xico, el primer conjunto conventual de la realidad novohispana y estamos junto a la Torre Latinoamericana en frente de la Casa de los Azulejos, escuchas la m\u00fasica del organillero y expresiones de toda la comunidad&#8221;, menciona.<\/p>\n\n\n\n<figure class=\"wp-block-embed is-type-rich is-provider-twitter wp-block-embed-twitter\"><div class=\"wp-block-embed__wrapper\">\n<blockquote class=\"twitter-tweet\" data-width=\"550\" data-dnt=\"true\"><p lang=\"es\" dir=\"ltr\">Encontrar\u00e1s obras como \u201cLa Edad de Bronce\u201d de Auguste <a href=\"https:\/\/twitter.com\/hashtag\/Rodin?src=hash&amp;ref_src=twsrc%5Etfw\">#Rodin<\/a> o \u201cPerfil del tiempo\u201d de Salvador <a href=\"https:\/\/twitter.com\/hashtag\/Dal%C3%AD?src=hash&amp;ref_src=twsrc%5Etfw\">#Dal\u00ed<\/a>.<br><br>Comp\u00e1rtenos tus fotos con la etiqueta <a href=\"https:\/\/twitter.com\/hashtag\/EsTiempoDeSo%C3%B1ar?src=hash&amp;ref_src=twsrc%5Etfw\">#EsTiempoDeSo\u00f1ar<\/a> y cu\u00e9ntanos, \u00bfcu\u00e1l es tu escultura favorita?<\/p>&mdash; Museo Soumaya (@ElMuseoSoumaya) <a href=\"https:\/\/twitter.com\/ElMuseoSoumaya\/status\/1468587008582983683?ref_src=twsrc%5Etfw\">December 8, 2021<\/a><\/blockquote><script async src=\"https:\/\/platform.twitter.com\/widgets.js\" charset=\"utf-8\"><\/script>\n<\/div><\/figure>\n\n\n\n<p>La exposici\u00f3n &#8220;Rodin Dal\u00ed&#8221;, se suma a las celebraciones que llevan a cabo todas las sedes del museo Soumaya en su<strong>&nbsp;27 aniversario&nbsp;<\/strong>que se conmemor\u00f3 este mi\u00e9rcoles 8 de diciembre.<\/p>\n\n\n\n<p>La exposici\u00f3n, que incluso se podr\u00e1 visitar en todos los pr\u00f3ximos d\u00edas festivos, tambi\u00e9n cuenta con realidad aumentada a la que se podr\u00e1 acceder por medio de la plataforma Infinitum.<\/p>\n\n\n\n<p>Con Informaci\u00f3n de EFE<\/p>\n","protected":false},"excerpt":{"rendered":"<p>Por Redacci\u00f3n QP El museo Soumaya presenta &#8220;Rodin Dal\u00ed&#8221;, exposici\u00f3n al aire libre que busca\u00a0reactivar&#8230;<\/p>\n","protected":false},"author":2,"featured_media":87260,"comment_status":"open","ping_status":"open","sticky":false,"template":"","format":"standard","meta":{"_monsterinsights_skip_tracking":false,"_monsterinsights_sitenote_active":false,"_monsterinsights_sitenote_note":"","_monsterinsights_sitenote_category":0,"footnotes":""},"categories":[58],"tags":[],"class_list":["post-87259","post","type-post","status-publish","format-standard","has-post-thumbnail","hentry","category-cultura"],"yoast_head":"<!-- This site is optimized with the Yoast SEO plugin v27.3 - https:\/\/yoast.com\/product\/yoast-seo-wordpress\/ -->\n<title>Dal\u00ed y Rodin aparecen al aire libre para convivir con los mexicanos -<\/title>\n<meta name=\"robots\" content=\"index, follow, max-snippet:-1, max-image-preview:large, max-video-preview:-1\" \/>\n<link rel=\"canonical\" href=\"https:\/\/quehacerpolitico.mx\/?p=87259\" \/>\n<meta property=\"og:locale\" content=\"es_MX\" \/>\n<meta property=\"og:type\" content=\"article\" \/>\n<meta property=\"og:title\" content=\"Dal\u00ed y Rodin aparecen al aire libre para convivir con los mexicanos -\" \/>\n<meta property=\"og:description\" content=\"Por Redacci\u00f3n QP El museo Soumaya presenta &#8220;Rodin Dal\u00ed&#8221;, exposici\u00f3n al aire libre que busca\u00a0reactivar...\" \/>\n<meta property=\"og:url\" content=\"https:\/\/quehacerpolitico.mx\/?p=87259\" \/>\n<meta property=\"article:published_time\" content=\"2021-12-10T18:41:54+00:00\" \/>\n<meta property=\"article:modified_time\" content=\"2021-12-10T18:41:57+00:00\" \/>\n<meta property=\"og:image\" content=\"https:\/\/quehacerpolitico.mx\/wp-content\/uploads\/2021\/12\/E78A3F76-9ED0-44D2-9F8D-A203AC599B8D.webp\" \/>\n\t<meta property=\"og:image:width\" content=\"770\" \/>\n\t<meta property=\"og:image:height\" content=\"485\" \/>\n\t<meta property=\"og:image:type\" content=\"image\/webp\" \/>\n<meta name=\"author\" content=\"Redacci\u00f3n QP\" \/>\n<meta name=\"twitter:card\" content=\"summary_large_image\" \/>\n<meta name=\"twitter:label1\" content=\"Escrito por\" \/>\n\t<meta name=\"twitter:data1\" content=\"Redacci\u00f3n QP\" \/>\n\t<meta name=\"twitter:label2\" content=\"Tiempo de lectura\" \/>\n\t<meta name=\"twitter:data2\" content=\"3 minutos\" \/>\n<script type=\"application\/ld+json\" class=\"yoast-schema-graph\">{\"@context\":\"https:\\\/\\\/schema.org\",\"@graph\":[{\"@type\":\"Article\",\"@id\":\"https:\\\/\\\/quehacerpolitico.mx\\\/?p=87259#article\",\"isPartOf\":{\"@id\":\"https:\\\/\\\/quehacerpolitico.mx\\\/?p=87259\"},\"author\":{\"name\":\"Redacci\u00f3n QP\",\"@id\":\"https:\\\/\\\/quehacerpolitico.mx\\\/#\\\/schema\\\/person\\\/496d8ad2d1d3f8036101dca7ee39e585\"},\"headline\":\"Dal\u00ed y Rodin aparecen al aire libre para convivir con los mexicanos\",\"datePublished\":\"2021-12-10T18:41:54+00:00\",\"dateModified\":\"2021-12-10T18:41:57+00:00\",\"mainEntityOfPage\":{\"@id\":\"https:\\\/\\\/quehacerpolitico.mx\\\/?p=87259\"},\"wordCount\":659,\"commentCount\":0,\"image\":{\"@id\":\"https:\\\/\\\/quehacerpolitico.mx\\\/?p=87259#primaryimage\"},\"thumbnailUrl\":\"https:\\\/\\\/quehacerpolitico.mx\\\/wp-content\\\/uploads\\\/2021\\\/12\\\/E78A3F76-9ED0-44D2-9F8D-A203AC599B8D.webp\",\"articleSection\":[\"Cultura y Entretenimiento\"],\"inLanguage\":\"es\",\"potentialAction\":[{\"@type\":\"CommentAction\",\"name\":\"Comment\",\"target\":[\"https:\\\/\\\/quehacerpolitico.mx\\\/?p=87259#respond\"]}]},{\"@type\":\"WebPage\",\"@id\":\"https:\\\/\\\/quehacerpolitico.mx\\\/?p=87259\",\"url\":\"https:\\\/\\\/quehacerpolitico.mx\\\/?p=87259\",\"name\":\"Dal\u00ed y Rodin aparecen al aire libre para convivir con los mexicanos -\",\"isPartOf\":{\"@id\":\"https:\\\/\\\/quehacerpolitico.mx\\\/#website\"},\"primaryImageOfPage\":{\"@id\":\"https:\\\/\\\/quehacerpolitico.mx\\\/?p=87259#primaryimage\"},\"image\":{\"@id\":\"https:\\\/\\\/quehacerpolitico.mx\\\/?p=87259#primaryimage\"},\"thumbnailUrl\":\"https:\\\/\\\/quehacerpolitico.mx\\\/wp-content\\\/uploads\\\/2021\\\/12\\\/E78A3F76-9ED0-44D2-9F8D-A203AC599B8D.webp\",\"datePublished\":\"2021-12-10T18:41:54+00:00\",\"dateModified\":\"2021-12-10T18:41:57+00:00\",\"author\":{\"@id\":\"https:\\\/\\\/quehacerpolitico.mx\\\/#\\\/schema\\\/person\\\/496d8ad2d1d3f8036101dca7ee39e585\"},\"breadcrumb\":{\"@id\":\"https:\\\/\\\/quehacerpolitico.mx\\\/?p=87259#breadcrumb\"},\"inLanguage\":\"es\",\"potentialAction\":[{\"@type\":\"ReadAction\",\"target\":[\"https:\\\/\\\/quehacerpolitico.mx\\\/?p=87259\"]}]},{\"@type\":\"ImageObject\",\"inLanguage\":\"es\",\"@id\":\"https:\\\/\\\/quehacerpolitico.mx\\\/?p=87259#primaryimage\",\"url\":\"https:\\\/\\\/quehacerpolitico.mx\\\/wp-content\\\/uploads\\\/2021\\\/12\\\/E78A3F76-9ED0-44D2-9F8D-A203AC599B8D.webp\",\"contentUrl\":\"https:\\\/\\\/quehacerpolitico.mx\\\/wp-content\\\/uploads\\\/2021\\\/12\\\/E78A3F76-9ED0-44D2-9F8D-A203AC599B8D.webp\",\"width\":770,\"height\":485},{\"@type\":\"BreadcrumbList\",\"@id\":\"https:\\\/\\\/quehacerpolitico.mx\\\/?p=87259#breadcrumb\",\"itemListElement\":[{\"@type\":\"ListItem\",\"position\":1,\"name\":\"Inicio\",\"item\":\"https:\\\/\\\/quehacerpolitico.mx\\\/\"},{\"@type\":\"ListItem\",\"position\":2,\"name\":\"Dal\u00ed y Rodin aparecen al aire libre para convivir con los mexicanos\"}]},{\"@type\":\"WebSite\",\"@id\":\"https:\\\/\\\/quehacerpolitico.mx\\\/#website\",\"url\":\"https:\\\/\\\/quehacerpolitico.mx\\\/\",\"name\":\"\",\"description\":\"\",\"potentialAction\":[{\"@type\":\"SearchAction\",\"target\":{\"@type\":\"EntryPoint\",\"urlTemplate\":\"https:\\\/\\\/quehacerpolitico.mx\\\/?s={search_term_string}\"},\"query-input\":{\"@type\":\"PropertyValueSpecification\",\"valueRequired\":true,\"valueName\":\"search_term_string\"}}],\"inLanguage\":\"es\"},{\"@type\":\"Person\",\"@id\":\"https:\\\/\\\/quehacerpolitico.mx\\\/#\\\/schema\\\/person\\\/496d8ad2d1d3f8036101dca7ee39e585\",\"name\":\"Redacci\u00f3n QP\",\"image\":{\"@type\":\"ImageObject\",\"inLanguage\":\"es\",\"@id\":\"https:\\\/\\\/secure.gravatar.com\\\/avatar\\\/c7164ed6fdec453195284ad24a5ae5b6e1eed2b848477fa2a4787ba9adf39a41?s=96&d=mm&r=g\",\"url\":\"https:\\\/\\\/secure.gravatar.com\\\/avatar\\\/c7164ed6fdec453195284ad24a5ae5b6e1eed2b848477fa2a4787ba9adf39a41?s=96&d=mm&r=g\",\"contentUrl\":\"https:\\\/\\\/secure.gravatar.com\\\/avatar\\\/c7164ed6fdec453195284ad24a5ae5b6e1eed2b848477fa2a4787ba9adf39a41?s=96&d=mm&r=g\",\"caption\":\"Redacci\u00f3n QP\"},\"url\":\"https:\\\/\\\/quehacerpolitico.mx\\\/?author=2\"}]}<\/script>\n<!-- \/ Yoast SEO plugin. -->","yoast_head_json":{"title":"Dal\u00ed y Rodin aparecen al aire libre para convivir con los mexicanos -","robots":{"index":"index","follow":"follow","max-snippet":"max-snippet:-1","max-image-preview":"max-image-preview:large","max-video-preview":"max-video-preview:-1"},"canonical":"https:\/\/quehacerpolitico.mx\/?p=87259","og_locale":"es_MX","og_type":"article","og_title":"Dal\u00ed y Rodin aparecen al aire libre para convivir con los mexicanos -","og_description":"Por Redacci\u00f3n QP El museo Soumaya presenta &#8220;Rodin Dal\u00ed&#8221;, exposici\u00f3n al aire libre que busca\u00a0reactivar...","og_url":"https:\/\/quehacerpolitico.mx\/?p=87259","article_published_time":"2021-12-10T18:41:54+00:00","article_modified_time":"2021-12-10T18:41:57+00:00","og_image":[{"width":770,"height":485,"url":"https:\/\/quehacerpolitico.mx\/wp-content\/uploads\/2021\/12\/E78A3F76-9ED0-44D2-9F8D-A203AC599B8D.webp","type":"image\/webp"}],"author":"Redacci\u00f3n QP","twitter_card":"summary_large_image","twitter_misc":{"Escrito por":"Redacci\u00f3n QP","Tiempo de lectura":"3 minutos"},"schema":{"@context":"https:\/\/schema.org","@graph":[{"@type":"Article","@id":"https:\/\/quehacerpolitico.mx\/?p=87259#article","isPartOf":{"@id":"https:\/\/quehacerpolitico.mx\/?p=87259"},"author":{"name":"Redacci\u00f3n QP","@id":"https:\/\/quehacerpolitico.mx\/#\/schema\/person\/496d8ad2d1d3f8036101dca7ee39e585"},"headline":"Dal\u00ed y Rodin aparecen al aire libre para convivir con los mexicanos","datePublished":"2021-12-10T18:41:54+00:00","dateModified":"2021-12-10T18:41:57+00:00","mainEntityOfPage":{"@id":"https:\/\/quehacerpolitico.mx\/?p=87259"},"wordCount":659,"commentCount":0,"image":{"@id":"https:\/\/quehacerpolitico.mx\/?p=87259#primaryimage"},"thumbnailUrl":"https:\/\/quehacerpolitico.mx\/wp-content\/uploads\/2021\/12\/E78A3F76-9ED0-44D2-9F8D-A203AC599B8D.webp","articleSection":["Cultura y Entretenimiento"],"inLanguage":"es","potentialAction":[{"@type":"CommentAction","name":"Comment","target":["https:\/\/quehacerpolitico.mx\/?p=87259#respond"]}]},{"@type":"WebPage","@id":"https:\/\/quehacerpolitico.mx\/?p=87259","url":"https:\/\/quehacerpolitico.mx\/?p=87259","name":"Dal\u00ed y Rodin aparecen al aire libre para convivir con los mexicanos -","isPartOf":{"@id":"https:\/\/quehacerpolitico.mx\/#website"},"primaryImageOfPage":{"@id":"https:\/\/quehacerpolitico.mx\/?p=87259#primaryimage"},"image":{"@id":"https:\/\/quehacerpolitico.mx\/?p=87259#primaryimage"},"thumbnailUrl":"https:\/\/quehacerpolitico.mx\/wp-content\/uploads\/2021\/12\/E78A3F76-9ED0-44D2-9F8D-A203AC599B8D.webp","datePublished":"2021-12-10T18:41:54+00:00","dateModified":"2021-12-10T18:41:57+00:00","author":{"@id":"https:\/\/quehacerpolitico.mx\/#\/schema\/person\/496d8ad2d1d3f8036101dca7ee39e585"},"breadcrumb":{"@id":"https:\/\/quehacerpolitico.mx\/?p=87259#breadcrumb"},"inLanguage":"es","potentialAction":[{"@type":"ReadAction","target":["https:\/\/quehacerpolitico.mx\/?p=87259"]}]},{"@type":"ImageObject","inLanguage":"es","@id":"https:\/\/quehacerpolitico.mx\/?p=87259#primaryimage","url":"https:\/\/quehacerpolitico.mx\/wp-content\/uploads\/2021\/12\/E78A3F76-9ED0-44D2-9F8D-A203AC599B8D.webp","contentUrl":"https:\/\/quehacerpolitico.mx\/wp-content\/uploads\/2021\/12\/E78A3F76-9ED0-44D2-9F8D-A203AC599B8D.webp","width":770,"height":485},{"@type":"BreadcrumbList","@id":"https:\/\/quehacerpolitico.mx\/?p=87259#breadcrumb","itemListElement":[{"@type":"ListItem","position":1,"name":"Inicio","item":"https:\/\/quehacerpolitico.mx\/"},{"@type":"ListItem","position":2,"name":"Dal\u00ed y Rodin aparecen al aire libre para convivir con los mexicanos"}]},{"@type":"WebSite","@id":"https:\/\/quehacerpolitico.mx\/#website","url":"https:\/\/quehacerpolitico.mx\/","name":"","description":"","potentialAction":[{"@type":"SearchAction","target":{"@type":"EntryPoint","urlTemplate":"https:\/\/quehacerpolitico.mx\/?s={search_term_string}"},"query-input":{"@type":"PropertyValueSpecification","valueRequired":true,"valueName":"search_term_string"}}],"inLanguage":"es"},{"@type":"Person","@id":"https:\/\/quehacerpolitico.mx\/#\/schema\/person\/496d8ad2d1d3f8036101dca7ee39e585","name":"Redacci\u00f3n QP","image":{"@type":"ImageObject","inLanguage":"es","@id":"https:\/\/secure.gravatar.com\/avatar\/c7164ed6fdec453195284ad24a5ae5b6e1eed2b848477fa2a4787ba9adf39a41?s=96&d=mm&r=g","url":"https:\/\/secure.gravatar.com\/avatar\/c7164ed6fdec453195284ad24a5ae5b6e1eed2b848477fa2a4787ba9adf39a41?s=96&d=mm&r=g","contentUrl":"https:\/\/secure.gravatar.com\/avatar\/c7164ed6fdec453195284ad24a5ae5b6e1eed2b848477fa2a4787ba9adf39a41?s=96&d=mm&r=g","caption":"Redacci\u00f3n QP"},"url":"https:\/\/quehacerpolitico.mx\/?author=2"}]}},"featured_image_urls":{"full":["https:\/\/quehacerpolitico.mx\/wp-content\/uploads\/2021\/12\/E78A3F76-9ED0-44D2-9F8D-A203AC599B8D.webp",770,485,false],"thumbnail":["https:\/\/quehacerpolitico.mx\/wp-content\/uploads\/2021\/12\/E78A3F76-9ED0-44D2-9F8D-A203AC599B8D-150x150.webp",150,150,true],"medium":["https:\/\/quehacerpolitico.mx\/wp-content\/uploads\/2021\/12\/E78A3F76-9ED0-44D2-9F8D-A203AC599B8D-300x189.webp",300,189,true],"medium_large":["https:\/\/quehacerpolitico.mx\/wp-content\/uploads\/2021\/12\/E78A3F76-9ED0-44D2-9F8D-A203AC599B8D-768x484.webp",640,403,true],"large":["https:\/\/quehacerpolitico.mx\/wp-content\/uploads\/2021\/12\/E78A3F76-9ED0-44D2-9F8D-A203AC599B8D.webp",640,403,false],"1536x1536":["https:\/\/quehacerpolitico.mx\/wp-content\/uploads\/2021\/12\/E78A3F76-9ED0-44D2-9F8D-A203AC599B8D.webp",770,485,false],"2048x2048":["https:\/\/quehacerpolitico.mx\/wp-content\/uploads\/2021\/12\/E78A3F76-9ED0-44D2-9F8D-A203AC599B8D.webp",770,485,false],"covernews-featured":["https:\/\/quehacerpolitico.mx\/wp-content\/uploads\/2021\/12\/E78A3F76-9ED0-44D2-9F8D-A203AC599B8D.webp",770,485,false],"covernews-medium":["https:\/\/quehacerpolitico.mx\/wp-content\/uploads\/2021\/12\/E78A3F76-9ED0-44D2-9F8D-A203AC599B8D.webp",540,340,false]},"author_info":{"display_name":"Redacci\u00f3n QP","author_link":"https:\/\/quehacerpolitico.mx\/?author=2"},"category_info":"<a href=\"https:\/\/quehacerpolitico.mx\/?cat=58\" rel=\"category\">Cultura y Entretenimiento<\/a>","tag_info":"Cultura y Entretenimiento","comment_count":"0","_links":{"self":[{"href":"https:\/\/quehacerpolitico.mx\/index.php?rest_route=\/wp\/v2\/posts\/87259","targetHints":{"allow":["GET"]}}],"collection":[{"href":"https:\/\/quehacerpolitico.mx\/index.php?rest_route=\/wp\/v2\/posts"}],"about":[{"href":"https:\/\/quehacerpolitico.mx\/index.php?rest_route=\/wp\/v2\/types\/post"}],"author":[{"embeddable":true,"href":"https:\/\/quehacerpolitico.mx\/index.php?rest_route=\/wp\/v2\/users\/2"}],"replies":[{"embeddable":true,"href":"https:\/\/quehacerpolitico.mx\/index.php?rest_route=%2Fwp%2Fv2%2Fcomments&post=87259"}],"version-history":[{"count":1,"href":"https:\/\/quehacerpolitico.mx\/index.php?rest_route=\/wp\/v2\/posts\/87259\/revisions"}],"predecessor-version":[{"id":87261,"href":"https:\/\/quehacerpolitico.mx\/index.php?rest_route=\/wp\/v2\/posts\/87259\/revisions\/87261"}],"wp:featuredmedia":[{"embeddable":true,"href":"https:\/\/quehacerpolitico.mx\/index.php?rest_route=\/wp\/v2\/media\/87260"}],"wp:attachment":[{"href":"https:\/\/quehacerpolitico.mx\/index.php?rest_route=%2Fwp%2Fv2%2Fmedia&parent=87259"}],"wp:term":[{"taxonomy":"category","embeddable":true,"href":"https:\/\/quehacerpolitico.mx\/index.php?rest_route=%2Fwp%2Fv2%2Fcategories&post=87259"},{"taxonomy":"post_tag","embeddable":true,"href":"https:\/\/quehacerpolitico.mx\/index.php?rest_route=%2Fwp%2Fv2%2Ftags&post=87259"}],"curies":[{"name":"wp","href":"https:\/\/api.w.org\/{rel}","templated":true}]}}