{"id":87253,"date":"2021-12-10T18:09:38","date_gmt":"2021-12-10T18:09:38","guid":{"rendered":"https:\/\/quehacerpolitico.mx\/?p=87253"},"modified":"2021-12-10T18:09:41","modified_gmt":"2021-12-10T18:09:41","slug":"cdmx-seguira-en-semaforo-verde-por-covid-sin-repunte-de-casos-y-caida-en-hospitalizaciones","status":"publish","type":"post","link":"https:\/\/quehacerpolitico.mx\/?p=87253","title":{"rendered":"CDMX seguir\u00e1 en sem\u00e1foro verde por covid, sin repunte de casos y ca\u00edda en hospitalizaciones"},"content":{"rendered":"\n<p>Por Redacci\u00f3n QP<\/p>\n\n\n\n<p>El director de Gobierno Digital de la Agencia Digital de Innovaci\u00f3n P\u00fablica, Eduardo Clark, se\u00f1al\u00f3 un descenso de la ocupaci\u00f3n hospitalaria<\/p>\n\n\n\n<p>La\u00a0<strong>Ciudad de M\u00e9xico (CDMX)<\/strong>\u00a0seguir\u00e1 una semana m\u00e1s en\u00a0<strong>sem\u00e1foro verde<\/strong>\u00a0por\u00a0COVID, sin repunte de casos y ca\u00edda en hospitalizaciones.<\/p>\n\n\n\n<p>El director de Gobierno Digital de la Agencia Digital de Innovaci\u00f3n P\u00fablica, Eduardo Clark, se\u00f1al\u00f3 hoy, 10 de diciembre de 2021, un descenso de la ocupaci\u00f3n hospitalaria.<\/p>\n\n\n\n<p>Durante una conferencia de prensa, Eduardo Clark coment\u00f3 que, hasta el viernes, 3 de diciembre de 2021, hab\u00eda 549 personas hospitalizadas por&nbsp;<strong>covid<\/strong>&nbsp;en la zona metropolitana del Valle de M\u00e9xico y destac\u00f3 que hasta hoy hab\u00eda 506, lo que significa una reducci\u00f3n de 43 personas hospitalizadas.<\/p>\n\n\n\n<p>En el caso de hospitalizados en la Ciudad de M\u00e9xico hasta el viernes, 3 de diciembre de 2021, hab\u00eda 409 personas con ingreso a alg\u00fan hospital p\u00fablico o privado, por lo que hasta el d\u00eda de hoy hab\u00eda 381, lo que significa una reducci\u00f3n de 28 personas.<\/p>\n\n\n\n<h2 class=\"wp-block-heading\">CDMX aplicar\u00e1 tercera dosis de vacuna covid para adultos mayores en otras siete alcald\u00edas<\/h2>\n\n\n\n<p>La pr\u00f3xima semana se aplicar\u00e1 la\u00a0tercera dosis de la vacuna COVID para\u00a0adultos mayores en otras siete alcald\u00edas:<\/p>\n\n\n\n<ul class=\"wp-block-list\"><li>Azcapotzalco<\/li><li>Xochimilco<\/li><li>Coyoac\u00e1n<\/li><li>Magdalena Contreras<\/li><li>Miguel Hidalgo<\/li><li>Cuajimalpa<\/li><li>Tl\u00e1huac<\/li><\/ul>\n\n\n\n<p>La jornada de vacunaci\u00f3n iniciar\u00e1 el martes 14 de diciembre de 2021 y terminar\u00e1 el s\u00e1bado 18.<\/p>\n\n\n\n<p>Cada persona vacunada con primera y segunda dosis tendr\u00e1n asignada una unidad vacunadora, un d\u00eda y hora de cita.<\/p>\n\n\n\n<figure class=\"wp-block-embed is-type-rich is-provider-twitter wp-block-embed-twitter\"><div class=\"wp-block-embed__wrapper\">\n<blockquote class=\"twitter-tweet\" data-width=\"550\" data-dnt=\"true\"><p lang=\"es\" dir=\"ltr\"><a href=\"https:\/\/twitter.com\/hashtag\/EnVivo?src=hash&amp;ref_src=twsrc%5Etfw\">#EnVivo<\/a> \u25b6\ufe0f Conferencia de prensa, con <a href=\"https:\/\/twitter.com\/SSaludCdMx?ref_src=twsrc%5Etfw\">@SSaludCdMx<\/a> y <a href=\"https:\/\/twitter.com\/LaAgenciaCDMX?ref_src=twsrc%5Etfw\">@LaAgenciaCDMX<\/a>. <a href=\"https:\/\/t.co\/5OdKgTSSO5\">https:\/\/t.co\/5OdKgTSSO5<\/a><\/p>&mdash; Gobierno de la Ciudad de M\u00e9xico (@GobCDMX) <a href=\"https:\/\/twitter.com\/GobCDMX\/status\/1469355779195129861?ref_src=twsrc%5Etfw\">December 10, 2021<\/a><\/blockquote><script async src=\"https:\/\/platform.twitter.com\/widgets.js\" charset=\"utf-8\"><\/script>\n<\/div><\/figure>\n","protected":false},"excerpt":{"rendered":"<p>Por Redacci\u00f3n QP El director de Gobierno Digital de la Agencia Digital de Innovaci\u00f3n P\u00fablica,&#8230;<\/p>\n","protected":false},"author":2,"featured_media":87254,"comment_status":"open","ping_status":"open","sticky":false,"template":"","format":"standard","meta":{"_monsterinsights_skip_tracking":false,"_monsterinsights_sitenote_active":false,"_monsterinsights_sitenote_note":"","_monsterinsights_sitenote_category":0,"footnotes":""},"categories":[55],"tags":[],"class_list":["post-87253","post","type-post","status-publish","format-standard","has-post-thumbnail","hentry","category-cdmx"],"yoast_head":"<!-- This site is optimized with the Yoast SEO plugin v27.3 - https:\/\/yoast.com\/product\/yoast-seo-wordpress\/ -->\n<title>CDMX seguir\u00e1 en sem\u00e1foro verde por covid, sin repunte de casos y ca\u00edda en hospitalizaciones -<\/title>\n<meta name=\"robots\" content=\"index, follow, max-snippet:-1, max-image-preview:large, max-video-preview:-1\" \/>\n<link rel=\"canonical\" href=\"https:\/\/quehacerpolitico.mx\/?p=87253\" \/>\n<meta property=\"og:locale\" content=\"es_MX\" \/>\n<meta property=\"og:type\" content=\"article\" \/>\n<meta property=\"og:title\" content=\"CDMX seguir\u00e1 en sem\u00e1foro verde por covid, sin repunte de casos y ca\u00edda en hospitalizaciones -\" \/>\n<meta property=\"og:description\" content=\"Por Redacci\u00f3n QP El director de Gobierno Digital de la Agencia Digital de Innovaci\u00f3n P\u00fablica,...\" \/>\n<meta property=\"og:url\" content=\"https:\/\/quehacerpolitico.mx\/?p=87253\" \/>\n<meta property=\"article:published_time\" content=\"2021-12-10T18:09:38+00:00\" \/>\n<meta property=\"article:modified_time\" content=\"2021-12-10T18:09:41+00:00\" \/>\n<meta property=\"og:image\" content=\"https:\/\/quehacerpolitico.mx\/wp-content\/uploads\/2021\/12\/B83EA3B8-915D-4289-A58F-D0A796CC9751.jpeg\" \/>\n\t<meta property=\"og:image:width\" content=\"1284\" \/>\n\t<meta property=\"og:image:height\" content=\"701\" \/>\n\t<meta property=\"og:image:type\" content=\"image\/jpeg\" \/>\n<meta name=\"author\" content=\"Redacci\u00f3n QP\" \/>\n<meta name=\"twitter:card\" content=\"summary_large_image\" \/>\n<meta name=\"twitter:label1\" content=\"Escrito por\" \/>\n\t<meta name=\"twitter:data1\" content=\"Redacci\u00f3n QP\" \/>\n\t<meta name=\"twitter:label2\" content=\"Tiempo de lectura\" \/>\n\t<meta name=\"twitter:data2\" content=\"1 minuto\" \/>\n<script type=\"application\/ld+json\" class=\"yoast-schema-graph\">{\"@context\":\"https:\\\/\\\/schema.org\",\"@graph\":[{\"@type\":\"Article\",\"@id\":\"https:\\\/\\\/quehacerpolitico.mx\\\/?p=87253#article\",\"isPartOf\":{\"@id\":\"https:\\\/\\\/quehacerpolitico.mx\\\/?p=87253\"},\"author\":{\"name\":\"Redacci\u00f3n QP\",\"@id\":\"https:\\\/\\\/quehacerpolitico.mx\\\/#\\\/schema\\\/person\\\/496d8ad2d1d3f8036101dca7ee39e585\"},\"headline\":\"CDMX seguir\u00e1 en sem\u00e1foro verde por covid, sin repunte de casos y ca\u00edda en hospitalizaciones\",\"datePublished\":\"2021-12-10T18:09:38+00:00\",\"dateModified\":\"2021-12-10T18:09:41+00:00\",\"mainEntityOfPage\":{\"@id\":\"https:\\\/\\\/quehacerpolitico.mx\\\/?p=87253\"},\"wordCount\":288,\"commentCount\":0,\"image\":{\"@id\":\"https:\\\/\\\/quehacerpolitico.mx\\\/?p=87253#primaryimage\"},\"thumbnailUrl\":\"https:\\\/\\\/quehacerpolitico.mx\\\/wp-content\\\/uploads\\\/2021\\\/12\\\/B83EA3B8-915D-4289-A58F-D0A796CC9751.jpeg\",\"articleSection\":[\"CDMX\"],\"inLanguage\":\"es\",\"potentialAction\":[{\"@type\":\"CommentAction\",\"name\":\"Comment\",\"target\":[\"https:\\\/\\\/quehacerpolitico.mx\\\/?p=87253#respond\"]}]},{\"@type\":\"WebPage\",\"@id\":\"https:\\\/\\\/quehacerpolitico.mx\\\/?p=87253\",\"url\":\"https:\\\/\\\/quehacerpolitico.mx\\\/?p=87253\",\"name\":\"CDMX seguir\u00e1 en sem\u00e1foro verde por covid, sin repunte de casos y ca\u00edda en hospitalizaciones -\",\"isPartOf\":{\"@id\":\"https:\\\/\\\/quehacerpolitico.mx\\\/#website\"},\"primaryImageOfPage\":{\"@id\":\"https:\\\/\\\/quehacerpolitico.mx\\\/?p=87253#primaryimage\"},\"image\":{\"@id\":\"https:\\\/\\\/quehacerpolitico.mx\\\/?p=87253#primaryimage\"},\"thumbnailUrl\":\"https:\\\/\\\/quehacerpolitico.mx\\\/wp-content\\\/uploads\\\/2021\\\/12\\\/B83EA3B8-915D-4289-A58F-D0A796CC9751.jpeg\",\"datePublished\":\"2021-12-10T18:09:38+00:00\",\"dateModified\":\"2021-12-10T18:09:41+00:00\",\"author\":{\"@id\":\"https:\\\/\\\/quehacerpolitico.mx\\\/#\\\/schema\\\/person\\\/496d8ad2d1d3f8036101dca7ee39e585\"},\"breadcrumb\":{\"@id\":\"https:\\\/\\\/quehacerpolitico.mx\\\/?p=87253#breadcrumb\"},\"inLanguage\":\"es\",\"potentialAction\":[{\"@type\":\"ReadAction\",\"target\":[\"https:\\\/\\\/quehacerpolitico.mx\\\/?p=87253\"]}]},{\"@type\":\"ImageObject\",\"inLanguage\":\"es\",\"@id\":\"https:\\\/\\\/quehacerpolitico.mx\\\/?p=87253#primaryimage\",\"url\":\"https:\\\/\\\/quehacerpolitico.mx\\\/wp-content\\\/uploads\\\/2021\\\/12\\\/B83EA3B8-915D-4289-A58F-D0A796CC9751.jpeg\",\"contentUrl\":\"https:\\\/\\\/quehacerpolitico.mx\\\/wp-content\\\/uploads\\\/2021\\\/12\\\/B83EA3B8-915D-4289-A58F-D0A796CC9751.jpeg\",\"width\":1284,\"height\":701},{\"@type\":\"BreadcrumbList\",\"@id\":\"https:\\\/\\\/quehacerpolitico.mx\\\/?p=87253#breadcrumb\",\"itemListElement\":[{\"@type\":\"ListItem\",\"position\":1,\"name\":\"Inicio\",\"item\":\"https:\\\/\\\/quehacerpolitico.mx\\\/\"},{\"@type\":\"ListItem\",\"position\":2,\"name\":\"CDMX seguir\u00e1 en sem\u00e1foro verde por covid, sin repunte de casos y ca\u00edda en hospitalizaciones\"}]},{\"@type\":\"WebSite\",\"@id\":\"https:\\\/\\\/quehacerpolitico.mx\\\/#website\",\"url\":\"https:\\\/\\\/quehacerpolitico.mx\\\/\",\"name\":\"\",\"description\":\"\",\"potentialAction\":[{\"@type\":\"SearchAction\",\"target\":{\"@type\":\"EntryPoint\",\"urlTemplate\":\"https:\\\/\\\/quehacerpolitico.mx\\\/?s={search_term_string}\"},\"query-input\":{\"@type\":\"PropertyValueSpecification\",\"valueRequired\":true,\"valueName\":\"search_term_string\"}}],\"inLanguage\":\"es\"},{\"@type\":\"Person\",\"@id\":\"https:\\\/\\\/quehacerpolitico.mx\\\/#\\\/schema\\\/person\\\/496d8ad2d1d3f8036101dca7ee39e585\",\"name\":\"Redacci\u00f3n QP\",\"image\":{\"@type\":\"ImageObject\",\"inLanguage\":\"es\",\"@id\":\"https:\\\/\\\/secure.gravatar.com\\\/avatar\\\/c7164ed6fdec453195284ad24a5ae5b6e1eed2b848477fa2a4787ba9adf39a41?s=96&d=mm&r=g\",\"url\":\"https:\\\/\\\/secure.gravatar.com\\\/avatar\\\/c7164ed6fdec453195284ad24a5ae5b6e1eed2b848477fa2a4787ba9adf39a41?s=96&d=mm&r=g\",\"contentUrl\":\"https:\\\/\\\/secure.gravatar.com\\\/avatar\\\/c7164ed6fdec453195284ad24a5ae5b6e1eed2b848477fa2a4787ba9adf39a41?s=96&d=mm&r=g\",\"caption\":\"Redacci\u00f3n QP\"},\"url\":\"https:\\\/\\\/quehacerpolitico.mx\\\/?author=2\"}]}<\/script>\n<!-- \/ Yoast SEO plugin. -->","yoast_head_json":{"title":"CDMX seguir\u00e1 en sem\u00e1foro verde por covid, sin repunte de casos y ca\u00edda en hospitalizaciones -","robots":{"index":"index","follow":"follow","max-snippet":"max-snippet:-1","max-image-preview":"max-image-preview:large","max-video-preview":"max-video-preview:-1"},"canonical":"https:\/\/quehacerpolitico.mx\/?p=87253","og_locale":"es_MX","og_type":"article","og_title":"CDMX seguir\u00e1 en sem\u00e1foro verde por covid, sin repunte de casos y ca\u00edda en hospitalizaciones -","og_description":"Por Redacci\u00f3n QP El director de Gobierno Digital de la Agencia Digital de Innovaci\u00f3n P\u00fablica,...","og_url":"https:\/\/quehacerpolitico.mx\/?p=87253","article_published_time":"2021-12-10T18:09:38+00:00","article_modified_time":"2021-12-10T18:09:41+00:00","og_image":[{"width":1284,"height":701,"url":"https:\/\/quehacerpolitico.mx\/wp-content\/uploads\/2021\/12\/B83EA3B8-915D-4289-A58F-D0A796CC9751.jpeg","type":"image\/jpeg"}],"author":"Redacci\u00f3n QP","twitter_card":"summary_large_image","twitter_misc":{"Escrito por":"Redacci\u00f3n QP","Tiempo de lectura":"1 minuto"},"schema":{"@context":"https:\/\/schema.org","@graph":[{"@type":"Article","@id":"https:\/\/quehacerpolitico.mx\/?p=87253#article","isPartOf":{"@id":"https:\/\/quehacerpolitico.mx\/?p=87253"},"author":{"name":"Redacci\u00f3n QP","@id":"https:\/\/quehacerpolitico.mx\/#\/schema\/person\/496d8ad2d1d3f8036101dca7ee39e585"},"headline":"CDMX seguir\u00e1 en sem\u00e1foro verde por covid, sin repunte de casos y ca\u00edda en hospitalizaciones","datePublished":"2021-12-10T18:09:38+00:00","dateModified":"2021-12-10T18:09:41+00:00","mainEntityOfPage":{"@id":"https:\/\/quehacerpolitico.mx\/?p=87253"},"wordCount":288,"commentCount":0,"image":{"@id":"https:\/\/quehacerpolitico.mx\/?p=87253#primaryimage"},"thumbnailUrl":"https:\/\/quehacerpolitico.mx\/wp-content\/uploads\/2021\/12\/B83EA3B8-915D-4289-A58F-D0A796CC9751.jpeg","articleSection":["CDMX"],"inLanguage":"es","potentialAction":[{"@type":"CommentAction","name":"Comment","target":["https:\/\/quehacerpolitico.mx\/?p=87253#respond"]}]},{"@type":"WebPage","@id":"https:\/\/quehacerpolitico.mx\/?p=87253","url":"https:\/\/quehacerpolitico.mx\/?p=87253","name":"CDMX seguir\u00e1 en sem\u00e1foro verde por covid, sin repunte de casos y ca\u00edda en hospitalizaciones -","isPartOf":{"@id":"https:\/\/quehacerpolitico.mx\/#website"},"primaryImageOfPage":{"@id":"https:\/\/quehacerpolitico.mx\/?p=87253#primaryimage"},"image":{"@id":"https:\/\/quehacerpolitico.mx\/?p=87253#primaryimage"},"thumbnailUrl":"https:\/\/quehacerpolitico.mx\/wp-content\/uploads\/2021\/12\/B83EA3B8-915D-4289-A58F-D0A796CC9751.jpeg","datePublished":"2021-12-10T18:09:38+00:00","dateModified":"2021-12-10T18:09:41+00:00","author":{"@id":"https:\/\/quehacerpolitico.mx\/#\/schema\/person\/496d8ad2d1d3f8036101dca7ee39e585"},"breadcrumb":{"@id":"https:\/\/quehacerpolitico.mx\/?p=87253#breadcrumb"},"inLanguage":"es","potentialAction":[{"@type":"ReadAction","target":["https:\/\/quehacerpolitico.mx\/?p=87253"]}]},{"@type":"ImageObject","inLanguage":"es","@id":"https:\/\/quehacerpolitico.mx\/?p=87253#primaryimage","url":"https:\/\/quehacerpolitico.mx\/wp-content\/uploads\/2021\/12\/B83EA3B8-915D-4289-A58F-D0A796CC9751.jpeg","contentUrl":"https:\/\/quehacerpolitico.mx\/wp-content\/uploads\/2021\/12\/B83EA3B8-915D-4289-A58F-D0A796CC9751.jpeg","width":1284,"height":701},{"@type":"BreadcrumbList","@id":"https:\/\/quehacerpolitico.mx\/?p=87253#breadcrumb","itemListElement":[{"@type":"ListItem","position":1,"name":"Inicio","item":"https:\/\/quehacerpolitico.mx\/"},{"@type":"ListItem","position":2,"name":"CDMX seguir\u00e1 en sem\u00e1foro verde por covid, sin repunte de casos y ca\u00edda en hospitalizaciones"}]},{"@type":"WebSite","@id":"https:\/\/quehacerpolitico.mx\/#website","url":"https:\/\/quehacerpolitico.mx\/","name":"","description":"","potentialAction":[{"@type":"SearchAction","target":{"@type":"EntryPoint","urlTemplate":"https:\/\/quehacerpolitico.mx\/?s={search_term_string}"},"query-input":{"@type":"PropertyValueSpecification","valueRequired":true,"valueName":"search_term_string"}}],"inLanguage":"es"},{"@type":"Person","@id":"https:\/\/quehacerpolitico.mx\/#\/schema\/person\/496d8ad2d1d3f8036101dca7ee39e585","name":"Redacci\u00f3n QP","image":{"@type":"ImageObject","inLanguage":"es","@id":"https:\/\/secure.gravatar.com\/avatar\/c7164ed6fdec453195284ad24a5ae5b6e1eed2b848477fa2a4787ba9adf39a41?s=96&d=mm&r=g","url":"https:\/\/secure.gravatar.com\/avatar\/c7164ed6fdec453195284ad24a5ae5b6e1eed2b848477fa2a4787ba9adf39a41?s=96&d=mm&r=g","contentUrl":"https:\/\/secure.gravatar.com\/avatar\/c7164ed6fdec453195284ad24a5ae5b6e1eed2b848477fa2a4787ba9adf39a41?s=96&d=mm&r=g","caption":"Redacci\u00f3n QP"},"url":"https:\/\/quehacerpolitico.mx\/?author=2"}]}},"featured_image_urls":{"full":["https:\/\/quehacerpolitico.mx\/wp-content\/uploads\/2021\/12\/B83EA3B8-915D-4289-A58F-D0A796CC9751.jpeg",1284,701,false],"thumbnail":["https:\/\/quehacerpolitico.mx\/wp-content\/uploads\/2021\/12\/B83EA3B8-915D-4289-A58F-D0A796CC9751-150x150.jpeg",150,150,true],"medium":["https:\/\/quehacerpolitico.mx\/wp-content\/uploads\/2021\/12\/B83EA3B8-915D-4289-A58F-D0A796CC9751-300x164.jpeg",300,164,true],"medium_large":["https:\/\/quehacerpolitico.mx\/wp-content\/uploads\/2021\/12\/B83EA3B8-915D-4289-A58F-D0A796CC9751-768x419.jpeg",640,349,true],"large":["https:\/\/quehacerpolitico.mx\/wp-content\/uploads\/2021\/12\/B83EA3B8-915D-4289-A58F-D0A796CC9751-1024x559.jpeg",640,349,true],"1536x1536":["https:\/\/quehacerpolitico.mx\/wp-content\/uploads\/2021\/12\/B83EA3B8-915D-4289-A58F-D0A796CC9751.jpeg",1284,701,false],"2048x2048":["https:\/\/quehacerpolitico.mx\/wp-content\/uploads\/2021\/12\/B83EA3B8-915D-4289-A58F-D0A796CC9751.jpeg",1284,701,false],"covernews-featured":["https:\/\/quehacerpolitico.mx\/wp-content\/uploads\/2021\/12\/B83EA3B8-915D-4289-A58F-D0A796CC9751.jpeg",1024,559,false],"covernews-medium":["https:\/\/quehacerpolitico.mx\/wp-content\/uploads\/2021\/12\/B83EA3B8-915D-4289-A58F-D0A796CC9751.jpeg",540,295,false]},"author_info":{"display_name":"Redacci\u00f3n QP","author_link":"https:\/\/quehacerpolitico.mx\/?author=2"},"category_info":"<a href=\"https:\/\/quehacerpolitico.mx\/?cat=55\" rel=\"category\">CDMX<\/a>","tag_info":"CDMX","comment_count":"0","_links":{"self":[{"href":"https:\/\/quehacerpolitico.mx\/index.php?rest_route=\/wp\/v2\/posts\/87253","targetHints":{"allow":["GET"]}}],"collection":[{"href":"https:\/\/quehacerpolitico.mx\/index.php?rest_route=\/wp\/v2\/posts"}],"about":[{"href":"https:\/\/quehacerpolitico.mx\/index.php?rest_route=\/wp\/v2\/types\/post"}],"author":[{"embeddable":true,"href":"https:\/\/quehacerpolitico.mx\/index.php?rest_route=\/wp\/v2\/users\/2"}],"replies":[{"embeddable":true,"href":"https:\/\/quehacerpolitico.mx\/index.php?rest_route=%2Fwp%2Fv2%2Fcomments&post=87253"}],"version-history":[{"count":1,"href":"https:\/\/quehacerpolitico.mx\/index.php?rest_route=\/wp\/v2\/posts\/87253\/revisions"}],"predecessor-version":[{"id":87255,"href":"https:\/\/quehacerpolitico.mx\/index.php?rest_route=\/wp\/v2\/posts\/87253\/revisions\/87255"}],"wp:featuredmedia":[{"embeddable":true,"href":"https:\/\/quehacerpolitico.mx\/index.php?rest_route=\/wp\/v2\/media\/87254"}],"wp:attachment":[{"href":"https:\/\/quehacerpolitico.mx\/index.php?rest_route=%2Fwp%2Fv2%2Fmedia&parent=87253"}],"wp:term":[{"taxonomy":"category","embeddable":true,"href":"https:\/\/quehacerpolitico.mx\/index.php?rest_route=%2Fwp%2Fv2%2Fcategories&post=87253"},{"taxonomy":"post_tag","embeddable":true,"href":"https:\/\/quehacerpolitico.mx\/index.php?rest_route=%2Fwp%2Fv2%2Ftags&post=87253"}],"curies":[{"name":"wp","href":"https:\/\/api.w.org\/{rel}","templated":true}]}}