{"id":87251,"date":"2021-12-10T17:52:41","date_gmt":"2021-12-10T17:52:41","guid":{"rendered":"https:\/\/quehacerpolitico.mx\/?p=87251"},"modified":"2021-12-10T17:52:45","modified_gmt":"2021-12-10T17:52:45","slug":"trailer-con-migrantes-no-paso-por-ningun-puesto-de-revision-guardia-nacional","status":"publish","type":"post","link":"https:\/\/quehacerpolitico.mx\/?p=87251","title":{"rendered":"Tr\u00e1iler con migrantes no pas\u00f3 por ning\u00fan puesto de revisi\u00f3n: Guardia Nacional"},"content":{"rendered":"\n<p>Por Redacci\u00f3n QP<\/p>\n\n\n\n<p>El comandante de la Guardia Nacional tambi\u00e9n mencion\u00f3 que el ch\u00f3fer del tr\u00e1iler huy\u00f3 tras el accidente<\/p>\n\n\n\n<p>Luego del accidente que se registr\u00f3 ayer en la carretera Tuxtla a Chiapa de Corzo donde murieron al menos 54 migrantes, el comandante de la Guardia Nacional (GN), Luis Rodr\u00edguez Bucio inform\u00f3 que el tr\u00e1iler donde viajaban 160 centroamericanos no pas\u00f3 por ning\u00fan punto de revisi\u00f3n.<\/p>\n\n\n\n<p>Durante la \u201cma\u00f1anera\u201d de hoy vieres,\u00a0<strong>Rodr\u00edguez Bucio tambi\u00e9n mencion\u00f3 que el ch\u00f3fer del tr\u00e1iler huy\u00f3 tras el accidente<\/strong>.<\/p>\n\n\n\n<p>&#8220;Ayer a la 14:00 horas iniciaron este movimiento, no hab\u00eda cruzado ning\u00fan puesto de revisi\u00f3n para el rescate de migrantes&#8221;.<\/p>\n\n\n\n<figure class=\"wp-block-embed is-type-rich is-provider-twitter wp-block-embed-twitter\"><div class=\"wp-block-embed__wrapper\">\n<blockquote class=\"twitter-tweet\" data-width=\"550\" data-dnt=\"true\"><p lang=\"es\" dir=\"ltr\">Afirman en la ma\u00f1anera que el trailer que se accident\u00f3 y donde murieron 54 migrantes, NO PAS\u00d3 NING\u00daN RET\u00c9N. <br><br>&quot;Eso est\u00e1 circulando como una manera de desacreditar nuestro trabajo&quot; <a href=\"https:\/\/t.co\/RjjKlNLn3B\">pic.twitter.com\/RjjKlNLn3B<\/a><\/p>&mdash; Ruido en la Red (@RuidoEnLaRed) <a href=\"https:\/\/twitter.com\/RuidoEnLaRed\/status\/1469329831376605188?ref_src=twsrc%5Etfw\">December 10, 2021<\/a><\/blockquote><script async src=\"https:\/\/platform.twitter.com\/widgets.js\" charset=\"utf-8\"><\/script>\n<\/div><\/figure>\n\n\n\n<p>Testimonios se\u00f1alan que los migrantes centroamericanos ingresaron por la frontera M\u00e9xico con Guatemala y se fueron concentrando en casas de seguridad en San Crist\u00f3bal de las Casas.<\/p>\n\n\n\n<p>Seg\u00fan coment\u00f3 el general Rodr\u00edguez Bucio, a las 15:30 horas se report\u00f3 la volcadura del tr\u00e1iler que transportaba migrantes en el kil\u00f3metro 9 de la carretera Tuxtla a Chiapa de Corzo a la salida de una curva donde hab\u00eda un puente peatonal, en el cual el tr\u00e1iler impact\u00f3.<\/p>\n\n\n\n<p><strong>El veh\u00edculo pesado pertenece a la empresa Z Transportes<\/strong>&nbsp;que tiene domicilio fiscal en la autopista M\u00e9xico-Veracruz.<\/p>\n\n\n\n<p>Dijo que en dos cajas se trasladaban 160 migrantes de Centroam\u00e9rica, entre ellos menores de edad de Guatemala y Honduras. Por estos hechos, la Fiscal\u00eda de Chiapas y la Fiscal\u00eda General de la Rep\u00fablica iniciaron una investigaci\u00f3n por el delito de homicidio contra quien resulte responsable.<\/p>\n\n\n\n<p>Con Informaci\u00f3n de SUN <\/p>\n","protected":false},"excerpt":{"rendered":"<p>Por Redacci\u00f3n QP El comandante de la Guardia Nacional tambi\u00e9n mencion\u00f3 que el ch\u00f3fer del&#8230;<\/p>\n","protected":false},"author":2,"featured_media":87233,"comment_status":"open","ping_status":"open","sticky":false,"template":"","format":"standard","meta":{"_monsterinsights_skip_tracking":false,"_monsterinsights_sitenote_active":false,"_monsterinsights_sitenote_note":"","_monsterinsights_sitenote_category":0,"footnotes":""},"categories":[2],"tags":[],"class_list":["post-87251","post","type-post","status-publish","format-standard","has-post-thumbnail","hentry","category-noticias"],"yoast_head":"<!-- This site is optimized with the Yoast SEO plugin v27.3 - https:\/\/yoast.com\/product\/yoast-seo-wordpress\/ -->\n<title>Tr\u00e1iler con migrantes no pas\u00f3 por ning\u00fan puesto de revisi\u00f3n: Guardia Nacional -<\/title>\n<meta name=\"robots\" content=\"index, follow, max-snippet:-1, max-image-preview:large, max-video-preview:-1\" \/>\n<link rel=\"canonical\" href=\"https:\/\/quehacerpolitico.mx\/?p=87251\" \/>\n<meta property=\"og:locale\" content=\"es_MX\" \/>\n<meta property=\"og:type\" content=\"article\" \/>\n<meta property=\"og:title\" content=\"Tr\u00e1iler con migrantes no pas\u00f3 por ning\u00fan puesto de revisi\u00f3n: Guardia Nacional -\" \/>\n<meta property=\"og:description\" content=\"Por Redacci\u00f3n QP El comandante de la Guardia Nacional tambi\u00e9n mencion\u00f3 que el ch\u00f3fer del...\" \/>\n<meta property=\"og:url\" content=\"https:\/\/quehacerpolitico.mx\/?p=87251\" \/>\n<meta property=\"article:published_time\" content=\"2021-12-10T17:52:41+00:00\" \/>\n<meta property=\"article:modified_time\" content=\"2021-12-10T17:52:45+00:00\" \/>\n<meta property=\"og:image\" content=\"https:\/\/quehacerpolitico.mx\/wp-content\/uploads\/2021\/12\/F8088859-8DB9-4CF7-A607-FFE6F9B42870.webp\" \/>\n\t<meta property=\"og:image:width\" content=\"700\" \/>\n\t<meta property=\"og:image:height\" content=\"525\" \/>\n\t<meta property=\"og:image:type\" content=\"image\/webp\" \/>\n<meta name=\"author\" content=\"Redacci\u00f3n QP\" \/>\n<meta name=\"twitter:card\" content=\"summary_large_image\" \/>\n<meta name=\"twitter:label1\" content=\"Escrito por\" \/>\n\t<meta name=\"twitter:data1\" content=\"Redacci\u00f3n QP\" \/>\n\t<meta name=\"twitter:label2\" content=\"Tiempo de lectura\" \/>\n\t<meta name=\"twitter:data2\" content=\"1 minuto\" \/>\n<script type=\"application\/ld+json\" class=\"yoast-schema-graph\">{\"@context\":\"https:\\\/\\\/schema.org\",\"@graph\":[{\"@type\":\"Article\",\"@id\":\"https:\\\/\\\/quehacerpolitico.mx\\\/?p=87251#article\",\"isPartOf\":{\"@id\":\"https:\\\/\\\/quehacerpolitico.mx\\\/?p=87251\"},\"author\":{\"name\":\"Redacci\u00f3n QP\",\"@id\":\"https:\\\/\\\/quehacerpolitico.mx\\\/#\\\/schema\\\/person\\\/496d8ad2d1d3f8036101dca7ee39e585\"},\"headline\":\"Tr\u00e1iler con migrantes no pas\u00f3 por ning\u00fan puesto de revisi\u00f3n: Guardia Nacional\",\"datePublished\":\"2021-12-10T17:52:41+00:00\",\"dateModified\":\"2021-12-10T17:52:45+00:00\",\"mainEntityOfPage\":{\"@id\":\"https:\\\/\\\/quehacerpolitico.mx\\\/?p=87251\"},\"wordCount\":296,\"commentCount\":0,\"image\":{\"@id\":\"https:\\\/\\\/quehacerpolitico.mx\\\/?p=87251#primaryimage\"},\"thumbnailUrl\":\"https:\\\/\\\/quehacerpolitico.mx\\\/wp-content\\\/uploads\\\/2021\\\/12\\\/F8088859-8DB9-4CF7-A607-FFE6F9B42870.webp\",\"articleSection\":[\"Noticias\"],\"inLanguage\":\"es\",\"potentialAction\":[{\"@type\":\"CommentAction\",\"name\":\"Comment\",\"target\":[\"https:\\\/\\\/quehacerpolitico.mx\\\/?p=87251#respond\"]}]},{\"@type\":\"WebPage\",\"@id\":\"https:\\\/\\\/quehacerpolitico.mx\\\/?p=87251\",\"url\":\"https:\\\/\\\/quehacerpolitico.mx\\\/?p=87251\",\"name\":\"Tr\u00e1iler con migrantes no pas\u00f3 por ning\u00fan puesto de revisi\u00f3n: Guardia Nacional -\",\"isPartOf\":{\"@id\":\"https:\\\/\\\/quehacerpolitico.mx\\\/#website\"},\"primaryImageOfPage\":{\"@id\":\"https:\\\/\\\/quehacerpolitico.mx\\\/?p=87251#primaryimage\"},\"image\":{\"@id\":\"https:\\\/\\\/quehacerpolitico.mx\\\/?p=87251#primaryimage\"},\"thumbnailUrl\":\"https:\\\/\\\/quehacerpolitico.mx\\\/wp-content\\\/uploads\\\/2021\\\/12\\\/F8088859-8DB9-4CF7-A607-FFE6F9B42870.webp\",\"datePublished\":\"2021-12-10T17:52:41+00:00\",\"dateModified\":\"2021-12-10T17:52:45+00:00\",\"author\":{\"@id\":\"https:\\\/\\\/quehacerpolitico.mx\\\/#\\\/schema\\\/person\\\/496d8ad2d1d3f8036101dca7ee39e585\"},\"breadcrumb\":{\"@id\":\"https:\\\/\\\/quehacerpolitico.mx\\\/?p=87251#breadcrumb\"},\"inLanguage\":\"es\",\"potentialAction\":[{\"@type\":\"ReadAction\",\"target\":[\"https:\\\/\\\/quehacerpolitico.mx\\\/?p=87251\"]}]},{\"@type\":\"ImageObject\",\"inLanguage\":\"es\",\"@id\":\"https:\\\/\\\/quehacerpolitico.mx\\\/?p=87251#primaryimage\",\"url\":\"https:\\\/\\\/quehacerpolitico.mx\\\/wp-content\\\/uploads\\\/2021\\\/12\\\/F8088859-8DB9-4CF7-A607-FFE6F9B42870.webp\",\"contentUrl\":\"https:\\\/\\\/quehacerpolitico.mx\\\/wp-content\\\/uploads\\\/2021\\\/12\\\/F8088859-8DB9-4CF7-A607-FFE6F9B42870.webp\",\"width\":700,\"height\":525},{\"@type\":\"BreadcrumbList\",\"@id\":\"https:\\\/\\\/quehacerpolitico.mx\\\/?p=87251#breadcrumb\",\"itemListElement\":[{\"@type\":\"ListItem\",\"position\":1,\"name\":\"Inicio\",\"item\":\"https:\\\/\\\/quehacerpolitico.mx\\\/\"},{\"@type\":\"ListItem\",\"position\":2,\"name\":\"Tr\u00e1iler con migrantes no pas\u00f3 por ning\u00fan puesto de revisi\u00f3n: Guardia Nacional\"}]},{\"@type\":\"WebSite\",\"@id\":\"https:\\\/\\\/quehacerpolitico.mx\\\/#website\",\"url\":\"https:\\\/\\\/quehacerpolitico.mx\\\/\",\"name\":\"\",\"description\":\"\",\"potentialAction\":[{\"@type\":\"SearchAction\",\"target\":{\"@type\":\"EntryPoint\",\"urlTemplate\":\"https:\\\/\\\/quehacerpolitico.mx\\\/?s={search_term_string}\"},\"query-input\":{\"@type\":\"PropertyValueSpecification\",\"valueRequired\":true,\"valueName\":\"search_term_string\"}}],\"inLanguage\":\"es\"},{\"@type\":\"Person\",\"@id\":\"https:\\\/\\\/quehacerpolitico.mx\\\/#\\\/schema\\\/person\\\/496d8ad2d1d3f8036101dca7ee39e585\",\"name\":\"Redacci\u00f3n QP\",\"image\":{\"@type\":\"ImageObject\",\"inLanguage\":\"es\",\"@id\":\"https:\\\/\\\/secure.gravatar.com\\\/avatar\\\/c7164ed6fdec453195284ad24a5ae5b6e1eed2b848477fa2a4787ba9adf39a41?s=96&d=mm&r=g\",\"url\":\"https:\\\/\\\/secure.gravatar.com\\\/avatar\\\/c7164ed6fdec453195284ad24a5ae5b6e1eed2b848477fa2a4787ba9adf39a41?s=96&d=mm&r=g\",\"contentUrl\":\"https:\\\/\\\/secure.gravatar.com\\\/avatar\\\/c7164ed6fdec453195284ad24a5ae5b6e1eed2b848477fa2a4787ba9adf39a41?s=96&d=mm&r=g\",\"caption\":\"Redacci\u00f3n QP\"},\"url\":\"https:\\\/\\\/quehacerpolitico.mx\\\/?author=2\"}]}<\/script>\n<!-- \/ Yoast SEO plugin. -->","yoast_head_json":{"title":"Tr\u00e1iler con migrantes no pas\u00f3 por ning\u00fan puesto de revisi\u00f3n: Guardia Nacional -","robots":{"index":"index","follow":"follow","max-snippet":"max-snippet:-1","max-image-preview":"max-image-preview:large","max-video-preview":"max-video-preview:-1"},"canonical":"https:\/\/quehacerpolitico.mx\/?p=87251","og_locale":"es_MX","og_type":"article","og_title":"Tr\u00e1iler con migrantes no pas\u00f3 por ning\u00fan puesto de revisi\u00f3n: Guardia Nacional -","og_description":"Por Redacci\u00f3n QP El comandante de la Guardia Nacional tambi\u00e9n mencion\u00f3 que el ch\u00f3fer del...","og_url":"https:\/\/quehacerpolitico.mx\/?p=87251","article_published_time":"2021-12-10T17:52:41+00:00","article_modified_time":"2021-12-10T17:52:45+00:00","og_image":[{"width":700,"height":525,"url":"https:\/\/quehacerpolitico.mx\/wp-content\/uploads\/2021\/12\/F8088859-8DB9-4CF7-A607-FFE6F9B42870.webp","type":"image\/webp"}],"author":"Redacci\u00f3n QP","twitter_card":"summary_large_image","twitter_misc":{"Escrito por":"Redacci\u00f3n QP","Tiempo de lectura":"1 minuto"},"schema":{"@context":"https:\/\/schema.org","@graph":[{"@type":"Article","@id":"https:\/\/quehacerpolitico.mx\/?p=87251#article","isPartOf":{"@id":"https:\/\/quehacerpolitico.mx\/?p=87251"},"author":{"name":"Redacci\u00f3n QP","@id":"https:\/\/quehacerpolitico.mx\/#\/schema\/person\/496d8ad2d1d3f8036101dca7ee39e585"},"headline":"Tr\u00e1iler con migrantes no pas\u00f3 por ning\u00fan puesto de revisi\u00f3n: Guardia Nacional","datePublished":"2021-12-10T17:52:41+00:00","dateModified":"2021-12-10T17:52:45+00:00","mainEntityOfPage":{"@id":"https:\/\/quehacerpolitico.mx\/?p=87251"},"wordCount":296,"commentCount":0,"image":{"@id":"https:\/\/quehacerpolitico.mx\/?p=87251#primaryimage"},"thumbnailUrl":"https:\/\/quehacerpolitico.mx\/wp-content\/uploads\/2021\/12\/F8088859-8DB9-4CF7-A607-FFE6F9B42870.webp","articleSection":["Noticias"],"inLanguage":"es","potentialAction":[{"@type":"CommentAction","name":"Comment","target":["https:\/\/quehacerpolitico.mx\/?p=87251#respond"]}]},{"@type":"WebPage","@id":"https:\/\/quehacerpolitico.mx\/?p=87251","url":"https:\/\/quehacerpolitico.mx\/?p=87251","name":"Tr\u00e1iler con migrantes no pas\u00f3 por ning\u00fan puesto de revisi\u00f3n: Guardia Nacional -","isPartOf":{"@id":"https:\/\/quehacerpolitico.mx\/#website"},"primaryImageOfPage":{"@id":"https:\/\/quehacerpolitico.mx\/?p=87251#primaryimage"},"image":{"@id":"https:\/\/quehacerpolitico.mx\/?p=87251#primaryimage"},"thumbnailUrl":"https:\/\/quehacerpolitico.mx\/wp-content\/uploads\/2021\/12\/F8088859-8DB9-4CF7-A607-FFE6F9B42870.webp","datePublished":"2021-12-10T17:52:41+00:00","dateModified":"2021-12-10T17:52:45+00:00","author":{"@id":"https:\/\/quehacerpolitico.mx\/#\/schema\/person\/496d8ad2d1d3f8036101dca7ee39e585"},"breadcrumb":{"@id":"https:\/\/quehacerpolitico.mx\/?p=87251#breadcrumb"},"inLanguage":"es","potentialAction":[{"@type":"ReadAction","target":["https:\/\/quehacerpolitico.mx\/?p=87251"]}]},{"@type":"ImageObject","inLanguage":"es","@id":"https:\/\/quehacerpolitico.mx\/?p=87251#primaryimage","url":"https:\/\/quehacerpolitico.mx\/wp-content\/uploads\/2021\/12\/F8088859-8DB9-4CF7-A607-FFE6F9B42870.webp","contentUrl":"https:\/\/quehacerpolitico.mx\/wp-content\/uploads\/2021\/12\/F8088859-8DB9-4CF7-A607-FFE6F9B42870.webp","width":700,"height":525},{"@type":"BreadcrumbList","@id":"https:\/\/quehacerpolitico.mx\/?p=87251#breadcrumb","itemListElement":[{"@type":"ListItem","position":1,"name":"Inicio","item":"https:\/\/quehacerpolitico.mx\/"},{"@type":"ListItem","position":2,"name":"Tr\u00e1iler con migrantes no pas\u00f3 por ning\u00fan puesto de revisi\u00f3n: Guardia Nacional"}]},{"@type":"WebSite","@id":"https:\/\/quehacerpolitico.mx\/#website","url":"https:\/\/quehacerpolitico.mx\/","name":"","description":"","potentialAction":[{"@type":"SearchAction","target":{"@type":"EntryPoint","urlTemplate":"https:\/\/quehacerpolitico.mx\/?s={search_term_string}"},"query-input":{"@type":"PropertyValueSpecification","valueRequired":true,"valueName":"search_term_string"}}],"inLanguage":"es"},{"@type":"Person","@id":"https:\/\/quehacerpolitico.mx\/#\/schema\/person\/496d8ad2d1d3f8036101dca7ee39e585","name":"Redacci\u00f3n QP","image":{"@type":"ImageObject","inLanguage":"es","@id":"https:\/\/secure.gravatar.com\/avatar\/c7164ed6fdec453195284ad24a5ae5b6e1eed2b848477fa2a4787ba9adf39a41?s=96&d=mm&r=g","url":"https:\/\/secure.gravatar.com\/avatar\/c7164ed6fdec453195284ad24a5ae5b6e1eed2b848477fa2a4787ba9adf39a41?s=96&d=mm&r=g","contentUrl":"https:\/\/secure.gravatar.com\/avatar\/c7164ed6fdec453195284ad24a5ae5b6e1eed2b848477fa2a4787ba9adf39a41?s=96&d=mm&r=g","caption":"Redacci\u00f3n QP"},"url":"https:\/\/quehacerpolitico.mx\/?author=2"}]}},"featured_image_urls":{"full":["https:\/\/quehacerpolitico.mx\/wp-content\/uploads\/2021\/12\/F8088859-8DB9-4CF7-A607-FFE6F9B42870.webp",700,525,false],"thumbnail":["https:\/\/quehacerpolitico.mx\/wp-content\/uploads\/2021\/12\/F8088859-8DB9-4CF7-A607-FFE6F9B42870-150x150.webp",150,150,true],"medium":["https:\/\/quehacerpolitico.mx\/wp-content\/uploads\/2021\/12\/F8088859-8DB9-4CF7-A607-FFE6F9B42870-300x225.webp",300,225,true],"medium_large":["https:\/\/quehacerpolitico.mx\/wp-content\/uploads\/2021\/12\/F8088859-8DB9-4CF7-A607-FFE6F9B42870.webp",640,480,false],"large":["https:\/\/quehacerpolitico.mx\/wp-content\/uploads\/2021\/12\/F8088859-8DB9-4CF7-A607-FFE6F9B42870.webp",640,480,false],"1536x1536":["https:\/\/quehacerpolitico.mx\/wp-content\/uploads\/2021\/12\/F8088859-8DB9-4CF7-A607-FFE6F9B42870.webp",700,525,false],"2048x2048":["https:\/\/quehacerpolitico.mx\/wp-content\/uploads\/2021\/12\/F8088859-8DB9-4CF7-A607-FFE6F9B42870.webp",700,525,false],"covernews-featured":["https:\/\/quehacerpolitico.mx\/wp-content\/uploads\/2021\/12\/F8088859-8DB9-4CF7-A607-FFE6F9B42870.webp",700,525,false],"covernews-medium":["https:\/\/quehacerpolitico.mx\/wp-content\/uploads\/2021\/12\/F8088859-8DB9-4CF7-A607-FFE6F9B42870.webp",453,340,false]},"author_info":{"display_name":"Redacci\u00f3n QP","author_link":"https:\/\/quehacerpolitico.mx\/?author=2"},"category_info":"<a href=\"https:\/\/quehacerpolitico.mx\/?cat=2\" rel=\"category\">Noticias<\/a>","tag_info":"Noticias","comment_count":"0","_links":{"self":[{"href":"https:\/\/quehacerpolitico.mx\/index.php?rest_route=\/wp\/v2\/posts\/87251","targetHints":{"allow":["GET"]}}],"collection":[{"href":"https:\/\/quehacerpolitico.mx\/index.php?rest_route=\/wp\/v2\/posts"}],"about":[{"href":"https:\/\/quehacerpolitico.mx\/index.php?rest_route=\/wp\/v2\/types\/post"}],"author":[{"embeddable":true,"href":"https:\/\/quehacerpolitico.mx\/index.php?rest_route=\/wp\/v2\/users\/2"}],"replies":[{"embeddable":true,"href":"https:\/\/quehacerpolitico.mx\/index.php?rest_route=%2Fwp%2Fv2%2Fcomments&post=87251"}],"version-history":[{"count":1,"href":"https:\/\/quehacerpolitico.mx\/index.php?rest_route=\/wp\/v2\/posts\/87251\/revisions"}],"predecessor-version":[{"id":87252,"href":"https:\/\/quehacerpolitico.mx\/index.php?rest_route=\/wp\/v2\/posts\/87251\/revisions\/87252"}],"wp:featuredmedia":[{"embeddable":true,"href":"https:\/\/quehacerpolitico.mx\/index.php?rest_route=\/wp\/v2\/media\/87233"}],"wp:attachment":[{"href":"https:\/\/quehacerpolitico.mx\/index.php?rest_route=%2Fwp%2Fv2%2Fmedia&parent=87251"}],"wp:term":[{"taxonomy":"category","embeddable":true,"href":"https:\/\/quehacerpolitico.mx\/index.php?rest_route=%2Fwp%2Fv2%2Fcategories&post=87251"},{"taxonomy":"post_tag","embeddable":true,"href":"https:\/\/quehacerpolitico.mx\/index.php?rest_route=%2Fwp%2Fv2%2Ftags&post=87251"}],"curies":[{"name":"wp","href":"https:\/\/api.w.org\/{rel}","templated":true}]}}