{"id":87239,"date":"2021-12-10T04:27:17","date_gmt":"2021-12-10T04:27:17","guid":{"rendered":"https:\/\/quehacerpolitico.mx\/?p=87239"},"modified":"2021-12-10T04:27:20","modified_gmt":"2021-12-10T04:27:20","slug":"vinculan-a-proceso-a-el-ojos-lider-de-la-union-tepito","status":"publish","type":"post","link":"https:\/\/quehacerpolitico.mx\/?p=87239","title":{"rendered":"Vinculan a proceso a &#8220;El Ojos&#8221;, l\u00edder de la Uni\u00f3n Tepito"},"content":{"rendered":"\n<p>Por Redacci\u00f3n QP<\/p>\n\n\n\n<p>Esteban &#8220;M&#8221; fue detenido la semana pasada por agentes de la Polic\u00eda Federal Ministerial\u00a0con apoyo del Ej\u00e9rcito mexicano<\/p>\n\n\n\n<p>La Fiscal\u00eda General de la Rep\u00fablica (FGR) obtuvo de juez de control vinculaci\u00f3n a proceso en contra de&nbsp;Esteban &#8220;M&#8221;, alias &#8220;El Ojos&#8221;, presunto l\u00edder de la<em>Uni\u00f3n Tepito<\/em>&nbsp;que opera en la capital del pa\u00eds como brazo del&nbsp;<em>C\u00e1rtel &nbsp;Nueva Generaci\u00f3n<\/em>&nbsp;(CNG), por su&nbsp;<strong>probable responsabilidad en el delito de delincuencia organizada con la finalidad de cometer delitos contra la salud.<\/strong><\/p>\n\n\n\n<p>\u00a0&#8220;El Ojos&#8221; fue detenido la semana pasada por agentes de la Polic\u00eda Federal Ministerial (PFM), con apoyo del Ej\u00e9rcito mexicano, en conjunto con\u00a0Antonio &#8220;E&#8221;\u00a0y\u00a0Adriana &#8220;P&#8221;, quienes tambi\u00e9n fueron vinculados a proceso por el mismo delito, al cumplimentar \u00f3rdenes de cateo en inmuebles de la Ciudad de M\u00e9xico y el Estado de M\u00e9xico.<\/p>\n\n\n\n<p>Esteban &#8220;M&#8221;\u00a0era considerado por la FGR como el principal distribuidor de drogas en las alcald\u00edas Gustavo A. Madero y Venustiano Carranza, en la Ciudad de M\u00e9xico, as\u00ed como en el municipio de San Vicente Chicoloapan, Estado de M\u00e9xico.<\/p>\n\n\n\n<h4 class=\"wp-block-heading\">Cae Esteban &#8220;N&#8221;, presunto jefe de una c\u00e9lula de la Uni\u00f3n Tepito<\/h4>\n\n\n\n<p>&nbsp;Derivado de la investigaci\u00f3n realizada por la Fiscal\u00eda Especializada en Materia de Delincuencia Organizada (FEMDO) de la FGR, en coordinaci\u00f3n con el Centro Nacional de Inteligencia (CNI), para detectar organizaciones criminales con presencia en la capital del pa\u00eds y Estado de M\u00e9xico, se ubic\u00f3 a&nbsp;Esteban &#8220;N&#8221;&nbsp;y a sus c\u00f3mplices en diversos inmuebles de la capital del pa\u00eds y del Estado de M\u00e9xico, en algunos de los cuales se localizaron diversas drogas.<\/p>\n\n\n\n<p>\u00a0Esteban &#8220;M&#8221;\u00a0y\u00a0Antonio &#8220;E&#8221;\u00a0fueron recluidos en el penal de m\u00e1xima seguridad del &#8220;Altiplano&#8221;, en Almoloya de Ju\u00e1rez; mientras que\u00a0Adriana &#8220;P&#8221;, en el Centro Federal de Readaptaci\u00f3n Social CPS 16 femenil en Morelos.<\/p>\n\n\n\n<p>El juez de Control otorg\u00f3 tres meses para la investigaci\u00f3n complementaria.<\/p>\n\n\n\n<p>Con Informaci\u00f3n de SUN <\/p>\n","protected":false},"excerpt":{"rendered":"<p>Por Redacci\u00f3n QP Esteban &#8220;M&#8221; fue detenido la semana pasada por agentes de la Polic\u00eda&#8230;<\/p>\n","protected":false},"author":2,"featured_media":87240,"comment_status":"open","ping_status":"open","sticky":false,"template":"","format":"standard","meta":{"_monsterinsights_skip_tracking":false,"_monsterinsights_sitenote_active":false,"_monsterinsights_sitenote_note":"","_monsterinsights_sitenote_category":0,"footnotes":""},"categories":[55],"tags":[],"class_list":["post-87239","post","type-post","status-publish","format-standard","has-post-thumbnail","hentry","category-cdmx"],"yoast_head":"<!-- This site is optimized with the Yoast SEO plugin v27.3 - https:\/\/yoast.com\/product\/yoast-seo-wordpress\/ -->\n<title>Vinculan a proceso a &quot;El Ojos&quot;, l\u00edder de la Uni\u00f3n Tepito -<\/title>\n<meta name=\"robots\" content=\"index, follow, max-snippet:-1, max-image-preview:large, max-video-preview:-1\" \/>\n<link rel=\"canonical\" href=\"https:\/\/quehacerpolitico.mx\/?p=87239\" \/>\n<meta property=\"og:locale\" content=\"es_MX\" \/>\n<meta property=\"og:type\" content=\"article\" \/>\n<meta property=\"og:title\" content=\"Vinculan a proceso a &quot;El Ojos&quot;, l\u00edder de la Uni\u00f3n Tepito -\" \/>\n<meta property=\"og:description\" content=\"Por Redacci\u00f3n QP Esteban &#8220;M&#8221; fue detenido la semana pasada por agentes de la Polic\u00eda...\" \/>\n<meta property=\"og:url\" content=\"https:\/\/quehacerpolitico.mx\/?p=87239\" \/>\n<meta property=\"article:published_time\" content=\"2021-12-10T04:27:17+00:00\" \/>\n<meta property=\"article:modified_time\" content=\"2021-12-10T04:27:20+00:00\" \/>\n<meta property=\"og:image\" content=\"https:\/\/quehacerpolitico.mx\/wp-content\/uploads\/2021\/12\/5EA590DD-F567-43A8-B309-BF303B571573.jpeg\" \/>\n\t<meta property=\"og:image:width\" content=\"710\" \/>\n\t<meta property=\"og:image:height\" content=\"432\" \/>\n\t<meta property=\"og:image:type\" content=\"image\/jpeg\" \/>\n<meta name=\"author\" content=\"Redacci\u00f3n QP\" \/>\n<meta name=\"twitter:card\" content=\"summary_large_image\" \/>\n<meta name=\"twitter:label1\" content=\"Escrito por\" \/>\n\t<meta name=\"twitter:data1\" content=\"Redacci\u00f3n QP\" \/>\n\t<meta name=\"twitter:label2\" content=\"Tiempo de lectura\" \/>\n\t<meta name=\"twitter:data2\" content=\"2 minutos\" \/>\n<script type=\"application\/ld+json\" class=\"yoast-schema-graph\">{\"@context\":\"https:\\\/\\\/schema.org\",\"@graph\":[{\"@type\":\"Article\",\"@id\":\"https:\\\/\\\/quehacerpolitico.mx\\\/?p=87239#article\",\"isPartOf\":{\"@id\":\"https:\\\/\\\/quehacerpolitico.mx\\\/?p=87239\"},\"author\":{\"name\":\"Redacci\u00f3n QP\",\"@id\":\"https:\\\/\\\/quehacerpolitico.mx\\\/#\\\/schema\\\/person\\\/496d8ad2d1d3f8036101dca7ee39e585\"},\"headline\":\"Vinculan a proceso a &#8220;El Ojos&#8221;, l\u00edder de la Uni\u00f3n Tepito\",\"datePublished\":\"2021-12-10T04:27:17+00:00\",\"dateModified\":\"2021-12-10T04:27:20+00:00\",\"mainEntityOfPage\":{\"@id\":\"https:\\\/\\\/quehacerpolitico.mx\\\/?p=87239\"},\"wordCount\":367,\"commentCount\":0,\"image\":{\"@id\":\"https:\\\/\\\/quehacerpolitico.mx\\\/?p=87239#primaryimage\"},\"thumbnailUrl\":\"https:\\\/\\\/quehacerpolitico.mx\\\/wp-content\\\/uploads\\\/2021\\\/12\\\/5EA590DD-F567-43A8-B309-BF303B571573.jpeg\",\"articleSection\":[\"CDMX\"],\"inLanguage\":\"es\",\"potentialAction\":[{\"@type\":\"CommentAction\",\"name\":\"Comment\",\"target\":[\"https:\\\/\\\/quehacerpolitico.mx\\\/?p=87239#respond\"]}]},{\"@type\":\"WebPage\",\"@id\":\"https:\\\/\\\/quehacerpolitico.mx\\\/?p=87239\",\"url\":\"https:\\\/\\\/quehacerpolitico.mx\\\/?p=87239\",\"name\":\"Vinculan a proceso a \\\"El Ojos\\\", l\u00edder de la Uni\u00f3n Tepito -\",\"isPartOf\":{\"@id\":\"https:\\\/\\\/quehacerpolitico.mx\\\/#website\"},\"primaryImageOfPage\":{\"@id\":\"https:\\\/\\\/quehacerpolitico.mx\\\/?p=87239#primaryimage\"},\"image\":{\"@id\":\"https:\\\/\\\/quehacerpolitico.mx\\\/?p=87239#primaryimage\"},\"thumbnailUrl\":\"https:\\\/\\\/quehacerpolitico.mx\\\/wp-content\\\/uploads\\\/2021\\\/12\\\/5EA590DD-F567-43A8-B309-BF303B571573.jpeg\",\"datePublished\":\"2021-12-10T04:27:17+00:00\",\"dateModified\":\"2021-12-10T04:27:20+00:00\",\"author\":{\"@id\":\"https:\\\/\\\/quehacerpolitico.mx\\\/#\\\/schema\\\/person\\\/496d8ad2d1d3f8036101dca7ee39e585\"},\"breadcrumb\":{\"@id\":\"https:\\\/\\\/quehacerpolitico.mx\\\/?p=87239#breadcrumb\"},\"inLanguage\":\"es\",\"potentialAction\":[{\"@type\":\"ReadAction\",\"target\":[\"https:\\\/\\\/quehacerpolitico.mx\\\/?p=87239\"]}]},{\"@type\":\"ImageObject\",\"inLanguage\":\"es\",\"@id\":\"https:\\\/\\\/quehacerpolitico.mx\\\/?p=87239#primaryimage\",\"url\":\"https:\\\/\\\/quehacerpolitico.mx\\\/wp-content\\\/uploads\\\/2021\\\/12\\\/5EA590DD-F567-43A8-B309-BF303B571573.jpeg\",\"contentUrl\":\"https:\\\/\\\/quehacerpolitico.mx\\\/wp-content\\\/uploads\\\/2021\\\/12\\\/5EA590DD-F567-43A8-B309-BF303B571573.jpeg\",\"width\":710,\"height\":432},{\"@type\":\"BreadcrumbList\",\"@id\":\"https:\\\/\\\/quehacerpolitico.mx\\\/?p=87239#breadcrumb\",\"itemListElement\":[{\"@type\":\"ListItem\",\"position\":1,\"name\":\"Inicio\",\"item\":\"https:\\\/\\\/quehacerpolitico.mx\\\/\"},{\"@type\":\"ListItem\",\"position\":2,\"name\":\"Vinculan a proceso a &#8220;El Ojos&#8221;, l\u00edder de la Uni\u00f3n Tepito\"}]},{\"@type\":\"WebSite\",\"@id\":\"https:\\\/\\\/quehacerpolitico.mx\\\/#website\",\"url\":\"https:\\\/\\\/quehacerpolitico.mx\\\/\",\"name\":\"\",\"description\":\"\",\"potentialAction\":[{\"@type\":\"SearchAction\",\"target\":{\"@type\":\"EntryPoint\",\"urlTemplate\":\"https:\\\/\\\/quehacerpolitico.mx\\\/?s={search_term_string}\"},\"query-input\":{\"@type\":\"PropertyValueSpecification\",\"valueRequired\":true,\"valueName\":\"search_term_string\"}}],\"inLanguage\":\"es\"},{\"@type\":\"Person\",\"@id\":\"https:\\\/\\\/quehacerpolitico.mx\\\/#\\\/schema\\\/person\\\/496d8ad2d1d3f8036101dca7ee39e585\",\"name\":\"Redacci\u00f3n QP\",\"image\":{\"@type\":\"ImageObject\",\"inLanguage\":\"es\",\"@id\":\"https:\\\/\\\/secure.gravatar.com\\\/avatar\\\/c7164ed6fdec453195284ad24a5ae5b6e1eed2b848477fa2a4787ba9adf39a41?s=96&d=mm&r=g\",\"url\":\"https:\\\/\\\/secure.gravatar.com\\\/avatar\\\/c7164ed6fdec453195284ad24a5ae5b6e1eed2b848477fa2a4787ba9adf39a41?s=96&d=mm&r=g\",\"contentUrl\":\"https:\\\/\\\/secure.gravatar.com\\\/avatar\\\/c7164ed6fdec453195284ad24a5ae5b6e1eed2b848477fa2a4787ba9adf39a41?s=96&d=mm&r=g\",\"caption\":\"Redacci\u00f3n QP\"},\"url\":\"https:\\\/\\\/quehacerpolitico.mx\\\/?author=2\"}]}<\/script>\n<!-- \/ Yoast SEO plugin. -->","yoast_head_json":{"title":"Vinculan a proceso a \"El Ojos\", l\u00edder de la Uni\u00f3n Tepito -","robots":{"index":"index","follow":"follow","max-snippet":"max-snippet:-1","max-image-preview":"max-image-preview:large","max-video-preview":"max-video-preview:-1"},"canonical":"https:\/\/quehacerpolitico.mx\/?p=87239","og_locale":"es_MX","og_type":"article","og_title":"Vinculan a proceso a \"El Ojos\", l\u00edder de la Uni\u00f3n Tepito -","og_description":"Por Redacci\u00f3n QP Esteban &#8220;M&#8221; fue detenido la semana pasada por agentes de la Polic\u00eda...","og_url":"https:\/\/quehacerpolitico.mx\/?p=87239","article_published_time":"2021-12-10T04:27:17+00:00","article_modified_time":"2021-12-10T04:27:20+00:00","og_image":[{"width":710,"height":432,"url":"https:\/\/quehacerpolitico.mx\/wp-content\/uploads\/2021\/12\/5EA590DD-F567-43A8-B309-BF303B571573.jpeg","type":"image\/jpeg"}],"author":"Redacci\u00f3n QP","twitter_card":"summary_large_image","twitter_misc":{"Escrito por":"Redacci\u00f3n QP","Tiempo de lectura":"2 minutos"},"schema":{"@context":"https:\/\/schema.org","@graph":[{"@type":"Article","@id":"https:\/\/quehacerpolitico.mx\/?p=87239#article","isPartOf":{"@id":"https:\/\/quehacerpolitico.mx\/?p=87239"},"author":{"name":"Redacci\u00f3n QP","@id":"https:\/\/quehacerpolitico.mx\/#\/schema\/person\/496d8ad2d1d3f8036101dca7ee39e585"},"headline":"Vinculan a proceso a &#8220;El Ojos&#8221;, l\u00edder de la Uni\u00f3n Tepito","datePublished":"2021-12-10T04:27:17+00:00","dateModified":"2021-12-10T04:27:20+00:00","mainEntityOfPage":{"@id":"https:\/\/quehacerpolitico.mx\/?p=87239"},"wordCount":367,"commentCount":0,"image":{"@id":"https:\/\/quehacerpolitico.mx\/?p=87239#primaryimage"},"thumbnailUrl":"https:\/\/quehacerpolitico.mx\/wp-content\/uploads\/2021\/12\/5EA590DD-F567-43A8-B309-BF303B571573.jpeg","articleSection":["CDMX"],"inLanguage":"es","potentialAction":[{"@type":"CommentAction","name":"Comment","target":["https:\/\/quehacerpolitico.mx\/?p=87239#respond"]}]},{"@type":"WebPage","@id":"https:\/\/quehacerpolitico.mx\/?p=87239","url":"https:\/\/quehacerpolitico.mx\/?p=87239","name":"Vinculan a proceso a \"El Ojos\", l\u00edder de la Uni\u00f3n Tepito -","isPartOf":{"@id":"https:\/\/quehacerpolitico.mx\/#website"},"primaryImageOfPage":{"@id":"https:\/\/quehacerpolitico.mx\/?p=87239#primaryimage"},"image":{"@id":"https:\/\/quehacerpolitico.mx\/?p=87239#primaryimage"},"thumbnailUrl":"https:\/\/quehacerpolitico.mx\/wp-content\/uploads\/2021\/12\/5EA590DD-F567-43A8-B309-BF303B571573.jpeg","datePublished":"2021-12-10T04:27:17+00:00","dateModified":"2021-12-10T04:27:20+00:00","author":{"@id":"https:\/\/quehacerpolitico.mx\/#\/schema\/person\/496d8ad2d1d3f8036101dca7ee39e585"},"breadcrumb":{"@id":"https:\/\/quehacerpolitico.mx\/?p=87239#breadcrumb"},"inLanguage":"es","potentialAction":[{"@type":"ReadAction","target":["https:\/\/quehacerpolitico.mx\/?p=87239"]}]},{"@type":"ImageObject","inLanguage":"es","@id":"https:\/\/quehacerpolitico.mx\/?p=87239#primaryimage","url":"https:\/\/quehacerpolitico.mx\/wp-content\/uploads\/2021\/12\/5EA590DD-F567-43A8-B309-BF303B571573.jpeg","contentUrl":"https:\/\/quehacerpolitico.mx\/wp-content\/uploads\/2021\/12\/5EA590DD-F567-43A8-B309-BF303B571573.jpeg","width":710,"height":432},{"@type":"BreadcrumbList","@id":"https:\/\/quehacerpolitico.mx\/?p=87239#breadcrumb","itemListElement":[{"@type":"ListItem","position":1,"name":"Inicio","item":"https:\/\/quehacerpolitico.mx\/"},{"@type":"ListItem","position":2,"name":"Vinculan a proceso a &#8220;El Ojos&#8221;, l\u00edder de la Uni\u00f3n Tepito"}]},{"@type":"WebSite","@id":"https:\/\/quehacerpolitico.mx\/#website","url":"https:\/\/quehacerpolitico.mx\/","name":"","description":"","potentialAction":[{"@type":"SearchAction","target":{"@type":"EntryPoint","urlTemplate":"https:\/\/quehacerpolitico.mx\/?s={search_term_string}"},"query-input":{"@type":"PropertyValueSpecification","valueRequired":true,"valueName":"search_term_string"}}],"inLanguage":"es"},{"@type":"Person","@id":"https:\/\/quehacerpolitico.mx\/#\/schema\/person\/496d8ad2d1d3f8036101dca7ee39e585","name":"Redacci\u00f3n QP","image":{"@type":"ImageObject","inLanguage":"es","@id":"https:\/\/secure.gravatar.com\/avatar\/c7164ed6fdec453195284ad24a5ae5b6e1eed2b848477fa2a4787ba9adf39a41?s=96&d=mm&r=g","url":"https:\/\/secure.gravatar.com\/avatar\/c7164ed6fdec453195284ad24a5ae5b6e1eed2b848477fa2a4787ba9adf39a41?s=96&d=mm&r=g","contentUrl":"https:\/\/secure.gravatar.com\/avatar\/c7164ed6fdec453195284ad24a5ae5b6e1eed2b848477fa2a4787ba9adf39a41?s=96&d=mm&r=g","caption":"Redacci\u00f3n QP"},"url":"https:\/\/quehacerpolitico.mx\/?author=2"}]}},"featured_image_urls":{"full":["https:\/\/quehacerpolitico.mx\/wp-content\/uploads\/2021\/12\/5EA590DD-F567-43A8-B309-BF303B571573.jpeg",710,432,false],"thumbnail":["https:\/\/quehacerpolitico.mx\/wp-content\/uploads\/2021\/12\/5EA590DD-F567-43A8-B309-BF303B571573-150x150.jpeg",150,150,true],"medium":["https:\/\/quehacerpolitico.mx\/wp-content\/uploads\/2021\/12\/5EA590DD-F567-43A8-B309-BF303B571573-300x183.jpeg",300,183,true],"medium_large":["https:\/\/quehacerpolitico.mx\/wp-content\/uploads\/2021\/12\/5EA590DD-F567-43A8-B309-BF303B571573.jpeg",640,389,false],"large":["https:\/\/quehacerpolitico.mx\/wp-content\/uploads\/2021\/12\/5EA590DD-F567-43A8-B309-BF303B571573.jpeg",640,389,false],"1536x1536":["https:\/\/quehacerpolitico.mx\/wp-content\/uploads\/2021\/12\/5EA590DD-F567-43A8-B309-BF303B571573.jpeg",710,432,false],"2048x2048":["https:\/\/quehacerpolitico.mx\/wp-content\/uploads\/2021\/12\/5EA590DD-F567-43A8-B309-BF303B571573.jpeg",710,432,false],"covernews-featured":["https:\/\/quehacerpolitico.mx\/wp-content\/uploads\/2021\/12\/5EA590DD-F567-43A8-B309-BF303B571573.jpeg",710,432,false],"covernews-medium":["https:\/\/quehacerpolitico.mx\/wp-content\/uploads\/2021\/12\/5EA590DD-F567-43A8-B309-BF303B571573.jpeg",540,329,false]},"author_info":{"display_name":"Redacci\u00f3n QP","author_link":"https:\/\/quehacerpolitico.mx\/?author=2"},"category_info":"<a href=\"https:\/\/quehacerpolitico.mx\/?cat=55\" rel=\"category\">CDMX<\/a>","tag_info":"CDMX","comment_count":"0","_links":{"self":[{"href":"https:\/\/quehacerpolitico.mx\/index.php?rest_route=\/wp\/v2\/posts\/87239","targetHints":{"allow":["GET"]}}],"collection":[{"href":"https:\/\/quehacerpolitico.mx\/index.php?rest_route=\/wp\/v2\/posts"}],"about":[{"href":"https:\/\/quehacerpolitico.mx\/index.php?rest_route=\/wp\/v2\/types\/post"}],"author":[{"embeddable":true,"href":"https:\/\/quehacerpolitico.mx\/index.php?rest_route=\/wp\/v2\/users\/2"}],"replies":[{"embeddable":true,"href":"https:\/\/quehacerpolitico.mx\/index.php?rest_route=%2Fwp%2Fv2%2Fcomments&post=87239"}],"version-history":[{"count":1,"href":"https:\/\/quehacerpolitico.mx\/index.php?rest_route=\/wp\/v2\/posts\/87239\/revisions"}],"predecessor-version":[{"id":87241,"href":"https:\/\/quehacerpolitico.mx\/index.php?rest_route=\/wp\/v2\/posts\/87239\/revisions\/87241"}],"wp:featuredmedia":[{"embeddable":true,"href":"https:\/\/quehacerpolitico.mx\/index.php?rest_route=\/wp\/v2\/media\/87240"}],"wp:attachment":[{"href":"https:\/\/quehacerpolitico.mx\/index.php?rest_route=%2Fwp%2Fv2%2Fmedia&parent=87239"}],"wp:term":[{"taxonomy":"category","embeddable":true,"href":"https:\/\/quehacerpolitico.mx\/index.php?rest_route=%2Fwp%2Fv2%2Fcategories&post=87239"},{"taxonomy":"post_tag","embeddable":true,"href":"https:\/\/quehacerpolitico.mx\/index.php?rest_route=%2Fwp%2Fv2%2Ftags&post=87239"}],"curies":[{"name":"wp","href":"https:\/\/api.w.org\/{rel}","templated":true}]}}