{"id":87232,"date":"2021-12-10T03:48:11","date_gmt":"2021-12-10T03:48:11","guid":{"rendered":"https:\/\/quehacerpolitico.mx\/?p=87232"},"modified":"2021-12-10T03:48:15","modified_gmt":"2021-12-10T03:48:15","slug":"trailer-con-migrantes-vuelca-en-chiapas-hay-53-muertos","status":"publish","type":"post","link":"https:\/\/quehacerpolitico.mx\/?p=87232","title":{"rendered":"Tr\u00e1iler con migrantes vuelca en Chiapas; hay 53 muertos"},"content":{"rendered":"\n<p>Por Redacci\u00f3n QP<\/p>\n\n\n\n<p>Accidente se registra\u00a0en la carretera entre Chiapa de Corzo y Tuxtla Guti\u00e9rrez<\/p>\n\n\n\n<p><strong>Un tr\u00e1iler que trasladaba decenas de migrantes se volc\u00f3\u00a0<\/strong>esta tarde en la carretera entre Chiapa de Corzo y Tuxtla Guti\u00e9rrez,\u00a0 en Chiapas, que dej\u00f3 un saldo de al menos 53 muertos y 58 lesionados, inform\u00f3 el secretario de Protecci\u00f3n Civil de Chiapas, Luis Manuel Garc\u00eda Moreno.<\/p>\n\n\n\n<p>El accidente automovil\u00edstico se registr\u00f3 en el Puente Belisario Dom\u00ednguez y Ribera Cauhar\u00e9, en el municipio de Chiapa de Corzo, dijo\u00a0Protecci\u00f3n Civil estatal.<\/p>\n\n\n\n<p>Agreg\u00f3 que entre los 58 heridos,\u00a0<strong>\u00a03 se reportan graves<\/strong>, 37\u00a0con lesiones leves y 18 estables, los cuales fueron atendidas en el lugar o\u00a0trasladados a hospitales de la regi\u00f3n metropolitana.<\/p>\n\n\n\n<p>En redes sociales se publicaron varios videos de la zona del accidente.<\/p>\n\n\n\n<figure class=\"wp-block-embed is-type-rich is-provider-twitter wp-block-embed-twitter\"><div class=\"wp-block-embed__wrapper\">\nhttps:\/\/twitter.com\/argenis_yosid\/status\/1469074707567816708?s=21\n<\/div><\/figure>\n\n\n\n<figure class=\"wp-block-embed is-type-rich is-provider-twitter wp-block-embed-twitter\"><div class=\"wp-block-embed__wrapper\">\n<blockquote class=\"twitter-tweet\" data-width=\"550\" data-dnt=\"true\"><p lang=\"es\" dir=\"ltr\">Reportan fuerte accidente sobre carretera Tuxtla &#8211; Chiapa de Corzo a altura de la Col. El Refugio, mencionan qu\u00e9 hay m\u00faltiples heridos, equipos de emergencia laboran en el lugar, tome sus precauciones. <a href=\"https:\/\/t.co\/rg8pA2dhCB\">pic.twitter.com\/rg8pA2dhCB<\/a><\/p>&mdash; Alerta Chiapas (@AlertaChiapas) <a href=\"https:\/\/twitter.com\/AlertaChiapas\/status\/1469062576801824779?ref_src=twsrc%5Etfw\">December 9, 2021<\/a><\/blockquote><script async src=\"https:\/\/platform.twitter.com\/widgets.js\" charset=\"utf-8\"><\/script>\n<\/div><\/figure>\n\n\n\n<p>Garc\u00eda Moreno indic\u00f3 que en el tr\u00e1iler<strong>\u00a0viajaban 107 personas,<\/strong>\u00a0la mayor\u00eda procedentes de Guatemala, seg\u00fan indicaron los sobrevivientes.<\/p>\n\n\n\n<p>En el lugar<strong>, varios ni\u00f1os tambi\u00e9n resultaron lesionados<\/strong>, algunos de ellos que viajaban con sus padres y otros sin acompa\u00f1antes. El chofer del tr\u00e1iler se dio a la fuga.<\/p>\n\n\n\n<figure class=\"wp-block-image size-large\"><img loading=\"lazy\" decoding=\"async\" width=\"1024\" height=\"576\" src=\"https:\/\/quehacerpolitico.mx\/wp-content\/uploads\/2021\/12\/image-11-1024x576.jpeg\" alt=\"\" class=\"wp-image-87234\" srcset=\"https:\/\/quehacerpolitico.mx\/wp-content\/uploads\/2021\/12\/image-11-1024x576.jpeg 1024w, https:\/\/quehacerpolitico.mx\/wp-content\/uploads\/2021\/12\/image-11-300x169.jpeg 300w, https:\/\/quehacerpolitico.mx\/wp-content\/uploads\/2021\/12\/image-11-768x432.jpeg 768w, https:\/\/quehacerpolitico.mx\/wp-content\/uploads\/2021\/12\/image-11-260x146.jpeg 260w, https:\/\/quehacerpolitico.mx\/wp-content\/uploads\/2021\/12\/image-11-50x28.jpeg 50w, https:\/\/quehacerpolitico.mx\/wp-content\/uploads\/2021\/12\/image-11-133x75.jpeg 133w, https:\/\/quehacerpolitico.mx\/wp-content\/uploads\/2021\/12\/image-11-1200x675.jpeg 1200w, https:\/\/quehacerpolitico.mx\/wp-content\/uploads\/2021\/12\/image-11.jpeg 1280w\" sizes=\"auto, (max-width: 1024px) 100vw, 1024px\" \/><\/figure>\n\n\n\n<figure class=\"wp-block-embed is-type-rich is-provider-twitter wp-block-embed-twitter\"><div class=\"wp-block-embed__wrapper\">\n<blockquote class=\"twitter-tweet\" data-width=\"550\" data-dnt=\"true\"><p lang=\"es\" dir=\"ltr\"><a href=\"https:\/\/twitter.com\/hashtag\/AlMomento?src=hash&amp;ref_src=twsrc%5Etfw\">#AlMomento<\/a> || Al corte de las 18 horas de este 9 de diciembre, 49 personas migrantes han muerto por el accidente en el Puente Belisario Dom\u00ednguez, en la v\u00eda que conecta a <a href=\"https:\/\/twitter.com\/hashtag\/ChiapadeCorzo?src=hash&amp;ref_src=twsrc%5Etfw\">#ChiapadeCorzo<\/a> con <a href=\"https:\/\/twitter.com\/hashtag\/TuxtlaGuti%C3%A9rrez?src=hash&amp;ref_src=twsrc%5Etfw\">#TuxtlaGuti\u00e9rrez<\/a>, <a href=\"https:\/\/twitter.com\/hashtag\/Chiapas?src=hash&amp;ref_src=twsrc%5Etfw\">#Chiapas<\/a>, confirm\u00f3 el delegado de la Cruz Roja <a href=\"https:\/\/twitter.com\/paconazar?ref_src=twsrc%5Etfw\">@paconazar<\/a> <a href=\"https:\/\/t.co\/icMdAZjj3s\">pic.twitter.com\/icMdAZjj3s<\/a><\/p>&mdash; Alerta Chiapas (@AlertaChiapas) <a href=\"https:\/\/twitter.com\/AlertaChiapas\/status\/1469113542083166208?ref_src=twsrc%5Etfw\">December 10, 2021<\/a><\/blockquote><script async src=\"https:\/\/platform.twitter.com\/widgets.js\" charset=\"utf-8\"><\/script>\n<\/div><\/figure>\n\n\n\n<figure class=\"wp-block-embed is-type-rich is-provider-twitter wp-block-embed-twitter\"><div class=\"wp-block-embed__wrapper\">\n<blockquote class=\"twitter-tweet\" data-width=\"550\" data-dnt=\"true\"><p lang=\"es\" dir=\"ltr\">Tragedia en Chiapas por accidente en el que, hasta ahora han contado 49 migrantes muertos <a href=\"https:\/\/t.co\/oVkBzt4waO\">https:\/\/t.co\/oVkBzt4waO<\/a><\/p>&mdash; Gustavo Caballero (@gusmx2) <a href=\"https:\/\/twitter.com\/gusmx2\/status\/1469105765226930193?ref_src=twsrc%5Etfw\">December 10, 2021<\/a><\/blockquote><script async src=\"https:\/\/platform.twitter.com\/widgets.js\" charset=\"utf-8\"><\/script>\n<\/div><\/figure>\n\n\n\n<p>Al lugar llegaron cuerpos de socorro de la Cruz Roja Mexicana, Protecci\u00f3n Civil, Bomberos y otros grupos de rescate.<\/p>\n\n\n\n<p>El&nbsp;<strong>gobernador Rutilio Escand\u00f3n<\/strong>&nbsp;dijo que ha instruido dar puntual atenci\u00f3n y auxilio a las y los lesionados, adem\u00e1s de que se &#8220;determinar\u00e1n responsabilidades de acuerdo a la ley&#8221;.<\/p>\n\n\n\n<h2 class=\"wp-block-heading\">Tr\u00e1iler impact\u00f3 en muro de contenci\u00f3n<\/h2>\n\n\n\n<p>Fuentes de socorro dieron a conocer que hacia las 15:26 horas, un tr\u00e1iler que circulaba en el tramo Chiapa-Tuxtla, se impact\u00f3 en un muro de contenci\u00f3n al momento que sali\u00f3 de una curva, para luego impactarse contra el muro de un puente peatonal y. como consecuencia. la caja se desprendi\u00f3 y gir\u00f3 sobre el asfalto. &nbsp;<\/p>\n\n\n\n<p>Cuando&nbsp;la caja se desprendi\u00f3 del tractor, los migrantes salieron proyectados hacia la cinta asf\u00e1ltica. &nbsp;<\/p>\n\n\n\n<p><em>Con informaci\u00f3n de SUN<\/em><\/p>\n","protected":false},"excerpt":{"rendered":"<p>Por Redacci\u00f3n QP Accidente se registra\u00a0en la carretera entre Chiapa de Corzo y Tuxtla Guti\u00e9rrez&#8230;<\/p>\n","protected":false},"author":2,"featured_media":87233,"comment_status":"open","ping_status":"open","sticky":false,"template":"","format":"standard","meta":{"_monsterinsights_skip_tracking":false,"_monsterinsights_sitenote_active":false,"_monsterinsights_sitenote_note":"","_monsterinsights_sitenote_category":0,"footnotes":""},"categories":[2],"tags":[],"class_list":["post-87232","post","type-post","status-publish","format-standard","has-post-thumbnail","hentry","category-noticias"],"yoast_head":"<!-- This site is optimized with the Yoast SEO plugin v27.3 - https:\/\/yoast.com\/product\/yoast-seo-wordpress\/ -->\n<title>Tr\u00e1iler con migrantes vuelca en Chiapas; hay 53 muertos -<\/title>\n<meta name=\"robots\" content=\"index, follow, max-snippet:-1, max-image-preview:large, max-video-preview:-1\" \/>\n<link rel=\"canonical\" href=\"https:\/\/quehacerpolitico.mx\/?p=87232\" \/>\n<meta property=\"og:locale\" content=\"es_MX\" \/>\n<meta property=\"og:type\" content=\"article\" \/>\n<meta property=\"og:title\" content=\"Tr\u00e1iler con migrantes vuelca en Chiapas; hay 53 muertos -\" \/>\n<meta property=\"og:description\" content=\"Por Redacci\u00f3n QP Accidente se registra\u00a0en la carretera entre Chiapa de Corzo y Tuxtla Guti\u00e9rrez...\" \/>\n<meta property=\"og:url\" content=\"https:\/\/quehacerpolitico.mx\/?p=87232\" \/>\n<meta property=\"article:published_time\" content=\"2021-12-10T03:48:11+00:00\" \/>\n<meta property=\"article:modified_time\" content=\"2021-12-10T03:48:15+00:00\" \/>\n<meta property=\"og:image\" content=\"https:\/\/quehacerpolitico.mx\/wp-content\/uploads\/2021\/12\/F8088859-8DB9-4CF7-A607-FFE6F9B42870.webp\" \/>\n\t<meta property=\"og:image:width\" content=\"700\" \/>\n\t<meta property=\"og:image:height\" content=\"525\" \/>\n\t<meta property=\"og:image:type\" content=\"image\/webp\" \/>\n<meta name=\"author\" content=\"Redacci\u00f3n QP\" \/>\n<meta name=\"twitter:card\" content=\"summary_large_image\" \/>\n<meta name=\"twitter:label1\" content=\"Escrito por\" \/>\n\t<meta name=\"twitter:data1\" content=\"Redacci\u00f3n QP\" \/>\n\t<meta name=\"twitter:label2\" content=\"Tiempo de lectura\" \/>\n\t<meta name=\"twitter:data2\" content=\"2 minutos\" \/>\n<script type=\"application\/ld+json\" class=\"yoast-schema-graph\">{\"@context\":\"https:\\\/\\\/schema.org\",\"@graph\":[{\"@type\":\"Article\",\"@id\":\"https:\\\/\\\/quehacerpolitico.mx\\\/?p=87232#article\",\"isPartOf\":{\"@id\":\"https:\\\/\\\/quehacerpolitico.mx\\\/?p=87232\"},\"author\":{\"name\":\"Redacci\u00f3n QP\",\"@id\":\"https:\\\/\\\/quehacerpolitico.mx\\\/#\\\/schema\\\/person\\\/496d8ad2d1d3f8036101dca7ee39e585\"},\"headline\":\"Tr\u00e1iler con migrantes vuelca en Chiapas; hay 53 muertos\",\"datePublished\":\"2021-12-10T03:48:11+00:00\",\"dateModified\":\"2021-12-10T03:48:15+00:00\",\"mainEntityOfPage\":{\"@id\":\"https:\\\/\\\/quehacerpolitico.mx\\\/?p=87232\"},\"wordCount\":367,\"commentCount\":0,\"image\":{\"@id\":\"https:\\\/\\\/quehacerpolitico.mx\\\/?p=87232#primaryimage\"},\"thumbnailUrl\":\"https:\\\/\\\/quehacerpolitico.mx\\\/wp-content\\\/uploads\\\/2021\\\/12\\\/F8088859-8DB9-4CF7-A607-FFE6F9B42870.webp\",\"articleSection\":[\"Noticias\"],\"inLanguage\":\"es\",\"potentialAction\":[{\"@type\":\"CommentAction\",\"name\":\"Comment\",\"target\":[\"https:\\\/\\\/quehacerpolitico.mx\\\/?p=87232#respond\"]}]},{\"@type\":\"WebPage\",\"@id\":\"https:\\\/\\\/quehacerpolitico.mx\\\/?p=87232\",\"url\":\"https:\\\/\\\/quehacerpolitico.mx\\\/?p=87232\",\"name\":\"Tr\u00e1iler con migrantes vuelca en Chiapas; hay 53 muertos -\",\"isPartOf\":{\"@id\":\"https:\\\/\\\/quehacerpolitico.mx\\\/#website\"},\"primaryImageOfPage\":{\"@id\":\"https:\\\/\\\/quehacerpolitico.mx\\\/?p=87232#primaryimage\"},\"image\":{\"@id\":\"https:\\\/\\\/quehacerpolitico.mx\\\/?p=87232#primaryimage\"},\"thumbnailUrl\":\"https:\\\/\\\/quehacerpolitico.mx\\\/wp-content\\\/uploads\\\/2021\\\/12\\\/F8088859-8DB9-4CF7-A607-FFE6F9B42870.webp\",\"datePublished\":\"2021-12-10T03:48:11+00:00\",\"dateModified\":\"2021-12-10T03:48:15+00:00\",\"author\":{\"@id\":\"https:\\\/\\\/quehacerpolitico.mx\\\/#\\\/schema\\\/person\\\/496d8ad2d1d3f8036101dca7ee39e585\"},\"breadcrumb\":{\"@id\":\"https:\\\/\\\/quehacerpolitico.mx\\\/?p=87232#breadcrumb\"},\"inLanguage\":\"es\",\"potentialAction\":[{\"@type\":\"ReadAction\",\"target\":[\"https:\\\/\\\/quehacerpolitico.mx\\\/?p=87232\"]}]},{\"@type\":\"ImageObject\",\"inLanguage\":\"es\",\"@id\":\"https:\\\/\\\/quehacerpolitico.mx\\\/?p=87232#primaryimage\",\"url\":\"https:\\\/\\\/quehacerpolitico.mx\\\/wp-content\\\/uploads\\\/2021\\\/12\\\/F8088859-8DB9-4CF7-A607-FFE6F9B42870.webp\",\"contentUrl\":\"https:\\\/\\\/quehacerpolitico.mx\\\/wp-content\\\/uploads\\\/2021\\\/12\\\/F8088859-8DB9-4CF7-A607-FFE6F9B42870.webp\",\"width\":700,\"height\":525},{\"@type\":\"BreadcrumbList\",\"@id\":\"https:\\\/\\\/quehacerpolitico.mx\\\/?p=87232#breadcrumb\",\"itemListElement\":[{\"@type\":\"ListItem\",\"position\":1,\"name\":\"Inicio\",\"item\":\"https:\\\/\\\/quehacerpolitico.mx\\\/\"},{\"@type\":\"ListItem\",\"position\":2,\"name\":\"Tr\u00e1iler con migrantes vuelca en Chiapas; hay 53 muertos\"}]},{\"@type\":\"WebSite\",\"@id\":\"https:\\\/\\\/quehacerpolitico.mx\\\/#website\",\"url\":\"https:\\\/\\\/quehacerpolitico.mx\\\/\",\"name\":\"\",\"description\":\"\",\"potentialAction\":[{\"@type\":\"SearchAction\",\"target\":{\"@type\":\"EntryPoint\",\"urlTemplate\":\"https:\\\/\\\/quehacerpolitico.mx\\\/?s={search_term_string}\"},\"query-input\":{\"@type\":\"PropertyValueSpecification\",\"valueRequired\":true,\"valueName\":\"search_term_string\"}}],\"inLanguage\":\"es\"},{\"@type\":\"Person\",\"@id\":\"https:\\\/\\\/quehacerpolitico.mx\\\/#\\\/schema\\\/person\\\/496d8ad2d1d3f8036101dca7ee39e585\",\"name\":\"Redacci\u00f3n QP\",\"image\":{\"@type\":\"ImageObject\",\"inLanguage\":\"es\",\"@id\":\"https:\\\/\\\/secure.gravatar.com\\\/avatar\\\/c7164ed6fdec453195284ad24a5ae5b6e1eed2b848477fa2a4787ba9adf39a41?s=96&d=mm&r=g\",\"url\":\"https:\\\/\\\/secure.gravatar.com\\\/avatar\\\/c7164ed6fdec453195284ad24a5ae5b6e1eed2b848477fa2a4787ba9adf39a41?s=96&d=mm&r=g\",\"contentUrl\":\"https:\\\/\\\/secure.gravatar.com\\\/avatar\\\/c7164ed6fdec453195284ad24a5ae5b6e1eed2b848477fa2a4787ba9adf39a41?s=96&d=mm&r=g\",\"caption\":\"Redacci\u00f3n QP\"},\"url\":\"https:\\\/\\\/quehacerpolitico.mx\\\/?author=2\"}]}<\/script>\n<!-- \/ Yoast SEO plugin. -->","yoast_head_json":{"title":"Tr\u00e1iler con migrantes vuelca en Chiapas; hay 53 muertos -","robots":{"index":"index","follow":"follow","max-snippet":"max-snippet:-1","max-image-preview":"max-image-preview:large","max-video-preview":"max-video-preview:-1"},"canonical":"https:\/\/quehacerpolitico.mx\/?p=87232","og_locale":"es_MX","og_type":"article","og_title":"Tr\u00e1iler con migrantes vuelca en Chiapas; hay 53 muertos -","og_description":"Por Redacci\u00f3n QP Accidente se registra\u00a0en la carretera entre Chiapa de Corzo y Tuxtla Guti\u00e9rrez...","og_url":"https:\/\/quehacerpolitico.mx\/?p=87232","article_published_time":"2021-12-10T03:48:11+00:00","article_modified_time":"2021-12-10T03:48:15+00:00","og_image":[{"width":700,"height":525,"url":"https:\/\/quehacerpolitico.mx\/wp-content\/uploads\/2021\/12\/F8088859-8DB9-4CF7-A607-FFE6F9B42870.webp","type":"image\/webp"}],"author":"Redacci\u00f3n QP","twitter_card":"summary_large_image","twitter_misc":{"Escrito por":"Redacci\u00f3n QP","Tiempo de lectura":"2 minutos"},"schema":{"@context":"https:\/\/schema.org","@graph":[{"@type":"Article","@id":"https:\/\/quehacerpolitico.mx\/?p=87232#article","isPartOf":{"@id":"https:\/\/quehacerpolitico.mx\/?p=87232"},"author":{"name":"Redacci\u00f3n QP","@id":"https:\/\/quehacerpolitico.mx\/#\/schema\/person\/496d8ad2d1d3f8036101dca7ee39e585"},"headline":"Tr\u00e1iler con migrantes vuelca en Chiapas; hay 53 muertos","datePublished":"2021-12-10T03:48:11+00:00","dateModified":"2021-12-10T03:48:15+00:00","mainEntityOfPage":{"@id":"https:\/\/quehacerpolitico.mx\/?p=87232"},"wordCount":367,"commentCount":0,"image":{"@id":"https:\/\/quehacerpolitico.mx\/?p=87232#primaryimage"},"thumbnailUrl":"https:\/\/quehacerpolitico.mx\/wp-content\/uploads\/2021\/12\/F8088859-8DB9-4CF7-A607-FFE6F9B42870.webp","articleSection":["Noticias"],"inLanguage":"es","potentialAction":[{"@type":"CommentAction","name":"Comment","target":["https:\/\/quehacerpolitico.mx\/?p=87232#respond"]}]},{"@type":"WebPage","@id":"https:\/\/quehacerpolitico.mx\/?p=87232","url":"https:\/\/quehacerpolitico.mx\/?p=87232","name":"Tr\u00e1iler con migrantes vuelca en Chiapas; hay 53 muertos -","isPartOf":{"@id":"https:\/\/quehacerpolitico.mx\/#website"},"primaryImageOfPage":{"@id":"https:\/\/quehacerpolitico.mx\/?p=87232#primaryimage"},"image":{"@id":"https:\/\/quehacerpolitico.mx\/?p=87232#primaryimage"},"thumbnailUrl":"https:\/\/quehacerpolitico.mx\/wp-content\/uploads\/2021\/12\/F8088859-8DB9-4CF7-A607-FFE6F9B42870.webp","datePublished":"2021-12-10T03:48:11+00:00","dateModified":"2021-12-10T03:48:15+00:00","author":{"@id":"https:\/\/quehacerpolitico.mx\/#\/schema\/person\/496d8ad2d1d3f8036101dca7ee39e585"},"breadcrumb":{"@id":"https:\/\/quehacerpolitico.mx\/?p=87232#breadcrumb"},"inLanguage":"es","potentialAction":[{"@type":"ReadAction","target":["https:\/\/quehacerpolitico.mx\/?p=87232"]}]},{"@type":"ImageObject","inLanguage":"es","@id":"https:\/\/quehacerpolitico.mx\/?p=87232#primaryimage","url":"https:\/\/quehacerpolitico.mx\/wp-content\/uploads\/2021\/12\/F8088859-8DB9-4CF7-A607-FFE6F9B42870.webp","contentUrl":"https:\/\/quehacerpolitico.mx\/wp-content\/uploads\/2021\/12\/F8088859-8DB9-4CF7-A607-FFE6F9B42870.webp","width":700,"height":525},{"@type":"BreadcrumbList","@id":"https:\/\/quehacerpolitico.mx\/?p=87232#breadcrumb","itemListElement":[{"@type":"ListItem","position":1,"name":"Inicio","item":"https:\/\/quehacerpolitico.mx\/"},{"@type":"ListItem","position":2,"name":"Tr\u00e1iler con migrantes vuelca en Chiapas; hay 53 muertos"}]},{"@type":"WebSite","@id":"https:\/\/quehacerpolitico.mx\/#website","url":"https:\/\/quehacerpolitico.mx\/","name":"","description":"","potentialAction":[{"@type":"SearchAction","target":{"@type":"EntryPoint","urlTemplate":"https:\/\/quehacerpolitico.mx\/?s={search_term_string}"},"query-input":{"@type":"PropertyValueSpecification","valueRequired":true,"valueName":"search_term_string"}}],"inLanguage":"es"},{"@type":"Person","@id":"https:\/\/quehacerpolitico.mx\/#\/schema\/person\/496d8ad2d1d3f8036101dca7ee39e585","name":"Redacci\u00f3n QP","image":{"@type":"ImageObject","inLanguage":"es","@id":"https:\/\/secure.gravatar.com\/avatar\/c7164ed6fdec453195284ad24a5ae5b6e1eed2b848477fa2a4787ba9adf39a41?s=96&d=mm&r=g","url":"https:\/\/secure.gravatar.com\/avatar\/c7164ed6fdec453195284ad24a5ae5b6e1eed2b848477fa2a4787ba9adf39a41?s=96&d=mm&r=g","contentUrl":"https:\/\/secure.gravatar.com\/avatar\/c7164ed6fdec453195284ad24a5ae5b6e1eed2b848477fa2a4787ba9adf39a41?s=96&d=mm&r=g","caption":"Redacci\u00f3n QP"},"url":"https:\/\/quehacerpolitico.mx\/?author=2"}]}},"featured_image_urls":{"full":["https:\/\/quehacerpolitico.mx\/wp-content\/uploads\/2021\/12\/F8088859-8DB9-4CF7-A607-FFE6F9B42870.webp",700,525,false],"thumbnail":["https:\/\/quehacerpolitico.mx\/wp-content\/uploads\/2021\/12\/F8088859-8DB9-4CF7-A607-FFE6F9B42870-150x150.webp",150,150,true],"medium":["https:\/\/quehacerpolitico.mx\/wp-content\/uploads\/2021\/12\/F8088859-8DB9-4CF7-A607-FFE6F9B42870-300x225.webp",300,225,true],"medium_large":["https:\/\/quehacerpolitico.mx\/wp-content\/uploads\/2021\/12\/F8088859-8DB9-4CF7-A607-FFE6F9B42870.webp",640,480,false],"large":["https:\/\/quehacerpolitico.mx\/wp-content\/uploads\/2021\/12\/F8088859-8DB9-4CF7-A607-FFE6F9B42870.webp",640,480,false],"1536x1536":["https:\/\/quehacerpolitico.mx\/wp-content\/uploads\/2021\/12\/F8088859-8DB9-4CF7-A607-FFE6F9B42870.webp",700,525,false],"2048x2048":["https:\/\/quehacerpolitico.mx\/wp-content\/uploads\/2021\/12\/F8088859-8DB9-4CF7-A607-FFE6F9B42870.webp",700,525,false],"covernews-featured":["https:\/\/quehacerpolitico.mx\/wp-content\/uploads\/2021\/12\/F8088859-8DB9-4CF7-A607-FFE6F9B42870.webp",700,525,false],"covernews-medium":["https:\/\/quehacerpolitico.mx\/wp-content\/uploads\/2021\/12\/F8088859-8DB9-4CF7-A607-FFE6F9B42870.webp",453,340,false]},"author_info":{"display_name":"Redacci\u00f3n QP","author_link":"https:\/\/quehacerpolitico.mx\/?author=2"},"category_info":"<a href=\"https:\/\/quehacerpolitico.mx\/?cat=2\" rel=\"category\">Noticias<\/a>","tag_info":"Noticias","comment_count":"0","_links":{"self":[{"href":"https:\/\/quehacerpolitico.mx\/index.php?rest_route=\/wp\/v2\/posts\/87232","targetHints":{"allow":["GET"]}}],"collection":[{"href":"https:\/\/quehacerpolitico.mx\/index.php?rest_route=\/wp\/v2\/posts"}],"about":[{"href":"https:\/\/quehacerpolitico.mx\/index.php?rest_route=\/wp\/v2\/types\/post"}],"author":[{"embeddable":true,"href":"https:\/\/quehacerpolitico.mx\/index.php?rest_route=\/wp\/v2\/users\/2"}],"replies":[{"embeddable":true,"href":"https:\/\/quehacerpolitico.mx\/index.php?rest_route=%2Fwp%2Fv2%2Fcomments&post=87232"}],"version-history":[{"count":1,"href":"https:\/\/quehacerpolitico.mx\/index.php?rest_route=\/wp\/v2\/posts\/87232\/revisions"}],"predecessor-version":[{"id":87235,"href":"https:\/\/quehacerpolitico.mx\/index.php?rest_route=\/wp\/v2\/posts\/87232\/revisions\/87235"}],"wp:featuredmedia":[{"embeddable":true,"href":"https:\/\/quehacerpolitico.mx\/index.php?rest_route=\/wp\/v2\/media\/87233"}],"wp:attachment":[{"href":"https:\/\/quehacerpolitico.mx\/index.php?rest_route=%2Fwp%2Fv2%2Fmedia&parent=87232"}],"wp:term":[{"taxonomy":"category","embeddable":true,"href":"https:\/\/quehacerpolitico.mx\/index.php?rest_route=%2Fwp%2Fv2%2Fcategories&post=87232"},{"taxonomy":"post_tag","embeddable":true,"href":"https:\/\/quehacerpolitico.mx\/index.php?rest_route=%2Fwp%2Fv2%2Ftags&post=87232"}],"curies":[{"name":"wp","href":"https:\/\/api.w.org\/{rel}","templated":true}]}}