{"id":87230,"date":"2021-12-09T18:21:03","date_gmt":"2021-12-09T18:21:03","guid":{"rendered":"https:\/\/quehacerpolitico.mx\/?p=87230"},"modified":"2021-12-09T18:21:06","modified_gmt":"2021-12-09T18:21:06","slug":"asi-va-mexico-en-materia-de-corrupcion-segun-el-inegi","status":"publish","type":"post","link":"https:\/\/quehacerpolitico.mx\/?p=87230","title":{"rendered":"As\u00ed va M\u00e9xico en materia de corrupci\u00f3n seg\u00fan el Inegi"},"content":{"rendered":"\n<p>Por Redacci\u00f3n QP<\/p>\n\n\n\n<p>AMLO\u00a0lleg\u00f3 al gobierno en 2018 con la promesa de &#8220;desterrar&#8221; la corrupci\u00f3n, sin embargo, seg\u00fan expertos el Presidente ha centrado esa lucha en su imagen personal<\/p>\n\n\n\n<p>M\u00e9xico conmemora\u00a0<strong>este jueves el D\u00eda Internacional contra la Corrupci\u00f3n<\/strong>\u00a0con la persistente ret\u00f3rica del Presidente Andr\u00e9s Manuel L\u00f3pez Obrador (AMLO) de acabar con esta &#8220;peste&#8221;, aunque, seg\u00fan expertos, con los mismos resultados e incluso retrocesos en transparencia.<\/p>\n\n\n\n<p>Aunque lleg\u00f3 en 2018 con la promesa de &#8220;desterrar&#8221; la corrupci\u00f3n, especialistas se\u00f1alan\u00a0que el Presidente ha concentrado la lucha anticorrupci\u00f3n en su imagen personal, ha debilitado a las instituciones de transparencia y ha usado al Ej\u00e9rcito para justificar la opacidad.<\/p>\n\n\n\n<p>En general, &#8220;ha habido m\u00e1s retrocesos que avances&#8221;, opina Dalia Toledo, directora de Finanzas P\u00fablicas y Anticorrupci\u00f3n de Ethos: Laboratorio de Pol\u00edticas P\u00fablicas.<\/p>\n\n\n\n<p>&#8220;A pesar de que Andr\u00e9s Manuel us\u00f3 como uno de los grandes emblemas de su campa\u00f1a y de su actual Gobierno el combate a la corrupci\u00f3n, nos ha dado se\u00f1ales de que este combate por un lado no va en serio y, por otro lado, quiere hacerlo fuera de las instituciones&#8221;, manifiesta.<\/p>\n\n\n\n<h2 class=\"wp-block-heading\">Entre percepci\u00f3n y realidad<\/h2>\n\n\n\n<p>M\u00e9xico mostr\u00f3 una mejora y subi\u00f3 en los primeros dos a\u00f1os del mandato de L\u00f3pez Obrador del puesto 138 al 124 en el \u00cdndice de Percepci\u00f3n de la Corrupci\u00f3n (IPC) de Transparencia Internacional.<\/p>\n\n\n\n<p>El cambio de sexenio &#8220;implic\u00f3 un cambio muy fuerte a nivel de percepci\u00f3n&#8221;, expone Irene Tello, directora ejecutiva de la asociaci\u00f3n Impunidad Cero.<\/p>\n\n\n\n<p>&#8220;Lo bueno es que se sigue mencionando como el principal objetivo de la actual Administraci\u00f3n el combate a la impunidad. Tambi\u00e9n hay que se\u00f1alar que a nivel de percepci\u00f3n al inicio les hab\u00eda ido muy bien&#8221;, comenta.<\/p>\n\n\n\n<p>En contraste,&nbsp;<strong>creci\u00f3 la proporci\u00f3n de la poblaci\u00f3n que fue v\u00edctima de corrupci\u00f3n en un tr\u00e1mite de gobierno, al elevarse a 15.7 % en 2019 del 14.6 % en 2017<\/strong>, inform\u00f3 el Instituto Nacional de Estad\u00edstica y Geograf\u00eda (Inegi) con motivo de este D\u00eda Internacional contra la Corrupci\u00f3n.<\/p>\n\n\n\n<p>Adem\u00e1s, la poblaci\u00f3n en M\u00e9xico pag\u00f3 por la corrupci\u00f3n 12 mil 769.7 millones de pesos (cerca de 608 millones de d\u00f3lares), un 64.1 % m\u00e1s que en 2017, a\u00f1adi\u00f3 el Inegi.<\/p>\n\n\n\n<p>Mientras que el \u00cdndice de Estado de Derecho 2021, de The World Justice Project, ubic\u00f3 en octubre pasado a M\u00e9xico en el lugar 135 de 139 naciones evaluadas en corrupci\u00f3n, solo por encima de Uganda, Camer\u00fan, Camboya y Rep\u00fablica Democr\u00e1tica del Congo.<\/p>\n\n\n\n<h2 class=\"wp-block-heading\">Entre esc\u00e1ndalos viejos y nuevos<\/h2>\n\n\n\n<p>En este contexto, Tello advierte que &#8220;preocupa mucho&#8221; que no hay avances en los grandes casos del pasado, ni siquiera en los que el Gobierno menciona como prioridad, como el caso de Odebrecht y Emilio Lozoya, exdirector de Petr\u00f3leos Mexicanos (Pemex).<\/p>\n\n\n\n<p>&#8220;<strong>Preocupa que no se tomen las decisiones necesarias para que realmente se combata la impunidad en los actos de corrupci\u00f3n<\/strong>, no solamente del pasado, sino que ya no se permitan tambi\u00e9n en la actual Administraci\u00f3n&#8221;, expresa la directora de Impunidad Cero.<\/p>\n\n\n\n<p>Tambi\u00e9n funcionarios del Gobierno de L\u00f3pez Obrador se han salpicado de esc\u00e1ndalos, como el fiscal general, Alejandro Gertz Manero, y el extitular de la Unidad de Inteligencia Financiera (UIF) Santiago Nieto.<\/p>\n\n\n\n<p>Apenas esta semana se filtr\u00f3 a los diarios que la Fiscal\u00eda General de la Rep\u00fablica (FGR) investigaba el presunto enriquecimiento il\u00edcito de Nieto mientras dirigi\u00f3 la UIF, que a su vez indagaba la compra de autos de lujo y transferencias millonarias de la inmobiliaria del fiscal.<\/p>\n\n\n\n<p>&#8220;No solamente no vemos coordinaci\u00f3n, sino que vemos una enemistad abierta entre los propios integrantes del Gobierno, cuando se supone que el gran objetivo de esta Administraci\u00f3n es acabar con la impunidad en la corrupci\u00f3n&#8221;, lamenta Tello.<\/p>\n\n\n\n<h2 class=\"wp-block-heading\">\u00bfUna promesa cumplida?<\/h2>\n\n\n\n<p>Pese al panorama, AMLO ha sostenido que gracias a su ejemplo ha limpiado la corrupci\u00f3n del Gobierno &#8220;como se barren las escaleras: de arriba para abajo&#8221;. &#8220;Lo que debe quedar en claro es que nosotros no somos tapadera de nadie y nos hemos propuesto acabar con la corrupci\u00f3n y la impunidad, sea quien sea&#8221;, expres\u00f3 el Presidente este mi\u00e9rcoles en referencia al esc\u00e1ndalo de la UIF.<\/p>\n\n\n\n<p><strong>Pero Impunidad Cero y Ethos cuestionan que el &#8220;ejemplo personal&#8221; sea suficiente, por lo que piden fortalecer el Sistema Nacional Anticorrupci\u00f3n (SNA), que L\u00f3pez Obrador ha debilitado<\/strong>.<\/p>\n\n\n\n<p>&#8220;A lo que apostamos es a que haya un combate a la corrupci\u00f3n que no dependa de la voluntad pol\u00edtica de nadie. Que si ahora est\u00e1 L\u00f3pez Obrador y despu\u00e9s est\u00e1 otro presidente, que el combate a la corrupci\u00f3n siga teniendo resultados eficaces sin que se use como un arma pol\u00edtica&#8221;, declara Toledo.<\/p>\n\n\n\n<p>La experta de Ethos denuncia &#8220;el ataque constante&#8221; del presidente a las asociaciones civiles y al Instituto Nacional de Transparencia y Acceso a la Informaci\u00f3n (INAI).<\/p>\n\n\n\n<p>Como ejemplo, enuncia el reciente acuerdo del presidente que clasifica como &#8220;seguridad nacional&#8221; las obras de infraestructura de su Gobierno, lo que empodera a las Fuerzas Armadas e impide solicitar informaci\u00f3n sobre los proyectos.<\/p>\n\n\n\n<p>&#8220;La informaci\u00f3n que se clasifica como reservada es muy grande y hay cada vez m\u00e1s inconformidades porque no se reciben respuestas. Este sexenio se ha caracterizado por eso, por una menor apertura a la informaci\u00f3n&#8221;, concluye.<\/p>\n\n\n\n<p>Con Informaci\u00f3n de EFE<\/p>\n","protected":false},"excerpt":{"rendered":"<p>Por Redacci\u00f3n QP AMLO\u00a0lleg\u00f3 al gobierno en 2018 con la promesa de &#8220;desterrar&#8221; la corrupci\u00f3n,&#8230;<\/p>\n","protected":false},"author":2,"featured_media":87169,"comment_status":"open","ping_status":"open","sticky":false,"template":"","format":"standard","meta":{"_monsterinsights_skip_tracking":false,"_monsterinsights_sitenote_active":false,"_monsterinsights_sitenote_note":"","_monsterinsights_sitenote_category":0,"footnotes":""},"categories":[2],"tags":[],"class_list":["post-87230","post","type-post","status-publish","format-standard","has-post-thumbnail","hentry","category-noticias"],"yoast_head":"<!-- This site is optimized with the Yoast SEO plugin v27.3 - https:\/\/yoast.com\/product\/yoast-seo-wordpress\/ -->\n<title>As\u00ed va M\u00e9xico en materia de corrupci\u00f3n seg\u00fan el Inegi -<\/title>\n<meta name=\"robots\" content=\"index, follow, max-snippet:-1, max-image-preview:large, max-video-preview:-1\" \/>\n<link rel=\"canonical\" href=\"https:\/\/quehacerpolitico.mx\/?p=87230\" \/>\n<meta property=\"og:locale\" content=\"es_MX\" \/>\n<meta property=\"og:type\" content=\"article\" \/>\n<meta property=\"og:title\" content=\"As\u00ed va M\u00e9xico en materia de corrupci\u00f3n seg\u00fan el Inegi -\" \/>\n<meta property=\"og:description\" content=\"Por Redacci\u00f3n QP AMLO\u00a0lleg\u00f3 al gobierno en 2018 con la promesa de &#8220;desterrar&#8221; la corrupci\u00f3n,...\" \/>\n<meta property=\"og:url\" content=\"https:\/\/quehacerpolitico.mx\/?p=87230\" \/>\n<meta property=\"article:published_time\" content=\"2021-12-09T18:21:03+00:00\" \/>\n<meta property=\"article:modified_time\" content=\"2021-12-09T18:21:06+00:00\" \/>\n<meta property=\"og:image\" content=\"https:\/\/quehacerpolitico.mx\/wp-content\/uploads\/2021\/12\/09E51729-519D-4429-886D-8EAAD82A6F6C.jpeg\" \/>\n\t<meta property=\"og:image:width\" content=\"600\" \/>\n\t<meta property=\"og:image:height\" content=\"399\" \/>\n\t<meta property=\"og:image:type\" content=\"image\/jpeg\" \/>\n<meta name=\"author\" content=\"Redacci\u00f3n QP\" \/>\n<meta name=\"twitter:card\" content=\"summary_large_image\" \/>\n<meta name=\"twitter:label1\" content=\"Escrito por\" \/>\n\t<meta name=\"twitter:data1\" content=\"Redacci\u00f3n QP\" \/>\n\t<meta name=\"twitter:label2\" content=\"Tiempo de lectura\" \/>\n\t<meta name=\"twitter:data2\" content=\"5 minutos\" \/>\n<script type=\"application\/ld+json\" class=\"yoast-schema-graph\">{\"@context\":\"https:\\\/\\\/schema.org\",\"@graph\":[{\"@type\":\"Article\",\"@id\":\"https:\\\/\\\/quehacerpolitico.mx\\\/?p=87230#article\",\"isPartOf\":{\"@id\":\"https:\\\/\\\/quehacerpolitico.mx\\\/?p=87230\"},\"author\":{\"name\":\"Redacci\u00f3n QP\",\"@id\":\"https:\\\/\\\/quehacerpolitico.mx\\\/#\\\/schema\\\/person\\\/496d8ad2d1d3f8036101dca7ee39e585\"},\"headline\":\"As\u00ed va M\u00e9xico en materia de corrupci\u00f3n seg\u00fan el Inegi\",\"datePublished\":\"2021-12-09T18:21:03+00:00\",\"dateModified\":\"2021-12-09T18:21:06+00:00\",\"mainEntityOfPage\":{\"@id\":\"https:\\\/\\\/quehacerpolitico.mx\\\/?p=87230\"},\"wordCount\":936,\"commentCount\":0,\"image\":{\"@id\":\"https:\\\/\\\/quehacerpolitico.mx\\\/?p=87230#primaryimage\"},\"thumbnailUrl\":\"https:\\\/\\\/quehacerpolitico.mx\\\/wp-content\\\/uploads\\\/2021\\\/12\\\/09E51729-519D-4429-886D-8EAAD82A6F6C.jpeg\",\"articleSection\":[\"Noticias\"],\"inLanguage\":\"es\",\"potentialAction\":[{\"@type\":\"CommentAction\",\"name\":\"Comment\",\"target\":[\"https:\\\/\\\/quehacerpolitico.mx\\\/?p=87230#respond\"]}]},{\"@type\":\"WebPage\",\"@id\":\"https:\\\/\\\/quehacerpolitico.mx\\\/?p=87230\",\"url\":\"https:\\\/\\\/quehacerpolitico.mx\\\/?p=87230\",\"name\":\"As\u00ed va M\u00e9xico en materia de corrupci\u00f3n seg\u00fan el Inegi -\",\"isPartOf\":{\"@id\":\"https:\\\/\\\/quehacerpolitico.mx\\\/#website\"},\"primaryImageOfPage\":{\"@id\":\"https:\\\/\\\/quehacerpolitico.mx\\\/?p=87230#primaryimage\"},\"image\":{\"@id\":\"https:\\\/\\\/quehacerpolitico.mx\\\/?p=87230#primaryimage\"},\"thumbnailUrl\":\"https:\\\/\\\/quehacerpolitico.mx\\\/wp-content\\\/uploads\\\/2021\\\/12\\\/09E51729-519D-4429-886D-8EAAD82A6F6C.jpeg\",\"datePublished\":\"2021-12-09T18:21:03+00:00\",\"dateModified\":\"2021-12-09T18:21:06+00:00\",\"author\":{\"@id\":\"https:\\\/\\\/quehacerpolitico.mx\\\/#\\\/schema\\\/person\\\/496d8ad2d1d3f8036101dca7ee39e585\"},\"breadcrumb\":{\"@id\":\"https:\\\/\\\/quehacerpolitico.mx\\\/?p=87230#breadcrumb\"},\"inLanguage\":\"es\",\"potentialAction\":[{\"@type\":\"ReadAction\",\"target\":[\"https:\\\/\\\/quehacerpolitico.mx\\\/?p=87230\"]}]},{\"@type\":\"ImageObject\",\"inLanguage\":\"es\",\"@id\":\"https:\\\/\\\/quehacerpolitico.mx\\\/?p=87230#primaryimage\",\"url\":\"https:\\\/\\\/quehacerpolitico.mx\\\/wp-content\\\/uploads\\\/2021\\\/12\\\/09E51729-519D-4429-886D-8EAAD82A6F6C.jpeg\",\"contentUrl\":\"https:\\\/\\\/quehacerpolitico.mx\\\/wp-content\\\/uploads\\\/2021\\\/12\\\/09E51729-519D-4429-886D-8EAAD82A6F6C.jpeg\",\"width\":600,\"height\":399},{\"@type\":\"BreadcrumbList\",\"@id\":\"https:\\\/\\\/quehacerpolitico.mx\\\/?p=87230#breadcrumb\",\"itemListElement\":[{\"@type\":\"ListItem\",\"position\":1,\"name\":\"Inicio\",\"item\":\"https:\\\/\\\/quehacerpolitico.mx\\\/\"},{\"@type\":\"ListItem\",\"position\":2,\"name\":\"As\u00ed va M\u00e9xico en materia de corrupci\u00f3n seg\u00fan el Inegi\"}]},{\"@type\":\"WebSite\",\"@id\":\"https:\\\/\\\/quehacerpolitico.mx\\\/#website\",\"url\":\"https:\\\/\\\/quehacerpolitico.mx\\\/\",\"name\":\"\",\"description\":\"\",\"potentialAction\":[{\"@type\":\"SearchAction\",\"target\":{\"@type\":\"EntryPoint\",\"urlTemplate\":\"https:\\\/\\\/quehacerpolitico.mx\\\/?s={search_term_string}\"},\"query-input\":{\"@type\":\"PropertyValueSpecification\",\"valueRequired\":true,\"valueName\":\"search_term_string\"}}],\"inLanguage\":\"es\"},{\"@type\":\"Person\",\"@id\":\"https:\\\/\\\/quehacerpolitico.mx\\\/#\\\/schema\\\/person\\\/496d8ad2d1d3f8036101dca7ee39e585\",\"name\":\"Redacci\u00f3n QP\",\"image\":{\"@type\":\"ImageObject\",\"inLanguage\":\"es\",\"@id\":\"https:\\\/\\\/secure.gravatar.com\\\/avatar\\\/c7164ed6fdec453195284ad24a5ae5b6e1eed2b848477fa2a4787ba9adf39a41?s=96&d=mm&r=g\",\"url\":\"https:\\\/\\\/secure.gravatar.com\\\/avatar\\\/c7164ed6fdec453195284ad24a5ae5b6e1eed2b848477fa2a4787ba9adf39a41?s=96&d=mm&r=g\",\"contentUrl\":\"https:\\\/\\\/secure.gravatar.com\\\/avatar\\\/c7164ed6fdec453195284ad24a5ae5b6e1eed2b848477fa2a4787ba9adf39a41?s=96&d=mm&r=g\",\"caption\":\"Redacci\u00f3n QP\"},\"url\":\"https:\\\/\\\/quehacerpolitico.mx\\\/?author=2\"}]}<\/script>\n<!-- \/ Yoast SEO plugin. -->","yoast_head_json":{"title":"As\u00ed va M\u00e9xico en materia de corrupci\u00f3n seg\u00fan el Inegi -","robots":{"index":"index","follow":"follow","max-snippet":"max-snippet:-1","max-image-preview":"max-image-preview:large","max-video-preview":"max-video-preview:-1"},"canonical":"https:\/\/quehacerpolitico.mx\/?p=87230","og_locale":"es_MX","og_type":"article","og_title":"As\u00ed va M\u00e9xico en materia de corrupci\u00f3n seg\u00fan el Inegi -","og_description":"Por Redacci\u00f3n QP AMLO\u00a0lleg\u00f3 al gobierno en 2018 con la promesa de &#8220;desterrar&#8221; la corrupci\u00f3n,...","og_url":"https:\/\/quehacerpolitico.mx\/?p=87230","article_published_time":"2021-12-09T18:21:03+00:00","article_modified_time":"2021-12-09T18:21:06+00:00","og_image":[{"width":600,"height":399,"url":"https:\/\/quehacerpolitico.mx\/wp-content\/uploads\/2021\/12\/09E51729-519D-4429-886D-8EAAD82A6F6C.jpeg","type":"image\/jpeg"}],"author":"Redacci\u00f3n QP","twitter_card":"summary_large_image","twitter_misc":{"Escrito por":"Redacci\u00f3n QP","Tiempo de lectura":"5 minutos"},"schema":{"@context":"https:\/\/schema.org","@graph":[{"@type":"Article","@id":"https:\/\/quehacerpolitico.mx\/?p=87230#article","isPartOf":{"@id":"https:\/\/quehacerpolitico.mx\/?p=87230"},"author":{"name":"Redacci\u00f3n QP","@id":"https:\/\/quehacerpolitico.mx\/#\/schema\/person\/496d8ad2d1d3f8036101dca7ee39e585"},"headline":"As\u00ed va M\u00e9xico en materia de corrupci\u00f3n seg\u00fan el Inegi","datePublished":"2021-12-09T18:21:03+00:00","dateModified":"2021-12-09T18:21:06+00:00","mainEntityOfPage":{"@id":"https:\/\/quehacerpolitico.mx\/?p=87230"},"wordCount":936,"commentCount":0,"image":{"@id":"https:\/\/quehacerpolitico.mx\/?p=87230#primaryimage"},"thumbnailUrl":"https:\/\/quehacerpolitico.mx\/wp-content\/uploads\/2021\/12\/09E51729-519D-4429-886D-8EAAD82A6F6C.jpeg","articleSection":["Noticias"],"inLanguage":"es","potentialAction":[{"@type":"CommentAction","name":"Comment","target":["https:\/\/quehacerpolitico.mx\/?p=87230#respond"]}]},{"@type":"WebPage","@id":"https:\/\/quehacerpolitico.mx\/?p=87230","url":"https:\/\/quehacerpolitico.mx\/?p=87230","name":"As\u00ed va M\u00e9xico en materia de corrupci\u00f3n seg\u00fan el Inegi -","isPartOf":{"@id":"https:\/\/quehacerpolitico.mx\/#website"},"primaryImageOfPage":{"@id":"https:\/\/quehacerpolitico.mx\/?p=87230#primaryimage"},"image":{"@id":"https:\/\/quehacerpolitico.mx\/?p=87230#primaryimage"},"thumbnailUrl":"https:\/\/quehacerpolitico.mx\/wp-content\/uploads\/2021\/12\/09E51729-519D-4429-886D-8EAAD82A6F6C.jpeg","datePublished":"2021-12-09T18:21:03+00:00","dateModified":"2021-12-09T18:21:06+00:00","author":{"@id":"https:\/\/quehacerpolitico.mx\/#\/schema\/person\/496d8ad2d1d3f8036101dca7ee39e585"},"breadcrumb":{"@id":"https:\/\/quehacerpolitico.mx\/?p=87230#breadcrumb"},"inLanguage":"es","potentialAction":[{"@type":"ReadAction","target":["https:\/\/quehacerpolitico.mx\/?p=87230"]}]},{"@type":"ImageObject","inLanguage":"es","@id":"https:\/\/quehacerpolitico.mx\/?p=87230#primaryimage","url":"https:\/\/quehacerpolitico.mx\/wp-content\/uploads\/2021\/12\/09E51729-519D-4429-886D-8EAAD82A6F6C.jpeg","contentUrl":"https:\/\/quehacerpolitico.mx\/wp-content\/uploads\/2021\/12\/09E51729-519D-4429-886D-8EAAD82A6F6C.jpeg","width":600,"height":399},{"@type":"BreadcrumbList","@id":"https:\/\/quehacerpolitico.mx\/?p=87230#breadcrumb","itemListElement":[{"@type":"ListItem","position":1,"name":"Inicio","item":"https:\/\/quehacerpolitico.mx\/"},{"@type":"ListItem","position":2,"name":"As\u00ed va M\u00e9xico en materia de corrupci\u00f3n seg\u00fan el Inegi"}]},{"@type":"WebSite","@id":"https:\/\/quehacerpolitico.mx\/#website","url":"https:\/\/quehacerpolitico.mx\/","name":"","description":"","potentialAction":[{"@type":"SearchAction","target":{"@type":"EntryPoint","urlTemplate":"https:\/\/quehacerpolitico.mx\/?s={search_term_string}"},"query-input":{"@type":"PropertyValueSpecification","valueRequired":true,"valueName":"search_term_string"}}],"inLanguage":"es"},{"@type":"Person","@id":"https:\/\/quehacerpolitico.mx\/#\/schema\/person\/496d8ad2d1d3f8036101dca7ee39e585","name":"Redacci\u00f3n QP","image":{"@type":"ImageObject","inLanguage":"es","@id":"https:\/\/secure.gravatar.com\/avatar\/c7164ed6fdec453195284ad24a5ae5b6e1eed2b848477fa2a4787ba9adf39a41?s=96&d=mm&r=g","url":"https:\/\/secure.gravatar.com\/avatar\/c7164ed6fdec453195284ad24a5ae5b6e1eed2b848477fa2a4787ba9adf39a41?s=96&d=mm&r=g","contentUrl":"https:\/\/secure.gravatar.com\/avatar\/c7164ed6fdec453195284ad24a5ae5b6e1eed2b848477fa2a4787ba9adf39a41?s=96&d=mm&r=g","caption":"Redacci\u00f3n QP"},"url":"https:\/\/quehacerpolitico.mx\/?author=2"}]}},"featured_image_urls":{"full":["https:\/\/quehacerpolitico.mx\/wp-content\/uploads\/2021\/12\/09E51729-519D-4429-886D-8EAAD82A6F6C.jpeg",600,399,false],"thumbnail":["https:\/\/quehacerpolitico.mx\/wp-content\/uploads\/2021\/12\/09E51729-519D-4429-886D-8EAAD82A6F6C-150x150.jpeg",150,150,true],"medium":["https:\/\/quehacerpolitico.mx\/wp-content\/uploads\/2021\/12\/09E51729-519D-4429-886D-8EAAD82A6F6C-300x200.jpeg",300,200,true],"medium_large":["https:\/\/quehacerpolitico.mx\/wp-content\/uploads\/2021\/12\/09E51729-519D-4429-886D-8EAAD82A6F6C.jpeg",600,399,false],"large":["https:\/\/quehacerpolitico.mx\/wp-content\/uploads\/2021\/12\/09E51729-519D-4429-886D-8EAAD82A6F6C.jpeg",600,399,false],"1536x1536":["https:\/\/quehacerpolitico.mx\/wp-content\/uploads\/2021\/12\/09E51729-519D-4429-886D-8EAAD82A6F6C.jpeg",600,399,false],"2048x2048":["https:\/\/quehacerpolitico.mx\/wp-content\/uploads\/2021\/12\/09E51729-519D-4429-886D-8EAAD82A6F6C.jpeg",600,399,false],"covernews-featured":["https:\/\/quehacerpolitico.mx\/wp-content\/uploads\/2021\/12\/09E51729-519D-4429-886D-8EAAD82A6F6C.jpeg",600,399,false],"covernews-medium":["https:\/\/quehacerpolitico.mx\/wp-content\/uploads\/2021\/12\/09E51729-519D-4429-886D-8EAAD82A6F6C.jpeg",511,340,false]},"author_info":{"display_name":"Redacci\u00f3n QP","author_link":"https:\/\/quehacerpolitico.mx\/?author=2"},"category_info":"<a href=\"https:\/\/quehacerpolitico.mx\/?cat=2\" rel=\"category\">Noticias<\/a>","tag_info":"Noticias","comment_count":"0","_links":{"self":[{"href":"https:\/\/quehacerpolitico.mx\/index.php?rest_route=\/wp\/v2\/posts\/87230","targetHints":{"allow":["GET"]}}],"collection":[{"href":"https:\/\/quehacerpolitico.mx\/index.php?rest_route=\/wp\/v2\/posts"}],"about":[{"href":"https:\/\/quehacerpolitico.mx\/index.php?rest_route=\/wp\/v2\/types\/post"}],"author":[{"embeddable":true,"href":"https:\/\/quehacerpolitico.mx\/index.php?rest_route=\/wp\/v2\/users\/2"}],"replies":[{"embeddable":true,"href":"https:\/\/quehacerpolitico.mx\/index.php?rest_route=%2Fwp%2Fv2%2Fcomments&post=87230"}],"version-history":[{"count":1,"href":"https:\/\/quehacerpolitico.mx\/index.php?rest_route=\/wp\/v2\/posts\/87230\/revisions"}],"predecessor-version":[{"id":87231,"href":"https:\/\/quehacerpolitico.mx\/index.php?rest_route=\/wp\/v2\/posts\/87230\/revisions\/87231"}],"wp:featuredmedia":[{"embeddable":true,"href":"https:\/\/quehacerpolitico.mx\/index.php?rest_route=\/wp\/v2\/media\/87169"}],"wp:attachment":[{"href":"https:\/\/quehacerpolitico.mx\/index.php?rest_route=%2Fwp%2Fv2%2Fmedia&parent=87230"}],"wp:term":[{"taxonomy":"category","embeddable":true,"href":"https:\/\/quehacerpolitico.mx\/index.php?rest_route=%2Fwp%2Fv2%2Fcategories&post=87230"},{"taxonomy":"post_tag","embeddable":true,"href":"https:\/\/quehacerpolitico.mx\/index.php?rest_route=%2Fwp%2Fv2%2Ftags&post=87230"}],"curies":[{"name":"wp","href":"https:\/\/api.w.org\/{rel}","templated":true}]}}