{"id":87227,"date":"2021-12-09T17:57:47","date_gmt":"2021-12-09T17:57:47","guid":{"rendered":"https:\/\/quehacerpolitico.mx\/?p=87227"},"modified":"2021-12-09T17:57:51","modified_gmt":"2021-12-09T17:57:51","slug":"asociacion-de-ingenieros-y-arquitectos-de-mexico-pide-a-amlo-reflexionar-sobre-acuerdo-por-obras-publicas","status":"publish","type":"post","link":"https:\/\/quehacerpolitico.mx\/?p=87227","title":{"rendered":"Asociaci\u00f3n de Ingenieros y Arquitectos de M\u00e9xico pide a AMLO \u2018reflexionar\u2019 sobre acuerdo por obras p\u00fablicas"},"content":{"rendered":"\n<p>Por Redacci\u00f3n QP<\/p>\n\n\n\n<p>Ricardo Rodr\u00edguez, presidente de la Asociaci\u00f3n de Ingenieros y Arquitectos de M\u00e9xico, asever\u00f3 que comparten el pensamiento de L\u00f3pez Obrador de combatir la corrupci\u00f3n<\/p>\n\n\n\n<ul class=\"wp-block-list\"><li>Ricardo Rodr\u00edguez le dijo al Presidente de M\u00e9xico que en el combate a la corrupci\u00f3n no est\u00e1 solo el mandatario mexicano<\/li><\/ul>\n\n\n\n<p>La Asociaci\u00f3n de Ingenieros y Arquitectos de M\u00e9xico (AIAM) le pidi\u00f3 al presidente\u00a0<strong>Andr\u00e9s Manuel L\u00f3pez Obrador<\/strong>\u00a0(AMLO) \u2018reflexionar\u2019 sobre el acuerdo publicado recientemente que declara diversas obras p\u00fablicas como de seguridad nacional<\/p>\n\n\n\n<p><em>\u201cLa corrupci\u00f3n perme\u00f3 en todos los estratos sociales y hoy es un mal arraigado que hay que seguir combatiendo, trabajando juntos y gobierno y sociedad civil alcanzaremos las metas del M\u00e9xico que queremos para nuestros hijos y para nuestros nietos, por ello, por una m\u00e1s por la transparencia lo invitamos a reflexionar sobre el acuerdo publicado recientemente que declara diversas\u00a0<\/em><strong>obras p\u00fablicas<\/strong><em>\u00a0como de seguridad nacional\u201d, pidi\u00f3 Ricardo Rodr\u00edguez, presidente de la AIAM, a<\/em><strong>\u00a0<\/strong><em>AMLO durante su participaci\u00f3n en la\u00a0conferencia ma\u00f1anera desde Palacio Nacional.<\/em><\/p>\n\n\n\n<figure class=\"wp-block-embed is-type-rich is-provider-twitter wp-block-embed-twitter\"><div class=\"wp-block-embed__wrapper\">\n<blockquote class=\"twitter-tweet\" data-width=\"550\" data-dnt=\"true\"><p lang=\"es\" dir=\"ltr\">Hoy en la ma\u00f1anera, durante la entrega de los premios Nacionales de Arquitectura e Ingenieria, el arquitecto Ricardo Rodriguez invit\u00f3 al presidente <a href=\"https:\/\/twitter.com\/lopezobrador_?ref_src=twsrc%5Etfw\">@lopezobrador_<\/a> a reflexionar sobre su <a href=\"https:\/\/twitter.com\/hashtag\/DecretazoPresidencial?src=hash&amp;ref_src=twsrc%5Etfw\">#DecretazoPresidencial<\/a> <a href=\"https:\/\/t.co\/c7XTrQh6nR\">pic.twitter.com\/c7XTrQh6nR<\/a><\/p>&mdash; Ruido en la Red (@RuidoEnLaRed) <a href=\"https:\/\/twitter.com\/RuidoEnLaRed\/status\/1468946692519219203?ref_src=twsrc%5Etfw\">December 9, 2021<\/a><\/blockquote><script async src=\"https:\/\/platform.twitter.com\/widgets.js\" charset=\"utf-8\"><\/script>\n<\/div><\/figure>\n\n\n\n<p>Ricardo Rodr\u00edguez asever\u00f3 que la AIAM comparte el pensamiento de L\u00f3pez Obrador de combatir la&nbsp;<strong>corrupci\u00f3n<\/strong>&nbsp;y aprovechar al m\u00e1ximo los recursos de los mexicanos para construir obras de calidad.<\/p>\n\n\n\n<blockquote class=\"wp-block-quote is-layout-flow wp-block-quote-is-layout-flow\"><p>\u201cEn este combate a la corrupci\u00f3n compartimos su pensamiento, las universidades y la vida misma nos han ense\u00f1ado enfrentar adversidades, a ser competitivos, a imponer y anteponer ideas al que quieres aprovechar los escasos recursos de los mexicanos\u201d, coment\u00f3.<\/p><\/blockquote>\n\n\n\n<p>El presidente de la Asociaci\u00f3n de Ingenieros y Arquitectos se\u00f1al\u00f3 que desde j\u00f3venes fueron formados en la b\u00fasqueda de obras y proyectos realizados en el menor tiempo con la mayor\u00a0<strong>calidad<\/strong>\u00a0y el menor costo posible.<\/p>\n\n\n\n<p>Finalmente, Ricardo Rodr\u00edguez le dijo al Presidente de M\u00e9xico que en el combate a la&nbsp;<strong>corrupci\u00f3n<\/strong>&nbsp;no est\u00e1 solo el mandatario mexicano.<\/p>\n\n\n\n<p>En noviembre pasado, fue publicado en el&nbsp;<strong>Diario Oficial de la Federaci\u00f3n<\/strong>&nbsp;(<strong>DOF<\/strong>) un acuerdo&nbsp;por el que se declara de&nbsp;<strong>inter\u00e9s p\u00fablico<\/strong>&nbsp;y&nbsp;<strong>seguridad nacional<\/strong>&nbsp;la realizaci\u00f3n de proyectos y obras a cargo de su gobierno, asociados a infraestructura de los sectores comunicaciones, telecomunicaciones, aduanero, fronterizo, hidr\u00e1ulico, h\u00eddrico, medio ambiente, tur\u00edstico, salud, v\u00edas f\u00e9rreas, ferrocarriles en todas sus modalidades, energ\u00e9tico, puertos, aeropuertos y aquellos que, por su objeto, caracter\u00edsticas, naturaleza, complejidad y magnitud, se consideren prioritarios y\/o estrat\u00e9gicos para el desarrollo nacional.<\/p>\n","protected":false},"excerpt":{"rendered":"<p>Por Redacci\u00f3n QP Ricardo Rodr\u00edguez, presidente de la Asociaci\u00f3n de Ingenieros y Arquitectos de M\u00e9xico,&#8230;<\/p>\n","protected":false},"author":2,"featured_media":87228,"comment_status":"open","ping_status":"open","sticky":false,"template":"","format":"standard","meta":{"_monsterinsights_skip_tracking":false,"_monsterinsights_sitenote_active":false,"_monsterinsights_sitenote_note":"","_monsterinsights_sitenote_category":0,"footnotes":""},"categories":[2],"tags":[],"class_list":["post-87227","post","type-post","status-publish","format-standard","has-post-thumbnail","hentry","category-noticias"],"yoast_head":"<!-- This site is optimized with the Yoast SEO plugin v27.3 - https:\/\/yoast.com\/product\/yoast-seo-wordpress\/ -->\n<title>Asociaci\u00f3n de Ingenieros y Arquitectos de M\u00e9xico pide a AMLO \u2018reflexionar\u2019 sobre acuerdo por obras p\u00fablicas -<\/title>\n<meta name=\"robots\" content=\"index, follow, max-snippet:-1, max-image-preview:large, max-video-preview:-1\" \/>\n<link rel=\"canonical\" href=\"https:\/\/quehacerpolitico.mx\/?p=87227\" \/>\n<meta property=\"og:locale\" content=\"es_MX\" \/>\n<meta property=\"og:type\" content=\"article\" \/>\n<meta property=\"og:title\" content=\"Asociaci\u00f3n de Ingenieros y Arquitectos de M\u00e9xico pide a AMLO \u2018reflexionar\u2019 sobre acuerdo por obras p\u00fablicas -\" \/>\n<meta property=\"og:description\" content=\"Por Redacci\u00f3n QP Ricardo Rodr\u00edguez, presidente de la Asociaci\u00f3n de Ingenieros y Arquitectos de M\u00e9xico,...\" \/>\n<meta property=\"og:url\" content=\"https:\/\/quehacerpolitico.mx\/?p=87227\" \/>\n<meta property=\"article:published_time\" content=\"2021-12-09T17:57:47+00:00\" \/>\n<meta property=\"article:modified_time\" content=\"2021-12-09T17:57:51+00:00\" \/>\n<meta property=\"og:image\" content=\"https:\/\/quehacerpolitico.mx\/wp-content\/uploads\/2021\/12\/C1D1B487-F1EE-4385-9802-B5D17167B181.jpeg\" \/>\n\t<meta property=\"og:image:width\" content=\"1284\" \/>\n\t<meta property=\"og:image:height\" content=\"628\" \/>\n\t<meta property=\"og:image:type\" content=\"image\/jpeg\" \/>\n<meta name=\"author\" content=\"Redacci\u00f3n QP\" \/>\n<meta name=\"twitter:card\" content=\"summary_large_image\" \/>\n<meta name=\"twitter:label1\" content=\"Escrito por\" \/>\n\t<meta name=\"twitter:data1\" content=\"Redacci\u00f3n QP\" \/>\n\t<meta name=\"twitter:label2\" content=\"Tiempo de lectura\" \/>\n\t<meta name=\"twitter:data2\" content=\"2 minutos\" \/>\n<script type=\"application\/ld+json\" class=\"yoast-schema-graph\">{\"@context\":\"https:\\\/\\\/schema.org\",\"@graph\":[{\"@type\":\"Article\",\"@id\":\"https:\\\/\\\/quehacerpolitico.mx\\\/?p=87227#article\",\"isPartOf\":{\"@id\":\"https:\\\/\\\/quehacerpolitico.mx\\\/?p=87227\"},\"author\":{\"name\":\"Redacci\u00f3n QP\",\"@id\":\"https:\\\/\\\/quehacerpolitico.mx\\\/#\\\/schema\\\/person\\\/496d8ad2d1d3f8036101dca7ee39e585\"},\"headline\":\"Asociaci\u00f3n de Ingenieros y Arquitectos de M\u00e9xico pide a AMLO \u2018reflexionar\u2019 sobre acuerdo por obras p\u00fablicas\",\"datePublished\":\"2021-12-09T17:57:47+00:00\",\"dateModified\":\"2021-12-09T17:57:51+00:00\",\"mainEntityOfPage\":{\"@id\":\"https:\\\/\\\/quehacerpolitico.mx\\\/?p=87227\"},\"wordCount\":459,\"commentCount\":0,\"image\":{\"@id\":\"https:\\\/\\\/quehacerpolitico.mx\\\/?p=87227#primaryimage\"},\"thumbnailUrl\":\"https:\\\/\\\/quehacerpolitico.mx\\\/wp-content\\\/uploads\\\/2021\\\/12\\\/C1D1B487-F1EE-4385-9802-B5D17167B181.jpeg\",\"articleSection\":[\"Noticias\"],\"inLanguage\":\"es\",\"potentialAction\":[{\"@type\":\"CommentAction\",\"name\":\"Comment\",\"target\":[\"https:\\\/\\\/quehacerpolitico.mx\\\/?p=87227#respond\"]}]},{\"@type\":\"WebPage\",\"@id\":\"https:\\\/\\\/quehacerpolitico.mx\\\/?p=87227\",\"url\":\"https:\\\/\\\/quehacerpolitico.mx\\\/?p=87227\",\"name\":\"Asociaci\u00f3n de Ingenieros y Arquitectos de M\u00e9xico pide a AMLO \u2018reflexionar\u2019 sobre acuerdo por obras p\u00fablicas -\",\"isPartOf\":{\"@id\":\"https:\\\/\\\/quehacerpolitico.mx\\\/#website\"},\"primaryImageOfPage\":{\"@id\":\"https:\\\/\\\/quehacerpolitico.mx\\\/?p=87227#primaryimage\"},\"image\":{\"@id\":\"https:\\\/\\\/quehacerpolitico.mx\\\/?p=87227#primaryimage\"},\"thumbnailUrl\":\"https:\\\/\\\/quehacerpolitico.mx\\\/wp-content\\\/uploads\\\/2021\\\/12\\\/C1D1B487-F1EE-4385-9802-B5D17167B181.jpeg\",\"datePublished\":\"2021-12-09T17:57:47+00:00\",\"dateModified\":\"2021-12-09T17:57:51+00:00\",\"author\":{\"@id\":\"https:\\\/\\\/quehacerpolitico.mx\\\/#\\\/schema\\\/person\\\/496d8ad2d1d3f8036101dca7ee39e585\"},\"breadcrumb\":{\"@id\":\"https:\\\/\\\/quehacerpolitico.mx\\\/?p=87227#breadcrumb\"},\"inLanguage\":\"es\",\"potentialAction\":[{\"@type\":\"ReadAction\",\"target\":[\"https:\\\/\\\/quehacerpolitico.mx\\\/?p=87227\"]}]},{\"@type\":\"ImageObject\",\"inLanguage\":\"es\",\"@id\":\"https:\\\/\\\/quehacerpolitico.mx\\\/?p=87227#primaryimage\",\"url\":\"https:\\\/\\\/quehacerpolitico.mx\\\/wp-content\\\/uploads\\\/2021\\\/12\\\/C1D1B487-F1EE-4385-9802-B5D17167B181.jpeg\",\"contentUrl\":\"https:\\\/\\\/quehacerpolitico.mx\\\/wp-content\\\/uploads\\\/2021\\\/12\\\/C1D1B487-F1EE-4385-9802-B5D17167B181.jpeg\",\"width\":1284,\"height\":628},{\"@type\":\"BreadcrumbList\",\"@id\":\"https:\\\/\\\/quehacerpolitico.mx\\\/?p=87227#breadcrumb\",\"itemListElement\":[{\"@type\":\"ListItem\",\"position\":1,\"name\":\"Inicio\",\"item\":\"https:\\\/\\\/quehacerpolitico.mx\\\/\"},{\"@type\":\"ListItem\",\"position\":2,\"name\":\"Asociaci\u00f3n de Ingenieros y Arquitectos de M\u00e9xico pide a AMLO \u2018reflexionar\u2019 sobre acuerdo por obras p\u00fablicas\"}]},{\"@type\":\"WebSite\",\"@id\":\"https:\\\/\\\/quehacerpolitico.mx\\\/#website\",\"url\":\"https:\\\/\\\/quehacerpolitico.mx\\\/\",\"name\":\"\",\"description\":\"\",\"potentialAction\":[{\"@type\":\"SearchAction\",\"target\":{\"@type\":\"EntryPoint\",\"urlTemplate\":\"https:\\\/\\\/quehacerpolitico.mx\\\/?s={search_term_string}\"},\"query-input\":{\"@type\":\"PropertyValueSpecification\",\"valueRequired\":true,\"valueName\":\"search_term_string\"}}],\"inLanguage\":\"es\"},{\"@type\":\"Person\",\"@id\":\"https:\\\/\\\/quehacerpolitico.mx\\\/#\\\/schema\\\/person\\\/496d8ad2d1d3f8036101dca7ee39e585\",\"name\":\"Redacci\u00f3n QP\",\"image\":{\"@type\":\"ImageObject\",\"inLanguage\":\"es\",\"@id\":\"https:\\\/\\\/secure.gravatar.com\\\/avatar\\\/c7164ed6fdec453195284ad24a5ae5b6e1eed2b848477fa2a4787ba9adf39a41?s=96&d=mm&r=g\",\"url\":\"https:\\\/\\\/secure.gravatar.com\\\/avatar\\\/c7164ed6fdec453195284ad24a5ae5b6e1eed2b848477fa2a4787ba9adf39a41?s=96&d=mm&r=g\",\"contentUrl\":\"https:\\\/\\\/secure.gravatar.com\\\/avatar\\\/c7164ed6fdec453195284ad24a5ae5b6e1eed2b848477fa2a4787ba9adf39a41?s=96&d=mm&r=g\",\"caption\":\"Redacci\u00f3n QP\"},\"url\":\"https:\\\/\\\/quehacerpolitico.mx\\\/?author=2\"}]}<\/script>\n<!-- \/ Yoast SEO plugin. -->","yoast_head_json":{"title":"Asociaci\u00f3n de Ingenieros y Arquitectos de M\u00e9xico pide a AMLO \u2018reflexionar\u2019 sobre acuerdo por obras p\u00fablicas -","robots":{"index":"index","follow":"follow","max-snippet":"max-snippet:-1","max-image-preview":"max-image-preview:large","max-video-preview":"max-video-preview:-1"},"canonical":"https:\/\/quehacerpolitico.mx\/?p=87227","og_locale":"es_MX","og_type":"article","og_title":"Asociaci\u00f3n de Ingenieros y Arquitectos de M\u00e9xico pide a AMLO \u2018reflexionar\u2019 sobre acuerdo por obras p\u00fablicas -","og_description":"Por Redacci\u00f3n QP Ricardo Rodr\u00edguez, presidente de la Asociaci\u00f3n de Ingenieros y Arquitectos de M\u00e9xico,...","og_url":"https:\/\/quehacerpolitico.mx\/?p=87227","article_published_time":"2021-12-09T17:57:47+00:00","article_modified_time":"2021-12-09T17:57:51+00:00","og_image":[{"width":1284,"height":628,"url":"https:\/\/quehacerpolitico.mx\/wp-content\/uploads\/2021\/12\/C1D1B487-F1EE-4385-9802-B5D17167B181.jpeg","type":"image\/jpeg"}],"author":"Redacci\u00f3n QP","twitter_card":"summary_large_image","twitter_misc":{"Escrito por":"Redacci\u00f3n QP","Tiempo de lectura":"2 minutos"},"schema":{"@context":"https:\/\/schema.org","@graph":[{"@type":"Article","@id":"https:\/\/quehacerpolitico.mx\/?p=87227#article","isPartOf":{"@id":"https:\/\/quehacerpolitico.mx\/?p=87227"},"author":{"name":"Redacci\u00f3n QP","@id":"https:\/\/quehacerpolitico.mx\/#\/schema\/person\/496d8ad2d1d3f8036101dca7ee39e585"},"headline":"Asociaci\u00f3n de Ingenieros y Arquitectos de M\u00e9xico pide a AMLO \u2018reflexionar\u2019 sobre acuerdo por obras p\u00fablicas","datePublished":"2021-12-09T17:57:47+00:00","dateModified":"2021-12-09T17:57:51+00:00","mainEntityOfPage":{"@id":"https:\/\/quehacerpolitico.mx\/?p=87227"},"wordCount":459,"commentCount":0,"image":{"@id":"https:\/\/quehacerpolitico.mx\/?p=87227#primaryimage"},"thumbnailUrl":"https:\/\/quehacerpolitico.mx\/wp-content\/uploads\/2021\/12\/C1D1B487-F1EE-4385-9802-B5D17167B181.jpeg","articleSection":["Noticias"],"inLanguage":"es","potentialAction":[{"@type":"CommentAction","name":"Comment","target":["https:\/\/quehacerpolitico.mx\/?p=87227#respond"]}]},{"@type":"WebPage","@id":"https:\/\/quehacerpolitico.mx\/?p=87227","url":"https:\/\/quehacerpolitico.mx\/?p=87227","name":"Asociaci\u00f3n de Ingenieros y Arquitectos de M\u00e9xico pide a AMLO \u2018reflexionar\u2019 sobre acuerdo por obras p\u00fablicas -","isPartOf":{"@id":"https:\/\/quehacerpolitico.mx\/#website"},"primaryImageOfPage":{"@id":"https:\/\/quehacerpolitico.mx\/?p=87227#primaryimage"},"image":{"@id":"https:\/\/quehacerpolitico.mx\/?p=87227#primaryimage"},"thumbnailUrl":"https:\/\/quehacerpolitico.mx\/wp-content\/uploads\/2021\/12\/C1D1B487-F1EE-4385-9802-B5D17167B181.jpeg","datePublished":"2021-12-09T17:57:47+00:00","dateModified":"2021-12-09T17:57:51+00:00","author":{"@id":"https:\/\/quehacerpolitico.mx\/#\/schema\/person\/496d8ad2d1d3f8036101dca7ee39e585"},"breadcrumb":{"@id":"https:\/\/quehacerpolitico.mx\/?p=87227#breadcrumb"},"inLanguage":"es","potentialAction":[{"@type":"ReadAction","target":["https:\/\/quehacerpolitico.mx\/?p=87227"]}]},{"@type":"ImageObject","inLanguage":"es","@id":"https:\/\/quehacerpolitico.mx\/?p=87227#primaryimage","url":"https:\/\/quehacerpolitico.mx\/wp-content\/uploads\/2021\/12\/C1D1B487-F1EE-4385-9802-B5D17167B181.jpeg","contentUrl":"https:\/\/quehacerpolitico.mx\/wp-content\/uploads\/2021\/12\/C1D1B487-F1EE-4385-9802-B5D17167B181.jpeg","width":1284,"height":628},{"@type":"BreadcrumbList","@id":"https:\/\/quehacerpolitico.mx\/?p=87227#breadcrumb","itemListElement":[{"@type":"ListItem","position":1,"name":"Inicio","item":"https:\/\/quehacerpolitico.mx\/"},{"@type":"ListItem","position":2,"name":"Asociaci\u00f3n de Ingenieros y Arquitectos de M\u00e9xico pide a AMLO \u2018reflexionar\u2019 sobre acuerdo por obras p\u00fablicas"}]},{"@type":"WebSite","@id":"https:\/\/quehacerpolitico.mx\/#website","url":"https:\/\/quehacerpolitico.mx\/","name":"","description":"","potentialAction":[{"@type":"SearchAction","target":{"@type":"EntryPoint","urlTemplate":"https:\/\/quehacerpolitico.mx\/?s={search_term_string}"},"query-input":{"@type":"PropertyValueSpecification","valueRequired":true,"valueName":"search_term_string"}}],"inLanguage":"es"},{"@type":"Person","@id":"https:\/\/quehacerpolitico.mx\/#\/schema\/person\/496d8ad2d1d3f8036101dca7ee39e585","name":"Redacci\u00f3n QP","image":{"@type":"ImageObject","inLanguage":"es","@id":"https:\/\/secure.gravatar.com\/avatar\/c7164ed6fdec453195284ad24a5ae5b6e1eed2b848477fa2a4787ba9adf39a41?s=96&d=mm&r=g","url":"https:\/\/secure.gravatar.com\/avatar\/c7164ed6fdec453195284ad24a5ae5b6e1eed2b848477fa2a4787ba9adf39a41?s=96&d=mm&r=g","contentUrl":"https:\/\/secure.gravatar.com\/avatar\/c7164ed6fdec453195284ad24a5ae5b6e1eed2b848477fa2a4787ba9adf39a41?s=96&d=mm&r=g","caption":"Redacci\u00f3n QP"},"url":"https:\/\/quehacerpolitico.mx\/?author=2"}]}},"featured_image_urls":{"full":["https:\/\/quehacerpolitico.mx\/wp-content\/uploads\/2021\/12\/C1D1B487-F1EE-4385-9802-B5D17167B181.jpeg",1284,628,false],"thumbnail":["https:\/\/quehacerpolitico.mx\/wp-content\/uploads\/2021\/12\/C1D1B487-F1EE-4385-9802-B5D17167B181-150x150.jpeg",150,150,true],"medium":["https:\/\/quehacerpolitico.mx\/wp-content\/uploads\/2021\/12\/C1D1B487-F1EE-4385-9802-B5D17167B181-300x147.jpeg",300,147,true],"medium_large":["https:\/\/quehacerpolitico.mx\/wp-content\/uploads\/2021\/12\/C1D1B487-F1EE-4385-9802-B5D17167B181-768x376.jpeg",640,313,true],"large":["https:\/\/quehacerpolitico.mx\/wp-content\/uploads\/2021\/12\/C1D1B487-F1EE-4385-9802-B5D17167B181-1024x501.jpeg",640,313,true],"1536x1536":["https:\/\/quehacerpolitico.mx\/wp-content\/uploads\/2021\/12\/C1D1B487-F1EE-4385-9802-B5D17167B181.jpeg",1284,628,false],"2048x2048":["https:\/\/quehacerpolitico.mx\/wp-content\/uploads\/2021\/12\/C1D1B487-F1EE-4385-9802-B5D17167B181.jpeg",1284,628,false],"covernews-featured":["https:\/\/quehacerpolitico.mx\/wp-content\/uploads\/2021\/12\/C1D1B487-F1EE-4385-9802-B5D17167B181.jpeg",1024,501,false],"covernews-medium":["https:\/\/quehacerpolitico.mx\/wp-content\/uploads\/2021\/12\/C1D1B487-F1EE-4385-9802-B5D17167B181.jpeg",540,264,false]},"author_info":{"display_name":"Redacci\u00f3n QP","author_link":"https:\/\/quehacerpolitico.mx\/?author=2"},"category_info":"<a href=\"https:\/\/quehacerpolitico.mx\/?cat=2\" rel=\"category\">Noticias<\/a>","tag_info":"Noticias","comment_count":"0","_links":{"self":[{"href":"https:\/\/quehacerpolitico.mx\/index.php?rest_route=\/wp\/v2\/posts\/87227","targetHints":{"allow":["GET"]}}],"collection":[{"href":"https:\/\/quehacerpolitico.mx\/index.php?rest_route=\/wp\/v2\/posts"}],"about":[{"href":"https:\/\/quehacerpolitico.mx\/index.php?rest_route=\/wp\/v2\/types\/post"}],"author":[{"embeddable":true,"href":"https:\/\/quehacerpolitico.mx\/index.php?rest_route=\/wp\/v2\/users\/2"}],"replies":[{"embeddable":true,"href":"https:\/\/quehacerpolitico.mx\/index.php?rest_route=%2Fwp%2Fv2%2Fcomments&post=87227"}],"version-history":[{"count":1,"href":"https:\/\/quehacerpolitico.mx\/index.php?rest_route=\/wp\/v2\/posts\/87227\/revisions"}],"predecessor-version":[{"id":87229,"href":"https:\/\/quehacerpolitico.mx\/index.php?rest_route=\/wp\/v2\/posts\/87227\/revisions\/87229"}],"wp:featuredmedia":[{"embeddable":true,"href":"https:\/\/quehacerpolitico.mx\/index.php?rest_route=\/wp\/v2\/media\/87228"}],"wp:attachment":[{"href":"https:\/\/quehacerpolitico.mx\/index.php?rest_route=%2Fwp%2Fv2%2Fmedia&parent=87227"}],"wp:term":[{"taxonomy":"category","embeddable":true,"href":"https:\/\/quehacerpolitico.mx\/index.php?rest_route=%2Fwp%2Fv2%2Fcategories&post=87227"},{"taxonomy":"post_tag","embeddable":true,"href":"https:\/\/quehacerpolitico.mx\/index.php?rest_route=%2Fwp%2Fv2%2Ftags&post=87227"}],"curies":[{"name":"wp","href":"https:\/\/api.w.org\/{rel}","templated":true}]}}