{"id":87223,"date":"2021-12-09T17:35:05","date_gmt":"2021-12-09T17:35:05","guid":{"rendered":"https:\/\/quehacerpolitico.mx\/?p=87223"},"modified":"2021-12-09T17:35:10","modified_gmt":"2021-12-09T17:35:10","slug":"amlo-entrega-premios-nacionales-de-arquitectura-e-ingenieria-2020","status":"publish","type":"post","link":"https:\/\/quehacerpolitico.mx\/?p=87223","title":{"rendered":"AMLO entrega Premios Nacionales de Arquitectura e Ingenier\u00eda 2020"},"content":{"rendered":"\n<p>Por Redacci\u00f3n QP<\/p>\n\n\n\n<p>Los Premios Nacionales de Arquitectura e Ingenier\u00eda se entregan a profesionistas ampliamente destacados y reconocidos con una trayectoria de excepci\u00f3n<\/p>\n\n\n\n<ul class=\"wp-block-list\"><li>Los Premios Nacionales de Arquitectura e Ingenier\u00eda 2020 se entregaron al ingeniero Jos\u00e9 Francisco Garaicoechea, y al arquitecto Fray Gabriel Ch\u00e1vez de la Mora<\/li><\/ul>\n\n\n\n<p>El presidente,\u00a0<strong>Andr\u00e9s Manuel L\u00f3pez Obrador<\/strong>(AMLO), encabez\u00f3 la\u00a0<strong>entrega de los Premios Nacionales de\u00a0Arquitectura\u00a0e\u00a0<\/strong>Ingenier\u00eda 2020, por parte de la Asociaci\u00f3n de Ingenieros y Arquitectos de M\u00e9xico.<\/p>\n\n\n\n<p><em>\u201cVamos a llevar a cabo esta ceremonia, nos da mucho gusto que nos visiten, que est\u00e9n aqu\u00ed, sobre todo una felicitaci\u00f3n, un abrazo afectuoso, respetuoso a quienes van a recibir estos premios muy merecidos por su trayectoria profesional y por lo que han aportado al desarrollo de\u00a0<\/em><strong>M\u00e9xico\u201d,<\/strong><em>expres\u00f3\u00a0AMLO en su\u00a0conferencia ma\u00f1anera desde Palacio Nacional.<\/em><\/p>\n\n\n\n<p>Previo a la entrega de los premios, el arquitecto&nbsp;<strong>Ricardo Rodr\u00edguez<\/strong>, quien presidi\u00f3 la ceremonia, dijo: \u201cHoy es un d\u00eda de j\u00fabilo para los&nbsp;<strong>ingenieros<\/strong>&nbsp;y para los arquitectos mexicanos, una vez al a\u00f1o se reconoce la trayectoria profesional y la excelencia en el ejercicio de un&nbsp;<strong>arquitecto<\/strong>&nbsp;y de un ingeniero. Y hoy se entregan por el Presidente de la Rep\u00fablica los premios nacionales correspondientes al a\u00f1o 2020\u2033.<\/p>\n\n\n\n<p>El arquitecto Ricardo Rodr\u00edguez explic\u00f3 que la selecci\u00f3n del premio proviene de un ejercicio democr\u00e1tico, donde \u00fanicamente pueden ser propuestos y seleccionados&nbsp;<strong>profesionistas ampliamente destacados<\/strong>&nbsp;y reconocidos con una trayectoria de excepci\u00f3n.<\/p>\n\n\n\n<p>Inform\u00f3 que por primera vez en la historia de los Premios Nacionales de Arquitectura e Ingenier\u00eda se entrega a un\u00a0<strong>ingeniero petrolero<\/strong>\u00a0formado en la Universidad Nacional Aut\u00f3noma de M\u00e9xico (UNAM), el ingeniero Jos\u00e9 Francisco Garaicoechea; y tambi\u00e9n por primera vez a un\u00a0<strong>fraile benedictino<\/strong>, el arquitecto fray Gabriel Ch\u00e1vez de la Mora, formado en la Universidad de Guadalajara.<\/p>\n\n\n\n<p>L\u00f3pez Obrador fue el encargado de otorgar el\u00a0<strong>diploma<\/strong>\u00a0y la\u00a0<strong>medalla<\/strong>\u00a0de reconocimiento a los galardonados.<\/p>\n\n\n\n<figure class=\"wp-block-image size-large\"><img loading=\"lazy\" decoding=\"async\" width=\"1024\" height=\"576\" src=\"https:\/\/quehacerpolitico.mx\/wp-content\/uploads\/2021\/12\/image-10-1024x576.jpeg\" alt=\"\" class=\"wp-image-87224\" srcset=\"https:\/\/quehacerpolitico.mx\/wp-content\/uploads\/2021\/12\/image-10-1024x576.jpeg 1024w, https:\/\/quehacerpolitico.mx\/wp-content\/uploads\/2021\/12\/image-10-300x169.jpeg 300w, https:\/\/quehacerpolitico.mx\/wp-content\/uploads\/2021\/12\/image-10-768x432.jpeg 768w, https:\/\/quehacerpolitico.mx\/wp-content\/uploads\/2021\/12\/image-10-260x146.jpeg 260w, https:\/\/quehacerpolitico.mx\/wp-content\/uploads\/2021\/12\/image-10-50x28.jpeg 50w, https:\/\/quehacerpolitico.mx\/wp-content\/uploads\/2021\/12\/image-10-133x75.jpeg 133w, https:\/\/quehacerpolitico.mx\/wp-content\/uploads\/2021\/12\/image-10-1200x675.jpeg 1200w, https:\/\/quehacerpolitico.mx\/wp-content\/uploads\/2021\/12\/image-10.jpeg 1280w\" sizes=\"auto, (max-width: 1024px) 100vw, 1024px\" \/><\/figure>\n\n\n\n<p>Por su parte, el galardonado&nbsp;<strong>Fray Gabriel Ch\u00e1vez de la Mora<\/strong>&nbsp;agradeci\u00f3 al&nbsp;<strong>Presidente de M\u00e9xico<\/strong>&nbsp;que le entregara el premio.<\/p>\n\n\n\n<blockquote class=\"wp-block-quote is-layout-flow wp-block-quote-is-layout-flow\"><p>\u201cEn esta ceremonia donde est\u00e1 tambi\u00e9n Garaicochea, que tambi\u00e9n ser\u00e1 galardonado junto conmigo. Le agradezco se\u00f1or Presidente que haya aceptado entregarme este reconocimiento nacional que honra a nuestro gremio, la arquitectura, el Premio Nacional de Arquitectura 2020\u201d.<\/p><\/blockquote>\n\n\n\n<p>Fray Gabriel Ch\u00e1vez de la Mora asegur\u00f3 que recibe el premio \u201ccomo un est\u00edmulo para continuar con entusiasmo el servicio profesional de la arquitectura, que es mi ministerio y diacon\u00eda como\u00a0<strong>religioso<\/strong>\u00a0benedictino y presb\u00edtero\u201d.<\/p>\n\n\n\n<p>Por su parte, el tambi\u00e9n galardonado, ingeniero\u00a0<strong>Francisco Garaicochea Petrirena<\/strong>\u00a0agradeci\u00f3 el privilegio y el favor de recibir de manos del Presidente de M\u00e9xico el premio, el cual, dijo, lo comparte con todos los compa\u00f1eros de trabajo.<\/p>\n\n\n\n<figure class=\"wp-block-embed is-type-rich is-provider-twitter wp-block-embed-twitter\"><div class=\"wp-block-embed__wrapper\">\n<blockquote class=\"twitter-tweet\" data-width=\"550\" data-dnt=\"true\"><p lang=\"es\" dir=\"ltr\">El presidente <a href=\"https:\/\/twitter.com\/lopezobrador_?ref_src=twsrc%5Etfw\">@lopezobrador_<\/a> entreg\u00f3 el Premio Nacional de Arquitectura a Fray Gabriel Ch\u00e1vez de la Mora. <a href=\"https:\/\/t.co\/hCoYBQ6egu\">pic.twitter.com\/hCoYBQ6egu<\/a><\/p>&mdash; Ruido en la Red (@RuidoEnLaRed) <a href=\"https:\/\/twitter.com\/RuidoEnLaRed\/status\/1468960845040214030?ref_src=twsrc%5Etfw\">December 9, 2021<\/a><\/blockquote><script async src=\"https:\/\/platform.twitter.com\/widgets.js\" charset=\"utf-8\"><\/script>\n<\/div><\/figure>\n","protected":false},"excerpt":{"rendered":"<p>Por Redacci\u00f3n QP Los Premios Nacionales de Arquitectura e Ingenier\u00eda se entregan a profesionistas ampliamente&#8230;<\/p>\n","protected":false},"author":2,"featured_media":87225,"comment_status":"open","ping_status":"open","sticky":false,"template":"","format":"standard","meta":{"_monsterinsights_skip_tracking":false,"_monsterinsights_sitenote_active":false,"_monsterinsights_sitenote_note":"","_monsterinsights_sitenote_category":0,"footnotes":""},"categories":[2],"tags":[],"class_list":["post-87223","post","type-post","status-publish","format-standard","has-post-thumbnail","hentry","category-noticias"],"yoast_head":"<!-- This site is optimized with the Yoast SEO plugin v27.3 - https:\/\/yoast.com\/product\/yoast-seo-wordpress\/ -->\n<title>AMLO entrega Premios Nacionales de Arquitectura e Ingenier\u00eda 2020 -<\/title>\n<meta name=\"robots\" content=\"index, follow, max-snippet:-1, max-image-preview:large, max-video-preview:-1\" \/>\n<link rel=\"canonical\" href=\"https:\/\/quehacerpolitico.mx\/?p=87223\" \/>\n<meta property=\"og:locale\" content=\"es_MX\" \/>\n<meta property=\"og:type\" content=\"article\" \/>\n<meta property=\"og:title\" content=\"AMLO entrega Premios Nacionales de Arquitectura e Ingenier\u00eda 2020 -\" \/>\n<meta property=\"og:description\" content=\"Por Redacci\u00f3n QP Los Premios Nacionales de Arquitectura e Ingenier\u00eda se entregan a profesionistas ampliamente...\" \/>\n<meta property=\"og:url\" content=\"https:\/\/quehacerpolitico.mx\/?p=87223\" \/>\n<meta property=\"article:published_time\" content=\"2021-12-09T17:35:05+00:00\" \/>\n<meta property=\"article:modified_time\" content=\"2021-12-09T17:35:10+00:00\" \/>\n<meta property=\"og:image\" content=\"https:\/\/quehacerpolitico.mx\/wp-content\/uploads\/2021\/12\/DDA94C95-A0B9-410A-ADF5-A367AC3BEA1D.jpeg\" \/>\n\t<meta property=\"og:image:width\" content=\"2048\" \/>\n\t<meta property=\"og:image:height\" content=\"1364\" \/>\n\t<meta property=\"og:image:type\" content=\"image\/jpeg\" \/>\n<meta name=\"author\" content=\"Redacci\u00f3n QP\" \/>\n<meta name=\"twitter:card\" content=\"summary_large_image\" \/>\n<meta name=\"twitter:label1\" content=\"Escrito por\" \/>\n\t<meta name=\"twitter:data1\" content=\"Redacci\u00f3n QP\" \/>\n\t<meta name=\"twitter:label2\" content=\"Tiempo de lectura\" \/>\n\t<meta name=\"twitter:data2\" content=\"2 minutos\" \/>\n<script type=\"application\/ld+json\" class=\"yoast-schema-graph\">{\"@context\":\"https:\\\/\\\/schema.org\",\"@graph\":[{\"@type\":\"Article\",\"@id\":\"https:\\\/\\\/quehacerpolitico.mx\\\/?p=87223#article\",\"isPartOf\":{\"@id\":\"https:\\\/\\\/quehacerpolitico.mx\\\/?p=87223\"},\"author\":{\"name\":\"Redacci\u00f3n QP\",\"@id\":\"https:\\\/\\\/quehacerpolitico.mx\\\/#\\\/schema\\\/person\\\/496d8ad2d1d3f8036101dca7ee39e585\"},\"headline\":\"AMLO entrega Premios Nacionales de Arquitectura e Ingenier\u00eda 2020\",\"datePublished\":\"2021-12-09T17:35:05+00:00\",\"dateModified\":\"2021-12-09T17:35:10+00:00\",\"mainEntityOfPage\":{\"@id\":\"https:\\\/\\\/quehacerpolitico.mx\\\/?p=87223\"},\"wordCount\":505,\"commentCount\":0,\"image\":{\"@id\":\"https:\\\/\\\/quehacerpolitico.mx\\\/?p=87223#primaryimage\"},\"thumbnailUrl\":\"https:\\\/\\\/quehacerpolitico.mx\\\/wp-content\\\/uploads\\\/2021\\\/12\\\/DDA94C95-A0B9-410A-ADF5-A367AC3BEA1D.jpeg\",\"articleSection\":[\"Noticias\"],\"inLanguage\":\"es\",\"potentialAction\":[{\"@type\":\"CommentAction\",\"name\":\"Comment\",\"target\":[\"https:\\\/\\\/quehacerpolitico.mx\\\/?p=87223#respond\"]}]},{\"@type\":\"WebPage\",\"@id\":\"https:\\\/\\\/quehacerpolitico.mx\\\/?p=87223\",\"url\":\"https:\\\/\\\/quehacerpolitico.mx\\\/?p=87223\",\"name\":\"AMLO entrega Premios Nacionales de Arquitectura e Ingenier\u00eda 2020 -\",\"isPartOf\":{\"@id\":\"https:\\\/\\\/quehacerpolitico.mx\\\/#website\"},\"primaryImageOfPage\":{\"@id\":\"https:\\\/\\\/quehacerpolitico.mx\\\/?p=87223#primaryimage\"},\"image\":{\"@id\":\"https:\\\/\\\/quehacerpolitico.mx\\\/?p=87223#primaryimage\"},\"thumbnailUrl\":\"https:\\\/\\\/quehacerpolitico.mx\\\/wp-content\\\/uploads\\\/2021\\\/12\\\/DDA94C95-A0B9-410A-ADF5-A367AC3BEA1D.jpeg\",\"datePublished\":\"2021-12-09T17:35:05+00:00\",\"dateModified\":\"2021-12-09T17:35:10+00:00\",\"author\":{\"@id\":\"https:\\\/\\\/quehacerpolitico.mx\\\/#\\\/schema\\\/person\\\/496d8ad2d1d3f8036101dca7ee39e585\"},\"breadcrumb\":{\"@id\":\"https:\\\/\\\/quehacerpolitico.mx\\\/?p=87223#breadcrumb\"},\"inLanguage\":\"es\",\"potentialAction\":[{\"@type\":\"ReadAction\",\"target\":[\"https:\\\/\\\/quehacerpolitico.mx\\\/?p=87223\"]}]},{\"@type\":\"ImageObject\",\"inLanguage\":\"es\",\"@id\":\"https:\\\/\\\/quehacerpolitico.mx\\\/?p=87223#primaryimage\",\"url\":\"https:\\\/\\\/quehacerpolitico.mx\\\/wp-content\\\/uploads\\\/2021\\\/12\\\/DDA94C95-A0B9-410A-ADF5-A367AC3BEA1D.jpeg\",\"contentUrl\":\"https:\\\/\\\/quehacerpolitico.mx\\\/wp-content\\\/uploads\\\/2021\\\/12\\\/DDA94C95-A0B9-410A-ADF5-A367AC3BEA1D.jpeg\",\"width\":2048,\"height\":1364},{\"@type\":\"BreadcrumbList\",\"@id\":\"https:\\\/\\\/quehacerpolitico.mx\\\/?p=87223#breadcrumb\",\"itemListElement\":[{\"@type\":\"ListItem\",\"position\":1,\"name\":\"Inicio\",\"item\":\"https:\\\/\\\/quehacerpolitico.mx\\\/\"},{\"@type\":\"ListItem\",\"position\":2,\"name\":\"AMLO entrega Premios Nacionales de Arquitectura e Ingenier\u00eda 2020\"}]},{\"@type\":\"WebSite\",\"@id\":\"https:\\\/\\\/quehacerpolitico.mx\\\/#website\",\"url\":\"https:\\\/\\\/quehacerpolitico.mx\\\/\",\"name\":\"\",\"description\":\"\",\"potentialAction\":[{\"@type\":\"SearchAction\",\"target\":{\"@type\":\"EntryPoint\",\"urlTemplate\":\"https:\\\/\\\/quehacerpolitico.mx\\\/?s={search_term_string}\"},\"query-input\":{\"@type\":\"PropertyValueSpecification\",\"valueRequired\":true,\"valueName\":\"search_term_string\"}}],\"inLanguage\":\"es\"},{\"@type\":\"Person\",\"@id\":\"https:\\\/\\\/quehacerpolitico.mx\\\/#\\\/schema\\\/person\\\/496d8ad2d1d3f8036101dca7ee39e585\",\"name\":\"Redacci\u00f3n QP\",\"image\":{\"@type\":\"ImageObject\",\"inLanguage\":\"es\",\"@id\":\"https:\\\/\\\/secure.gravatar.com\\\/avatar\\\/c7164ed6fdec453195284ad24a5ae5b6e1eed2b848477fa2a4787ba9adf39a41?s=96&d=mm&r=g\",\"url\":\"https:\\\/\\\/secure.gravatar.com\\\/avatar\\\/c7164ed6fdec453195284ad24a5ae5b6e1eed2b848477fa2a4787ba9adf39a41?s=96&d=mm&r=g\",\"contentUrl\":\"https:\\\/\\\/secure.gravatar.com\\\/avatar\\\/c7164ed6fdec453195284ad24a5ae5b6e1eed2b848477fa2a4787ba9adf39a41?s=96&d=mm&r=g\",\"caption\":\"Redacci\u00f3n QP\"},\"url\":\"https:\\\/\\\/quehacerpolitico.mx\\\/?author=2\"}]}<\/script>\n<!-- \/ Yoast SEO plugin. -->","yoast_head_json":{"title":"AMLO entrega Premios Nacionales de Arquitectura e Ingenier\u00eda 2020 -","robots":{"index":"index","follow":"follow","max-snippet":"max-snippet:-1","max-image-preview":"max-image-preview:large","max-video-preview":"max-video-preview:-1"},"canonical":"https:\/\/quehacerpolitico.mx\/?p=87223","og_locale":"es_MX","og_type":"article","og_title":"AMLO entrega Premios Nacionales de Arquitectura e Ingenier\u00eda 2020 -","og_description":"Por Redacci\u00f3n QP Los Premios Nacionales de Arquitectura e Ingenier\u00eda se entregan a profesionistas ampliamente...","og_url":"https:\/\/quehacerpolitico.mx\/?p=87223","article_published_time":"2021-12-09T17:35:05+00:00","article_modified_time":"2021-12-09T17:35:10+00:00","og_image":[{"width":2048,"height":1364,"url":"https:\/\/quehacerpolitico.mx\/wp-content\/uploads\/2021\/12\/DDA94C95-A0B9-410A-ADF5-A367AC3BEA1D.jpeg","type":"image\/jpeg"}],"author":"Redacci\u00f3n QP","twitter_card":"summary_large_image","twitter_misc":{"Escrito por":"Redacci\u00f3n QP","Tiempo de lectura":"2 minutos"},"schema":{"@context":"https:\/\/schema.org","@graph":[{"@type":"Article","@id":"https:\/\/quehacerpolitico.mx\/?p=87223#article","isPartOf":{"@id":"https:\/\/quehacerpolitico.mx\/?p=87223"},"author":{"name":"Redacci\u00f3n QP","@id":"https:\/\/quehacerpolitico.mx\/#\/schema\/person\/496d8ad2d1d3f8036101dca7ee39e585"},"headline":"AMLO entrega Premios Nacionales de Arquitectura e Ingenier\u00eda 2020","datePublished":"2021-12-09T17:35:05+00:00","dateModified":"2021-12-09T17:35:10+00:00","mainEntityOfPage":{"@id":"https:\/\/quehacerpolitico.mx\/?p=87223"},"wordCount":505,"commentCount":0,"image":{"@id":"https:\/\/quehacerpolitico.mx\/?p=87223#primaryimage"},"thumbnailUrl":"https:\/\/quehacerpolitico.mx\/wp-content\/uploads\/2021\/12\/DDA94C95-A0B9-410A-ADF5-A367AC3BEA1D.jpeg","articleSection":["Noticias"],"inLanguage":"es","potentialAction":[{"@type":"CommentAction","name":"Comment","target":["https:\/\/quehacerpolitico.mx\/?p=87223#respond"]}]},{"@type":"WebPage","@id":"https:\/\/quehacerpolitico.mx\/?p=87223","url":"https:\/\/quehacerpolitico.mx\/?p=87223","name":"AMLO entrega Premios Nacionales de Arquitectura e Ingenier\u00eda 2020 -","isPartOf":{"@id":"https:\/\/quehacerpolitico.mx\/#website"},"primaryImageOfPage":{"@id":"https:\/\/quehacerpolitico.mx\/?p=87223#primaryimage"},"image":{"@id":"https:\/\/quehacerpolitico.mx\/?p=87223#primaryimage"},"thumbnailUrl":"https:\/\/quehacerpolitico.mx\/wp-content\/uploads\/2021\/12\/DDA94C95-A0B9-410A-ADF5-A367AC3BEA1D.jpeg","datePublished":"2021-12-09T17:35:05+00:00","dateModified":"2021-12-09T17:35:10+00:00","author":{"@id":"https:\/\/quehacerpolitico.mx\/#\/schema\/person\/496d8ad2d1d3f8036101dca7ee39e585"},"breadcrumb":{"@id":"https:\/\/quehacerpolitico.mx\/?p=87223#breadcrumb"},"inLanguage":"es","potentialAction":[{"@type":"ReadAction","target":["https:\/\/quehacerpolitico.mx\/?p=87223"]}]},{"@type":"ImageObject","inLanguage":"es","@id":"https:\/\/quehacerpolitico.mx\/?p=87223#primaryimage","url":"https:\/\/quehacerpolitico.mx\/wp-content\/uploads\/2021\/12\/DDA94C95-A0B9-410A-ADF5-A367AC3BEA1D.jpeg","contentUrl":"https:\/\/quehacerpolitico.mx\/wp-content\/uploads\/2021\/12\/DDA94C95-A0B9-410A-ADF5-A367AC3BEA1D.jpeg","width":2048,"height":1364},{"@type":"BreadcrumbList","@id":"https:\/\/quehacerpolitico.mx\/?p=87223#breadcrumb","itemListElement":[{"@type":"ListItem","position":1,"name":"Inicio","item":"https:\/\/quehacerpolitico.mx\/"},{"@type":"ListItem","position":2,"name":"AMLO entrega Premios Nacionales de Arquitectura e Ingenier\u00eda 2020"}]},{"@type":"WebSite","@id":"https:\/\/quehacerpolitico.mx\/#website","url":"https:\/\/quehacerpolitico.mx\/","name":"","description":"","potentialAction":[{"@type":"SearchAction","target":{"@type":"EntryPoint","urlTemplate":"https:\/\/quehacerpolitico.mx\/?s={search_term_string}"},"query-input":{"@type":"PropertyValueSpecification","valueRequired":true,"valueName":"search_term_string"}}],"inLanguage":"es"},{"@type":"Person","@id":"https:\/\/quehacerpolitico.mx\/#\/schema\/person\/496d8ad2d1d3f8036101dca7ee39e585","name":"Redacci\u00f3n QP","image":{"@type":"ImageObject","inLanguage":"es","@id":"https:\/\/secure.gravatar.com\/avatar\/c7164ed6fdec453195284ad24a5ae5b6e1eed2b848477fa2a4787ba9adf39a41?s=96&d=mm&r=g","url":"https:\/\/secure.gravatar.com\/avatar\/c7164ed6fdec453195284ad24a5ae5b6e1eed2b848477fa2a4787ba9adf39a41?s=96&d=mm&r=g","contentUrl":"https:\/\/secure.gravatar.com\/avatar\/c7164ed6fdec453195284ad24a5ae5b6e1eed2b848477fa2a4787ba9adf39a41?s=96&d=mm&r=g","caption":"Redacci\u00f3n QP"},"url":"https:\/\/quehacerpolitico.mx\/?author=2"}]}},"featured_image_urls":{"full":["https:\/\/quehacerpolitico.mx\/wp-content\/uploads\/2021\/12\/DDA94C95-A0B9-410A-ADF5-A367AC3BEA1D.jpeg",2048,1364,false],"thumbnail":["https:\/\/quehacerpolitico.mx\/wp-content\/uploads\/2021\/12\/DDA94C95-A0B9-410A-ADF5-A367AC3BEA1D-150x150.jpeg",150,150,true],"medium":["https:\/\/quehacerpolitico.mx\/wp-content\/uploads\/2021\/12\/DDA94C95-A0B9-410A-ADF5-A367AC3BEA1D-300x200.jpeg",300,200,true],"medium_large":["https:\/\/quehacerpolitico.mx\/wp-content\/uploads\/2021\/12\/DDA94C95-A0B9-410A-ADF5-A367AC3BEA1D-768x512.jpeg",640,427,true],"large":["https:\/\/quehacerpolitico.mx\/wp-content\/uploads\/2021\/12\/DDA94C95-A0B9-410A-ADF5-A367AC3BEA1D-1024x682.jpeg",640,426,true],"1536x1536":["https:\/\/quehacerpolitico.mx\/wp-content\/uploads\/2021\/12\/DDA94C95-A0B9-410A-ADF5-A367AC3BEA1D-1536x1023.jpeg",1536,1023,true],"2048x2048":["https:\/\/quehacerpolitico.mx\/wp-content\/uploads\/2021\/12\/DDA94C95-A0B9-410A-ADF5-A367AC3BEA1D.jpeg",2048,1364,false],"covernews-featured":["https:\/\/quehacerpolitico.mx\/wp-content\/uploads\/2021\/12\/DDA94C95-A0B9-410A-ADF5-A367AC3BEA1D.jpeg",1024,682,false],"covernews-medium":["https:\/\/quehacerpolitico.mx\/wp-content\/uploads\/2021\/12\/DDA94C95-A0B9-410A-ADF5-A367AC3BEA1D.jpeg",510,340,false]},"author_info":{"display_name":"Redacci\u00f3n QP","author_link":"https:\/\/quehacerpolitico.mx\/?author=2"},"category_info":"<a href=\"https:\/\/quehacerpolitico.mx\/?cat=2\" rel=\"category\">Noticias<\/a>","tag_info":"Noticias","comment_count":"0","_links":{"self":[{"href":"https:\/\/quehacerpolitico.mx\/index.php?rest_route=\/wp\/v2\/posts\/87223","targetHints":{"allow":["GET"]}}],"collection":[{"href":"https:\/\/quehacerpolitico.mx\/index.php?rest_route=\/wp\/v2\/posts"}],"about":[{"href":"https:\/\/quehacerpolitico.mx\/index.php?rest_route=\/wp\/v2\/types\/post"}],"author":[{"embeddable":true,"href":"https:\/\/quehacerpolitico.mx\/index.php?rest_route=\/wp\/v2\/users\/2"}],"replies":[{"embeddable":true,"href":"https:\/\/quehacerpolitico.mx\/index.php?rest_route=%2Fwp%2Fv2%2Fcomments&post=87223"}],"version-history":[{"count":1,"href":"https:\/\/quehacerpolitico.mx\/index.php?rest_route=\/wp\/v2\/posts\/87223\/revisions"}],"predecessor-version":[{"id":87226,"href":"https:\/\/quehacerpolitico.mx\/index.php?rest_route=\/wp\/v2\/posts\/87223\/revisions\/87226"}],"wp:featuredmedia":[{"embeddable":true,"href":"https:\/\/quehacerpolitico.mx\/index.php?rest_route=\/wp\/v2\/media\/87225"}],"wp:attachment":[{"href":"https:\/\/quehacerpolitico.mx\/index.php?rest_route=%2Fwp%2Fv2%2Fmedia&parent=87223"}],"wp:term":[{"taxonomy":"category","embeddable":true,"href":"https:\/\/quehacerpolitico.mx\/index.php?rest_route=%2Fwp%2Fv2%2Fcategories&post=87223"},{"taxonomy":"post_tag","embeddable":true,"href":"https:\/\/quehacerpolitico.mx\/index.php?rest_route=%2Fwp%2Fv2%2Ftags&post=87223"}],"curies":[{"name":"wp","href":"https:\/\/api.w.org\/{rel}","templated":true}]}}