{"id":87220,"date":"2021-12-09T17:20:22","date_gmt":"2021-12-09T17:20:22","guid":{"rendered":"https:\/\/quehacerpolitico.mx\/?p=87220"},"modified":"2021-12-09T17:20:26","modified_gmt":"2021-12-09T17:20:26","slug":"mexico-y-afganistan-los-paises-con-mas-periodistas-asesinados-en-2021","status":"publish","type":"post","link":"https:\/\/quehacerpolitico.mx\/?p=87220","title":{"rendered":"M\u00e9xico y Afganist\u00e1n, los pa\u00edses con m\u00e1s periodistas asesinados en 2021"},"content":{"rendered":"\n<p>Por Redacci\u00f3n QP<\/p>\n\n\n\n<p>M\u00e9xico es el pa\u00eds del planeta con m\u00e1s periodistas asesinados,\u00a0por delante de Afganist\u00e1n y la India<\/p>\n\n\n\n<p>Afganist\u00e1n y M\u00e9xico fueron los pa\u00edses m\u00e1s peligrosos para ejercer la profesi\u00f3n period\u00edstica en 2021, con 12 y 10 asesinatos respectivamente, indic\u00f3 el informe anual de la<strong>\u00a0Campa\u00f1a Emblema de Prensa (PEC)<\/strong>, que registr\u00f3 al menos 77 muertes violentas de reporteros en 28 pa\u00edses.<\/p>\n\n\n\n<p><strong>Entre los periodistas asesinados en M\u00e9xico, pa\u00eds que casi todos los a\u00f1os ocupa los primeros lugares en esta lista negra, hay nombres como\u00a0Fidel\u00a0\u00c1vila (La Ke Buena radio)<\/strong>, Teresa Aracely Alcocer (radio La Poderosa), Mar\u00eda Elena Ferral (Diario del Xalapa\/El Quinto Poder) o V\u00edctor Fernando \u00c1lvarez (Punto x Punto Noticias).<\/p>\n\n\n\n<p>En el acumulado de los \u00faltimos cinco a\u00f1os, M\u00e9xico es el pa\u00eds del planeta con m\u00e1s periodistas asesinados (66), por delante de los 53 de Afganist\u00e1n y los 40 de la India.<\/p>\n\n\n\n<p>Otros pa\u00edses destacados en la lista de 2021 fueron Pakist\u00e1n (siete periodistas asesinados), la India (seis) y Filipinas y Yemen, con cuatro cada uno.<\/p>\n\n\n\n<p>En Latinoam\u00e9rica, donde se registraron un 22 % de los asesinatos confirmados por PEC (17, diez menos que en 2020), tambi\u00e9n murieron dos reporteros en Brasil, otros tantos en Colombia y al menos hubo una v\u00edctima mortal en Ecuador, Guatemala y Hait\u00ed.<\/p>\n\n\n\n<p>M\u00e1s de la mitad de las muertes se produjeron en Asia (40), mientras que en \u00c1frica hubo 14, cinco en Europa y una en Norteam\u00e9rica (el estadounidense Zachary Stoner, fundador del canal de YouTube ZackTV).<\/p>\n\n\n\n<p>&#8220;<strong>El n\u00famero de periodistas asesinados ha disminuido un 8 por ciento con respecto al mismo periodo del a\u00f1o pasado<\/strong>, lo que supone una ligera mejora&#8221;, subray\u00f3 el secretario general de PEC, Blaise Lempen, quien se\u00f1al\u00f3 que el descenso de muertes en pa\u00edses latinoamericanos (exceptuando M\u00e9xico) ha explicado en parte ese descenso.<\/p>\n\n\n\n<p><strong>M\u00e1s de un tercio de los periodistas asesinados (29) fallecieron en zonas en conflicto como Afganist\u00e1n, Azerbaiy\u00e1n, Burkina Faso, Rep\u00fablica Democr\u00e1tica del Congo, Etiop\u00eda, Palestina, Somalia, Siria o Yemen<\/strong>.<\/p>\n\n\n\n<p>En este grupo figuran los periodistas espa\u00f1oles David Beriain y Roberto Fraile, fallecidos en un ataque yihadista perpetrado el pasado abril en Burkina Faso.<\/p>\n\n\n\n<p>Los grupos terroristas fueron responsables de al menos 20 asesinatos, lo que supone un aumento con respecto a a\u00f1os anteriores.<\/p>\n\n\n\n<p>&#8220;El PEC condena en\u00e9rgicamente estos ataques y pide que los responsables de estos cr\u00edmenes sean llevados ante la justicia&#8221;, destac\u00f3 la organizaci\u00f3n en su informe.<\/p>\n\n\n\n<p>Con Informaci\u00f3n de EFE\u00a0<\/p>\n","protected":false},"excerpt":{"rendered":"<p>Por Redacci\u00f3n QP M\u00e9xico es el pa\u00eds del planeta con m\u00e1s periodistas asesinados,\u00a0por delante de&#8230;<\/p>\n","protected":false},"author":2,"featured_media":87221,"comment_status":"open","ping_status":"open","sticky":false,"template":"","format":"standard","meta":{"_monsterinsights_skip_tracking":false,"_monsterinsights_sitenote_active":false,"_monsterinsights_sitenote_note":"","_monsterinsights_sitenote_category":0,"footnotes":""},"categories":[2],"tags":[],"class_list":["post-87220","post","type-post","status-publish","format-standard","has-post-thumbnail","hentry","category-noticias"],"yoast_head":"<!-- This site is optimized with the Yoast SEO plugin v27.3 - https:\/\/yoast.com\/product\/yoast-seo-wordpress\/ -->\n<title>M\u00e9xico y Afganist\u00e1n, los pa\u00edses con m\u00e1s periodistas asesinados en 2021 -<\/title>\n<meta name=\"robots\" content=\"index, follow, max-snippet:-1, max-image-preview:large, max-video-preview:-1\" \/>\n<link rel=\"canonical\" href=\"https:\/\/quehacerpolitico.mx\/?p=87220\" \/>\n<meta property=\"og:locale\" content=\"es_MX\" \/>\n<meta property=\"og:type\" content=\"article\" \/>\n<meta property=\"og:title\" content=\"M\u00e9xico y Afganist\u00e1n, los pa\u00edses con m\u00e1s periodistas asesinados en 2021 -\" \/>\n<meta property=\"og:description\" content=\"Por Redacci\u00f3n QP M\u00e9xico es el pa\u00eds del planeta con m\u00e1s periodistas asesinados,\u00a0por delante de...\" \/>\n<meta property=\"og:url\" content=\"https:\/\/quehacerpolitico.mx\/?p=87220\" \/>\n<meta property=\"article:published_time\" content=\"2021-12-09T17:20:22+00:00\" \/>\n<meta property=\"article:modified_time\" content=\"2021-12-09T17:20:26+00:00\" \/>\n<meta property=\"og:image\" content=\"https:\/\/quehacerpolitico.mx\/wp-content\/uploads\/2021\/12\/445B897E-735F-46E9-9D21-DBF59B91BE6C.jpeg\" \/>\n\t<meta property=\"og:image:width\" content=\"760\" \/>\n\t<meta property=\"og:image:height\" content=\"400\" \/>\n\t<meta property=\"og:image:type\" content=\"image\/jpeg\" \/>\n<meta name=\"author\" content=\"Redacci\u00f3n QP\" \/>\n<meta name=\"twitter:card\" content=\"summary_large_image\" \/>\n<meta name=\"twitter:label1\" content=\"Escrito por\" \/>\n\t<meta name=\"twitter:data1\" content=\"Redacci\u00f3n QP\" \/>\n\t<meta name=\"twitter:label2\" content=\"Tiempo de lectura\" \/>\n\t<meta name=\"twitter:data2\" content=\"2 minutos\" \/>\n<script type=\"application\/ld+json\" class=\"yoast-schema-graph\">{\"@context\":\"https:\\\/\\\/schema.org\",\"@graph\":[{\"@type\":\"Article\",\"@id\":\"https:\\\/\\\/quehacerpolitico.mx\\\/?p=87220#article\",\"isPartOf\":{\"@id\":\"https:\\\/\\\/quehacerpolitico.mx\\\/?p=87220\"},\"author\":{\"name\":\"Redacci\u00f3n QP\",\"@id\":\"https:\\\/\\\/quehacerpolitico.mx\\\/#\\\/schema\\\/person\\\/496d8ad2d1d3f8036101dca7ee39e585\"},\"headline\":\"M\u00e9xico y Afganist\u00e1n, los pa\u00edses con m\u00e1s periodistas asesinados en 2021\",\"datePublished\":\"2021-12-09T17:20:22+00:00\",\"dateModified\":\"2021-12-09T17:20:26+00:00\",\"mainEntityOfPage\":{\"@id\":\"https:\\\/\\\/quehacerpolitico.mx\\\/?p=87220\"},\"wordCount\":445,\"commentCount\":0,\"image\":{\"@id\":\"https:\\\/\\\/quehacerpolitico.mx\\\/?p=87220#primaryimage\"},\"thumbnailUrl\":\"https:\\\/\\\/quehacerpolitico.mx\\\/wp-content\\\/uploads\\\/2021\\\/12\\\/445B897E-735F-46E9-9D21-DBF59B91BE6C.jpeg\",\"articleSection\":[\"Noticias\"],\"inLanguage\":\"es\",\"potentialAction\":[{\"@type\":\"CommentAction\",\"name\":\"Comment\",\"target\":[\"https:\\\/\\\/quehacerpolitico.mx\\\/?p=87220#respond\"]}]},{\"@type\":\"WebPage\",\"@id\":\"https:\\\/\\\/quehacerpolitico.mx\\\/?p=87220\",\"url\":\"https:\\\/\\\/quehacerpolitico.mx\\\/?p=87220\",\"name\":\"M\u00e9xico y Afganist\u00e1n, los pa\u00edses con m\u00e1s periodistas asesinados en 2021 -\",\"isPartOf\":{\"@id\":\"https:\\\/\\\/quehacerpolitico.mx\\\/#website\"},\"primaryImageOfPage\":{\"@id\":\"https:\\\/\\\/quehacerpolitico.mx\\\/?p=87220#primaryimage\"},\"image\":{\"@id\":\"https:\\\/\\\/quehacerpolitico.mx\\\/?p=87220#primaryimage\"},\"thumbnailUrl\":\"https:\\\/\\\/quehacerpolitico.mx\\\/wp-content\\\/uploads\\\/2021\\\/12\\\/445B897E-735F-46E9-9D21-DBF59B91BE6C.jpeg\",\"datePublished\":\"2021-12-09T17:20:22+00:00\",\"dateModified\":\"2021-12-09T17:20:26+00:00\",\"author\":{\"@id\":\"https:\\\/\\\/quehacerpolitico.mx\\\/#\\\/schema\\\/person\\\/496d8ad2d1d3f8036101dca7ee39e585\"},\"breadcrumb\":{\"@id\":\"https:\\\/\\\/quehacerpolitico.mx\\\/?p=87220#breadcrumb\"},\"inLanguage\":\"es\",\"potentialAction\":[{\"@type\":\"ReadAction\",\"target\":[\"https:\\\/\\\/quehacerpolitico.mx\\\/?p=87220\"]}]},{\"@type\":\"ImageObject\",\"inLanguage\":\"es\",\"@id\":\"https:\\\/\\\/quehacerpolitico.mx\\\/?p=87220#primaryimage\",\"url\":\"https:\\\/\\\/quehacerpolitico.mx\\\/wp-content\\\/uploads\\\/2021\\\/12\\\/445B897E-735F-46E9-9D21-DBF59B91BE6C.jpeg\",\"contentUrl\":\"https:\\\/\\\/quehacerpolitico.mx\\\/wp-content\\\/uploads\\\/2021\\\/12\\\/445B897E-735F-46E9-9D21-DBF59B91BE6C.jpeg\",\"width\":760,\"height\":400},{\"@type\":\"BreadcrumbList\",\"@id\":\"https:\\\/\\\/quehacerpolitico.mx\\\/?p=87220#breadcrumb\",\"itemListElement\":[{\"@type\":\"ListItem\",\"position\":1,\"name\":\"Inicio\",\"item\":\"https:\\\/\\\/quehacerpolitico.mx\\\/\"},{\"@type\":\"ListItem\",\"position\":2,\"name\":\"M\u00e9xico y Afganist\u00e1n, los pa\u00edses con m\u00e1s periodistas asesinados en 2021\"}]},{\"@type\":\"WebSite\",\"@id\":\"https:\\\/\\\/quehacerpolitico.mx\\\/#website\",\"url\":\"https:\\\/\\\/quehacerpolitico.mx\\\/\",\"name\":\"\",\"description\":\"\",\"potentialAction\":[{\"@type\":\"SearchAction\",\"target\":{\"@type\":\"EntryPoint\",\"urlTemplate\":\"https:\\\/\\\/quehacerpolitico.mx\\\/?s={search_term_string}\"},\"query-input\":{\"@type\":\"PropertyValueSpecification\",\"valueRequired\":true,\"valueName\":\"search_term_string\"}}],\"inLanguage\":\"es\"},{\"@type\":\"Person\",\"@id\":\"https:\\\/\\\/quehacerpolitico.mx\\\/#\\\/schema\\\/person\\\/496d8ad2d1d3f8036101dca7ee39e585\",\"name\":\"Redacci\u00f3n QP\",\"image\":{\"@type\":\"ImageObject\",\"inLanguage\":\"es\",\"@id\":\"https:\\\/\\\/secure.gravatar.com\\\/avatar\\\/c7164ed6fdec453195284ad24a5ae5b6e1eed2b848477fa2a4787ba9adf39a41?s=96&d=mm&r=g\",\"url\":\"https:\\\/\\\/secure.gravatar.com\\\/avatar\\\/c7164ed6fdec453195284ad24a5ae5b6e1eed2b848477fa2a4787ba9adf39a41?s=96&d=mm&r=g\",\"contentUrl\":\"https:\\\/\\\/secure.gravatar.com\\\/avatar\\\/c7164ed6fdec453195284ad24a5ae5b6e1eed2b848477fa2a4787ba9adf39a41?s=96&d=mm&r=g\",\"caption\":\"Redacci\u00f3n QP\"},\"url\":\"https:\\\/\\\/quehacerpolitico.mx\\\/?author=2\"}]}<\/script>\n<!-- \/ Yoast SEO plugin. -->","yoast_head_json":{"title":"M\u00e9xico y Afganist\u00e1n, los pa\u00edses con m\u00e1s periodistas asesinados en 2021 -","robots":{"index":"index","follow":"follow","max-snippet":"max-snippet:-1","max-image-preview":"max-image-preview:large","max-video-preview":"max-video-preview:-1"},"canonical":"https:\/\/quehacerpolitico.mx\/?p=87220","og_locale":"es_MX","og_type":"article","og_title":"M\u00e9xico y Afganist\u00e1n, los pa\u00edses con m\u00e1s periodistas asesinados en 2021 -","og_description":"Por Redacci\u00f3n QP M\u00e9xico es el pa\u00eds del planeta con m\u00e1s periodistas asesinados,\u00a0por delante de...","og_url":"https:\/\/quehacerpolitico.mx\/?p=87220","article_published_time":"2021-12-09T17:20:22+00:00","article_modified_time":"2021-12-09T17:20:26+00:00","og_image":[{"width":760,"height":400,"url":"https:\/\/quehacerpolitico.mx\/wp-content\/uploads\/2021\/12\/445B897E-735F-46E9-9D21-DBF59B91BE6C.jpeg","type":"image\/jpeg"}],"author":"Redacci\u00f3n QP","twitter_card":"summary_large_image","twitter_misc":{"Escrito por":"Redacci\u00f3n QP","Tiempo de lectura":"2 minutos"},"schema":{"@context":"https:\/\/schema.org","@graph":[{"@type":"Article","@id":"https:\/\/quehacerpolitico.mx\/?p=87220#article","isPartOf":{"@id":"https:\/\/quehacerpolitico.mx\/?p=87220"},"author":{"name":"Redacci\u00f3n QP","@id":"https:\/\/quehacerpolitico.mx\/#\/schema\/person\/496d8ad2d1d3f8036101dca7ee39e585"},"headline":"M\u00e9xico y Afganist\u00e1n, los pa\u00edses con m\u00e1s periodistas asesinados en 2021","datePublished":"2021-12-09T17:20:22+00:00","dateModified":"2021-12-09T17:20:26+00:00","mainEntityOfPage":{"@id":"https:\/\/quehacerpolitico.mx\/?p=87220"},"wordCount":445,"commentCount":0,"image":{"@id":"https:\/\/quehacerpolitico.mx\/?p=87220#primaryimage"},"thumbnailUrl":"https:\/\/quehacerpolitico.mx\/wp-content\/uploads\/2021\/12\/445B897E-735F-46E9-9D21-DBF59B91BE6C.jpeg","articleSection":["Noticias"],"inLanguage":"es","potentialAction":[{"@type":"CommentAction","name":"Comment","target":["https:\/\/quehacerpolitico.mx\/?p=87220#respond"]}]},{"@type":"WebPage","@id":"https:\/\/quehacerpolitico.mx\/?p=87220","url":"https:\/\/quehacerpolitico.mx\/?p=87220","name":"M\u00e9xico y Afganist\u00e1n, los pa\u00edses con m\u00e1s periodistas asesinados en 2021 -","isPartOf":{"@id":"https:\/\/quehacerpolitico.mx\/#website"},"primaryImageOfPage":{"@id":"https:\/\/quehacerpolitico.mx\/?p=87220#primaryimage"},"image":{"@id":"https:\/\/quehacerpolitico.mx\/?p=87220#primaryimage"},"thumbnailUrl":"https:\/\/quehacerpolitico.mx\/wp-content\/uploads\/2021\/12\/445B897E-735F-46E9-9D21-DBF59B91BE6C.jpeg","datePublished":"2021-12-09T17:20:22+00:00","dateModified":"2021-12-09T17:20:26+00:00","author":{"@id":"https:\/\/quehacerpolitico.mx\/#\/schema\/person\/496d8ad2d1d3f8036101dca7ee39e585"},"breadcrumb":{"@id":"https:\/\/quehacerpolitico.mx\/?p=87220#breadcrumb"},"inLanguage":"es","potentialAction":[{"@type":"ReadAction","target":["https:\/\/quehacerpolitico.mx\/?p=87220"]}]},{"@type":"ImageObject","inLanguage":"es","@id":"https:\/\/quehacerpolitico.mx\/?p=87220#primaryimage","url":"https:\/\/quehacerpolitico.mx\/wp-content\/uploads\/2021\/12\/445B897E-735F-46E9-9D21-DBF59B91BE6C.jpeg","contentUrl":"https:\/\/quehacerpolitico.mx\/wp-content\/uploads\/2021\/12\/445B897E-735F-46E9-9D21-DBF59B91BE6C.jpeg","width":760,"height":400},{"@type":"BreadcrumbList","@id":"https:\/\/quehacerpolitico.mx\/?p=87220#breadcrumb","itemListElement":[{"@type":"ListItem","position":1,"name":"Inicio","item":"https:\/\/quehacerpolitico.mx\/"},{"@type":"ListItem","position":2,"name":"M\u00e9xico y Afganist\u00e1n, los pa\u00edses con m\u00e1s periodistas asesinados en 2021"}]},{"@type":"WebSite","@id":"https:\/\/quehacerpolitico.mx\/#website","url":"https:\/\/quehacerpolitico.mx\/","name":"","description":"","potentialAction":[{"@type":"SearchAction","target":{"@type":"EntryPoint","urlTemplate":"https:\/\/quehacerpolitico.mx\/?s={search_term_string}"},"query-input":{"@type":"PropertyValueSpecification","valueRequired":true,"valueName":"search_term_string"}}],"inLanguage":"es"},{"@type":"Person","@id":"https:\/\/quehacerpolitico.mx\/#\/schema\/person\/496d8ad2d1d3f8036101dca7ee39e585","name":"Redacci\u00f3n QP","image":{"@type":"ImageObject","inLanguage":"es","@id":"https:\/\/secure.gravatar.com\/avatar\/c7164ed6fdec453195284ad24a5ae5b6e1eed2b848477fa2a4787ba9adf39a41?s=96&d=mm&r=g","url":"https:\/\/secure.gravatar.com\/avatar\/c7164ed6fdec453195284ad24a5ae5b6e1eed2b848477fa2a4787ba9adf39a41?s=96&d=mm&r=g","contentUrl":"https:\/\/secure.gravatar.com\/avatar\/c7164ed6fdec453195284ad24a5ae5b6e1eed2b848477fa2a4787ba9adf39a41?s=96&d=mm&r=g","caption":"Redacci\u00f3n QP"},"url":"https:\/\/quehacerpolitico.mx\/?author=2"}]}},"featured_image_urls":{"full":["https:\/\/quehacerpolitico.mx\/wp-content\/uploads\/2021\/12\/445B897E-735F-46E9-9D21-DBF59B91BE6C.jpeg",760,400,false],"thumbnail":["https:\/\/quehacerpolitico.mx\/wp-content\/uploads\/2021\/12\/445B897E-735F-46E9-9D21-DBF59B91BE6C-150x150.jpeg",150,150,true],"medium":["https:\/\/quehacerpolitico.mx\/wp-content\/uploads\/2021\/12\/445B897E-735F-46E9-9D21-DBF59B91BE6C-300x158.jpeg",300,158,true],"medium_large":["https:\/\/quehacerpolitico.mx\/wp-content\/uploads\/2021\/12\/445B897E-735F-46E9-9D21-DBF59B91BE6C.jpeg",640,337,false],"large":["https:\/\/quehacerpolitico.mx\/wp-content\/uploads\/2021\/12\/445B897E-735F-46E9-9D21-DBF59B91BE6C.jpeg",640,337,false],"1536x1536":["https:\/\/quehacerpolitico.mx\/wp-content\/uploads\/2021\/12\/445B897E-735F-46E9-9D21-DBF59B91BE6C.jpeg",760,400,false],"2048x2048":["https:\/\/quehacerpolitico.mx\/wp-content\/uploads\/2021\/12\/445B897E-735F-46E9-9D21-DBF59B91BE6C.jpeg",760,400,false],"covernews-featured":["https:\/\/quehacerpolitico.mx\/wp-content\/uploads\/2021\/12\/445B897E-735F-46E9-9D21-DBF59B91BE6C.jpeg",760,400,false],"covernews-medium":["https:\/\/quehacerpolitico.mx\/wp-content\/uploads\/2021\/12\/445B897E-735F-46E9-9D21-DBF59B91BE6C.jpeg",540,284,false]},"author_info":{"display_name":"Redacci\u00f3n QP","author_link":"https:\/\/quehacerpolitico.mx\/?author=2"},"category_info":"<a href=\"https:\/\/quehacerpolitico.mx\/?cat=2\" rel=\"category\">Noticias<\/a>","tag_info":"Noticias","comment_count":"0","_links":{"self":[{"href":"https:\/\/quehacerpolitico.mx\/index.php?rest_route=\/wp\/v2\/posts\/87220","targetHints":{"allow":["GET"]}}],"collection":[{"href":"https:\/\/quehacerpolitico.mx\/index.php?rest_route=\/wp\/v2\/posts"}],"about":[{"href":"https:\/\/quehacerpolitico.mx\/index.php?rest_route=\/wp\/v2\/types\/post"}],"author":[{"embeddable":true,"href":"https:\/\/quehacerpolitico.mx\/index.php?rest_route=\/wp\/v2\/users\/2"}],"replies":[{"embeddable":true,"href":"https:\/\/quehacerpolitico.mx\/index.php?rest_route=%2Fwp%2Fv2%2Fcomments&post=87220"}],"version-history":[{"count":1,"href":"https:\/\/quehacerpolitico.mx\/index.php?rest_route=\/wp\/v2\/posts\/87220\/revisions"}],"predecessor-version":[{"id":87222,"href":"https:\/\/quehacerpolitico.mx\/index.php?rest_route=\/wp\/v2\/posts\/87220\/revisions\/87222"}],"wp:featuredmedia":[{"embeddable":true,"href":"https:\/\/quehacerpolitico.mx\/index.php?rest_route=\/wp\/v2\/media\/87221"}],"wp:attachment":[{"href":"https:\/\/quehacerpolitico.mx\/index.php?rest_route=%2Fwp%2Fv2%2Fmedia&parent=87220"}],"wp:term":[{"taxonomy":"category","embeddable":true,"href":"https:\/\/quehacerpolitico.mx\/index.php?rest_route=%2Fwp%2Fv2%2Fcategories&post=87220"},{"taxonomy":"post_tag","embeddable":true,"href":"https:\/\/quehacerpolitico.mx\/index.php?rest_route=%2Fwp%2Fv2%2Ftags&post=87220"}],"curies":[{"name":"wp","href":"https:\/\/api.w.org\/{rel}","templated":true}]}}