{"id":87211,"date":"2021-12-09T15:06:22","date_gmt":"2021-12-09T15:06:22","guid":{"rendered":"https:\/\/quehacerpolitico.mx\/?p=87211"},"modified":"2021-12-09T15:06:23","modified_gmt":"2021-12-09T15:06:23","slug":"dobleces-israel-mendoza-perez-el-partido-bonsai-se-zafo","status":"publish","type":"post","link":"https:\/\/quehacerpolitico.mx\/?p=87211","title":{"rendered":"Dobleces\/\/\/Israel Mendoza P\u00e9rez\/\/\/El partido bonsai se zaf\u00f3"},"content":{"rendered":"\n<p>Por Israel Mendoza P\u00e9rez <\/p>\n\n\n\n<p>El aliado d\u00e9bil de la Alianza va por M\u00e9xico, el PRD ya se zaf\u00f3 del PRI y PAN. Sin posibilidades de ofrecer candidatos fuertes y evitar m\u00e1s negativos a la dirigencia disfuncional de Jes\u00fas Zambrano, el partido se precipita a su autodestrucci\u00f3n luego de dar a conocer que competir\u00e1 s\u00f3lo en Oaxaca y Estado de M\u00e9xico en los pr\u00f3ximos comicios de 2022 y 2023.<\/p>\n\n\n\n<p>Sin embargo, no es el primer s\u00edntoma adverso de la oposici\u00f3n. La lejan\u00eda llega luego de que un an\u00e1lisis interno del PRD revel\u00f3 en&nbsp;<em>petit comit\u00e9<\/em>&nbsp;que las fuerzas de oposici\u00f3n parecen sufrir del s\u00edndrome de la \u201ccaballada flaca\u201d rumbo a 2024. Mientras el dirigente de Acci\u00f3n Nacional, Marko Cort\u00e9s, destap\u00f3 a ocho posibles presidenciables, aunque luego lanz\u00f3 una declaraci\u00f3n derrotista, y su hom\u00f3logo del Revolucionario Institucional, tiene al menos dos gobernadores en la lista de presidenciables. De los dos partidos ninguna figura ha capturado la atenci\u00f3n como los aspirantes serios rumbo a 2024.<\/p>\n\n\n\n<p>El PRD carece de figuras con fuerza para hacer frente a cualquier candidato lanzado por Morena. Es m\u00e1s, ni siquiera competitivo al interior de la Alianza va por M\u00e9xico, para presentarlo como un candidato de la otra izquierda. Esa es una de las principales quejas a Jes\u00fas Zambrano por parte de sus cercanos. Se lo dicen, pero lo ignora.<\/p>\n\n\n\n<p>La oposici\u00f3n no tiene una figura suficientemente fuerte, un liderazgo para ser oposici\u00f3n de los nombres que suenan en Morena y adem\u00e1s tienen el respaldo del presidente, quien en 2024 va a estar ah\u00ed, aunque no est\u00e9 en la boleta, \u00e9l estar\u00e1 detr\u00e1s de esa elecci\u00f3n.<\/p>\n\n\n\n<p>Al precipitar la sucesi\u00f3n presidencial, L\u00f3pez Obrador tambi\u00e9n puso su \u201cgranito de arena\u201d para abrir fisuras entre los partidos de la ya de por s\u00ed debilitada oposici\u00f3n, particularmente el PAN y el PRI, pues ahora hay disputas internas para lograr la candidatura.<\/p>\n\n\n\n<p>El PRD no pod\u00eda ser la excepci\u00f3n; sin embargo, su alejamiento inicia al mismo tiempo de una estrategia de ofrecer las siglas del partido a personalidades de la academia y l\u00edderes sociales interesados en hacer frente a Morena en los pr\u00f3ximos dos a\u00f1os y quitarse la etiqueta de ser el partido sat\u00e9lite del PRIAN.<\/p>\n\n\n\n<p>La oposici\u00f3n en su conjunto carece de cartas fuertes o son \u201ccartuchos quemados\u201d, poniendo como ejemplo principal a Ricardo Anaya, o bien, a figuras que podr\u00edan no entrar en esta definici\u00f3n, pero que tampoco cuentan con reconocimiento a nivel nacional. Son casos de gobernadores que al interior del PRI se dividieron por complacencia de Alejandro Moreno quien no tom\u00f3 las riendas del partido y dej\u00f3 que el partido tomara dos caminos y dar por resultados la indefinici\u00f3n.<\/p>\n\n\n\n<p>Al PRD se le acabaron los a\u00f1os de gloria. Cuando la agenda pol\u00edtica pasaba por sus manos. Sus posturas eran tomadas en cuenta y despertaba el debate. Hoy solamente es un instituto pol\u00edtico que vive sus \u00faltimos d\u00edas. Es una larga agon\u00eda que no le termina de dar la \u00faltima estocada. Aunque Zambrano ya tiene la pala en las manos.<\/p>\n","protected":false},"excerpt":{"rendered":"<p>Por Israel Mendoza P\u00e9rez El aliado d\u00e9bil de la Alianza va por M\u00e9xico, el PRD&#8230;<\/p>\n","protected":false},"author":2,"featured_media":87212,"comment_status":"open","ping_status":"open","sticky":false,"template":"","format":"standard","meta":{"_monsterinsights_skip_tracking":false,"_monsterinsights_sitenote_active":false,"_monsterinsights_sitenote_note":"","_monsterinsights_sitenote_category":0,"footnotes":""},"categories":[2],"tags":[],"class_list":["post-87211","post","type-post","status-publish","format-standard","has-post-thumbnail","hentry","category-noticias"],"yoast_head":"<!-- This site is optimized with the Yoast SEO plugin v27.3 - https:\/\/yoast.com\/product\/yoast-seo-wordpress\/ -->\n<title>Dobleces\/\/\/Israel Mendoza P\u00e9rez\/\/\/El partido bonsai se zaf\u00f3 -<\/title>\n<meta name=\"robots\" content=\"index, follow, max-snippet:-1, max-image-preview:large, max-video-preview:-1\" \/>\n<link rel=\"canonical\" href=\"https:\/\/quehacerpolitico.mx\/?p=87211\" \/>\n<meta property=\"og:locale\" content=\"es_MX\" \/>\n<meta property=\"og:type\" content=\"article\" \/>\n<meta property=\"og:title\" content=\"Dobleces\/\/\/Israel Mendoza P\u00e9rez\/\/\/El partido bonsai se zaf\u00f3 -\" \/>\n<meta property=\"og:description\" content=\"Por Israel Mendoza P\u00e9rez El aliado d\u00e9bil de la Alianza va por M\u00e9xico, el PRD...\" \/>\n<meta property=\"og:url\" content=\"https:\/\/quehacerpolitico.mx\/?p=87211\" \/>\n<meta property=\"article:published_time\" content=\"2021-12-09T15:06:22+00:00\" \/>\n<meta property=\"article:modified_time\" content=\"2021-12-09T15:06:23+00:00\" \/>\n<meta property=\"og:image\" content=\"https:\/\/quehacerpolitico.mx\/wp-content\/uploads\/2021\/12\/DB5B686B-C246-49A1-9543-AFF0F9095D43.jpeg\" \/>\n\t<meta property=\"og:image:width\" content=\"1279\" \/>\n\t<meta property=\"og:image:height\" content=\"601\" \/>\n\t<meta property=\"og:image:type\" content=\"image\/jpeg\" \/>\n<meta name=\"author\" content=\"Redacci\u00f3n QP\" \/>\n<meta name=\"twitter:card\" content=\"summary_large_image\" \/>\n<meta name=\"twitter:label1\" content=\"Escrito por\" \/>\n\t<meta name=\"twitter:data1\" content=\"Redacci\u00f3n QP\" \/>\n\t<meta name=\"twitter:label2\" content=\"Tiempo de lectura\" \/>\n\t<meta name=\"twitter:data2\" content=\"3 minutos\" \/>\n<script type=\"application\/ld+json\" class=\"yoast-schema-graph\">{\"@context\":\"https:\\\/\\\/schema.org\",\"@graph\":[{\"@type\":\"Article\",\"@id\":\"https:\\\/\\\/quehacerpolitico.mx\\\/?p=87211#article\",\"isPartOf\":{\"@id\":\"https:\\\/\\\/quehacerpolitico.mx\\\/?p=87211\"},\"author\":{\"name\":\"Redacci\u00f3n QP\",\"@id\":\"https:\\\/\\\/quehacerpolitico.mx\\\/#\\\/schema\\\/person\\\/496d8ad2d1d3f8036101dca7ee39e585\"},\"headline\":\"Dobleces\\\/\\\/\\\/Israel Mendoza P\u00e9rez\\\/\\\/\\\/El partido bonsai se zaf\u00f3\",\"datePublished\":\"2021-12-09T15:06:22+00:00\",\"dateModified\":\"2021-12-09T15:06:23+00:00\",\"mainEntityOfPage\":{\"@id\":\"https:\\\/\\\/quehacerpolitico.mx\\\/?p=87211\"},\"wordCount\":554,\"commentCount\":0,\"image\":{\"@id\":\"https:\\\/\\\/quehacerpolitico.mx\\\/?p=87211#primaryimage\"},\"thumbnailUrl\":\"https:\\\/\\\/quehacerpolitico.mx\\\/wp-content\\\/uploads\\\/2021\\\/12\\\/DB5B686B-C246-49A1-9543-AFF0F9095D43.jpeg\",\"articleSection\":[\"Noticias\"],\"inLanguage\":\"es\",\"potentialAction\":[{\"@type\":\"CommentAction\",\"name\":\"Comment\",\"target\":[\"https:\\\/\\\/quehacerpolitico.mx\\\/?p=87211#respond\"]}]},{\"@type\":\"WebPage\",\"@id\":\"https:\\\/\\\/quehacerpolitico.mx\\\/?p=87211\",\"url\":\"https:\\\/\\\/quehacerpolitico.mx\\\/?p=87211\",\"name\":\"Dobleces\\\/\\\/\\\/Israel Mendoza P\u00e9rez\\\/\\\/\\\/El partido bonsai se zaf\u00f3 -\",\"isPartOf\":{\"@id\":\"https:\\\/\\\/quehacerpolitico.mx\\\/#website\"},\"primaryImageOfPage\":{\"@id\":\"https:\\\/\\\/quehacerpolitico.mx\\\/?p=87211#primaryimage\"},\"image\":{\"@id\":\"https:\\\/\\\/quehacerpolitico.mx\\\/?p=87211#primaryimage\"},\"thumbnailUrl\":\"https:\\\/\\\/quehacerpolitico.mx\\\/wp-content\\\/uploads\\\/2021\\\/12\\\/DB5B686B-C246-49A1-9543-AFF0F9095D43.jpeg\",\"datePublished\":\"2021-12-09T15:06:22+00:00\",\"dateModified\":\"2021-12-09T15:06:23+00:00\",\"author\":{\"@id\":\"https:\\\/\\\/quehacerpolitico.mx\\\/#\\\/schema\\\/person\\\/496d8ad2d1d3f8036101dca7ee39e585\"},\"breadcrumb\":{\"@id\":\"https:\\\/\\\/quehacerpolitico.mx\\\/?p=87211#breadcrumb\"},\"inLanguage\":\"es\",\"potentialAction\":[{\"@type\":\"ReadAction\",\"target\":[\"https:\\\/\\\/quehacerpolitico.mx\\\/?p=87211\"]}]},{\"@type\":\"ImageObject\",\"inLanguage\":\"es\",\"@id\":\"https:\\\/\\\/quehacerpolitico.mx\\\/?p=87211#primaryimage\",\"url\":\"https:\\\/\\\/quehacerpolitico.mx\\\/wp-content\\\/uploads\\\/2021\\\/12\\\/DB5B686B-C246-49A1-9543-AFF0F9095D43.jpeg\",\"contentUrl\":\"https:\\\/\\\/quehacerpolitico.mx\\\/wp-content\\\/uploads\\\/2021\\\/12\\\/DB5B686B-C246-49A1-9543-AFF0F9095D43.jpeg\",\"width\":1279,\"height\":601},{\"@type\":\"BreadcrumbList\",\"@id\":\"https:\\\/\\\/quehacerpolitico.mx\\\/?p=87211#breadcrumb\",\"itemListElement\":[{\"@type\":\"ListItem\",\"position\":1,\"name\":\"Inicio\",\"item\":\"https:\\\/\\\/quehacerpolitico.mx\\\/\"},{\"@type\":\"ListItem\",\"position\":2,\"name\":\"Dobleces\\\/\\\/\\\/Israel Mendoza P\u00e9rez\\\/\\\/\\\/El partido bonsai se zaf\u00f3\"}]},{\"@type\":\"WebSite\",\"@id\":\"https:\\\/\\\/quehacerpolitico.mx\\\/#website\",\"url\":\"https:\\\/\\\/quehacerpolitico.mx\\\/\",\"name\":\"\",\"description\":\"\",\"potentialAction\":[{\"@type\":\"SearchAction\",\"target\":{\"@type\":\"EntryPoint\",\"urlTemplate\":\"https:\\\/\\\/quehacerpolitico.mx\\\/?s={search_term_string}\"},\"query-input\":{\"@type\":\"PropertyValueSpecification\",\"valueRequired\":true,\"valueName\":\"search_term_string\"}}],\"inLanguage\":\"es\"},{\"@type\":\"Person\",\"@id\":\"https:\\\/\\\/quehacerpolitico.mx\\\/#\\\/schema\\\/person\\\/496d8ad2d1d3f8036101dca7ee39e585\",\"name\":\"Redacci\u00f3n QP\",\"image\":{\"@type\":\"ImageObject\",\"inLanguage\":\"es\",\"@id\":\"https:\\\/\\\/secure.gravatar.com\\\/avatar\\\/c7164ed6fdec453195284ad24a5ae5b6e1eed2b848477fa2a4787ba9adf39a41?s=96&d=mm&r=g\",\"url\":\"https:\\\/\\\/secure.gravatar.com\\\/avatar\\\/c7164ed6fdec453195284ad24a5ae5b6e1eed2b848477fa2a4787ba9adf39a41?s=96&d=mm&r=g\",\"contentUrl\":\"https:\\\/\\\/secure.gravatar.com\\\/avatar\\\/c7164ed6fdec453195284ad24a5ae5b6e1eed2b848477fa2a4787ba9adf39a41?s=96&d=mm&r=g\",\"caption\":\"Redacci\u00f3n QP\"},\"url\":\"https:\\\/\\\/quehacerpolitico.mx\\\/?author=2\"}]}<\/script>\n<!-- \/ Yoast SEO plugin. -->","yoast_head_json":{"title":"Dobleces\/\/\/Israel Mendoza P\u00e9rez\/\/\/El partido bonsai se zaf\u00f3 -","robots":{"index":"index","follow":"follow","max-snippet":"max-snippet:-1","max-image-preview":"max-image-preview:large","max-video-preview":"max-video-preview:-1"},"canonical":"https:\/\/quehacerpolitico.mx\/?p=87211","og_locale":"es_MX","og_type":"article","og_title":"Dobleces\/\/\/Israel Mendoza P\u00e9rez\/\/\/El partido bonsai se zaf\u00f3 -","og_description":"Por Israel Mendoza P\u00e9rez El aliado d\u00e9bil de la Alianza va por M\u00e9xico, el PRD...","og_url":"https:\/\/quehacerpolitico.mx\/?p=87211","article_published_time":"2021-12-09T15:06:22+00:00","article_modified_time":"2021-12-09T15:06:23+00:00","og_image":[{"width":1279,"height":601,"url":"https:\/\/quehacerpolitico.mx\/wp-content\/uploads\/2021\/12\/DB5B686B-C246-49A1-9543-AFF0F9095D43.jpeg","type":"image\/jpeg"}],"author":"Redacci\u00f3n QP","twitter_card":"summary_large_image","twitter_misc":{"Escrito por":"Redacci\u00f3n QP","Tiempo de lectura":"3 minutos"},"schema":{"@context":"https:\/\/schema.org","@graph":[{"@type":"Article","@id":"https:\/\/quehacerpolitico.mx\/?p=87211#article","isPartOf":{"@id":"https:\/\/quehacerpolitico.mx\/?p=87211"},"author":{"name":"Redacci\u00f3n QP","@id":"https:\/\/quehacerpolitico.mx\/#\/schema\/person\/496d8ad2d1d3f8036101dca7ee39e585"},"headline":"Dobleces\/\/\/Israel Mendoza P\u00e9rez\/\/\/El partido bonsai se zaf\u00f3","datePublished":"2021-12-09T15:06:22+00:00","dateModified":"2021-12-09T15:06:23+00:00","mainEntityOfPage":{"@id":"https:\/\/quehacerpolitico.mx\/?p=87211"},"wordCount":554,"commentCount":0,"image":{"@id":"https:\/\/quehacerpolitico.mx\/?p=87211#primaryimage"},"thumbnailUrl":"https:\/\/quehacerpolitico.mx\/wp-content\/uploads\/2021\/12\/DB5B686B-C246-49A1-9543-AFF0F9095D43.jpeg","articleSection":["Noticias"],"inLanguage":"es","potentialAction":[{"@type":"CommentAction","name":"Comment","target":["https:\/\/quehacerpolitico.mx\/?p=87211#respond"]}]},{"@type":"WebPage","@id":"https:\/\/quehacerpolitico.mx\/?p=87211","url":"https:\/\/quehacerpolitico.mx\/?p=87211","name":"Dobleces\/\/\/Israel Mendoza P\u00e9rez\/\/\/El partido bonsai se zaf\u00f3 -","isPartOf":{"@id":"https:\/\/quehacerpolitico.mx\/#website"},"primaryImageOfPage":{"@id":"https:\/\/quehacerpolitico.mx\/?p=87211#primaryimage"},"image":{"@id":"https:\/\/quehacerpolitico.mx\/?p=87211#primaryimage"},"thumbnailUrl":"https:\/\/quehacerpolitico.mx\/wp-content\/uploads\/2021\/12\/DB5B686B-C246-49A1-9543-AFF0F9095D43.jpeg","datePublished":"2021-12-09T15:06:22+00:00","dateModified":"2021-12-09T15:06:23+00:00","author":{"@id":"https:\/\/quehacerpolitico.mx\/#\/schema\/person\/496d8ad2d1d3f8036101dca7ee39e585"},"breadcrumb":{"@id":"https:\/\/quehacerpolitico.mx\/?p=87211#breadcrumb"},"inLanguage":"es","potentialAction":[{"@type":"ReadAction","target":["https:\/\/quehacerpolitico.mx\/?p=87211"]}]},{"@type":"ImageObject","inLanguage":"es","@id":"https:\/\/quehacerpolitico.mx\/?p=87211#primaryimage","url":"https:\/\/quehacerpolitico.mx\/wp-content\/uploads\/2021\/12\/DB5B686B-C246-49A1-9543-AFF0F9095D43.jpeg","contentUrl":"https:\/\/quehacerpolitico.mx\/wp-content\/uploads\/2021\/12\/DB5B686B-C246-49A1-9543-AFF0F9095D43.jpeg","width":1279,"height":601},{"@type":"BreadcrumbList","@id":"https:\/\/quehacerpolitico.mx\/?p=87211#breadcrumb","itemListElement":[{"@type":"ListItem","position":1,"name":"Inicio","item":"https:\/\/quehacerpolitico.mx\/"},{"@type":"ListItem","position":2,"name":"Dobleces\/\/\/Israel Mendoza P\u00e9rez\/\/\/El partido bonsai se zaf\u00f3"}]},{"@type":"WebSite","@id":"https:\/\/quehacerpolitico.mx\/#website","url":"https:\/\/quehacerpolitico.mx\/","name":"","description":"","potentialAction":[{"@type":"SearchAction","target":{"@type":"EntryPoint","urlTemplate":"https:\/\/quehacerpolitico.mx\/?s={search_term_string}"},"query-input":{"@type":"PropertyValueSpecification","valueRequired":true,"valueName":"search_term_string"}}],"inLanguage":"es"},{"@type":"Person","@id":"https:\/\/quehacerpolitico.mx\/#\/schema\/person\/496d8ad2d1d3f8036101dca7ee39e585","name":"Redacci\u00f3n QP","image":{"@type":"ImageObject","inLanguage":"es","@id":"https:\/\/secure.gravatar.com\/avatar\/c7164ed6fdec453195284ad24a5ae5b6e1eed2b848477fa2a4787ba9adf39a41?s=96&d=mm&r=g","url":"https:\/\/secure.gravatar.com\/avatar\/c7164ed6fdec453195284ad24a5ae5b6e1eed2b848477fa2a4787ba9adf39a41?s=96&d=mm&r=g","contentUrl":"https:\/\/secure.gravatar.com\/avatar\/c7164ed6fdec453195284ad24a5ae5b6e1eed2b848477fa2a4787ba9adf39a41?s=96&d=mm&r=g","caption":"Redacci\u00f3n QP"},"url":"https:\/\/quehacerpolitico.mx\/?author=2"}]}},"featured_image_urls":{"full":["https:\/\/quehacerpolitico.mx\/wp-content\/uploads\/2021\/12\/DB5B686B-C246-49A1-9543-AFF0F9095D43.jpeg",1279,601,false],"thumbnail":["https:\/\/quehacerpolitico.mx\/wp-content\/uploads\/2021\/12\/DB5B686B-C246-49A1-9543-AFF0F9095D43-150x150.jpeg",150,150,true],"medium":["https:\/\/quehacerpolitico.mx\/wp-content\/uploads\/2021\/12\/DB5B686B-C246-49A1-9543-AFF0F9095D43-300x141.jpeg",300,141,true],"medium_large":["https:\/\/quehacerpolitico.mx\/wp-content\/uploads\/2021\/12\/DB5B686B-C246-49A1-9543-AFF0F9095D43-768x361.jpeg",640,301,true],"large":["https:\/\/quehacerpolitico.mx\/wp-content\/uploads\/2021\/12\/DB5B686B-C246-49A1-9543-AFF0F9095D43-1024x481.jpeg",640,301,true],"1536x1536":["https:\/\/quehacerpolitico.mx\/wp-content\/uploads\/2021\/12\/DB5B686B-C246-49A1-9543-AFF0F9095D43.jpeg",1279,601,false],"2048x2048":["https:\/\/quehacerpolitico.mx\/wp-content\/uploads\/2021\/12\/DB5B686B-C246-49A1-9543-AFF0F9095D43.jpeg",1279,601,false],"covernews-featured":["https:\/\/quehacerpolitico.mx\/wp-content\/uploads\/2021\/12\/DB5B686B-C246-49A1-9543-AFF0F9095D43.jpeg",1024,481,false],"covernews-medium":["https:\/\/quehacerpolitico.mx\/wp-content\/uploads\/2021\/12\/DB5B686B-C246-49A1-9543-AFF0F9095D43.jpeg",540,254,false]},"author_info":{"display_name":"Redacci\u00f3n QP","author_link":"https:\/\/quehacerpolitico.mx\/?author=2"},"category_info":"<a href=\"https:\/\/quehacerpolitico.mx\/?cat=2\" rel=\"category\">Noticias<\/a>","tag_info":"Noticias","comment_count":"0","_links":{"self":[{"href":"https:\/\/quehacerpolitico.mx\/index.php?rest_route=\/wp\/v2\/posts\/87211","targetHints":{"allow":["GET"]}}],"collection":[{"href":"https:\/\/quehacerpolitico.mx\/index.php?rest_route=\/wp\/v2\/posts"}],"about":[{"href":"https:\/\/quehacerpolitico.mx\/index.php?rest_route=\/wp\/v2\/types\/post"}],"author":[{"embeddable":true,"href":"https:\/\/quehacerpolitico.mx\/index.php?rest_route=\/wp\/v2\/users\/2"}],"replies":[{"embeddable":true,"href":"https:\/\/quehacerpolitico.mx\/index.php?rest_route=%2Fwp%2Fv2%2Fcomments&post=87211"}],"version-history":[{"count":1,"href":"https:\/\/quehacerpolitico.mx\/index.php?rest_route=\/wp\/v2\/posts\/87211\/revisions"}],"predecessor-version":[{"id":87213,"href":"https:\/\/quehacerpolitico.mx\/index.php?rest_route=\/wp\/v2\/posts\/87211\/revisions\/87213"}],"wp:featuredmedia":[{"embeddable":true,"href":"https:\/\/quehacerpolitico.mx\/index.php?rest_route=\/wp\/v2\/media\/87212"}],"wp:attachment":[{"href":"https:\/\/quehacerpolitico.mx\/index.php?rest_route=%2Fwp%2Fv2%2Fmedia&parent=87211"}],"wp:term":[{"taxonomy":"category","embeddable":true,"href":"https:\/\/quehacerpolitico.mx\/index.php?rest_route=%2Fwp%2Fv2%2Fcategories&post=87211"},{"taxonomy":"post_tag","embeddable":true,"href":"https:\/\/quehacerpolitico.mx\/index.php?rest_route=%2Fwp%2Fv2%2Ftags&post=87211"}],"curies":[{"name":"wp","href":"https:\/\/api.w.org\/{rel}","templated":true}]}}