{"id":87201,"date":"2021-12-08T17:11:34","date_gmt":"2021-12-08T17:11:34","guid":{"rendered":"https:\/\/quehacerpolitico.mx\/?p=87201"},"modified":"2021-12-08T17:11:38","modified_gmt":"2021-12-08T17:11:38","slug":"nayarit-zacatecas-y-durango-eran-los-mas-abandonados-ahora-son-atendidos-como-se-merecen-amlo","status":"publish","type":"post","link":"https:\/\/quehacerpolitico.mx\/?p=87201","title":{"rendered":"Nayarit, Zacatecas y Durango eran los \u2018m\u00e1s abandonados\u2019; ahora son atendidos como se merecen: AMLO"},"content":{"rendered":"\n<p>Por Redacci\u00f3n QP<\/p>\n\n\n\n<p>AMLO inform\u00f3 que llev\u00f3 a cabo una reuni\u00f3n con el Gabinete en el estado de Nayarit para apoyar a la poblaci\u00f3n<\/p>\n\n\n\n<ul class=\"wp-block-list\"><li>L\u00f3pez Obrador calific\u00f3 a la gente de Nayarit como un pueblo muy luchador, bueno y trabajador<\/li><\/ul>\n\n\n\n<p>El presidente,\u00a0<strong>Andr\u00e9s Manuel L\u00f3pez Obrador<\/strong>(AMLO), asegur\u00f3 que los estados de\u00a0Nayarit, Zacatecas y\u00a0Durango eran los \u201cm\u00e1s\u00a0<strong>abandonados\u201d<\/strong>\u00a0por las administraciones anteriores del\u00a0<strong>gobierno federal<\/strong>; y ahora son atendidos como se merecen.<\/p>\n\n\n\n<figure class=\"wp-block-embed is-type-video is-provider-youtube wp-block-embed-youtube wp-embed-aspect-16-9 wp-has-aspect-ratio\"><div class=\"wp-block-embed__wrapper\">\n<iframe loading=\"lazy\" title=\"Destaca AMLO respaldo de su administraci\u00f3n a Nayarit\" width=\"640\" height=\"360\" src=\"https:\/\/www.youtube.com\/embed\/gcj0cdVoG0k?feature=oembed\" frameborder=\"0\" allow=\"accelerometer; autoplay; clipboard-write; encrypted-media; gyroscope; picture-in-picture; web-share\" referrerpolicy=\"strict-origin-when-cross-origin\" allowfullscreen><\/iframe>\n<\/div><\/figure>\n\n\n\n<blockquote class=\"wp-block-quote is-layout-flow wp-block-quote-is-layout-flow\"><p>\u201cEra de los tres estados del norte m\u00e1s abandonados, Zacatecas, Durango y Nayarit, ahora estos tres estados est\u00e1n siendo atendidos como se merecen y por eso estamos aqu\u00ed\u201d, dijo\u00a0AMLO en su\u00a0conferencia ma\u00f1anera de prensa desde Tepic.<\/p><\/blockquote>\n","protected":false},"excerpt":{"rendered":"<p>Por Redacci\u00f3n QP AMLO inform\u00f3 que llev\u00f3 a cabo una reuni\u00f3n con el Gabinete en&#8230;<\/p>\n","protected":false},"author":2,"featured_media":87202,"comment_status":"open","ping_status":"open","sticky":false,"template":"","format":"standard","meta":{"_monsterinsights_skip_tracking":false,"_monsterinsights_sitenote_active":false,"_monsterinsights_sitenote_note":"","_monsterinsights_sitenote_category":0,"footnotes":""},"categories":[2],"tags":[],"class_list":["post-87201","post","type-post","status-publish","format-standard","has-post-thumbnail","hentry","category-noticias"],"yoast_head":"<!-- This site is optimized with the Yoast SEO plugin v27.3 - https:\/\/yoast.com\/product\/yoast-seo-wordpress\/ -->\n<title>Nayarit, Zacatecas y Durango eran los \u2018m\u00e1s abandonados\u2019; ahora son atendidos como se merecen: AMLO -<\/title>\n<meta name=\"robots\" content=\"index, follow, max-snippet:-1, max-image-preview:large, max-video-preview:-1\" \/>\n<link rel=\"canonical\" href=\"https:\/\/quehacerpolitico.mx\/?p=87201\" \/>\n<meta property=\"og:locale\" content=\"es_MX\" \/>\n<meta property=\"og:type\" content=\"article\" \/>\n<meta property=\"og:title\" content=\"Nayarit, Zacatecas y Durango eran los \u2018m\u00e1s abandonados\u2019; ahora son atendidos como se merecen: AMLO -\" \/>\n<meta property=\"og:description\" content=\"Por Redacci\u00f3n QP AMLO inform\u00f3 que llev\u00f3 a cabo una reuni\u00f3n con el Gabinete en...\" \/>\n<meta property=\"og:url\" content=\"https:\/\/quehacerpolitico.mx\/?p=87201\" \/>\n<meta property=\"article:published_time\" content=\"2021-12-08T17:11:34+00:00\" \/>\n<meta property=\"article:modified_time\" content=\"2021-12-08T17:11:38+00:00\" \/>\n<meta property=\"og:image\" content=\"https:\/\/quehacerpolitico.mx\/wp-content\/uploads\/2021\/12\/FBD0B720-317A-4F2F-97CB-0D63416252F3.jpeg\" \/>\n\t<meta property=\"og:image:width\" content=\"1284\" \/>\n\t<meta property=\"og:image:height\" content=\"601\" \/>\n\t<meta property=\"og:image:type\" content=\"image\/jpeg\" \/>\n<meta name=\"author\" content=\"Redacci\u00f3n QP\" \/>\n<meta name=\"twitter:card\" content=\"summary_large_image\" \/>\n<meta name=\"twitter:label1\" content=\"Escrito por\" \/>\n\t<meta name=\"twitter:data1\" content=\"Redacci\u00f3n QP\" \/>\n\t<meta name=\"twitter:label2\" content=\"Tiempo de lectura\" \/>\n\t<meta name=\"twitter:data2\" content=\"1 minuto\" \/>\n<script type=\"application\/ld+json\" class=\"yoast-schema-graph\">{\"@context\":\"https:\\\/\\\/schema.org\",\"@graph\":[{\"@type\":\"Article\",\"@id\":\"https:\\\/\\\/quehacerpolitico.mx\\\/?p=87201#article\",\"isPartOf\":{\"@id\":\"https:\\\/\\\/quehacerpolitico.mx\\\/?p=87201\"},\"author\":{\"name\":\"Redacci\u00f3n QP\",\"@id\":\"https:\\\/\\\/quehacerpolitico.mx\\\/#\\\/schema\\\/person\\\/496d8ad2d1d3f8036101dca7ee39e585\"},\"headline\":\"Nayarit, Zacatecas y Durango eran los \u2018m\u00e1s abandonados\u2019; ahora son atendidos como se merecen: AMLO\",\"datePublished\":\"2021-12-08T17:11:34+00:00\",\"dateModified\":\"2021-12-08T17:11:38+00:00\",\"mainEntityOfPage\":{\"@id\":\"https:\\\/\\\/quehacerpolitico.mx\\\/?p=87201\"},\"wordCount\":144,\"commentCount\":0,\"image\":{\"@id\":\"https:\\\/\\\/quehacerpolitico.mx\\\/?p=87201#primaryimage\"},\"thumbnailUrl\":\"https:\\\/\\\/quehacerpolitico.mx\\\/wp-content\\\/uploads\\\/2021\\\/12\\\/FBD0B720-317A-4F2F-97CB-0D63416252F3.jpeg\",\"articleSection\":[\"Noticias\"],\"inLanguage\":\"es\",\"potentialAction\":[{\"@type\":\"CommentAction\",\"name\":\"Comment\",\"target\":[\"https:\\\/\\\/quehacerpolitico.mx\\\/?p=87201#respond\"]}]},{\"@type\":\"WebPage\",\"@id\":\"https:\\\/\\\/quehacerpolitico.mx\\\/?p=87201\",\"url\":\"https:\\\/\\\/quehacerpolitico.mx\\\/?p=87201\",\"name\":\"Nayarit, Zacatecas y Durango eran los \u2018m\u00e1s abandonados\u2019; ahora son atendidos como se merecen: AMLO -\",\"isPartOf\":{\"@id\":\"https:\\\/\\\/quehacerpolitico.mx\\\/#website\"},\"primaryImageOfPage\":{\"@id\":\"https:\\\/\\\/quehacerpolitico.mx\\\/?p=87201#primaryimage\"},\"image\":{\"@id\":\"https:\\\/\\\/quehacerpolitico.mx\\\/?p=87201#primaryimage\"},\"thumbnailUrl\":\"https:\\\/\\\/quehacerpolitico.mx\\\/wp-content\\\/uploads\\\/2021\\\/12\\\/FBD0B720-317A-4F2F-97CB-0D63416252F3.jpeg\",\"datePublished\":\"2021-12-08T17:11:34+00:00\",\"dateModified\":\"2021-12-08T17:11:38+00:00\",\"author\":{\"@id\":\"https:\\\/\\\/quehacerpolitico.mx\\\/#\\\/schema\\\/person\\\/496d8ad2d1d3f8036101dca7ee39e585\"},\"breadcrumb\":{\"@id\":\"https:\\\/\\\/quehacerpolitico.mx\\\/?p=87201#breadcrumb\"},\"inLanguage\":\"es\",\"potentialAction\":[{\"@type\":\"ReadAction\",\"target\":[\"https:\\\/\\\/quehacerpolitico.mx\\\/?p=87201\"]}]},{\"@type\":\"ImageObject\",\"inLanguage\":\"es\",\"@id\":\"https:\\\/\\\/quehacerpolitico.mx\\\/?p=87201#primaryimage\",\"url\":\"https:\\\/\\\/quehacerpolitico.mx\\\/wp-content\\\/uploads\\\/2021\\\/12\\\/FBD0B720-317A-4F2F-97CB-0D63416252F3.jpeg\",\"contentUrl\":\"https:\\\/\\\/quehacerpolitico.mx\\\/wp-content\\\/uploads\\\/2021\\\/12\\\/FBD0B720-317A-4F2F-97CB-0D63416252F3.jpeg\",\"width\":1284,\"height\":601},{\"@type\":\"BreadcrumbList\",\"@id\":\"https:\\\/\\\/quehacerpolitico.mx\\\/?p=87201#breadcrumb\",\"itemListElement\":[{\"@type\":\"ListItem\",\"position\":1,\"name\":\"Inicio\",\"item\":\"https:\\\/\\\/quehacerpolitico.mx\\\/\"},{\"@type\":\"ListItem\",\"position\":2,\"name\":\"Nayarit, Zacatecas y Durango eran los \u2018m\u00e1s abandonados\u2019; ahora son atendidos como se merecen: AMLO\"}]},{\"@type\":\"WebSite\",\"@id\":\"https:\\\/\\\/quehacerpolitico.mx\\\/#website\",\"url\":\"https:\\\/\\\/quehacerpolitico.mx\\\/\",\"name\":\"\",\"description\":\"\",\"potentialAction\":[{\"@type\":\"SearchAction\",\"target\":{\"@type\":\"EntryPoint\",\"urlTemplate\":\"https:\\\/\\\/quehacerpolitico.mx\\\/?s={search_term_string}\"},\"query-input\":{\"@type\":\"PropertyValueSpecification\",\"valueRequired\":true,\"valueName\":\"search_term_string\"}}],\"inLanguage\":\"es\"},{\"@type\":\"Person\",\"@id\":\"https:\\\/\\\/quehacerpolitico.mx\\\/#\\\/schema\\\/person\\\/496d8ad2d1d3f8036101dca7ee39e585\",\"name\":\"Redacci\u00f3n QP\",\"image\":{\"@type\":\"ImageObject\",\"inLanguage\":\"es\",\"@id\":\"https:\\\/\\\/secure.gravatar.com\\\/avatar\\\/c7164ed6fdec453195284ad24a5ae5b6e1eed2b848477fa2a4787ba9adf39a41?s=96&d=mm&r=g\",\"url\":\"https:\\\/\\\/secure.gravatar.com\\\/avatar\\\/c7164ed6fdec453195284ad24a5ae5b6e1eed2b848477fa2a4787ba9adf39a41?s=96&d=mm&r=g\",\"contentUrl\":\"https:\\\/\\\/secure.gravatar.com\\\/avatar\\\/c7164ed6fdec453195284ad24a5ae5b6e1eed2b848477fa2a4787ba9adf39a41?s=96&d=mm&r=g\",\"caption\":\"Redacci\u00f3n QP\"},\"url\":\"https:\\\/\\\/quehacerpolitico.mx\\\/?author=2\"}]}<\/script>\n<!-- \/ Yoast SEO plugin. -->","yoast_head_json":{"title":"Nayarit, Zacatecas y Durango eran los \u2018m\u00e1s abandonados\u2019; ahora son atendidos como se merecen: AMLO -","robots":{"index":"index","follow":"follow","max-snippet":"max-snippet:-1","max-image-preview":"max-image-preview:large","max-video-preview":"max-video-preview:-1"},"canonical":"https:\/\/quehacerpolitico.mx\/?p=87201","og_locale":"es_MX","og_type":"article","og_title":"Nayarit, Zacatecas y Durango eran los \u2018m\u00e1s abandonados\u2019; ahora son atendidos como se merecen: AMLO -","og_description":"Por Redacci\u00f3n QP AMLO inform\u00f3 que llev\u00f3 a cabo una reuni\u00f3n con el Gabinete en...","og_url":"https:\/\/quehacerpolitico.mx\/?p=87201","article_published_time":"2021-12-08T17:11:34+00:00","article_modified_time":"2021-12-08T17:11:38+00:00","og_image":[{"width":1284,"height":601,"url":"https:\/\/quehacerpolitico.mx\/wp-content\/uploads\/2021\/12\/FBD0B720-317A-4F2F-97CB-0D63416252F3.jpeg","type":"image\/jpeg"}],"author":"Redacci\u00f3n QP","twitter_card":"summary_large_image","twitter_misc":{"Escrito por":"Redacci\u00f3n QP","Tiempo de lectura":"1 minuto"},"schema":{"@context":"https:\/\/schema.org","@graph":[{"@type":"Article","@id":"https:\/\/quehacerpolitico.mx\/?p=87201#article","isPartOf":{"@id":"https:\/\/quehacerpolitico.mx\/?p=87201"},"author":{"name":"Redacci\u00f3n QP","@id":"https:\/\/quehacerpolitico.mx\/#\/schema\/person\/496d8ad2d1d3f8036101dca7ee39e585"},"headline":"Nayarit, Zacatecas y Durango eran los \u2018m\u00e1s abandonados\u2019; ahora son atendidos como se merecen: AMLO","datePublished":"2021-12-08T17:11:34+00:00","dateModified":"2021-12-08T17:11:38+00:00","mainEntityOfPage":{"@id":"https:\/\/quehacerpolitico.mx\/?p=87201"},"wordCount":144,"commentCount":0,"image":{"@id":"https:\/\/quehacerpolitico.mx\/?p=87201#primaryimage"},"thumbnailUrl":"https:\/\/quehacerpolitico.mx\/wp-content\/uploads\/2021\/12\/FBD0B720-317A-4F2F-97CB-0D63416252F3.jpeg","articleSection":["Noticias"],"inLanguage":"es","potentialAction":[{"@type":"CommentAction","name":"Comment","target":["https:\/\/quehacerpolitico.mx\/?p=87201#respond"]}]},{"@type":"WebPage","@id":"https:\/\/quehacerpolitico.mx\/?p=87201","url":"https:\/\/quehacerpolitico.mx\/?p=87201","name":"Nayarit, Zacatecas y Durango eran los \u2018m\u00e1s abandonados\u2019; ahora son atendidos como se merecen: AMLO -","isPartOf":{"@id":"https:\/\/quehacerpolitico.mx\/#website"},"primaryImageOfPage":{"@id":"https:\/\/quehacerpolitico.mx\/?p=87201#primaryimage"},"image":{"@id":"https:\/\/quehacerpolitico.mx\/?p=87201#primaryimage"},"thumbnailUrl":"https:\/\/quehacerpolitico.mx\/wp-content\/uploads\/2021\/12\/FBD0B720-317A-4F2F-97CB-0D63416252F3.jpeg","datePublished":"2021-12-08T17:11:34+00:00","dateModified":"2021-12-08T17:11:38+00:00","author":{"@id":"https:\/\/quehacerpolitico.mx\/#\/schema\/person\/496d8ad2d1d3f8036101dca7ee39e585"},"breadcrumb":{"@id":"https:\/\/quehacerpolitico.mx\/?p=87201#breadcrumb"},"inLanguage":"es","potentialAction":[{"@type":"ReadAction","target":["https:\/\/quehacerpolitico.mx\/?p=87201"]}]},{"@type":"ImageObject","inLanguage":"es","@id":"https:\/\/quehacerpolitico.mx\/?p=87201#primaryimage","url":"https:\/\/quehacerpolitico.mx\/wp-content\/uploads\/2021\/12\/FBD0B720-317A-4F2F-97CB-0D63416252F3.jpeg","contentUrl":"https:\/\/quehacerpolitico.mx\/wp-content\/uploads\/2021\/12\/FBD0B720-317A-4F2F-97CB-0D63416252F3.jpeg","width":1284,"height":601},{"@type":"BreadcrumbList","@id":"https:\/\/quehacerpolitico.mx\/?p=87201#breadcrumb","itemListElement":[{"@type":"ListItem","position":1,"name":"Inicio","item":"https:\/\/quehacerpolitico.mx\/"},{"@type":"ListItem","position":2,"name":"Nayarit, Zacatecas y Durango eran los \u2018m\u00e1s abandonados\u2019; ahora son atendidos como se merecen: AMLO"}]},{"@type":"WebSite","@id":"https:\/\/quehacerpolitico.mx\/#website","url":"https:\/\/quehacerpolitico.mx\/","name":"","description":"","potentialAction":[{"@type":"SearchAction","target":{"@type":"EntryPoint","urlTemplate":"https:\/\/quehacerpolitico.mx\/?s={search_term_string}"},"query-input":{"@type":"PropertyValueSpecification","valueRequired":true,"valueName":"search_term_string"}}],"inLanguage":"es"},{"@type":"Person","@id":"https:\/\/quehacerpolitico.mx\/#\/schema\/person\/496d8ad2d1d3f8036101dca7ee39e585","name":"Redacci\u00f3n QP","image":{"@type":"ImageObject","inLanguage":"es","@id":"https:\/\/secure.gravatar.com\/avatar\/c7164ed6fdec453195284ad24a5ae5b6e1eed2b848477fa2a4787ba9adf39a41?s=96&d=mm&r=g","url":"https:\/\/secure.gravatar.com\/avatar\/c7164ed6fdec453195284ad24a5ae5b6e1eed2b848477fa2a4787ba9adf39a41?s=96&d=mm&r=g","contentUrl":"https:\/\/secure.gravatar.com\/avatar\/c7164ed6fdec453195284ad24a5ae5b6e1eed2b848477fa2a4787ba9adf39a41?s=96&d=mm&r=g","caption":"Redacci\u00f3n QP"},"url":"https:\/\/quehacerpolitico.mx\/?author=2"}]}},"featured_image_urls":{"full":["https:\/\/quehacerpolitico.mx\/wp-content\/uploads\/2021\/12\/FBD0B720-317A-4F2F-97CB-0D63416252F3.jpeg",1284,601,false],"thumbnail":["https:\/\/quehacerpolitico.mx\/wp-content\/uploads\/2021\/12\/FBD0B720-317A-4F2F-97CB-0D63416252F3-150x150.jpeg",150,150,true],"medium":["https:\/\/quehacerpolitico.mx\/wp-content\/uploads\/2021\/12\/FBD0B720-317A-4F2F-97CB-0D63416252F3-300x140.jpeg",300,140,true],"medium_large":["https:\/\/quehacerpolitico.mx\/wp-content\/uploads\/2021\/12\/FBD0B720-317A-4F2F-97CB-0D63416252F3-768x359.jpeg",640,299,true],"large":["https:\/\/quehacerpolitico.mx\/wp-content\/uploads\/2021\/12\/FBD0B720-317A-4F2F-97CB-0D63416252F3-1024x479.jpeg",640,299,true],"1536x1536":["https:\/\/quehacerpolitico.mx\/wp-content\/uploads\/2021\/12\/FBD0B720-317A-4F2F-97CB-0D63416252F3.jpeg",1284,601,false],"2048x2048":["https:\/\/quehacerpolitico.mx\/wp-content\/uploads\/2021\/12\/FBD0B720-317A-4F2F-97CB-0D63416252F3.jpeg",1284,601,false],"covernews-featured":["https:\/\/quehacerpolitico.mx\/wp-content\/uploads\/2021\/12\/FBD0B720-317A-4F2F-97CB-0D63416252F3.jpeg",1024,479,false],"covernews-medium":["https:\/\/quehacerpolitico.mx\/wp-content\/uploads\/2021\/12\/FBD0B720-317A-4F2F-97CB-0D63416252F3.jpeg",540,253,false]},"author_info":{"display_name":"Redacci\u00f3n QP","author_link":"https:\/\/quehacerpolitico.mx\/?author=2"},"category_info":"<a href=\"https:\/\/quehacerpolitico.mx\/?cat=2\" rel=\"category\">Noticias<\/a>","tag_info":"Noticias","comment_count":"0","_links":{"self":[{"href":"https:\/\/quehacerpolitico.mx\/index.php?rest_route=\/wp\/v2\/posts\/87201","targetHints":{"allow":["GET"]}}],"collection":[{"href":"https:\/\/quehacerpolitico.mx\/index.php?rest_route=\/wp\/v2\/posts"}],"about":[{"href":"https:\/\/quehacerpolitico.mx\/index.php?rest_route=\/wp\/v2\/types\/post"}],"author":[{"embeddable":true,"href":"https:\/\/quehacerpolitico.mx\/index.php?rest_route=\/wp\/v2\/users\/2"}],"replies":[{"embeddable":true,"href":"https:\/\/quehacerpolitico.mx\/index.php?rest_route=%2Fwp%2Fv2%2Fcomments&post=87201"}],"version-history":[{"count":1,"href":"https:\/\/quehacerpolitico.mx\/index.php?rest_route=\/wp\/v2\/posts\/87201\/revisions"}],"predecessor-version":[{"id":87203,"href":"https:\/\/quehacerpolitico.mx\/index.php?rest_route=\/wp\/v2\/posts\/87201\/revisions\/87203"}],"wp:featuredmedia":[{"embeddable":true,"href":"https:\/\/quehacerpolitico.mx\/index.php?rest_route=\/wp\/v2\/media\/87202"}],"wp:attachment":[{"href":"https:\/\/quehacerpolitico.mx\/index.php?rest_route=%2Fwp%2Fv2%2Fmedia&parent=87201"}],"wp:term":[{"taxonomy":"category","embeddable":true,"href":"https:\/\/quehacerpolitico.mx\/index.php?rest_route=%2Fwp%2Fv2%2Fcategories&post=87201"},{"taxonomy":"post_tag","embeddable":true,"href":"https:\/\/quehacerpolitico.mx\/index.php?rest_route=%2Fwp%2Fv2%2Ftags&post=87201"}],"curies":[{"name":"wp","href":"https:\/\/api.w.org\/{rel}","templated":true}]}}