{"id":87198,"date":"2021-12-08T16:59:51","date_gmt":"2021-12-08T16:59:51","guid":{"rendered":"https:\/\/quehacerpolitico.mx\/?p=87198"},"modified":"2021-12-08T16:59:54","modified_gmt":"2021-12-08T16:59:54","slug":"activan-alerta-amber-para-localizar-a-yessica-ciclali-alvarado-contreras","status":"publish","type":"post","link":"https:\/\/quehacerpolitico.mx\/?p=87198","title":{"rendered":"Activan Alerta Amber para localizar a Yessica Ciclali Alvarado Contreras"},"content":{"rendered":"\n<p>Por Redacci\u00f3n QP<\/p>\n\n\n\n<p>Yessica Ciclali Alvarado Contreras vest\u00eda una playera verde con flores, chamarra negra, pantal\u00f3n negro con blanco, y tenis blancos con caf\u00e9<\/p>\n\n\n\n<ul class=\"wp-block-list\"><li>Yessica Ciclali Alvarado Contreras tiene 14 a\u00f1os de edad<\/li><\/ul>\n\n\n\n<p>La\u00a0<strong>Fiscal\u00eda General de Justicia de la Ciudad de M\u00e9xico (FGJCDMX)<\/strong>\u00a0activ\u00f3 la\u00a0Alerta Amber\u00a0para localizar a<strong>\u00a0Yessica Ciclali Alvarado Contreras<\/strong>, de 14 a\u00f1os de edad, quien fue vista por \u00faltima vez el d\u00eda 06 de diciembre de 2021, en la colonia Ampliaci\u00f3n Petrolera,\u00a0<strong>alcald\u00eda Azcapotzalco.<\/strong><\/p>\n\n\n\n<p>De acuerdo con el bolet\u00edn de b\u00fasqueda, la solicitud para activar la\u00a0<strong>Alerta Amber<\/strong>\u00a0de\u00a0<strong>Yessica Ciclali Alvarado Contreras<\/strong>se recibi\u00f3 el d\u00eda 7 de diciembre del 2021.<\/p>\n\n\n\n<figure class=\"wp-block-embed is-type-rich is-provider-twitter wp-block-embed-twitter\"><div class=\"wp-block-embed__wrapper\">\n<blockquote class=\"twitter-tweet\" data-width=\"550\" data-dnt=\"true\"><p lang=\"es\" dir=\"ltr\">Se activa <a href=\"https:\/\/twitter.com\/hashtag\/AlertaAmber?src=hash&amp;ref_src=twsrc%5Etfw\">#AlertaAmber<\/a> para localizar a una menor de 14 a\u00f1os, de nombre Yessica Ciclali Alvarado Contreras, fue vista por \u00faltima vez el d\u00eda 06 de diciembre de 2021, en la colonia Ampliaci\u00f3n Petrolera, alcald\u00eda Azcapotzalco <a href=\"https:\/\/t.co\/yx0AnHVPS1\">pic.twitter.com\/yx0AnHVPS1<\/a><\/p>&mdash; Fiscal\u00eda CDMX (@FiscaliaCDMX) <a href=\"https:\/\/twitter.com\/FiscaliaCDMX\/status\/1468233165001138190?ref_src=twsrc%5Etfw\">December 7, 2021<\/a><\/blockquote><script async src=\"https:\/\/platform.twitter.com\/widgets.js\" charset=\"utf-8\"><\/script>\n<\/div><\/figure>\n\n\n\n<p><strong>Yessica Ciclali Alvarado Contreras<\/strong>\u00a0tiene como se\u00f1as particulares cicatrices en las mu\u00f1ecas, cicatriz por quemadura en la mano derecha.<\/p>\n\n\n\n<p>La ropa que vest\u00eda\u00a0<strong>Yessica Ciclali Alvarado Contreras<\/strong>el d\u00eda de su desaparici\u00f3n era una playera verde con flores, chamarra negra, pantal\u00f3n negro con blanco, y tenis blancos con caf\u00e9.<\/p>\n\n\n\n<p>Finalmente, la FGJCDMX pidi\u00f3 a la poblaci\u00f3n que cualquier informaci\u00f3n sobre el paradero de alguna de las menores sea comunicada al tel\u00e9fono 5345 5067, con terminaciones 84 y 82, o acudir a la Fiscal\u00eda Especializada en la B\u00fasqueda, Localizaci\u00f3n e Investigaci\u00f3n de Personas Desaparecidas, ubicada en avenida Jard\u00edn 356, colonia Del Gas, alcald\u00eda Azcapotzalco, adem\u00e1s de consultar la p\u00e1gina&nbsp;<a href=\"https:\/\/www.fgjcdmx.gob.mx\/\">fgjcdmx.gob.mx<\/a><\/p>\n\n\n\n<p>Con informaci\u00f3n de la Fiscal\u00eda General de Justicia de la Ciudad de M\u00e9xico.<\/p>\n","protected":false},"excerpt":{"rendered":"<p>Por Redacci\u00f3n QP Yessica Ciclali Alvarado Contreras vest\u00eda una playera verde con flores, chamarra negra,&#8230;<\/p>\n","protected":false},"author":2,"featured_media":87199,"comment_status":"open","ping_status":"open","sticky":false,"template":"","format":"standard","meta":{"_monsterinsights_skip_tracking":false,"_monsterinsights_sitenote_active":false,"_monsterinsights_sitenote_note":"","_monsterinsights_sitenote_category":0,"footnotes":""},"categories":[55],"tags":[],"class_list":["post-87198","post","type-post","status-publish","format-standard","has-post-thumbnail","hentry","category-cdmx"],"yoast_head":"<!-- This site is optimized with the Yoast SEO plugin v27.3 - https:\/\/yoast.com\/product\/yoast-seo-wordpress\/ -->\n<title>Activan Alerta Amber para localizar a Yessica Ciclali Alvarado Contreras -<\/title>\n<meta name=\"robots\" content=\"index, follow, max-snippet:-1, max-image-preview:large, max-video-preview:-1\" \/>\n<link rel=\"canonical\" href=\"https:\/\/quehacerpolitico.mx\/?p=87198\" \/>\n<meta property=\"og:locale\" content=\"es_MX\" \/>\n<meta property=\"og:type\" content=\"article\" \/>\n<meta property=\"og:title\" content=\"Activan Alerta Amber para localizar a Yessica Ciclali Alvarado Contreras -\" \/>\n<meta property=\"og:description\" content=\"Por Redacci\u00f3n QP Yessica Ciclali Alvarado Contreras vest\u00eda una playera verde con flores, chamarra negra,...\" \/>\n<meta property=\"og:url\" content=\"https:\/\/quehacerpolitico.mx\/?p=87198\" \/>\n<meta property=\"article:published_time\" content=\"2021-12-08T16:59:51+00:00\" \/>\n<meta property=\"article:modified_time\" content=\"2021-12-08T16:59:54+00:00\" \/>\n<meta property=\"og:image\" content=\"https:\/\/quehacerpolitico.mx\/wp-content\/uploads\/2021\/12\/D1802D28-BC6E-40B3-B4E4-74438F0439F0.webp\" \/>\n\t<meta property=\"og:image:width\" content=\"1280\" \/>\n\t<meta property=\"og:image:height\" content=\"720\" \/>\n\t<meta property=\"og:image:type\" content=\"image\/webp\" \/>\n<meta name=\"author\" content=\"Redacci\u00f3n QP\" \/>\n<meta name=\"twitter:card\" content=\"summary_large_image\" \/>\n<meta name=\"twitter:label1\" content=\"Escrito por\" \/>\n\t<meta name=\"twitter:data1\" content=\"Redacci\u00f3n QP\" \/>\n\t<meta name=\"twitter:label2\" content=\"Tiempo de lectura\" \/>\n\t<meta name=\"twitter:data2\" content=\"1 minuto\" \/>\n<script type=\"application\/ld+json\" class=\"yoast-schema-graph\">{\"@context\":\"https:\\\/\\\/schema.org\",\"@graph\":[{\"@type\":\"Article\",\"@id\":\"https:\\\/\\\/quehacerpolitico.mx\\\/?p=87198#article\",\"isPartOf\":{\"@id\":\"https:\\\/\\\/quehacerpolitico.mx\\\/?p=87198\"},\"author\":{\"name\":\"Redacci\u00f3n QP\",\"@id\":\"https:\\\/\\\/quehacerpolitico.mx\\\/#\\\/schema\\\/person\\\/496d8ad2d1d3f8036101dca7ee39e585\"},\"headline\":\"Activan Alerta Amber para localizar a Yessica Ciclali Alvarado Contreras\",\"datePublished\":\"2021-12-08T16:59:51+00:00\",\"dateModified\":\"2021-12-08T16:59:54+00:00\",\"mainEntityOfPage\":{\"@id\":\"https:\\\/\\\/quehacerpolitico.mx\\\/?p=87198\"},\"wordCount\":269,\"commentCount\":0,\"image\":{\"@id\":\"https:\\\/\\\/quehacerpolitico.mx\\\/?p=87198#primaryimage\"},\"thumbnailUrl\":\"https:\\\/\\\/quehacerpolitico.mx\\\/wp-content\\\/uploads\\\/2021\\\/12\\\/D1802D28-BC6E-40B3-B4E4-74438F0439F0.webp\",\"articleSection\":[\"CDMX\"],\"inLanguage\":\"es\",\"potentialAction\":[{\"@type\":\"CommentAction\",\"name\":\"Comment\",\"target\":[\"https:\\\/\\\/quehacerpolitico.mx\\\/?p=87198#respond\"]}]},{\"@type\":\"WebPage\",\"@id\":\"https:\\\/\\\/quehacerpolitico.mx\\\/?p=87198\",\"url\":\"https:\\\/\\\/quehacerpolitico.mx\\\/?p=87198\",\"name\":\"Activan Alerta Amber para localizar a Yessica Ciclali Alvarado Contreras -\",\"isPartOf\":{\"@id\":\"https:\\\/\\\/quehacerpolitico.mx\\\/#website\"},\"primaryImageOfPage\":{\"@id\":\"https:\\\/\\\/quehacerpolitico.mx\\\/?p=87198#primaryimage\"},\"image\":{\"@id\":\"https:\\\/\\\/quehacerpolitico.mx\\\/?p=87198#primaryimage\"},\"thumbnailUrl\":\"https:\\\/\\\/quehacerpolitico.mx\\\/wp-content\\\/uploads\\\/2021\\\/12\\\/D1802D28-BC6E-40B3-B4E4-74438F0439F0.webp\",\"datePublished\":\"2021-12-08T16:59:51+00:00\",\"dateModified\":\"2021-12-08T16:59:54+00:00\",\"author\":{\"@id\":\"https:\\\/\\\/quehacerpolitico.mx\\\/#\\\/schema\\\/person\\\/496d8ad2d1d3f8036101dca7ee39e585\"},\"breadcrumb\":{\"@id\":\"https:\\\/\\\/quehacerpolitico.mx\\\/?p=87198#breadcrumb\"},\"inLanguage\":\"es\",\"potentialAction\":[{\"@type\":\"ReadAction\",\"target\":[\"https:\\\/\\\/quehacerpolitico.mx\\\/?p=87198\"]}]},{\"@type\":\"ImageObject\",\"inLanguage\":\"es\",\"@id\":\"https:\\\/\\\/quehacerpolitico.mx\\\/?p=87198#primaryimage\",\"url\":\"https:\\\/\\\/quehacerpolitico.mx\\\/wp-content\\\/uploads\\\/2021\\\/12\\\/D1802D28-BC6E-40B3-B4E4-74438F0439F0.webp\",\"contentUrl\":\"https:\\\/\\\/quehacerpolitico.mx\\\/wp-content\\\/uploads\\\/2021\\\/12\\\/D1802D28-BC6E-40B3-B4E4-74438F0439F0.webp\",\"width\":1280,\"height\":720},{\"@type\":\"BreadcrumbList\",\"@id\":\"https:\\\/\\\/quehacerpolitico.mx\\\/?p=87198#breadcrumb\",\"itemListElement\":[{\"@type\":\"ListItem\",\"position\":1,\"name\":\"Inicio\",\"item\":\"https:\\\/\\\/quehacerpolitico.mx\\\/\"},{\"@type\":\"ListItem\",\"position\":2,\"name\":\"Activan Alerta Amber para localizar a Yessica Ciclali Alvarado Contreras\"}]},{\"@type\":\"WebSite\",\"@id\":\"https:\\\/\\\/quehacerpolitico.mx\\\/#website\",\"url\":\"https:\\\/\\\/quehacerpolitico.mx\\\/\",\"name\":\"\",\"description\":\"\",\"potentialAction\":[{\"@type\":\"SearchAction\",\"target\":{\"@type\":\"EntryPoint\",\"urlTemplate\":\"https:\\\/\\\/quehacerpolitico.mx\\\/?s={search_term_string}\"},\"query-input\":{\"@type\":\"PropertyValueSpecification\",\"valueRequired\":true,\"valueName\":\"search_term_string\"}}],\"inLanguage\":\"es\"},{\"@type\":\"Person\",\"@id\":\"https:\\\/\\\/quehacerpolitico.mx\\\/#\\\/schema\\\/person\\\/496d8ad2d1d3f8036101dca7ee39e585\",\"name\":\"Redacci\u00f3n QP\",\"image\":{\"@type\":\"ImageObject\",\"inLanguage\":\"es\",\"@id\":\"https:\\\/\\\/secure.gravatar.com\\\/avatar\\\/c7164ed6fdec453195284ad24a5ae5b6e1eed2b848477fa2a4787ba9adf39a41?s=96&d=mm&r=g\",\"url\":\"https:\\\/\\\/secure.gravatar.com\\\/avatar\\\/c7164ed6fdec453195284ad24a5ae5b6e1eed2b848477fa2a4787ba9adf39a41?s=96&d=mm&r=g\",\"contentUrl\":\"https:\\\/\\\/secure.gravatar.com\\\/avatar\\\/c7164ed6fdec453195284ad24a5ae5b6e1eed2b848477fa2a4787ba9adf39a41?s=96&d=mm&r=g\",\"caption\":\"Redacci\u00f3n QP\"},\"url\":\"https:\\\/\\\/quehacerpolitico.mx\\\/?author=2\"}]}<\/script>\n<!-- \/ Yoast SEO plugin. -->","yoast_head_json":{"title":"Activan Alerta Amber para localizar a Yessica Ciclali Alvarado Contreras -","robots":{"index":"index","follow":"follow","max-snippet":"max-snippet:-1","max-image-preview":"max-image-preview:large","max-video-preview":"max-video-preview:-1"},"canonical":"https:\/\/quehacerpolitico.mx\/?p=87198","og_locale":"es_MX","og_type":"article","og_title":"Activan Alerta Amber para localizar a Yessica Ciclali Alvarado Contreras -","og_description":"Por Redacci\u00f3n QP Yessica Ciclali Alvarado Contreras vest\u00eda una playera verde con flores, chamarra negra,...","og_url":"https:\/\/quehacerpolitico.mx\/?p=87198","article_published_time":"2021-12-08T16:59:51+00:00","article_modified_time":"2021-12-08T16:59:54+00:00","og_image":[{"width":1280,"height":720,"url":"https:\/\/quehacerpolitico.mx\/wp-content\/uploads\/2021\/12\/D1802D28-BC6E-40B3-B4E4-74438F0439F0.webp","type":"image\/webp"}],"author":"Redacci\u00f3n QP","twitter_card":"summary_large_image","twitter_misc":{"Escrito por":"Redacci\u00f3n QP","Tiempo de lectura":"1 minuto"},"schema":{"@context":"https:\/\/schema.org","@graph":[{"@type":"Article","@id":"https:\/\/quehacerpolitico.mx\/?p=87198#article","isPartOf":{"@id":"https:\/\/quehacerpolitico.mx\/?p=87198"},"author":{"name":"Redacci\u00f3n QP","@id":"https:\/\/quehacerpolitico.mx\/#\/schema\/person\/496d8ad2d1d3f8036101dca7ee39e585"},"headline":"Activan Alerta Amber para localizar a Yessica Ciclali Alvarado Contreras","datePublished":"2021-12-08T16:59:51+00:00","dateModified":"2021-12-08T16:59:54+00:00","mainEntityOfPage":{"@id":"https:\/\/quehacerpolitico.mx\/?p=87198"},"wordCount":269,"commentCount":0,"image":{"@id":"https:\/\/quehacerpolitico.mx\/?p=87198#primaryimage"},"thumbnailUrl":"https:\/\/quehacerpolitico.mx\/wp-content\/uploads\/2021\/12\/D1802D28-BC6E-40B3-B4E4-74438F0439F0.webp","articleSection":["CDMX"],"inLanguage":"es","potentialAction":[{"@type":"CommentAction","name":"Comment","target":["https:\/\/quehacerpolitico.mx\/?p=87198#respond"]}]},{"@type":"WebPage","@id":"https:\/\/quehacerpolitico.mx\/?p=87198","url":"https:\/\/quehacerpolitico.mx\/?p=87198","name":"Activan Alerta Amber para localizar a Yessica Ciclali Alvarado Contreras -","isPartOf":{"@id":"https:\/\/quehacerpolitico.mx\/#website"},"primaryImageOfPage":{"@id":"https:\/\/quehacerpolitico.mx\/?p=87198#primaryimage"},"image":{"@id":"https:\/\/quehacerpolitico.mx\/?p=87198#primaryimage"},"thumbnailUrl":"https:\/\/quehacerpolitico.mx\/wp-content\/uploads\/2021\/12\/D1802D28-BC6E-40B3-B4E4-74438F0439F0.webp","datePublished":"2021-12-08T16:59:51+00:00","dateModified":"2021-12-08T16:59:54+00:00","author":{"@id":"https:\/\/quehacerpolitico.mx\/#\/schema\/person\/496d8ad2d1d3f8036101dca7ee39e585"},"breadcrumb":{"@id":"https:\/\/quehacerpolitico.mx\/?p=87198#breadcrumb"},"inLanguage":"es","potentialAction":[{"@type":"ReadAction","target":["https:\/\/quehacerpolitico.mx\/?p=87198"]}]},{"@type":"ImageObject","inLanguage":"es","@id":"https:\/\/quehacerpolitico.mx\/?p=87198#primaryimage","url":"https:\/\/quehacerpolitico.mx\/wp-content\/uploads\/2021\/12\/D1802D28-BC6E-40B3-B4E4-74438F0439F0.webp","contentUrl":"https:\/\/quehacerpolitico.mx\/wp-content\/uploads\/2021\/12\/D1802D28-BC6E-40B3-B4E4-74438F0439F0.webp","width":1280,"height":720},{"@type":"BreadcrumbList","@id":"https:\/\/quehacerpolitico.mx\/?p=87198#breadcrumb","itemListElement":[{"@type":"ListItem","position":1,"name":"Inicio","item":"https:\/\/quehacerpolitico.mx\/"},{"@type":"ListItem","position":2,"name":"Activan Alerta Amber para localizar a Yessica Ciclali Alvarado Contreras"}]},{"@type":"WebSite","@id":"https:\/\/quehacerpolitico.mx\/#website","url":"https:\/\/quehacerpolitico.mx\/","name":"","description":"","potentialAction":[{"@type":"SearchAction","target":{"@type":"EntryPoint","urlTemplate":"https:\/\/quehacerpolitico.mx\/?s={search_term_string}"},"query-input":{"@type":"PropertyValueSpecification","valueRequired":true,"valueName":"search_term_string"}}],"inLanguage":"es"},{"@type":"Person","@id":"https:\/\/quehacerpolitico.mx\/#\/schema\/person\/496d8ad2d1d3f8036101dca7ee39e585","name":"Redacci\u00f3n QP","image":{"@type":"ImageObject","inLanguage":"es","@id":"https:\/\/secure.gravatar.com\/avatar\/c7164ed6fdec453195284ad24a5ae5b6e1eed2b848477fa2a4787ba9adf39a41?s=96&d=mm&r=g","url":"https:\/\/secure.gravatar.com\/avatar\/c7164ed6fdec453195284ad24a5ae5b6e1eed2b848477fa2a4787ba9adf39a41?s=96&d=mm&r=g","contentUrl":"https:\/\/secure.gravatar.com\/avatar\/c7164ed6fdec453195284ad24a5ae5b6e1eed2b848477fa2a4787ba9adf39a41?s=96&d=mm&r=g","caption":"Redacci\u00f3n QP"},"url":"https:\/\/quehacerpolitico.mx\/?author=2"}]}},"featured_image_urls":{"full":["https:\/\/quehacerpolitico.mx\/wp-content\/uploads\/2021\/12\/D1802D28-BC6E-40B3-B4E4-74438F0439F0.webp",1280,720,false],"thumbnail":["https:\/\/quehacerpolitico.mx\/wp-content\/uploads\/2021\/12\/D1802D28-BC6E-40B3-B4E4-74438F0439F0-150x150.webp",150,150,true],"medium":["https:\/\/quehacerpolitico.mx\/wp-content\/uploads\/2021\/12\/D1802D28-BC6E-40B3-B4E4-74438F0439F0-300x169.webp",300,169,true],"medium_large":["https:\/\/quehacerpolitico.mx\/wp-content\/uploads\/2021\/12\/D1802D28-BC6E-40B3-B4E4-74438F0439F0-768x432.webp",640,360,true],"large":["https:\/\/quehacerpolitico.mx\/wp-content\/uploads\/2021\/12\/D1802D28-BC6E-40B3-B4E4-74438F0439F0-1024x576.webp",640,360,true],"1536x1536":["https:\/\/quehacerpolitico.mx\/wp-content\/uploads\/2021\/12\/D1802D28-BC6E-40B3-B4E4-74438F0439F0.webp",1280,720,false],"2048x2048":["https:\/\/quehacerpolitico.mx\/wp-content\/uploads\/2021\/12\/D1802D28-BC6E-40B3-B4E4-74438F0439F0.webp",1280,720,false],"covernews-featured":["https:\/\/quehacerpolitico.mx\/wp-content\/uploads\/2021\/12\/D1802D28-BC6E-40B3-B4E4-74438F0439F0.webp",1024,576,false],"covernews-medium":["https:\/\/quehacerpolitico.mx\/wp-content\/uploads\/2021\/12\/D1802D28-BC6E-40B3-B4E4-74438F0439F0.webp",540,304,false]},"author_info":{"display_name":"Redacci\u00f3n QP","author_link":"https:\/\/quehacerpolitico.mx\/?author=2"},"category_info":"<a href=\"https:\/\/quehacerpolitico.mx\/?cat=55\" rel=\"category\">CDMX<\/a>","tag_info":"CDMX","comment_count":"0","_links":{"self":[{"href":"https:\/\/quehacerpolitico.mx\/index.php?rest_route=\/wp\/v2\/posts\/87198","targetHints":{"allow":["GET"]}}],"collection":[{"href":"https:\/\/quehacerpolitico.mx\/index.php?rest_route=\/wp\/v2\/posts"}],"about":[{"href":"https:\/\/quehacerpolitico.mx\/index.php?rest_route=\/wp\/v2\/types\/post"}],"author":[{"embeddable":true,"href":"https:\/\/quehacerpolitico.mx\/index.php?rest_route=\/wp\/v2\/users\/2"}],"replies":[{"embeddable":true,"href":"https:\/\/quehacerpolitico.mx\/index.php?rest_route=%2Fwp%2Fv2%2Fcomments&post=87198"}],"version-history":[{"count":1,"href":"https:\/\/quehacerpolitico.mx\/index.php?rest_route=\/wp\/v2\/posts\/87198\/revisions"}],"predecessor-version":[{"id":87200,"href":"https:\/\/quehacerpolitico.mx\/index.php?rest_route=\/wp\/v2\/posts\/87198\/revisions\/87200"}],"wp:featuredmedia":[{"embeddable":true,"href":"https:\/\/quehacerpolitico.mx\/index.php?rest_route=\/wp\/v2\/media\/87199"}],"wp:attachment":[{"href":"https:\/\/quehacerpolitico.mx\/index.php?rest_route=%2Fwp%2Fv2%2Fmedia&parent=87198"}],"wp:term":[{"taxonomy":"category","embeddable":true,"href":"https:\/\/quehacerpolitico.mx\/index.php?rest_route=%2Fwp%2Fv2%2Fcategories&post=87198"},{"taxonomy":"post_tag","embeddable":true,"href":"https:\/\/quehacerpolitico.mx\/index.php?rest_route=%2Fwp%2Fv2%2Ftags&post=87198"}],"curies":[{"name":"wp","href":"https:\/\/api.w.org\/{rel}","templated":true}]}}