{"id":87192,"date":"2021-12-08T16:48:55","date_gmt":"2021-12-08T16:48:55","guid":{"rendered":"https:\/\/quehacerpolitico.mx\/?p=87192"},"modified":"2021-12-08T16:48:58","modified_gmt":"2021-12-08T16:48:58","slug":"internacionales-carolina-alonso-romei-olaf-scholz-nuevo-canciller-de-alemania-tras-16-anos-de-la-era-de-angela-merkel","status":"publish","type":"post","link":"https:\/\/quehacerpolitico.mx\/?p=87192","title":{"rendered":"Internacionales\/\/\/Carolina Alonso Romei\/\/\/Olaf Scholz, nuevo canciller de Alemania, tras 16 a\u00f1os de la era de Angela Merkel"},"content":{"rendered":"\n<p>Por Carolina Alonso Romei <\/p>\n\n\n\n<p>Internacionalista <\/p>\n\n\n\n<p>Scholz sucede en el cargo a la conservadora Angela Merkel, que traspasar\u00e1 el poder tras 16 a\u00f1os a quien ha sido vicecanciller y ministro de Finanzas de su \u00faltima gran coalici\u00f3n<\/p>\n\n\n\n<figure class=\"wp-block-image size-large\"><img loading=\"lazy\" decoding=\"async\" width=\"1024\" height=\"687\" src=\"https:\/\/quehacerpolitico.mx\/wp-content\/uploads\/2021\/12\/image-7-1024x687.jpeg\" alt=\"\" class=\"wp-image-87193\" srcset=\"https:\/\/quehacerpolitico.mx\/wp-content\/uploads\/2021\/12\/image-7-1024x687.jpeg 1024w, https:\/\/quehacerpolitico.mx\/wp-content\/uploads\/2021\/12\/image-7-300x201.jpeg 300w, https:\/\/quehacerpolitico.mx\/wp-content\/uploads\/2021\/12\/image-7-768x515.jpeg 768w, https:\/\/quehacerpolitico.mx\/wp-content\/uploads\/2021\/12\/image-7-1536x1030.jpeg 1536w, https:\/\/quehacerpolitico.mx\/wp-content\/uploads\/2021\/12\/image-7-218x146.jpeg 218w, https:\/\/quehacerpolitico.mx\/wp-content\/uploads\/2021\/12\/image-7-50x34.jpeg 50w, https:\/\/quehacerpolitico.mx\/wp-content\/uploads\/2021\/12\/image-7-112x75.jpeg 112w, https:\/\/quehacerpolitico.mx\/wp-content\/uploads\/2021\/12\/image-7.jpeg 2048w\" sizes=\"auto, (max-width: 1024px) 100vw, 1024px\" \/><\/figure>\n\n\n\n<ul class=\"wp-block-list\"><li>El canciller obtuvo el respaldo de 395 votos, frente a 303 en contra y 6 abstenciones<\/li><li>El nuevo gobierno ser\u00e1 el m\u00e1s paritario de la historia de Alemania; ocho de sus 16 ministerios ser\u00e1n ocupados por mujeres<\/li><\/ul>\n\n\n\n<p>El socialdem\u00f3crata\u00a0<strong>Olaf Scholz<\/strong>\u00a0fue elegido hoy, 8 de diciembre de 2021, canciller federal por el Parlamento alem\u00e1n (Bundestag), donde su partido y sus futuros aliados de gobierno, los Verdes y el Partido Liberal (FDP) tienen la mayor\u00eda. Sustituye en el cargo a la conservadora\u00a0Angela Merkel<\/p>\n\n\n\n<figure class=\"wp-block-embed is-type-rich is-provider-twitter wp-block-embed-twitter\"><div class=\"wp-block-embed__wrapper\">\n<blockquote class=\"twitter-tweet\" data-width=\"550\" data-dnt=\"true\"><p lang=\"es\" dir=\"ltr\">Excanciller alemana <a href=\"https:\/\/twitter.com\/hashtag\/AngelaMerkel?src=hash&amp;ref_src=twsrc%5Etfw\">#AngelaMerkel<\/a> entrega formalmente el poder a su sucesor <a href=\"https:\/\/twitter.com\/hashtag\/OlafScholz?src=hash&amp;ref_src=twsrc%5Etfw\">#OlafScholz<\/a> en las dependencias de la canciller\u00eda federal en <a href=\"https:\/\/twitter.com\/hashtag\/Berlin?src=hash&amp;ref_src=twsrc%5Etfw\">#Berlin<\/a><a href=\"https:\/\/twitter.com\/hashtag\/Merkel?src=hash&amp;ref_src=twsrc%5Etfw\">#Merkel<\/a> felicit\u00f3 a <a href=\"https:\/\/twitter.com\/hashtag\/Scholz?src=hash&amp;ref_src=twsrc%5Etfw\">#Scholz<\/a> y afirm\u00f3 que tomar esta responsabildad y servir a <a href=\"https:\/\/twitter.com\/hashtag\/Alemania?src=hash&amp;ref_src=twsrc%5Etfw\">#Alemania<\/a> es una de las tareas m\u00e1s hermosas. \/cc <a href=\"https:\/\/t.co\/SoWu65vYCB\">pic.twitter.com\/SoWu65vYCB<\/a><\/p>&mdash; DW Espa\u00f1ol (@dw_espanol) <a href=\"https:\/\/twitter.com\/dw_espanol\/status\/1468615100755968000?ref_src=twsrc%5Etfw\">December 8, 2021<\/a><\/blockquote><script async src=\"https:\/\/platform.twitter.com\/widgets.js\" charset=\"utf-8\"><\/script>\n<\/div><\/figure>\n\n\n\n<p>El canciller electo obtuvo el respaldo de 395 votos, frente a 303 en contra y 6 abstenciones. Su alianza con los verdes y los liberales suma en el Bundestag 416 esca\u00f1os del total de 736, aunque el n\u00famero de diputados presentes era de 707.<\/p>\n\n\n\n<p><strong>Scholz<\/strong>\u00a0sucede en el cargo a la conservadora\u00a0<strong>Angela Merkel<\/strong>, que traspasar\u00e1 el poder tras 16 a\u00f1os a quien ha sido vicecanciller y ministro de Finanzas de su \u00faltima gran coalici\u00f3n.<\/p>\n\n\n\n<figure class=\"wp-block-image size-large\"><img loading=\"lazy\" decoding=\"async\" width=\"1024\" height=\"679\" src=\"https:\/\/quehacerpolitico.mx\/wp-content\/uploads\/2021\/12\/image-8-1024x679.jpeg\" alt=\"\" class=\"wp-image-87194\" srcset=\"https:\/\/quehacerpolitico.mx\/wp-content\/uploads\/2021\/12\/image-8-1024x679.jpeg 1024w, https:\/\/quehacerpolitico.mx\/wp-content\/uploads\/2021\/12\/image-8-300x199.jpeg 300w, https:\/\/quehacerpolitico.mx\/wp-content\/uploads\/2021\/12\/image-8-768x509.jpeg 768w, https:\/\/quehacerpolitico.mx\/wp-content\/uploads\/2021\/12\/image-8-1536x1019.jpeg 1536w, https:\/\/quehacerpolitico.mx\/wp-content\/uploads\/2021\/12\/image-8-220x146.jpeg 220w, https:\/\/quehacerpolitico.mx\/wp-content\/uploads\/2021\/12\/image-8-50x33.jpeg 50w, https:\/\/quehacerpolitico.mx\/wp-content\/uploads\/2021\/12\/image-8-113x75.jpeg 113w, https:\/\/quehacerpolitico.mx\/wp-content\/uploads\/2021\/12\/image-8.jpeg 2048w\" sizes=\"auto, (max-width: 1024px) 100vw, 1024px\" \/><\/figure>\n\n\n\n<p>La sesi\u00f3n de investidura sigue a la firma, este martes, del pacto de coalici\u00f3n entre las tres formaciones, que en los d\u00edas precedentes hab\u00edan ratificado por separado el acuerdo negociado entre sus c\u00fapulas.<\/p>\n\n\n\n<p>El nuevo gobierno, un tripartito in\u00e9dito a escala federal, ser\u00e1 el m\u00e1s paritario de la historia de Alemania, ya que ocho de sus 16 ministerios -17, con el puesto de canciller- estar\u00e1n ocupados por mujeres, entre ellos los cuatro que ata\u00f1en a la seguridad nacional y pol\u00edtica exterior: Asuntos Exteriores, Interior, Defensa y Ayuda al Desarrollo.<\/p>\n\n\n\n<figure class=\"wp-block-embed is-type-rich is-provider-twitter wp-block-embed-twitter\"><div class=\"wp-block-embed__wrapper\">\n<blockquote class=\"twitter-tweet\" data-width=\"550\" data-dnt=\"true\"><p lang=\"es\" dir=\"ltr\">De pie y con un prolongado aplauso, los parlamentarios alemanes han despedido a la canciller saliente, Angela Merkel<br><br>\u25b6<a href=\"https:\/\/t.co\/dc7py4qJlw\">https:\/\/t.co\/dc7py4qJlw<\/a> <a href=\"https:\/\/t.co\/JxXO6BB97v\">pic.twitter.com\/JxXO6BB97v<\/a><\/p>&mdash; Telediarios de TVE (@telediario_tve) <a href=\"https:\/\/twitter.com\/telediario_tve\/status\/1468587048277880839?ref_src=twsrc%5Etfw\">December 8, 2021<\/a><\/blockquote><script async src=\"https:\/\/platform.twitter.com\/widgets.js\" charset=\"utf-8\"><\/script>\n<\/div><\/figure>\n\n\n\n<p>Al Partido Socialdem\u00f3crata (SPD), la fuerza m\u00e1s votada en las elecciones generales del pasado septiembre con un 25.7 %, le corresponden siete ministerios, adem\u00e1s de la Canciller\u00eda.<\/p>\n\n\n\n<p>Los Verdes, que obtuvieron un 14.8 %, tendr\u00e1n cinco carteras, entre ellas el superministerio de Econom\u00eda y el Clima, para su co-presidente Robert Habeck, que adem\u00e1s ser\u00e1 el vicecanciller, mientras que su co-presidenta, Annalena Baerbock, ocupar\u00e1 Asuntos Exteriores.<\/p>\n\n\n\n<p>Al FPD, con un 11.5 % en los pasados comicios, le correspondieron cuatro ministerios, incluido el departamento clave en la potencia europea de Finanzas, que ser\u00e1 para su l\u00edder, Christian Lindner.<\/p>\n\n\n\n<figure class=\"wp-block-image size-large\"><img loading=\"lazy\" decoding=\"async\" width=\"1024\" height=\"683\" src=\"https:\/\/quehacerpolitico.mx\/wp-content\/uploads\/2021\/12\/image-9-1024x683.jpeg\" alt=\"\" class=\"wp-image-87195\" srcset=\"https:\/\/quehacerpolitico.mx\/wp-content\/uploads\/2021\/12\/image-9-1024x683.jpeg 1024w, https:\/\/quehacerpolitico.mx\/wp-content\/uploads\/2021\/12\/image-9-300x200.jpeg 300w, https:\/\/quehacerpolitico.mx\/wp-content\/uploads\/2021\/12\/image-9-768x512.jpeg 768w, https:\/\/quehacerpolitico.mx\/wp-content\/uploads\/2021\/12\/image-9-1536x1025.jpeg 1536w, https:\/\/quehacerpolitico.mx\/wp-content\/uploads\/2021\/12\/image-9-219x146.jpeg 219w, https:\/\/quehacerpolitico.mx\/wp-content\/uploads\/2021\/12\/image-9-50x33.jpeg 50w, https:\/\/quehacerpolitico.mx\/wp-content\/uploads\/2021\/12\/image-9-112x75.jpeg 112w, https:\/\/quehacerpolitico.mx\/wp-content\/uploads\/2021\/12\/image-9.jpeg 2048w\" sizes=\"auto, (max-width: 1024px) 100vw, 1024px\" \/><\/figure>\n\n\n\n<p>La sesi\u00f3n parlamentaria se abri\u00f3 directamente con la votaci\u00f3n, tras un breve saludo de la presidenta de la c\u00e1mara, la socialdem\u00f3crata B\u00e4rbel Bas, quien adem\u00e1s dio la bienvenida a Merkel, sentada en la tribuna de visitantes.<\/p>\n\n\n\n<p><strong>Merkel<\/strong>, quien ha anunciado reiteradamente que no ocupar\u00e1 ning\u00fan nuevo cargo pol\u00edtico y no opt\u00f3 tampoco a un esca\u00f1o como diputada en las generales, fue recibida por una larga ovaci\u00f3n por los parlamentarios.<\/p>\n\n\n\n<p>Entre los visitantes ha estado el excanciller Gerhard Schr\u00f6der, el antecesor de Merkel y \u00faltimo socialdem\u00f3crata, hasta Scholz, en la Canciller\u00eda alemana.<\/p>\n\n\n\n<p>La sesi\u00f3n parlamentaria fue interrumpida tras la votaci\u00f3n y se reanudar\u00e1 para proceder al juramento de Scholz como canciller, lo que se producir\u00e1 tras la protocolaria visita al palacio del presidente, Frank-Walter Steimeier, para formalizar su nombramiento.<\/p>\n\n\n\n<p><em>Con informaci\u00f3n de EFE<\/em><\/p>\n","protected":false},"excerpt":{"rendered":"<p>Por Carolina Alonso Romei Internacionalista Scholz sucede en el cargo a la conservadora Angela Merkel,&#8230;<\/p>\n","protected":false},"author":2,"featured_media":87196,"comment_status":"open","ping_status":"open","sticky":false,"template":"","format":"standard","meta":{"_monsterinsights_skip_tracking":false,"_monsterinsights_sitenote_active":false,"_monsterinsights_sitenote_note":"","_monsterinsights_sitenote_category":0,"footnotes":""},"categories":[1],"tags":[],"class_list":["post-87192","post","type-post","status-publish","format-standard","has-post-thumbnail","hentry","category-sin-categoria"],"yoast_head":"<!-- This site is optimized with the Yoast SEO plugin v27.3 - https:\/\/yoast.com\/product\/yoast-seo-wordpress\/ -->\n<title>Internacionales\/\/\/Carolina Alonso Romei\/\/\/Olaf Scholz, nuevo canciller de Alemania, tras 16 a\u00f1os de la era de Angela Merkel -<\/title>\n<meta name=\"robots\" content=\"index, follow, max-snippet:-1, max-image-preview:large, max-video-preview:-1\" \/>\n<link rel=\"canonical\" href=\"https:\/\/quehacerpolitico.mx\/?p=87192\" \/>\n<meta property=\"og:locale\" content=\"es_MX\" \/>\n<meta property=\"og:type\" content=\"article\" \/>\n<meta property=\"og:title\" content=\"Internacionales\/\/\/Carolina Alonso Romei\/\/\/Olaf Scholz, nuevo canciller de Alemania, tras 16 a\u00f1os de la era de Angela Merkel -\" \/>\n<meta property=\"og:description\" content=\"Por Carolina Alonso Romei Internacionalista Scholz sucede en el cargo a la conservadora Angela Merkel,...\" \/>\n<meta property=\"og:url\" content=\"https:\/\/quehacerpolitico.mx\/?p=87192\" \/>\n<meta property=\"article:published_time\" content=\"2021-12-08T16:48:55+00:00\" \/>\n<meta property=\"article:modified_time\" content=\"2021-12-08T16:48:58+00:00\" \/>\n<meta property=\"og:image\" content=\"https:\/\/quehacerpolitico.mx\/wp-content\/uploads\/2021\/12\/88CA2C40-2746-4B4E-B95C-0573BBD45DD0.jpeg\" \/>\n\t<meta property=\"og:image:width\" content=\"2048\" \/>\n\t<meta property=\"og:image:height\" content=\"1366\" \/>\n\t<meta property=\"og:image:type\" content=\"image\/jpeg\" \/>\n<meta name=\"author\" content=\"Redacci\u00f3n QP\" \/>\n<meta name=\"twitter:card\" content=\"summary_large_image\" \/>\n<meta name=\"twitter:label1\" content=\"Escrito por\" \/>\n\t<meta name=\"twitter:data1\" content=\"Redacci\u00f3n QP\" \/>\n\t<meta name=\"twitter:label2\" content=\"Tiempo de lectura\" \/>\n\t<meta name=\"twitter:data2\" content=\"3 minutos\" \/>\n<script type=\"application\/ld+json\" class=\"yoast-schema-graph\">{\"@context\":\"https:\\\/\\\/schema.org\",\"@graph\":[{\"@type\":\"Article\",\"@id\":\"https:\\\/\\\/quehacerpolitico.mx\\\/?p=87192#article\",\"isPartOf\":{\"@id\":\"https:\\\/\\\/quehacerpolitico.mx\\\/?p=87192\"},\"author\":{\"name\":\"Redacci\u00f3n QP\",\"@id\":\"https:\\\/\\\/quehacerpolitico.mx\\\/#\\\/schema\\\/person\\\/496d8ad2d1d3f8036101dca7ee39e585\"},\"headline\":\"Internacionales\\\/\\\/\\\/Carolina Alonso Romei\\\/\\\/\\\/Olaf Scholz, nuevo canciller de Alemania, tras 16 a\u00f1os de la era de Angela Merkel\",\"datePublished\":\"2021-12-08T16:48:55+00:00\",\"dateModified\":\"2021-12-08T16:48:58+00:00\",\"mainEntityOfPage\":{\"@id\":\"https:\\\/\\\/quehacerpolitico.mx\\\/?p=87192\"},\"wordCount\":569,\"commentCount\":0,\"image\":{\"@id\":\"https:\\\/\\\/quehacerpolitico.mx\\\/?p=87192#primaryimage\"},\"thumbnailUrl\":\"https:\\\/\\\/quehacerpolitico.mx\\\/wp-content\\\/uploads\\\/2021\\\/12\\\/88CA2C40-2746-4B4E-B95C-0573BBD45DD0.jpeg\",\"articleSection\":[\"Internacionales\"],\"inLanguage\":\"es\",\"potentialAction\":[{\"@type\":\"CommentAction\",\"name\":\"Comment\",\"target\":[\"https:\\\/\\\/quehacerpolitico.mx\\\/?p=87192#respond\"]}]},{\"@type\":\"WebPage\",\"@id\":\"https:\\\/\\\/quehacerpolitico.mx\\\/?p=87192\",\"url\":\"https:\\\/\\\/quehacerpolitico.mx\\\/?p=87192\",\"name\":\"Internacionales\\\/\\\/\\\/Carolina Alonso Romei\\\/\\\/\\\/Olaf Scholz, nuevo canciller de Alemania, tras 16 a\u00f1os de la era de Angela Merkel -\",\"isPartOf\":{\"@id\":\"https:\\\/\\\/quehacerpolitico.mx\\\/#website\"},\"primaryImageOfPage\":{\"@id\":\"https:\\\/\\\/quehacerpolitico.mx\\\/?p=87192#primaryimage\"},\"image\":{\"@id\":\"https:\\\/\\\/quehacerpolitico.mx\\\/?p=87192#primaryimage\"},\"thumbnailUrl\":\"https:\\\/\\\/quehacerpolitico.mx\\\/wp-content\\\/uploads\\\/2021\\\/12\\\/88CA2C40-2746-4B4E-B95C-0573BBD45DD0.jpeg\",\"datePublished\":\"2021-12-08T16:48:55+00:00\",\"dateModified\":\"2021-12-08T16:48:58+00:00\",\"author\":{\"@id\":\"https:\\\/\\\/quehacerpolitico.mx\\\/#\\\/schema\\\/person\\\/496d8ad2d1d3f8036101dca7ee39e585\"},\"breadcrumb\":{\"@id\":\"https:\\\/\\\/quehacerpolitico.mx\\\/?p=87192#breadcrumb\"},\"inLanguage\":\"es\",\"potentialAction\":[{\"@type\":\"ReadAction\",\"target\":[\"https:\\\/\\\/quehacerpolitico.mx\\\/?p=87192\"]}]},{\"@type\":\"ImageObject\",\"inLanguage\":\"es\",\"@id\":\"https:\\\/\\\/quehacerpolitico.mx\\\/?p=87192#primaryimage\",\"url\":\"https:\\\/\\\/quehacerpolitico.mx\\\/wp-content\\\/uploads\\\/2021\\\/12\\\/88CA2C40-2746-4B4E-B95C-0573BBD45DD0.jpeg\",\"contentUrl\":\"https:\\\/\\\/quehacerpolitico.mx\\\/wp-content\\\/uploads\\\/2021\\\/12\\\/88CA2C40-2746-4B4E-B95C-0573BBD45DD0.jpeg\",\"width\":2048,\"height\":1366},{\"@type\":\"BreadcrumbList\",\"@id\":\"https:\\\/\\\/quehacerpolitico.mx\\\/?p=87192#breadcrumb\",\"itemListElement\":[{\"@type\":\"ListItem\",\"position\":1,\"name\":\"Inicio\",\"item\":\"https:\\\/\\\/quehacerpolitico.mx\\\/\"},{\"@type\":\"ListItem\",\"position\":2,\"name\":\"Internacionales\\\/\\\/\\\/Carolina Alonso Romei\\\/\\\/\\\/Olaf Scholz, nuevo canciller de Alemania, tras 16 a\u00f1os de la era de Angela Merkel\"}]},{\"@type\":\"WebSite\",\"@id\":\"https:\\\/\\\/quehacerpolitico.mx\\\/#website\",\"url\":\"https:\\\/\\\/quehacerpolitico.mx\\\/\",\"name\":\"\",\"description\":\"\",\"potentialAction\":[{\"@type\":\"SearchAction\",\"target\":{\"@type\":\"EntryPoint\",\"urlTemplate\":\"https:\\\/\\\/quehacerpolitico.mx\\\/?s={search_term_string}\"},\"query-input\":{\"@type\":\"PropertyValueSpecification\",\"valueRequired\":true,\"valueName\":\"search_term_string\"}}],\"inLanguage\":\"es\"},{\"@type\":\"Person\",\"@id\":\"https:\\\/\\\/quehacerpolitico.mx\\\/#\\\/schema\\\/person\\\/496d8ad2d1d3f8036101dca7ee39e585\",\"name\":\"Redacci\u00f3n QP\",\"image\":{\"@type\":\"ImageObject\",\"inLanguage\":\"es\",\"@id\":\"https:\\\/\\\/secure.gravatar.com\\\/avatar\\\/c7164ed6fdec453195284ad24a5ae5b6e1eed2b848477fa2a4787ba9adf39a41?s=96&d=mm&r=g\",\"url\":\"https:\\\/\\\/secure.gravatar.com\\\/avatar\\\/c7164ed6fdec453195284ad24a5ae5b6e1eed2b848477fa2a4787ba9adf39a41?s=96&d=mm&r=g\",\"contentUrl\":\"https:\\\/\\\/secure.gravatar.com\\\/avatar\\\/c7164ed6fdec453195284ad24a5ae5b6e1eed2b848477fa2a4787ba9adf39a41?s=96&d=mm&r=g\",\"caption\":\"Redacci\u00f3n QP\"},\"url\":\"https:\\\/\\\/quehacerpolitico.mx\\\/?author=2\"}]}<\/script>\n<!-- \/ Yoast SEO plugin. -->","yoast_head_json":{"title":"Internacionales\/\/\/Carolina Alonso Romei\/\/\/Olaf Scholz, nuevo canciller de Alemania, tras 16 a\u00f1os de la era de Angela Merkel -","robots":{"index":"index","follow":"follow","max-snippet":"max-snippet:-1","max-image-preview":"max-image-preview:large","max-video-preview":"max-video-preview:-1"},"canonical":"https:\/\/quehacerpolitico.mx\/?p=87192","og_locale":"es_MX","og_type":"article","og_title":"Internacionales\/\/\/Carolina Alonso Romei\/\/\/Olaf Scholz, nuevo canciller de Alemania, tras 16 a\u00f1os de la era de Angela Merkel -","og_description":"Por Carolina Alonso Romei Internacionalista Scholz sucede en el cargo a la conservadora Angela Merkel,...","og_url":"https:\/\/quehacerpolitico.mx\/?p=87192","article_published_time":"2021-12-08T16:48:55+00:00","article_modified_time":"2021-12-08T16:48:58+00:00","og_image":[{"width":2048,"height":1366,"url":"https:\/\/quehacerpolitico.mx\/wp-content\/uploads\/2021\/12\/88CA2C40-2746-4B4E-B95C-0573BBD45DD0.jpeg","type":"image\/jpeg"}],"author":"Redacci\u00f3n QP","twitter_card":"summary_large_image","twitter_misc":{"Escrito por":"Redacci\u00f3n QP","Tiempo de lectura":"3 minutos"},"schema":{"@context":"https:\/\/schema.org","@graph":[{"@type":"Article","@id":"https:\/\/quehacerpolitico.mx\/?p=87192#article","isPartOf":{"@id":"https:\/\/quehacerpolitico.mx\/?p=87192"},"author":{"name":"Redacci\u00f3n QP","@id":"https:\/\/quehacerpolitico.mx\/#\/schema\/person\/496d8ad2d1d3f8036101dca7ee39e585"},"headline":"Internacionales\/\/\/Carolina Alonso Romei\/\/\/Olaf Scholz, nuevo canciller de Alemania, tras 16 a\u00f1os de la era de Angela Merkel","datePublished":"2021-12-08T16:48:55+00:00","dateModified":"2021-12-08T16:48:58+00:00","mainEntityOfPage":{"@id":"https:\/\/quehacerpolitico.mx\/?p=87192"},"wordCount":569,"commentCount":0,"image":{"@id":"https:\/\/quehacerpolitico.mx\/?p=87192#primaryimage"},"thumbnailUrl":"https:\/\/quehacerpolitico.mx\/wp-content\/uploads\/2021\/12\/88CA2C40-2746-4B4E-B95C-0573BBD45DD0.jpeg","articleSection":["Internacionales"],"inLanguage":"es","potentialAction":[{"@type":"CommentAction","name":"Comment","target":["https:\/\/quehacerpolitico.mx\/?p=87192#respond"]}]},{"@type":"WebPage","@id":"https:\/\/quehacerpolitico.mx\/?p=87192","url":"https:\/\/quehacerpolitico.mx\/?p=87192","name":"Internacionales\/\/\/Carolina Alonso Romei\/\/\/Olaf Scholz, nuevo canciller de Alemania, tras 16 a\u00f1os de la era de Angela Merkel -","isPartOf":{"@id":"https:\/\/quehacerpolitico.mx\/#website"},"primaryImageOfPage":{"@id":"https:\/\/quehacerpolitico.mx\/?p=87192#primaryimage"},"image":{"@id":"https:\/\/quehacerpolitico.mx\/?p=87192#primaryimage"},"thumbnailUrl":"https:\/\/quehacerpolitico.mx\/wp-content\/uploads\/2021\/12\/88CA2C40-2746-4B4E-B95C-0573BBD45DD0.jpeg","datePublished":"2021-12-08T16:48:55+00:00","dateModified":"2021-12-08T16:48:58+00:00","author":{"@id":"https:\/\/quehacerpolitico.mx\/#\/schema\/person\/496d8ad2d1d3f8036101dca7ee39e585"},"breadcrumb":{"@id":"https:\/\/quehacerpolitico.mx\/?p=87192#breadcrumb"},"inLanguage":"es","potentialAction":[{"@type":"ReadAction","target":["https:\/\/quehacerpolitico.mx\/?p=87192"]}]},{"@type":"ImageObject","inLanguage":"es","@id":"https:\/\/quehacerpolitico.mx\/?p=87192#primaryimage","url":"https:\/\/quehacerpolitico.mx\/wp-content\/uploads\/2021\/12\/88CA2C40-2746-4B4E-B95C-0573BBD45DD0.jpeg","contentUrl":"https:\/\/quehacerpolitico.mx\/wp-content\/uploads\/2021\/12\/88CA2C40-2746-4B4E-B95C-0573BBD45DD0.jpeg","width":2048,"height":1366},{"@type":"BreadcrumbList","@id":"https:\/\/quehacerpolitico.mx\/?p=87192#breadcrumb","itemListElement":[{"@type":"ListItem","position":1,"name":"Inicio","item":"https:\/\/quehacerpolitico.mx\/"},{"@type":"ListItem","position":2,"name":"Internacionales\/\/\/Carolina Alonso Romei\/\/\/Olaf Scholz, nuevo canciller de Alemania, tras 16 a\u00f1os de la era de Angela Merkel"}]},{"@type":"WebSite","@id":"https:\/\/quehacerpolitico.mx\/#website","url":"https:\/\/quehacerpolitico.mx\/","name":"","description":"","potentialAction":[{"@type":"SearchAction","target":{"@type":"EntryPoint","urlTemplate":"https:\/\/quehacerpolitico.mx\/?s={search_term_string}"},"query-input":{"@type":"PropertyValueSpecification","valueRequired":true,"valueName":"search_term_string"}}],"inLanguage":"es"},{"@type":"Person","@id":"https:\/\/quehacerpolitico.mx\/#\/schema\/person\/496d8ad2d1d3f8036101dca7ee39e585","name":"Redacci\u00f3n QP","image":{"@type":"ImageObject","inLanguage":"es","@id":"https:\/\/secure.gravatar.com\/avatar\/c7164ed6fdec453195284ad24a5ae5b6e1eed2b848477fa2a4787ba9adf39a41?s=96&d=mm&r=g","url":"https:\/\/secure.gravatar.com\/avatar\/c7164ed6fdec453195284ad24a5ae5b6e1eed2b848477fa2a4787ba9adf39a41?s=96&d=mm&r=g","contentUrl":"https:\/\/secure.gravatar.com\/avatar\/c7164ed6fdec453195284ad24a5ae5b6e1eed2b848477fa2a4787ba9adf39a41?s=96&d=mm&r=g","caption":"Redacci\u00f3n QP"},"url":"https:\/\/quehacerpolitico.mx\/?author=2"}]}},"featured_image_urls":{"full":["https:\/\/quehacerpolitico.mx\/wp-content\/uploads\/2021\/12\/88CA2C40-2746-4B4E-B95C-0573BBD45DD0.jpeg",2048,1366,false],"thumbnail":["https:\/\/quehacerpolitico.mx\/wp-content\/uploads\/2021\/12\/88CA2C40-2746-4B4E-B95C-0573BBD45DD0-150x150.jpeg",150,150,true],"medium":["https:\/\/quehacerpolitico.mx\/wp-content\/uploads\/2021\/12\/88CA2C40-2746-4B4E-B95C-0573BBD45DD0-300x200.jpeg",300,200,true],"medium_large":["https:\/\/quehacerpolitico.mx\/wp-content\/uploads\/2021\/12\/88CA2C40-2746-4B4E-B95C-0573BBD45DD0-768x512.jpeg",640,427,true],"large":["https:\/\/quehacerpolitico.mx\/wp-content\/uploads\/2021\/12\/88CA2C40-2746-4B4E-B95C-0573BBD45DD0-1024x683.jpeg",640,427,true],"1536x1536":["https:\/\/quehacerpolitico.mx\/wp-content\/uploads\/2021\/12\/88CA2C40-2746-4B4E-B95C-0573BBD45DD0-1536x1025.jpeg",1536,1025,true],"2048x2048":["https:\/\/quehacerpolitico.mx\/wp-content\/uploads\/2021\/12\/88CA2C40-2746-4B4E-B95C-0573BBD45DD0.jpeg",2048,1366,false],"covernews-featured":["https:\/\/quehacerpolitico.mx\/wp-content\/uploads\/2021\/12\/88CA2C40-2746-4B4E-B95C-0573BBD45DD0.jpeg",1024,683,false],"covernews-medium":["https:\/\/quehacerpolitico.mx\/wp-content\/uploads\/2021\/12\/88CA2C40-2746-4B4E-B95C-0573BBD45DD0.jpeg",510,340,false]},"author_info":{"display_name":"Redacci\u00f3n QP","author_link":"https:\/\/quehacerpolitico.mx\/?author=2"},"category_info":"<a href=\"https:\/\/quehacerpolitico.mx\/?cat=1\" rel=\"category\">Internacionales<\/a>","tag_info":"Internacionales","comment_count":"0","_links":{"self":[{"href":"https:\/\/quehacerpolitico.mx\/index.php?rest_route=\/wp\/v2\/posts\/87192","targetHints":{"allow":["GET"]}}],"collection":[{"href":"https:\/\/quehacerpolitico.mx\/index.php?rest_route=\/wp\/v2\/posts"}],"about":[{"href":"https:\/\/quehacerpolitico.mx\/index.php?rest_route=\/wp\/v2\/types\/post"}],"author":[{"embeddable":true,"href":"https:\/\/quehacerpolitico.mx\/index.php?rest_route=\/wp\/v2\/users\/2"}],"replies":[{"embeddable":true,"href":"https:\/\/quehacerpolitico.mx\/index.php?rest_route=%2Fwp%2Fv2%2Fcomments&post=87192"}],"version-history":[{"count":1,"href":"https:\/\/quehacerpolitico.mx\/index.php?rest_route=\/wp\/v2\/posts\/87192\/revisions"}],"predecessor-version":[{"id":87197,"href":"https:\/\/quehacerpolitico.mx\/index.php?rest_route=\/wp\/v2\/posts\/87192\/revisions\/87197"}],"wp:featuredmedia":[{"embeddable":true,"href":"https:\/\/quehacerpolitico.mx\/index.php?rest_route=\/wp\/v2\/media\/87196"}],"wp:attachment":[{"href":"https:\/\/quehacerpolitico.mx\/index.php?rest_route=%2Fwp%2Fv2%2Fmedia&parent=87192"}],"wp:term":[{"taxonomy":"category","embeddable":true,"href":"https:\/\/quehacerpolitico.mx\/index.php?rest_route=%2Fwp%2Fv2%2Fcategories&post=87192"},{"taxonomy":"post_tag","embeddable":true,"href":"https:\/\/quehacerpolitico.mx\/index.php?rest_route=%2Fwp%2Fv2%2Ftags&post=87192"}],"curies":[{"name":"wp","href":"https:\/\/api.w.org\/{rel}","templated":true}]}}