{"id":87186,"date":"2021-12-08T15:27:12","date_gmt":"2021-12-08T15:27:12","guid":{"rendered":"https:\/\/quehacerpolitico.mx\/?p=87186"},"modified":"2021-12-08T15:27:15","modified_gmt":"2021-12-08T15:27:15","slug":"internacionales-carolina-alonso-romei-india-confirma-muerte-de-su-jefe-del-estado-mayor-y-otras-12-personas-en-accidente-de-helicoptero","status":"publish","type":"post","link":"https:\/\/quehacerpolitico.mx\/?p=87186","title":{"rendered":"Internacionales\/\/\/Carolina Alonso Romei\/\/\/India confirma muerte de su jefe del Estado Mayor y otras 12 personas en accidente de helic\u00f3ptero"},"content":{"rendered":"\n<p>Por Carolina Alonso Romei <\/p>\n\n\n\n<p>Internacionalista <\/p>\n\n\n\n<p>La Fuerza A\u00e9rea de la India no han ofrecido detalles sobre las causas del accidente que dej\u00f3 13 personas muertas<\/p>\n\n\n\n<ul class=\"wp-block-list\"><li>Los accidentes de aeronaves militares son una constante en India<\/li><\/ul>\n\n\n\n<p>La\u00a0<strong>Fuerza A\u00e9rea de la\u00a0India (AIF)<\/strong>\u00a0confirm\u00f3 la muerte del\u00a0<strong>jefe del Estado Mayor de la Defensa<\/strong>\u00a0del pa\u00eds, el general\u00a0<strong>Bipin Rawat<\/strong>,\u00a0tras estrellarse el helic\u00f3ptero en el que viajaba junto a otras doce personas, en una zona boscosa en el sur del pa\u00eds.<\/p>\n\n\n\n<figure class=\"wp-block-embed is-type-video is-provider-youtube wp-block-embed-youtube wp-embed-aspect-16-9 wp-has-aspect-ratio\"><div class=\"wp-block-embed__wrapper\">\n<iframe loading=\"lazy\" title=\"La India confirma la muerte del jefe del Estado Mayor y otras 12 personas\" width=\"640\" height=\"360\" src=\"https:\/\/www.youtube.com\/embed\/xoWw-8M0DkE?feature=oembed\" frameborder=\"0\" allow=\"accelerometer; autoplay; clipboard-write; encrypted-media; gyroscope; picture-in-picture; web-share\" referrerpolicy=\"strict-origin-when-cross-origin\" allowfullscreen><\/iframe>\n<\/div><\/figure>\n\n\n\n<blockquote class=\"wp-block-quote is-layout-flow wp-block-quote-is-layout-flow\"><p>\u201cCon profundo pesar, se ha confirmado que el general Bipin Rawat,&nbsp;<strong>su esposa Madhulika Rawat<\/strong>, y otras 11 personas han muerto en el lamentable accidente\u201d de la aeronave, inform\u00f3 la AIF en un mensaje en Twitter.<\/p><\/blockquote>\n\n\n\n<p>Las Fuerzas Armadas indias, que de momento no han ofrecido detalles sobre las causas del accidente aereo, indicaron en una declaraci\u00f3n difundida m\u00e1s temprano que \u201cse ha abierto una investigaci\u00f3n\u201d para determinar la raz\u00f3n del incidente.<\/p>\n\n\n\n<p>Rawat tom\u00f3 posesi\u00f3n del cargo de jefe del Ej\u00e9rcito en diciembre de 2016, en plena ola de tensi\u00f3n con el vecino Pakist\u00e1n tras una acci\u00f3n de insurgentes\u00a0<strong>paquistan\u00edes<\/strong>\u00a0que acab\u00f3 con la vida de 19 soldados indios, a la que Nueva Delhi respondi\u00f3 con ataques \u201cquir\u00fargicos\u201d en la frontera y una campa\u00f1a diplom\u00e1tica contra Islamabad.<\/p>\n\n\n\n<p>Tras retirarse como jefe del Ej\u00e9rcito en 2019, Rawat asumi\u00f3 el reci\u00e9n creado puesto de jefe del Estado Mayor de la Defensa, as\u00ed como el puesto de asesor ante el&nbsp;<strong>Ministerio de Defensa<\/strong>.<\/p>\n\n\n\n<p>Los accidentes de&nbsp;<strong>aeronaves militares<\/strong>&nbsp;son una constante en este pa\u00eds.<\/p>\n\n\n\n<p>En 2019, un piloto militar indio muri\u00f3 y otros dos resultaron heridos tras chocar su avi\u00f3n de acrobacias con otro aparato durante unos ejercicios en la ciudad de Bangalore, en el sur de la India, mientras que en octubre de 2017 al menos cinco miembros de la Fuerza A\u00e9rea india fallecieron despu\u00e9s de que un\u00a0<strong>helic\u00f3ptero M-17<\/strong>\u00a0se estrellara en Arunachal Pradesh, en el noreste.<\/p>\n\n\n\n<p>En diciembre de 2015, 10 miembros del cuerpo fronterizo BSF murieron al estrellarse en&nbsp;<strong>Nueva Delhi<\/strong>.<\/p>\n\n\n\n<p>Con informaci\u00f3n de EFE.<\/p>\n","protected":false},"excerpt":{"rendered":"<p>Por Carolina Alonso Romei Internacionalista La Fuerza A\u00e9rea de la India no han ofrecido detalles&#8230;<\/p>\n","protected":false},"author":2,"featured_media":87187,"comment_status":"open","ping_status":"open","sticky":false,"template":"","format":"standard","meta":{"_monsterinsights_skip_tracking":false,"_monsterinsights_sitenote_active":false,"_monsterinsights_sitenote_note":"","_monsterinsights_sitenote_category":0,"footnotes":""},"categories":[1],"tags":[],"class_list":["post-87186","post","type-post","status-publish","format-standard","has-post-thumbnail","hentry","category-sin-categoria"],"yoast_head":"<!-- This site is optimized with the Yoast SEO plugin v27.3 - https:\/\/yoast.com\/product\/yoast-seo-wordpress\/ -->\n<title>Internacionales\/\/\/Carolina Alonso Romei\/\/\/India confirma muerte de su jefe del Estado Mayor y otras 12 personas en accidente de helic\u00f3ptero -<\/title>\n<meta name=\"robots\" content=\"index, follow, max-snippet:-1, max-image-preview:large, max-video-preview:-1\" \/>\n<link rel=\"canonical\" href=\"https:\/\/quehacerpolitico.mx\/?p=87186\" \/>\n<meta property=\"og:locale\" content=\"es_MX\" \/>\n<meta property=\"og:type\" content=\"article\" \/>\n<meta property=\"og:title\" content=\"Internacionales\/\/\/Carolina Alonso Romei\/\/\/India confirma muerte de su jefe del Estado Mayor y otras 12 personas en accidente de helic\u00f3ptero -\" \/>\n<meta property=\"og:description\" content=\"Por Carolina Alonso Romei Internacionalista La Fuerza A\u00e9rea de la India no han ofrecido detalles...\" \/>\n<meta property=\"og:url\" content=\"https:\/\/quehacerpolitico.mx\/?p=87186\" \/>\n<meta property=\"article:published_time\" content=\"2021-12-08T15:27:12+00:00\" \/>\n<meta property=\"article:modified_time\" content=\"2021-12-08T15:27:15+00:00\" \/>\n<meta property=\"og:image\" content=\"https:\/\/quehacerpolitico.mx\/wp-content\/uploads\/2021\/12\/4A3D4DF6-17B7-408B-95E0-CCEA476534A0.jpeg\" \/>\n\t<meta property=\"og:image:width\" content=\"1137\" \/>\n\t<meta property=\"og:image:height\" content=\"696\" \/>\n\t<meta property=\"og:image:type\" content=\"image\/jpeg\" \/>\n<meta name=\"author\" content=\"Redacci\u00f3n QP\" \/>\n<meta name=\"twitter:card\" content=\"summary_large_image\" \/>\n<meta name=\"twitter:label1\" content=\"Escrito por\" \/>\n\t<meta name=\"twitter:data1\" content=\"Redacci\u00f3n QP\" \/>\n\t<meta name=\"twitter:label2\" content=\"Tiempo de lectura\" \/>\n\t<meta name=\"twitter:data2\" content=\"2 minutos\" \/>\n<script type=\"application\/ld+json\" class=\"yoast-schema-graph\">{\"@context\":\"https:\\\/\\\/schema.org\",\"@graph\":[{\"@type\":\"Article\",\"@id\":\"https:\\\/\\\/quehacerpolitico.mx\\\/?p=87186#article\",\"isPartOf\":{\"@id\":\"https:\\\/\\\/quehacerpolitico.mx\\\/?p=87186\"},\"author\":{\"name\":\"Redacci\u00f3n QP\",\"@id\":\"https:\\\/\\\/quehacerpolitico.mx\\\/#\\\/schema\\\/person\\\/496d8ad2d1d3f8036101dca7ee39e585\"},\"headline\":\"Internacionales\\\/\\\/\\\/Carolina Alonso Romei\\\/\\\/\\\/India confirma muerte de su jefe del Estado Mayor y otras 12 personas en accidente de helic\u00f3ptero\",\"datePublished\":\"2021-12-08T15:27:12+00:00\",\"dateModified\":\"2021-12-08T15:27:15+00:00\",\"mainEntityOfPage\":{\"@id\":\"https:\\\/\\\/quehacerpolitico.mx\\\/?p=87186\"},\"wordCount\":386,\"commentCount\":0,\"image\":{\"@id\":\"https:\\\/\\\/quehacerpolitico.mx\\\/?p=87186#primaryimage\"},\"thumbnailUrl\":\"https:\\\/\\\/quehacerpolitico.mx\\\/wp-content\\\/uploads\\\/2021\\\/12\\\/4A3D4DF6-17B7-408B-95E0-CCEA476534A0.jpeg\",\"articleSection\":[\"Internacionales\"],\"inLanguage\":\"es\",\"potentialAction\":[{\"@type\":\"CommentAction\",\"name\":\"Comment\",\"target\":[\"https:\\\/\\\/quehacerpolitico.mx\\\/?p=87186#respond\"]}]},{\"@type\":\"WebPage\",\"@id\":\"https:\\\/\\\/quehacerpolitico.mx\\\/?p=87186\",\"url\":\"https:\\\/\\\/quehacerpolitico.mx\\\/?p=87186\",\"name\":\"Internacionales\\\/\\\/\\\/Carolina Alonso Romei\\\/\\\/\\\/India confirma muerte de su jefe del Estado Mayor y otras 12 personas en accidente de helic\u00f3ptero -\",\"isPartOf\":{\"@id\":\"https:\\\/\\\/quehacerpolitico.mx\\\/#website\"},\"primaryImageOfPage\":{\"@id\":\"https:\\\/\\\/quehacerpolitico.mx\\\/?p=87186#primaryimage\"},\"image\":{\"@id\":\"https:\\\/\\\/quehacerpolitico.mx\\\/?p=87186#primaryimage\"},\"thumbnailUrl\":\"https:\\\/\\\/quehacerpolitico.mx\\\/wp-content\\\/uploads\\\/2021\\\/12\\\/4A3D4DF6-17B7-408B-95E0-CCEA476534A0.jpeg\",\"datePublished\":\"2021-12-08T15:27:12+00:00\",\"dateModified\":\"2021-12-08T15:27:15+00:00\",\"author\":{\"@id\":\"https:\\\/\\\/quehacerpolitico.mx\\\/#\\\/schema\\\/person\\\/496d8ad2d1d3f8036101dca7ee39e585\"},\"breadcrumb\":{\"@id\":\"https:\\\/\\\/quehacerpolitico.mx\\\/?p=87186#breadcrumb\"},\"inLanguage\":\"es\",\"potentialAction\":[{\"@type\":\"ReadAction\",\"target\":[\"https:\\\/\\\/quehacerpolitico.mx\\\/?p=87186\"]}]},{\"@type\":\"ImageObject\",\"inLanguage\":\"es\",\"@id\":\"https:\\\/\\\/quehacerpolitico.mx\\\/?p=87186#primaryimage\",\"url\":\"https:\\\/\\\/quehacerpolitico.mx\\\/wp-content\\\/uploads\\\/2021\\\/12\\\/4A3D4DF6-17B7-408B-95E0-CCEA476534A0.jpeg\",\"contentUrl\":\"https:\\\/\\\/quehacerpolitico.mx\\\/wp-content\\\/uploads\\\/2021\\\/12\\\/4A3D4DF6-17B7-408B-95E0-CCEA476534A0.jpeg\",\"width\":1137,\"height\":696},{\"@type\":\"BreadcrumbList\",\"@id\":\"https:\\\/\\\/quehacerpolitico.mx\\\/?p=87186#breadcrumb\",\"itemListElement\":[{\"@type\":\"ListItem\",\"position\":1,\"name\":\"Inicio\",\"item\":\"https:\\\/\\\/quehacerpolitico.mx\\\/\"},{\"@type\":\"ListItem\",\"position\":2,\"name\":\"Internacionales\\\/\\\/\\\/Carolina Alonso Romei\\\/\\\/\\\/India confirma muerte de su jefe del Estado Mayor y otras 12 personas en accidente de helic\u00f3ptero\"}]},{\"@type\":\"WebSite\",\"@id\":\"https:\\\/\\\/quehacerpolitico.mx\\\/#website\",\"url\":\"https:\\\/\\\/quehacerpolitico.mx\\\/\",\"name\":\"\",\"description\":\"\",\"potentialAction\":[{\"@type\":\"SearchAction\",\"target\":{\"@type\":\"EntryPoint\",\"urlTemplate\":\"https:\\\/\\\/quehacerpolitico.mx\\\/?s={search_term_string}\"},\"query-input\":{\"@type\":\"PropertyValueSpecification\",\"valueRequired\":true,\"valueName\":\"search_term_string\"}}],\"inLanguage\":\"es\"},{\"@type\":\"Person\",\"@id\":\"https:\\\/\\\/quehacerpolitico.mx\\\/#\\\/schema\\\/person\\\/496d8ad2d1d3f8036101dca7ee39e585\",\"name\":\"Redacci\u00f3n QP\",\"image\":{\"@type\":\"ImageObject\",\"inLanguage\":\"es\",\"@id\":\"https:\\\/\\\/secure.gravatar.com\\\/avatar\\\/c7164ed6fdec453195284ad24a5ae5b6e1eed2b848477fa2a4787ba9adf39a41?s=96&d=mm&r=g\",\"url\":\"https:\\\/\\\/secure.gravatar.com\\\/avatar\\\/c7164ed6fdec453195284ad24a5ae5b6e1eed2b848477fa2a4787ba9adf39a41?s=96&d=mm&r=g\",\"contentUrl\":\"https:\\\/\\\/secure.gravatar.com\\\/avatar\\\/c7164ed6fdec453195284ad24a5ae5b6e1eed2b848477fa2a4787ba9adf39a41?s=96&d=mm&r=g\",\"caption\":\"Redacci\u00f3n QP\"},\"url\":\"https:\\\/\\\/quehacerpolitico.mx\\\/?author=2\"}]}<\/script>\n<!-- \/ Yoast SEO plugin. -->","yoast_head_json":{"title":"Internacionales\/\/\/Carolina Alonso Romei\/\/\/India confirma muerte de su jefe del Estado Mayor y otras 12 personas en accidente de helic\u00f3ptero -","robots":{"index":"index","follow":"follow","max-snippet":"max-snippet:-1","max-image-preview":"max-image-preview:large","max-video-preview":"max-video-preview:-1"},"canonical":"https:\/\/quehacerpolitico.mx\/?p=87186","og_locale":"es_MX","og_type":"article","og_title":"Internacionales\/\/\/Carolina Alonso Romei\/\/\/India confirma muerte de su jefe del Estado Mayor y otras 12 personas en accidente de helic\u00f3ptero -","og_description":"Por Carolina Alonso Romei Internacionalista La Fuerza A\u00e9rea de la India no han ofrecido detalles...","og_url":"https:\/\/quehacerpolitico.mx\/?p=87186","article_published_time":"2021-12-08T15:27:12+00:00","article_modified_time":"2021-12-08T15:27:15+00:00","og_image":[{"width":1137,"height":696,"url":"https:\/\/quehacerpolitico.mx\/wp-content\/uploads\/2021\/12\/4A3D4DF6-17B7-408B-95E0-CCEA476534A0.jpeg","type":"image\/jpeg"}],"author":"Redacci\u00f3n QP","twitter_card":"summary_large_image","twitter_misc":{"Escrito por":"Redacci\u00f3n QP","Tiempo de lectura":"2 minutos"},"schema":{"@context":"https:\/\/schema.org","@graph":[{"@type":"Article","@id":"https:\/\/quehacerpolitico.mx\/?p=87186#article","isPartOf":{"@id":"https:\/\/quehacerpolitico.mx\/?p=87186"},"author":{"name":"Redacci\u00f3n QP","@id":"https:\/\/quehacerpolitico.mx\/#\/schema\/person\/496d8ad2d1d3f8036101dca7ee39e585"},"headline":"Internacionales\/\/\/Carolina Alonso Romei\/\/\/India confirma muerte de su jefe del Estado Mayor y otras 12 personas en accidente de helic\u00f3ptero","datePublished":"2021-12-08T15:27:12+00:00","dateModified":"2021-12-08T15:27:15+00:00","mainEntityOfPage":{"@id":"https:\/\/quehacerpolitico.mx\/?p=87186"},"wordCount":386,"commentCount":0,"image":{"@id":"https:\/\/quehacerpolitico.mx\/?p=87186#primaryimage"},"thumbnailUrl":"https:\/\/quehacerpolitico.mx\/wp-content\/uploads\/2021\/12\/4A3D4DF6-17B7-408B-95E0-CCEA476534A0.jpeg","articleSection":["Internacionales"],"inLanguage":"es","potentialAction":[{"@type":"CommentAction","name":"Comment","target":["https:\/\/quehacerpolitico.mx\/?p=87186#respond"]}]},{"@type":"WebPage","@id":"https:\/\/quehacerpolitico.mx\/?p=87186","url":"https:\/\/quehacerpolitico.mx\/?p=87186","name":"Internacionales\/\/\/Carolina Alonso Romei\/\/\/India confirma muerte de su jefe del Estado Mayor y otras 12 personas en accidente de helic\u00f3ptero -","isPartOf":{"@id":"https:\/\/quehacerpolitico.mx\/#website"},"primaryImageOfPage":{"@id":"https:\/\/quehacerpolitico.mx\/?p=87186#primaryimage"},"image":{"@id":"https:\/\/quehacerpolitico.mx\/?p=87186#primaryimage"},"thumbnailUrl":"https:\/\/quehacerpolitico.mx\/wp-content\/uploads\/2021\/12\/4A3D4DF6-17B7-408B-95E0-CCEA476534A0.jpeg","datePublished":"2021-12-08T15:27:12+00:00","dateModified":"2021-12-08T15:27:15+00:00","author":{"@id":"https:\/\/quehacerpolitico.mx\/#\/schema\/person\/496d8ad2d1d3f8036101dca7ee39e585"},"breadcrumb":{"@id":"https:\/\/quehacerpolitico.mx\/?p=87186#breadcrumb"},"inLanguage":"es","potentialAction":[{"@type":"ReadAction","target":["https:\/\/quehacerpolitico.mx\/?p=87186"]}]},{"@type":"ImageObject","inLanguage":"es","@id":"https:\/\/quehacerpolitico.mx\/?p=87186#primaryimage","url":"https:\/\/quehacerpolitico.mx\/wp-content\/uploads\/2021\/12\/4A3D4DF6-17B7-408B-95E0-CCEA476534A0.jpeg","contentUrl":"https:\/\/quehacerpolitico.mx\/wp-content\/uploads\/2021\/12\/4A3D4DF6-17B7-408B-95E0-CCEA476534A0.jpeg","width":1137,"height":696},{"@type":"BreadcrumbList","@id":"https:\/\/quehacerpolitico.mx\/?p=87186#breadcrumb","itemListElement":[{"@type":"ListItem","position":1,"name":"Inicio","item":"https:\/\/quehacerpolitico.mx\/"},{"@type":"ListItem","position":2,"name":"Internacionales\/\/\/Carolina Alonso Romei\/\/\/India confirma muerte de su jefe del Estado Mayor y otras 12 personas en accidente de helic\u00f3ptero"}]},{"@type":"WebSite","@id":"https:\/\/quehacerpolitico.mx\/#website","url":"https:\/\/quehacerpolitico.mx\/","name":"","description":"","potentialAction":[{"@type":"SearchAction","target":{"@type":"EntryPoint","urlTemplate":"https:\/\/quehacerpolitico.mx\/?s={search_term_string}"},"query-input":{"@type":"PropertyValueSpecification","valueRequired":true,"valueName":"search_term_string"}}],"inLanguage":"es"},{"@type":"Person","@id":"https:\/\/quehacerpolitico.mx\/#\/schema\/person\/496d8ad2d1d3f8036101dca7ee39e585","name":"Redacci\u00f3n QP","image":{"@type":"ImageObject","inLanguage":"es","@id":"https:\/\/secure.gravatar.com\/avatar\/c7164ed6fdec453195284ad24a5ae5b6e1eed2b848477fa2a4787ba9adf39a41?s=96&d=mm&r=g","url":"https:\/\/secure.gravatar.com\/avatar\/c7164ed6fdec453195284ad24a5ae5b6e1eed2b848477fa2a4787ba9adf39a41?s=96&d=mm&r=g","contentUrl":"https:\/\/secure.gravatar.com\/avatar\/c7164ed6fdec453195284ad24a5ae5b6e1eed2b848477fa2a4787ba9adf39a41?s=96&d=mm&r=g","caption":"Redacci\u00f3n QP"},"url":"https:\/\/quehacerpolitico.mx\/?author=2"}]}},"featured_image_urls":{"full":["https:\/\/quehacerpolitico.mx\/wp-content\/uploads\/2021\/12\/4A3D4DF6-17B7-408B-95E0-CCEA476534A0.jpeg",1137,696,false],"thumbnail":["https:\/\/quehacerpolitico.mx\/wp-content\/uploads\/2021\/12\/4A3D4DF6-17B7-408B-95E0-CCEA476534A0-150x150.jpeg",150,150,true],"medium":["https:\/\/quehacerpolitico.mx\/wp-content\/uploads\/2021\/12\/4A3D4DF6-17B7-408B-95E0-CCEA476534A0-300x184.jpeg",300,184,true],"medium_large":["https:\/\/quehacerpolitico.mx\/wp-content\/uploads\/2021\/12\/4A3D4DF6-17B7-408B-95E0-CCEA476534A0-768x470.jpeg",640,392,true],"large":["https:\/\/quehacerpolitico.mx\/wp-content\/uploads\/2021\/12\/4A3D4DF6-17B7-408B-95E0-CCEA476534A0-1024x627.jpeg",640,392,true],"1536x1536":["https:\/\/quehacerpolitico.mx\/wp-content\/uploads\/2021\/12\/4A3D4DF6-17B7-408B-95E0-CCEA476534A0.jpeg",1137,696,false],"2048x2048":["https:\/\/quehacerpolitico.mx\/wp-content\/uploads\/2021\/12\/4A3D4DF6-17B7-408B-95E0-CCEA476534A0.jpeg",1137,696,false],"covernews-featured":["https:\/\/quehacerpolitico.mx\/wp-content\/uploads\/2021\/12\/4A3D4DF6-17B7-408B-95E0-CCEA476534A0.jpeg",1024,627,false],"covernews-medium":["https:\/\/quehacerpolitico.mx\/wp-content\/uploads\/2021\/12\/4A3D4DF6-17B7-408B-95E0-CCEA476534A0.jpeg",540,331,false]},"author_info":{"display_name":"Redacci\u00f3n QP","author_link":"https:\/\/quehacerpolitico.mx\/?author=2"},"category_info":"<a href=\"https:\/\/quehacerpolitico.mx\/?cat=1\" rel=\"category\">Internacionales<\/a>","tag_info":"Internacionales","comment_count":"0","_links":{"self":[{"href":"https:\/\/quehacerpolitico.mx\/index.php?rest_route=\/wp\/v2\/posts\/87186","targetHints":{"allow":["GET"]}}],"collection":[{"href":"https:\/\/quehacerpolitico.mx\/index.php?rest_route=\/wp\/v2\/posts"}],"about":[{"href":"https:\/\/quehacerpolitico.mx\/index.php?rest_route=\/wp\/v2\/types\/post"}],"author":[{"embeddable":true,"href":"https:\/\/quehacerpolitico.mx\/index.php?rest_route=\/wp\/v2\/users\/2"}],"replies":[{"embeddable":true,"href":"https:\/\/quehacerpolitico.mx\/index.php?rest_route=%2Fwp%2Fv2%2Fcomments&post=87186"}],"version-history":[{"count":1,"href":"https:\/\/quehacerpolitico.mx\/index.php?rest_route=\/wp\/v2\/posts\/87186\/revisions"}],"predecessor-version":[{"id":87188,"href":"https:\/\/quehacerpolitico.mx\/index.php?rest_route=\/wp\/v2\/posts\/87186\/revisions\/87188"}],"wp:featuredmedia":[{"embeddable":true,"href":"https:\/\/quehacerpolitico.mx\/index.php?rest_route=\/wp\/v2\/media\/87187"}],"wp:attachment":[{"href":"https:\/\/quehacerpolitico.mx\/index.php?rest_route=%2Fwp%2Fv2%2Fmedia&parent=87186"}],"wp:term":[{"taxonomy":"category","embeddable":true,"href":"https:\/\/quehacerpolitico.mx\/index.php?rest_route=%2Fwp%2Fv2%2Fcategories&post=87186"},{"taxonomy":"post_tag","embeddable":true,"href":"https:\/\/quehacerpolitico.mx\/index.php?rest_route=%2Fwp%2Fv2%2Ftags&post=87186"}],"curies":[{"name":"wp","href":"https:\/\/api.w.org\/{rel}","templated":true}]}}