{"id":87183,"date":"2021-12-08T15:13:32","date_gmt":"2021-12-08T15:13:32","guid":{"rendered":"https:\/\/quehacerpolitico.mx\/?p=87183"},"modified":"2021-12-08T15:13:36","modified_gmt":"2021-12-08T15:13:36","slug":"ebrard-nominado-como-persona-del-ano-por-demanda-contra-fabricantes-de-armas-en-eeuu","status":"publish","type":"post","link":"https:\/\/quehacerpolitico.mx\/?p=87183","title":{"rendered":"Ebrard, nominado como \u2018persona del a\u00f1o\u2019 por demanda contra fabricantes de armas en EEUU"},"content":{"rendered":"\n<p>Por Redacci\u00f3n QP<\/p>\n\n\n\n<p>La Asociaci\u00f3n de Control de Armas, con sede en Washington, estim\u00f3 que Ebrard y los dem\u00e1s nominados ejercieron un liderazgo importante que ayud\u00f3 a reducir los peligros asociados con las armas<\/p>\n\n\n\n<figure class=\"wp-block-embed is-type-rich is-provider-twitter wp-block-embed-twitter\"><div class=\"wp-block-embed__wrapper\">\n<blockquote class=\"twitter-tweet\" data-width=\"550\" data-dnt=\"true\"><p lang=\"es\" dir=\"ltr\">Agradezco a la Asociaci\u00f3n de Control de Armas de Estados Unidos la nominaci\u00f3n al reconocimiento anual que otorgan por la demanda presentada por nuestro pa\u00eds contra la industria de armas que facilita y promueve la violencia.<\/p>&mdash; Marcelo Ebrard C. (@m_ebrard) <a href=\"https:\/\/twitter.com\/m_ebrard\/status\/1468596569838608385?ref_src=twsrc%5Etfw\">December 8, 2021<\/a><\/blockquote><script async src=\"https:\/\/platform.twitter.com\/widgets.js\" charset=\"utf-8\"><\/script>\n<\/div><\/figure>\n\n\n\n<ul class=\"wp-block-list\"><li>El 4 de agosto de 2021, M\u00e9xico present\u00f3 una demanda contra fabricantes de armas en EEUU por llevar a cabo pr\u00e1cticas comerciales y negligencias que facilitan el tr\u00e1fico ilegal<\/li><\/ul>\n\n\n\n<p>La\u00a0<strong>Asociaci\u00f3n de Control de Armas<\/strong>\u00a0nomin\u00f3 hoy, 8 de diciembre de 2021, al canciller\u00a0Marcelo Ebrard como la \u201cpersona del a\u00f1o\u201d, por su trabajo en la\u00a0demanda contra fabricantes de armas en Estados Unidos<\/p>\n\n\n\n<p>La organizaci\u00f3n, con sede en Washington, estim\u00f3 que Ebrard y los dem\u00e1s nominados ejercieron un liderazgo importante que ayud\u00f3 a reducir los peligros asociados con las armas.<\/p>\n\n\n\n<p>El 4 de agosto de este a\u00f1o,&nbsp;<strong>Ebrard<\/strong>&nbsp;anunci\u00f3 que el gobierno de M\u00e9xico hab\u00eda presentado una demanda contra un grupo de empresas de&nbsp;<strong>armas<\/strong>&nbsp;de&nbsp;<strong>Estados Unidos (EEUU)<\/strong>&nbsp;a las que acusa de llevar a cabo pr\u00e1cticas comerciales y negligencias que facilitan el tr\u00e1fico ilegal y han profundizado la violencia en el pa\u00eds.<\/p>\n\n\n\n<p>La demanda fue presentada en el tribunal federal de Boston, en Massachusetts, contra algunos de los mayores fabricantes de armas como Smith &amp; Wesson Brands, Inc.; Barret Firearms Manufacturing, Inc.; Beretta U.S.A. Corp.; Colt\u2019s Manufacturing Company LLC, y Glock Inc. Otro acusado es Interstate Arms, un mayorista de la zona de Boston que vende armas de todos menos uno de los fabricantes a tiendas minoristas de todo Estados Unidos.<\/p>\n\n\n\n<p>El 22 de noviembre, el secretario de Relaciones Exteriores\u00a0participo en el debate abierto \u201cEl impacto del desv\u00edo y tr\u00e1fico de armas para La Paz y la seguridad\u201d, en el Consejo de Seguridad de la ONU.<\/p>\n\n\n\n<p>Dijo que el tr\u00e1fico de armas es un fen\u00f3meno global que afecta gravemente y en m\u00faltiples dimensiones a la poblaci\u00f3n civil, destruye el tejido social, propicia la violencia, en especial contra grupos vulnerables, genera desplazamientos y flujos irregulares de personas que desean escapar de contextos de inseguridad.<\/p>\n\n\n\n<p>Indic\u00f3 que muchos han sido los esfuerzos que se han emprendido desde Naciones Unidas.<\/p>\n\n\n\n<blockquote class=\"wp-block-quote is-layout-flow wp-block-quote-is-layout-flow\"><p>\u201cSin embargo, nuestros esfuerzos han sido, debemos reconocerlo, insuficientes. M\u00e9xico hace un contundente llamado para que se establezcan y mejoren los mecanismos para monitorear y prevenir las transferencias internacionales il\u00edcitas de armas, el desv\u00edo del comercio y el tr\u00e1fico transfronterizo. Al mismo tiempo, llama la atenci\u00f3n de los gobiernos para que juntos animemos a nuestros respectivos sectores privados a establecer medidas de autorregulaci\u00f3n conforme a sus legislaciones dom\u00e9sticas, para prevenir que sus pr\u00e1cticas comerciales propicien activamente el tr\u00e1fico il\u00edcito de sus productos\u201d.<\/p><\/blockquote>\n","protected":false},"excerpt":{"rendered":"<p>Por Redacci\u00f3n QP La Asociaci\u00f3n de Control de Armas, con sede en Washington, estim\u00f3 que&#8230;<\/p>\n","protected":false},"author":2,"featured_media":87184,"comment_status":"open","ping_status":"open","sticky":false,"template":"","format":"standard","meta":{"_monsterinsights_skip_tracking":false,"_monsterinsights_sitenote_active":false,"_monsterinsights_sitenote_note":"","_monsterinsights_sitenote_category":0,"footnotes":""},"categories":[2],"tags":[],"class_list":["post-87183","post","type-post","status-publish","format-standard","has-post-thumbnail","hentry","category-noticias"],"yoast_head":"<!-- This site is optimized with the Yoast SEO plugin v27.3 - https:\/\/yoast.com\/product\/yoast-seo-wordpress\/ -->\n<title>Ebrard, nominado como \u2018persona del a\u00f1o\u2019 por demanda contra fabricantes de armas en EEUU -<\/title>\n<meta name=\"robots\" content=\"index, follow, max-snippet:-1, max-image-preview:large, max-video-preview:-1\" \/>\n<link rel=\"canonical\" href=\"https:\/\/quehacerpolitico.mx\/?p=87183\" \/>\n<meta property=\"og:locale\" content=\"es_MX\" \/>\n<meta property=\"og:type\" content=\"article\" \/>\n<meta property=\"og:title\" content=\"Ebrard, nominado como \u2018persona del a\u00f1o\u2019 por demanda contra fabricantes de armas en EEUU -\" \/>\n<meta property=\"og:description\" content=\"Por Redacci\u00f3n QP La Asociaci\u00f3n de Control de Armas, con sede en Washington, estim\u00f3 que...\" \/>\n<meta property=\"og:url\" content=\"https:\/\/quehacerpolitico.mx\/?p=87183\" \/>\n<meta property=\"article:published_time\" content=\"2021-12-08T15:13:32+00:00\" \/>\n<meta property=\"article:modified_time\" content=\"2021-12-08T15:13:36+00:00\" \/>\n<meta property=\"og:image\" content=\"https:\/\/quehacerpolitico.mx\/wp-content\/uploads\/2021\/12\/FC7B58E5-2F7C-4549-8B9A-311100914C71.jpeg\" \/>\n\t<meta property=\"og:image:width\" content=\"1411\" \/>\n\t<meta property=\"og:image:height\" content=\"965\" \/>\n\t<meta property=\"og:image:type\" content=\"image\/jpeg\" \/>\n<meta name=\"author\" content=\"Redacci\u00f3n QP\" \/>\n<meta name=\"twitter:card\" content=\"summary_large_image\" \/>\n<meta name=\"twitter:label1\" content=\"Escrito por\" \/>\n\t<meta name=\"twitter:data1\" content=\"Redacci\u00f3n QP\" \/>\n\t<meta name=\"twitter:label2\" content=\"Tiempo de lectura\" \/>\n\t<meta name=\"twitter:data2\" content=\"2 minutos\" \/>\n<script type=\"application\/ld+json\" class=\"yoast-schema-graph\">{\"@context\":\"https:\\\/\\\/schema.org\",\"@graph\":[{\"@type\":\"Article\",\"@id\":\"https:\\\/\\\/quehacerpolitico.mx\\\/?p=87183#article\",\"isPartOf\":{\"@id\":\"https:\\\/\\\/quehacerpolitico.mx\\\/?p=87183\"},\"author\":{\"name\":\"Redacci\u00f3n QP\",\"@id\":\"https:\\\/\\\/quehacerpolitico.mx\\\/#\\\/schema\\\/person\\\/496d8ad2d1d3f8036101dca7ee39e585\"},\"headline\":\"Ebrard, nominado como \u2018persona del a\u00f1o\u2019 por demanda contra fabricantes de armas en EEUU\",\"datePublished\":\"2021-12-08T15:13:32+00:00\",\"dateModified\":\"2021-12-08T15:13:36+00:00\",\"mainEntityOfPage\":{\"@id\":\"https:\\\/\\\/quehacerpolitico.mx\\\/?p=87183\"},\"wordCount\":484,\"commentCount\":0,\"image\":{\"@id\":\"https:\\\/\\\/quehacerpolitico.mx\\\/?p=87183#primaryimage\"},\"thumbnailUrl\":\"https:\\\/\\\/quehacerpolitico.mx\\\/wp-content\\\/uploads\\\/2021\\\/12\\\/FC7B58E5-2F7C-4549-8B9A-311100914C71.jpeg\",\"articleSection\":[\"Noticias\"],\"inLanguage\":\"es\",\"potentialAction\":[{\"@type\":\"CommentAction\",\"name\":\"Comment\",\"target\":[\"https:\\\/\\\/quehacerpolitico.mx\\\/?p=87183#respond\"]}]},{\"@type\":\"WebPage\",\"@id\":\"https:\\\/\\\/quehacerpolitico.mx\\\/?p=87183\",\"url\":\"https:\\\/\\\/quehacerpolitico.mx\\\/?p=87183\",\"name\":\"Ebrard, nominado como \u2018persona del a\u00f1o\u2019 por demanda contra fabricantes de armas en EEUU -\",\"isPartOf\":{\"@id\":\"https:\\\/\\\/quehacerpolitico.mx\\\/#website\"},\"primaryImageOfPage\":{\"@id\":\"https:\\\/\\\/quehacerpolitico.mx\\\/?p=87183#primaryimage\"},\"image\":{\"@id\":\"https:\\\/\\\/quehacerpolitico.mx\\\/?p=87183#primaryimage\"},\"thumbnailUrl\":\"https:\\\/\\\/quehacerpolitico.mx\\\/wp-content\\\/uploads\\\/2021\\\/12\\\/FC7B58E5-2F7C-4549-8B9A-311100914C71.jpeg\",\"datePublished\":\"2021-12-08T15:13:32+00:00\",\"dateModified\":\"2021-12-08T15:13:36+00:00\",\"author\":{\"@id\":\"https:\\\/\\\/quehacerpolitico.mx\\\/#\\\/schema\\\/person\\\/496d8ad2d1d3f8036101dca7ee39e585\"},\"breadcrumb\":{\"@id\":\"https:\\\/\\\/quehacerpolitico.mx\\\/?p=87183#breadcrumb\"},\"inLanguage\":\"es\",\"potentialAction\":[{\"@type\":\"ReadAction\",\"target\":[\"https:\\\/\\\/quehacerpolitico.mx\\\/?p=87183\"]}]},{\"@type\":\"ImageObject\",\"inLanguage\":\"es\",\"@id\":\"https:\\\/\\\/quehacerpolitico.mx\\\/?p=87183#primaryimage\",\"url\":\"https:\\\/\\\/quehacerpolitico.mx\\\/wp-content\\\/uploads\\\/2021\\\/12\\\/FC7B58E5-2F7C-4549-8B9A-311100914C71.jpeg\",\"contentUrl\":\"https:\\\/\\\/quehacerpolitico.mx\\\/wp-content\\\/uploads\\\/2021\\\/12\\\/FC7B58E5-2F7C-4549-8B9A-311100914C71.jpeg\",\"width\":1411,\"height\":965},{\"@type\":\"BreadcrumbList\",\"@id\":\"https:\\\/\\\/quehacerpolitico.mx\\\/?p=87183#breadcrumb\",\"itemListElement\":[{\"@type\":\"ListItem\",\"position\":1,\"name\":\"Inicio\",\"item\":\"https:\\\/\\\/quehacerpolitico.mx\\\/\"},{\"@type\":\"ListItem\",\"position\":2,\"name\":\"Ebrard, nominado como \u2018persona del a\u00f1o\u2019 por demanda contra fabricantes de armas en EEUU\"}]},{\"@type\":\"WebSite\",\"@id\":\"https:\\\/\\\/quehacerpolitico.mx\\\/#website\",\"url\":\"https:\\\/\\\/quehacerpolitico.mx\\\/\",\"name\":\"\",\"description\":\"\",\"potentialAction\":[{\"@type\":\"SearchAction\",\"target\":{\"@type\":\"EntryPoint\",\"urlTemplate\":\"https:\\\/\\\/quehacerpolitico.mx\\\/?s={search_term_string}\"},\"query-input\":{\"@type\":\"PropertyValueSpecification\",\"valueRequired\":true,\"valueName\":\"search_term_string\"}}],\"inLanguage\":\"es\"},{\"@type\":\"Person\",\"@id\":\"https:\\\/\\\/quehacerpolitico.mx\\\/#\\\/schema\\\/person\\\/496d8ad2d1d3f8036101dca7ee39e585\",\"name\":\"Redacci\u00f3n QP\",\"image\":{\"@type\":\"ImageObject\",\"inLanguage\":\"es\",\"@id\":\"https:\\\/\\\/secure.gravatar.com\\\/avatar\\\/c7164ed6fdec453195284ad24a5ae5b6e1eed2b848477fa2a4787ba9adf39a41?s=96&d=mm&r=g\",\"url\":\"https:\\\/\\\/secure.gravatar.com\\\/avatar\\\/c7164ed6fdec453195284ad24a5ae5b6e1eed2b848477fa2a4787ba9adf39a41?s=96&d=mm&r=g\",\"contentUrl\":\"https:\\\/\\\/secure.gravatar.com\\\/avatar\\\/c7164ed6fdec453195284ad24a5ae5b6e1eed2b848477fa2a4787ba9adf39a41?s=96&d=mm&r=g\",\"caption\":\"Redacci\u00f3n QP\"},\"url\":\"https:\\\/\\\/quehacerpolitico.mx\\\/?author=2\"}]}<\/script>\n<!-- \/ Yoast SEO plugin. -->","yoast_head_json":{"title":"Ebrard, nominado como \u2018persona del a\u00f1o\u2019 por demanda contra fabricantes de armas en EEUU -","robots":{"index":"index","follow":"follow","max-snippet":"max-snippet:-1","max-image-preview":"max-image-preview:large","max-video-preview":"max-video-preview:-1"},"canonical":"https:\/\/quehacerpolitico.mx\/?p=87183","og_locale":"es_MX","og_type":"article","og_title":"Ebrard, nominado como \u2018persona del a\u00f1o\u2019 por demanda contra fabricantes de armas en EEUU -","og_description":"Por Redacci\u00f3n QP La Asociaci\u00f3n de Control de Armas, con sede en Washington, estim\u00f3 que...","og_url":"https:\/\/quehacerpolitico.mx\/?p=87183","article_published_time":"2021-12-08T15:13:32+00:00","article_modified_time":"2021-12-08T15:13:36+00:00","og_image":[{"width":1411,"height":965,"url":"https:\/\/quehacerpolitico.mx\/wp-content\/uploads\/2021\/12\/FC7B58E5-2F7C-4549-8B9A-311100914C71.jpeg","type":"image\/jpeg"}],"author":"Redacci\u00f3n QP","twitter_card":"summary_large_image","twitter_misc":{"Escrito por":"Redacci\u00f3n QP","Tiempo de lectura":"2 minutos"},"schema":{"@context":"https:\/\/schema.org","@graph":[{"@type":"Article","@id":"https:\/\/quehacerpolitico.mx\/?p=87183#article","isPartOf":{"@id":"https:\/\/quehacerpolitico.mx\/?p=87183"},"author":{"name":"Redacci\u00f3n QP","@id":"https:\/\/quehacerpolitico.mx\/#\/schema\/person\/496d8ad2d1d3f8036101dca7ee39e585"},"headline":"Ebrard, nominado como \u2018persona del a\u00f1o\u2019 por demanda contra fabricantes de armas en EEUU","datePublished":"2021-12-08T15:13:32+00:00","dateModified":"2021-12-08T15:13:36+00:00","mainEntityOfPage":{"@id":"https:\/\/quehacerpolitico.mx\/?p=87183"},"wordCount":484,"commentCount":0,"image":{"@id":"https:\/\/quehacerpolitico.mx\/?p=87183#primaryimage"},"thumbnailUrl":"https:\/\/quehacerpolitico.mx\/wp-content\/uploads\/2021\/12\/FC7B58E5-2F7C-4549-8B9A-311100914C71.jpeg","articleSection":["Noticias"],"inLanguage":"es","potentialAction":[{"@type":"CommentAction","name":"Comment","target":["https:\/\/quehacerpolitico.mx\/?p=87183#respond"]}]},{"@type":"WebPage","@id":"https:\/\/quehacerpolitico.mx\/?p=87183","url":"https:\/\/quehacerpolitico.mx\/?p=87183","name":"Ebrard, nominado como \u2018persona del a\u00f1o\u2019 por demanda contra fabricantes de armas en EEUU -","isPartOf":{"@id":"https:\/\/quehacerpolitico.mx\/#website"},"primaryImageOfPage":{"@id":"https:\/\/quehacerpolitico.mx\/?p=87183#primaryimage"},"image":{"@id":"https:\/\/quehacerpolitico.mx\/?p=87183#primaryimage"},"thumbnailUrl":"https:\/\/quehacerpolitico.mx\/wp-content\/uploads\/2021\/12\/FC7B58E5-2F7C-4549-8B9A-311100914C71.jpeg","datePublished":"2021-12-08T15:13:32+00:00","dateModified":"2021-12-08T15:13:36+00:00","author":{"@id":"https:\/\/quehacerpolitico.mx\/#\/schema\/person\/496d8ad2d1d3f8036101dca7ee39e585"},"breadcrumb":{"@id":"https:\/\/quehacerpolitico.mx\/?p=87183#breadcrumb"},"inLanguage":"es","potentialAction":[{"@type":"ReadAction","target":["https:\/\/quehacerpolitico.mx\/?p=87183"]}]},{"@type":"ImageObject","inLanguage":"es","@id":"https:\/\/quehacerpolitico.mx\/?p=87183#primaryimage","url":"https:\/\/quehacerpolitico.mx\/wp-content\/uploads\/2021\/12\/FC7B58E5-2F7C-4549-8B9A-311100914C71.jpeg","contentUrl":"https:\/\/quehacerpolitico.mx\/wp-content\/uploads\/2021\/12\/FC7B58E5-2F7C-4549-8B9A-311100914C71.jpeg","width":1411,"height":965},{"@type":"BreadcrumbList","@id":"https:\/\/quehacerpolitico.mx\/?p=87183#breadcrumb","itemListElement":[{"@type":"ListItem","position":1,"name":"Inicio","item":"https:\/\/quehacerpolitico.mx\/"},{"@type":"ListItem","position":2,"name":"Ebrard, nominado como \u2018persona del a\u00f1o\u2019 por demanda contra fabricantes de armas en EEUU"}]},{"@type":"WebSite","@id":"https:\/\/quehacerpolitico.mx\/#website","url":"https:\/\/quehacerpolitico.mx\/","name":"","description":"","potentialAction":[{"@type":"SearchAction","target":{"@type":"EntryPoint","urlTemplate":"https:\/\/quehacerpolitico.mx\/?s={search_term_string}"},"query-input":{"@type":"PropertyValueSpecification","valueRequired":true,"valueName":"search_term_string"}}],"inLanguage":"es"},{"@type":"Person","@id":"https:\/\/quehacerpolitico.mx\/#\/schema\/person\/496d8ad2d1d3f8036101dca7ee39e585","name":"Redacci\u00f3n QP","image":{"@type":"ImageObject","inLanguage":"es","@id":"https:\/\/secure.gravatar.com\/avatar\/c7164ed6fdec453195284ad24a5ae5b6e1eed2b848477fa2a4787ba9adf39a41?s=96&d=mm&r=g","url":"https:\/\/secure.gravatar.com\/avatar\/c7164ed6fdec453195284ad24a5ae5b6e1eed2b848477fa2a4787ba9adf39a41?s=96&d=mm&r=g","contentUrl":"https:\/\/secure.gravatar.com\/avatar\/c7164ed6fdec453195284ad24a5ae5b6e1eed2b848477fa2a4787ba9adf39a41?s=96&d=mm&r=g","caption":"Redacci\u00f3n QP"},"url":"https:\/\/quehacerpolitico.mx\/?author=2"}]}},"featured_image_urls":{"full":["https:\/\/quehacerpolitico.mx\/wp-content\/uploads\/2021\/12\/FC7B58E5-2F7C-4549-8B9A-311100914C71.jpeg",1411,965,false],"thumbnail":["https:\/\/quehacerpolitico.mx\/wp-content\/uploads\/2021\/12\/FC7B58E5-2F7C-4549-8B9A-311100914C71-150x150.jpeg",150,150,true],"medium":["https:\/\/quehacerpolitico.mx\/wp-content\/uploads\/2021\/12\/FC7B58E5-2F7C-4549-8B9A-311100914C71-300x205.jpeg",300,205,true],"medium_large":["https:\/\/quehacerpolitico.mx\/wp-content\/uploads\/2021\/12\/FC7B58E5-2F7C-4549-8B9A-311100914C71-768x525.jpeg",640,438,true],"large":["https:\/\/quehacerpolitico.mx\/wp-content\/uploads\/2021\/12\/FC7B58E5-2F7C-4549-8B9A-311100914C71-1024x700.jpeg",640,438,true],"1536x1536":["https:\/\/quehacerpolitico.mx\/wp-content\/uploads\/2021\/12\/FC7B58E5-2F7C-4549-8B9A-311100914C71.jpeg",1411,965,false],"2048x2048":["https:\/\/quehacerpolitico.mx\/wp-content\/uploads\/2021\/12\/FC7B58E5-2F7C-4549-8B9A-311100914C71.jpeg",1411,965,false],"covernews-featured":["https:\/\/quehacerpolitico.mx\/wp-content\/uploads\/2021\/12\/FC7B58E5-2F7C-4549-8B9A-311100914C71.jpeg",1024,700,false],"covernews-medium":["https:\/\/quehacerpolitico.mx\/wp-content\/uploads\/2021\/12\/FC7B58E5-2F7C-4549-8B9A-311100914C71.jpeg",497,340,false]},"author_info":{"display_name":"Redacci\u00f3n QP","author_link":"https:\/\/quehacerpolitico.mx\/?author=2"},"category_info":"<a href=\"https:\/\/quehacerpolitico.mx\/?cat=2\" rel=\"category\">Noticias<\/a>","tag_info":"Noticias","comment_count":"0","_links":{"self":[{"href":"https:\/\/quehacerpolitico.mx\/index.php?rest_route=\/wp\/v2\/posts\/87183","targetHints":{"allow":["GET"]}}],"collection":[{"href":"https:\/\/quehacerpolitico.mx\/index.php?rest_route=\/wp\/v2\/posts"}],"about":[{"href":"https:\/\/quehacerpolitico.mx\/index.php?rest_route=\/wp\/v2\/types\/post"}],"author":[{"embeddable":true,"href":"https:\/\/quehacerpolitico.mx\/index.php?rest_route=\/wp\/v2\/users\/2"}],"replies":[{"embeddable":true,"href":"https:\/\/quehacerpolitico.mx\/index.php?rest_route=%2Fwp%2Fv2%2Fcomments&post=87183"}],"version-history":[{"count":1,"href":"https:\/\/quehacerpolitico.mx\/index.php?rest_route=\/wp\/v2\/posts\/87183\/revisions"}],"predecessor-version":[{"id":87185,"href":"https:\/\/quehacerpolitico.mx\/index.php?rest_route=\/wp\/v2\/posts\/87183\/revisions\/87185"}],"wp:featuredmedia":[{"embeddable":true,"href":"https:\/\/quehacerpolitico.mx\/index.php?rest_route=\/wp\/v2\/media\/87184"}],"wp:attachment":[{"href":"https:\/\/quehacerpolitico.mx\/index.php?rest_route=%2Fwp%2Fv2%2Fmedia&parent=87183"}],"wp:term":[{"taxonomy":"category","embeddable":true,"href":"https:\/\/quehacerpolitico.mx\/index.php?rest_route=%2Fwp%2Fv2%2Fcategories&post=87183"},{"taxonomy":"post_tag","embeddable":true,"href":"https:\/\/quehacerpolitico.mx\/index.php?rest_route=%2Fwp%2Fv2%2Ftags&post=87183"}],"curies":[{"name":"wp","href":"https:\/\/api.w.org\/{rel}","templated":true}]}}