{"id":87177,"date":"2021-12-08T14:47:13","date_gmt":"2021-12-08T14:47:13","guid":{"rendered":"https:\/\/quehacerpolitico.mx\/?p=87177"},"modified":"2021-12-08T14:47:16","modified_gmt":"2021-12-08T14:47:16","slug":"internacionales-carolina-alonso-romei-eeuu-conmemora-el-80-aniversario-del-ataque-de-japon-a-pearl-harbor","status":"publish","type":"post","link":"https:\/\/quehacerpolitico.mx\/?p=87177","title":{"rendered":"Internacionales\/\/\/Carolina Alonso Romei\/\/\/EEUU conmemora el 80 aniversario del ataque de Jap\u00f3n a Pearl Harbor"},"content":{"rendered":"\n<p>Por Carolina Alonso Romei <\/p>\n\n\n\n<p>Internacionalista <\/p>\n\n\n\n<p>El ataque de Jap\u00f3n a la base naval de Pearl Harbor en Hawaii dej\u00f3 m\u00e1s de 2,400 muertos y propici\u00f3 el ingreso de la potencia estadounidense en la Segunda Guerra Mundial.<\/p>\n\n\n\n<ul class=\"wp-block-list\"><li>&nbsp;Joe Biden celebr\u00f3 su particular homenaje al visitar el monumento a la Segunda Guerra Mundial en Washington junto a su esposa, la primera dama, Jill Biden.<\/li><\/ul>\n\n\n\n<p><strong>Estados Unidos<\/strong>\u00a0conmemor\u00f3 el\u00a0<strong>80 aniversario del ataque de Jap\u00f3n a la base naval de Pearl Harbor<\/strong>\u00a0en Hawaii, que dej\u00f3 m\u00e1s de 2,400 muertos y propici\u00f3 el ingreso de la potencia estadounidense en la\u00a0<strong>Segunda Guerra Mundial.<\/strong><\/p>\n\n\n\n<p>En ese mismo escenario se produjeron varios homenajes a lo largo de la jornada de este martes, incluyendo una ceremonia conmemorativa para recordar a los 58 militares que murieron a bordo del acorazado USS Utah, que fue el primer barco impactado en el ataque lanzado por Jap\u00f3n el 7 de diciembre de 1941.<\/p>\n\n\n\n<p>Eso seg\u00fan las cr\u00f3nicas del diario local hawaiano Star Advertiser, con sede en Honolulu, que narran c\u00f3mo decenas de miembros de la Marina estadounidense, veteranos de las Fuerzas Armadas, amigos y familiares de las v\u00edctimas honraron este martes la memoria de los fallecidos en ese primer impacto.<\/p>\n\n\n\n<p>Tambi\u00e9n el presidente estadounidense, Joe Biden, celebr\u00f3 su particular homenaje al visitar el monumento a la Segunda Guerra Mundial en Washington junto a su esposa, la primera dama, Jill Biden.<\/p>\n\n\n\n<p>En una proclamaci\u00f3n presidencial, Biden dijo que esta jornada de conmemoraci\u00f3n del ataque es \u201ctodav\u00eda un d\u00eda que vive en la infamia 80 a\u00f1os despu\u00e9s\u201d, parafraseando al entonces presidente estadounidense, Franklin D. Roosevelt (1933-1945).<\/p>\n\n\n\n<p><em>\u201cAl conmemorar el D\u00eda Nacional del Recuerdo de Pearl Harbor, honramos a los patriotas que perecieron, recordamos el valor de todos aquellos que defendieron nuestra naci\u00f3n y volvemos a comprometernos a llevar adelante la paz y la reconciliaci\u00f3n consiguientes que trajeron un futuro mejor para nuestro mundo\u201d<\/em>, se\u00f1al\u00f3 Biden en esa proclamaci\u00f3n distribuida por la Casa Blanca.<\/p>\n\n\n\n<figure class=\"wp-block-embed is-type-rich is-provider-twitter wp-block-embed-twitter\"><div class=\"wp-block-embed__wrapper\">\n<blockquote class=\"twitter-tweet\" data-width=\"550\" data-dnt=\"true\"><p lang=\"en\" dir=\"ltr\">December 7, 1941, is a day that lives in infamy 80 years later. We will never forget those who perished at Pearl Harbor. <a href=\"https:\/\/t.co\/mfdv6R0MPm\">pic.twitter.com\/mfdv6R0MPm<\/a><\/p>&mdash; President Biden (@POTUS) <a href=\"https:\/\/twitter.com\/POTUS\/status\/1468307011913883659?ref_src=twsrc%5Etfw\">December 7, 2021<\/a><\/blockquote><script async src=\"https:\/\/platform.twitter.com\/widgets.js\" charset=\"utf-8\"><\/script>\n<\/div><\/figure>\n\n\n\n<p>En el ataque, que pretend\u00eda ser una acci\u00f3n militar preventiva seg\u00fan el bando japon\u00e9s, participaron 353 aeronaves japonesas que inclu\u00edan bombarderos y cazas de combate.<\/p>\n\n\n\n<p>En total, la ofensiva militar sorpresiva nipona dej\u00f3 m\u00e1s de 2,300 muertos entre los estadounidense, incluyendo unos 50 civiles, y unos 1.200 heridos, adem\u00e1s de la destrucci\u00f3n de cientos de embarcaciones y aviones de la Flota del Pac\u00edfico de EE.UU.<\/p>\n\n\n\n<p>Al d\u00eda siguiente, Washington le declar\u00f3 la guerra a Tokio y entr\u00f3 de pleno en la&nbsp;<strong>Segunda Guerra Mundial<\/strong>,&nbsp;<strong>que se desarroll\u00f3 entre 1939 y 1945 y termin\u00f3 con unos 60 millones de v\u00edctimas mortales.<\/strong><\/p>\n\n\n\n<p>Con informaci\u00f3n de EFE.<\/p>\n","protected":false},"excerpt":{"rendered":"<p>Por Carolina Alonso Romei Internacionalista El ataque de Jap\u00f3n a la base naval de Pearl&#8230;<\/p>\n","protected":false},"author":2,"featured_media":87178,"comment_status":"open","ping_status":"open","sticky":false,"template":"","format":"standard","meta":{"_monsterinsights_skip_tracking":false,"_monsterinsights_sitenote_active":false,"_monsterinsights_sitenote_note":"","_monsterinsights_sitenote_category":0,"footnotes":""},"categories":[1],"tags":[],"class_list":["post-87177","post","type-post","status-publish","format-standard","has-post-thumbnail","hentry","category-sin-categoria"],"yoast_head":"<!-- This site is optimized with the Yoast SEO plugin v27.3 - https:\/\/yoast.com\/product\/yoast-seo-wordpress\/ -->\n<title>Internacionales\/\/\/Carolina Alonso Romei\/\/\/EEUU conmemora el 80 aniversario del ataque de Jap\u00f3n a Pearl Harbor -<\/title>\n<meta name=\"robots\" content=\"index, follow, max-snippet:-1, max-image-preview:large, max-video-preview:-1\" \/>\n<link rel=\"canonical\" href=\"https:\/\/quehacerpolitico.mx\/?p=87177\" \/>\n<meta property=\"og:locale\" content=\"es_MX\" \/>\n<meta property=\"og:type\" content=\"article\" \/>\n<meta property=\"og:title\" content=\"Internacionales\/\/\/Carolina Alonso Romei\/\/\/EEUU conmemora el 80 aniversario del ataque de Jap\u00f3n a Pearl Harbor -\" \/>\n<meta property=\"og:description\" content=\"Por Carolina Alonso Romei Internacionalista El ataque de Jap\u00f3n a la base naval de Pearl...\" \/>\n<meta property=\"og:url\" content=\"https:\/\/quehacerpolitico.mx\/?p=87177\" \/>\n<meta property=\"article:published_time\" content=\"2021-12-08T14:47:13+00:00\" \/>\n<meta property=\"article:modified_time\" content=\"2021-12-08T14:47:16+00:00\" \/>\n<meta property=\"og:image\" content=\"https:\/\/quehacerpolitico.mx\/wp-content\/uploads\/2021\/12\/E54FAACC-DC42-4A85-BA29-B739C9EEBEAD.jpeg\" \/>\n\t<meta property=\"og:image:width\" content=\"2048\" \/>\n\t<meta property=\"og:image:height\" content=\"1365\" \/>\n\t<meta property=\"og:image:type\" content=\"image\/jpeg\" \/>\n<meta name=\"author\" content=\"Redacci\u00f3n QP\" \/>\n<meta name=\"twitter:card\" content=\"summary_large_image\" \/>\n<meta name=\"twitter:label1\" content=\"Escrito por\" \/>\n\t<meta name=\"twitter:data1\" content=\"Redacci\u00f3n QP\" \/>\n\t<meta name=\"twitter:label2\" content=\"Tiempo de lectura\" \/>\n\t<meta name=\"twitter:data2\" content=\"2 minutos\" \/>\n<script type=\"application\/ld+json\" class=\"yoast-schema-graph\">{\"@context\":\"https:\\\/\\\/schema.org\",\"@graph\":[{\"@type\":\"Article\",\"@id\":\"https:\\\/\\\/quehacerpolitico.mx\\\/?p=87177#article\",\"isPartOf\":{\"@id\":\"https:\\\/\\\/quehacerpolitico.mx\\\/?p=87177\"},\"author\":{\"name\":\"Redacci\u00f3n QP\",\"@id\":\"https:\\\/\\\/quehacerpolitico.mx\\\/#\\\/schema\\\/person\\\/496d8ad2d1d3f8036101dca7ee39e585\"},\"headline\":\"Internacionales\\\/\\\/\\\/Carolina Alonso Romei\\\/\\\/\\\/EEUU conmemora el 80 aniversario del ataque de Jap\u00f3n a Pearl Harbor\",\"datePublished\":\"2021-12-08T14:47:13+00:00\",\"dateModified\":\"2021-12-08T14:47:16+00:00\",\"mainEntityOfPage\":{\"@id\":\"https:\\\/\\\/quehacerpolitico.mx\\\/?p=87177\"},\"wordCount\":470,\"commentCount\":0,\"image\":{\"@id\":\"https:\\\/\\\/quehacerpolitico.mx\\\/?p=87177#primaryimage\"},\"thumbnailUrl\":\"https:\\\/\\\/quehacerpolitico.mx\\\/wp-content\\\/uploads\\\/2021\\\/12\\\/E54FAACC-DC42-4A85-BA29-B739C9EEBEAD.jpeg\",\"articleSection\":[\"Internacionales\"],\"inLanguage\":\"es\",\"potentialAction\":[{\"@type\":\"CommentAction\",\"name\":\"Comment\",\"target\":[\"https:\\\/\\\/quehacerpolitico.mx\\\/?p=87177#respond\"]}]},{\"@type\":\"WebPage\",\"@id\":\"https:\\\/\\\/quehacerpolitico.mx\\\/?p=87177\",\"url\":\"https:\\\/\\\/quehacerpolitico.mx\\\/?p=87177\",\"name\":\"Internacionales\\\/\\\/\\\/Carolina Alonso Romei\\\/\\\/\\\/EEUU conmemora el 80 aniversario del ataque de Jap\u00f3n a Pearl Harbor -\",\"isPartOf\":{\"@id\":\"https:\\\/\\\/quehacerpolitico.mx\\\/#website\"},\"primaryImageOfPage\":{\"@id\":\"https:\\\/\\\/quehacerpolitico.mx\\\/?p=87177#primaryimage\"},\"image\":{\"@id\":\"https:\\\/\\\/quehacerpolitico.mx\\\/?p=87177#primaryimage\"},\"thumbnailUrl\":\"https:\\\/\\\/quehacerpolitico.mx\\\/wp-content\\\/uploads\\\/2021\\\/12\\\/E54FAACC-DC42-4A85-BA29-B739C9EEBEAD.jpeg\",\"datePublished\":\"2021-12-08T14:47:13+00:00\",\"dateModified\":\"2021-12-08T14:47:16+00:00\",\"author\":{\"@id\":\"https:\\\/\\\/quehacerpolitico.mx\\\/#\\\/schema\\\/person\\\/496d8ad2d1d3f8036101dca7ee39e585\"},\"breadcrumb\":{\"@id\":\"https:\\\/\\\/quehacerpolitico.mx\\\/?p=87177#breadcrumb\"},\"inLanguage\":\"es\",\"potentialAction\":[{\"@type\":\"ReadAction\",\"target\":[\"https:\\\/\\\/quehacerpolitico.mx\\\/?p=87177\"]}]},{\"@type\":\"ImageObject\",\"inLanguage\":\"es\",\"@id\":\"https:\\\/\\\/quehacerpolitico.mx\\\/?p=87177#primaryimage\",\"url\":\"https:\\\/\\\/quehacerpolitico.mx\\\/wp-content\\\/uploads\\\/2021\\\/12\\\/E54FAACC-DC42-4A85-BA29-B739C9EEBEAD.jpeg\",\"contentUrl\":\"https:\\\/\\\/quehacerpolitico.mx\\\/wp-content\\\/uploads\\\/2021\\\/12\\\/E54FAACC-DC42-4A85-BA29-B739C9EEBEAD.jpeg\",\"width\":2048,\"height\":1365},{\"@type\":\"BreadcrumbList\",\"@id\":\"https:\\\/\\\/quehacerpolitico.mx\\\/?p=87177#breadcrumb\",\"itemListElement\":[{\"@type\":\"ListItem\",\"position\":1,\"name\":\"Inicio\",\"item\":\"https:\\\/\\\/quehacerpolitico.mx\\\/\"},{\"@type\":\"ListItem\",\"position\":2,\"name\":\"Internacionales\\\/\\\/\\\/Carolina Alonso Romei\\\/\\\/\\\/EEUU conmemora el 80 aniversario del ataque de Jap\u00f3n a Pearl Harbor\"}]},{\"@type\":\"WebSite\",\"@id\":\"https:\\\/\\\/quehacerpolitico.mx\\\/#website\",\"url\":\"https:\\\/\\\/quehacerpolitico.mx\\\/\",\"name\":\"\",\"description\":\"\",\"potentialAction\":[{\"@type\":\"SearchAction\",\"target\":{\"@type\":\"EntryPoint\",\"urlTemplate\":\"https:\\\/\\\/quehacerpolitico.mx\\\/?s={search_term_string}\"},\"query-input\":{\"@type\":\"PropertyValueSpecification\",\"valueRequired\":true,\"valueName\":\"search_term_string\"}}],\"inLanguage\":\"es\"},{\"@type\":\"Person\",\"@id\":\"https:\\\/\\\/quehacerpolitico.mx\\\/#\\\/schema\\\/person\\\/496d8ad2d1d3f8036101dca7ee39e585\",\"name\":\"Redacci\u00f3n QP\",\"image\":{\"@type\":\"ImageObject\",\"inLanguage\":\"es\",\"@id\":\"https:\\\/\\\/secure.gravatar.com\\\/avatar\\\/c7164ed6fdec453195284ad24a5ae5b6e1eed2b848477fa2a4787ba9adf39a41?s=96&d=mm&r=g\",\"url\":\"https:\\\/\\\/secure.gravatar.com\\\/avatar\\\/c7164ed6fdec453195284ad24a5ae5b6e1eed2b848477fa2a4787ba9adf39a41?s=96&d=mm&r=g\",\"contentUrl\":\"https:\\\/\\\/secure.gravatar.com\\\/avatar\\\/c7164ed6fdec453195284ad24a5ae5b6e1eed2b848477fa2a4787ba9adf39a41?s=96&d=mm&r=g\",\"caption\":\"Redacci\u00f3n QP\"},\"url\":\"https:\\\/\\\/quehacerpolitico.mx\\\/?author=2\"}]}<\/script>\n<!-- \/ Yoast SEO plugin. -->","yoast_head_json":{"title":"Internacionales\/\/\/Carolina Alonso Romei\/\/\/EEUU conmemora el 80 aniversario del ataque de Jap\u00f3n a Pearl Harbor -","robots":{"index":"index","follow":"follow","max-snippet":"max-snippet:-1","max-image-preview":"max-image-preview:large","max-video-preview":"max-video-preview:-1"},"canonical":"https:\/\/quehacerpolitico.mx\/?p=87177","og_locale":"es_MX","og_type":"article","og_title":"Internacionales\/\/\/Carolina Alonso Romei\/\/\/EEUU conmemora el 80 aniversario del ataque de Jap\u00f3n a Pearl Harbor -","og_description":"Por Carolina Alonso Romei Internacionalista El ataque de Jap\u00f3n a la base naval de Pearl...","og_url":"https:\/\/quehacerpolitico.mx\/?p=87177","article_published_time":"2021-12-08T14:47:13+00:00","article_modified_time":"2021-12-08T14:47:16+00:00","og_image":[{"width":2048,"height":1365,"url":"https:\/\/quehacerpolitico.mx\/wp-content\/uploads\/2021\/12\/E54FAACC-DC42-4A85-BA29-B739C9EEBEAD.jpeg","type":"image\/jpeg"}],"author":"Redacci\u00f3n QP","twitter_card":"summary_large_image","twitter_misc":{"Escrito por":"Redacci\u00f3n QP","Tiempo de lectura":"2 minutos"},"schema":{"@context":"https:\/\/schema.org","@graph":[{"@type":"Article","@id":"https:\/\/quehacerpolitico.mx\/?p=87177#article","isPartOf":{"@id":"https:\/\/quehacerpolitico.mx\/?p=87177"},"author":{"name":"Redacci\u00f3n QP","@id":"https:\/\/quehacerpolitico.mx\/#\/schema\/person\/496d8ad2d1d3f8036101dca7ee39e585"},"headline":"Internacionales\/\/\/Carolina Alonso Romei\/\/\/EEUU conmemora el 80 aniversario del ataque de Jap\u00f3n a Pearl Harbor","datePublished":"2021-12-08T14:47:13+00:00","dateModified":"2021-12-08T14:47:16+00:00","mainEntityOfPage":{"@id":"https:\/\/quehacerpolitico.mx\/?p=87177"},"wordCount":470,"commentCount":0,"image":{"@id":"https:\/\/quehacerpolitico.mx\/?p=87177#primaryimage"},"thumbnailUrl":"https:\/\/quehacerpolitico.mx\/wp-content\/uploads\/2021\/12\/E54FAACC-DC42-4A85-BA29-B739C9EEBEAD.jpeg","articleSection":["Internacionales"],"inLanguage":"es","potentialAction":[{"@type":"CommentAction","name":"Comment","target":["https:\/\/quehacerpolitico.mx\/?p=87177#respond"]}]},{"@type":"WebPage","@id":"https:\/\/quehacerpolitico.mx\/?p=87177","url":"https:\/\/quehacerpolitico.mx\/?p=87177","name":"Internacionales\/\/\/Carolina Alonso Romei\/\/\/EEUU conmemora el 80 aniversario del ataque de Jap\u00f3n a Pearl Harbor -","isPartOf":{"@id":"https:\/\/quehacerpolitico.mx\/#website"},"primaryImageOfPage":{"@id":"https:\/\/quehacerpolitico.mx\/?p=87177#primaryimage"},"image":{"@id":"https:\/\/quehacerpolitico.mx\/?p=87177#primaryimage"},"thumbnailUrl":"https:\/\/quehacerpolitico.mx\/wp-content\/uploads\/2021\/12\/E54FAACC-DC42-4A85-BA29-B739C9EEBEAD.jpeg","datePublished":"2021-12-08T14:47:13+00:00","dateModified":"2021-12-08T14:47:16+00:00","author":{"@id":"https:\/\/quehacerpolitico.mx\/#\/schema\/person\/496d8ad2d1d3f8036101dca7ee39e585"},"breadcrumb":{"@id":"https:\/\/quehacerpolitico.mx\/?p=87177#breadcrumb"},"inLanguage":"es","potentialAction":[{"@type":"ReadAction","target":["https:\/\/quehacerpolitico.mx\/?p=87177"]}]},{"@type":"ImageObject","inLanguage":"es","@id":"https:\/\/quehacerpolitico.mx\/?p=87177#primaryimage","url":"https:\/\/quehacerpolitico.mx\/wp-content\/uploads\/2021\/12\/E54FAACC-DC42-4A85-BA29-B739C9EEBEAD.jpeg","contentUrl":"https:\/\/quehacerpolitico.mx\/wp-content\/uploads\/2021\/12\/E54FAACC-DC42-4A85-BA29-B739C9EEBEAD.jpeg","width":2048,"height":1365},{"@type":"BreadcrumbList","@id":"https:\/\/quehacerpolitico.mx\/?p=87177#breadcrumb","itemListElement":[{"@type":"ListItem","position":1,"name":"Inicio","item":"https:\/\/quehacerpolitico.mx\/"},{"@type":"ListItem","position":2,"name":"Internacionales\/\/\/Carolina Alonso Romei\/\/\/EEUU conmemora el 80 aniversario del ataque de Jap\u00f3n a Pearl Harbor"}]},{"@type":"WebSite","@id":"https:\/\/quehacerpolitico.mx\/#website","url":"https:\/\/quehacerpolitico.mx\/","name":"","description":"","potentialAction":[{"@type":"SearchAction","target":{"@type":"EntryPoint","urlTemplate":"https:\/\/quehacerpolitico.mx\/?s={search_term_string}"},"query-input":{"@type":"PropertyValueSpecification","valueRequired":true,"valueName":"search_term_string"}}],"inLanguage":"es"},{"@type":"Person","@id":"https:\/\/quehacerpolitico.mx\/#\/schema\/person\/496d8ad2d1d3f8036101dca7ee39e585","name":"Redacci\u00f3n QP","image":{"@type":"ImageObject","inLanguage":"es","@id":"https:\/\/secure.gravatar.com\/avatar\/c7164ed6fdec453195284ad24a5ae5b6e1eed2b848477fa2a4787ba9adf39a41?s=96&d=mm&r=g","url":"https:\/\/secure.gravatar.com\/avatar\/c7164ed6fdec453195284ad24a5ae5b6e1eed2b848477fa2a4787ba9adf39a41?s=96&d=mm&r=g","contentUrl":"https:\/\/secure.gravatar.com\/avatar\/c7164ed6fdec453195284ad24a5ae5b6e1eed2b848477fa2a4787ba9adf39a41?s=96&d=mm&r=g","caption":"Redacci\u00f3n QP"},"url":"https:\/\/quehacerpolitico.mx\/?author=2"}]}},"featured_image_urls":{"full":["https:\/\/quehacerpolitico.mx\/wp-content\/uploads\/2021\/12\/E54FAACC-DC42-4A85-BA29-B739C9EEBEAD.jpeg",2048,1365,false],"thumbnail":["https:\/\/quehacerpolitico.mx\/wp-content\/uploads\/2021\/12\/E54FAACC-DC42-4A85-BA29-B739C9EEBEAD-150x150.jpeg",150,150,true],"medium":["https:\/\/quehacerpolitico.mx\/wp-content\/uploads\/2021\/12\/E54FAACC-DC42-4A85-BA29-B739C9EEBEAD-300x200.jpeg",300,200,true],"medium_large":["https:\/\/quehacerpolitico.mx\/wp-content\/uploads\/2021\/12\/E54FAACC-DC42-4A85-BA29-B739C9EEBEAD-768x512.jpeg",640,427,true],"large":["https:\/\/quehacerpolitico.mx\/wp-content\/uploads\/2021\/12\/E54FAACC-DC42-4A85-BA29-B739C9EEBEAD-1024x683.jpeg",640,427,true],"1536x1536":["https:\/\/quehacerpolitico.mx\/wp-content\/uploads\/2021\/12\/E54FAACC-DC42-4A85-BA29-B739C9EEBEAD-1536x1024.jpeg",1536,1024,true],"2048x2048":["https:\/\/quehacerpolitico.mx\/wp-content\/uploads\/2021\/12\/E54FAACC-DC42-4A85-BA29-B739C9EEBEAD.jpeg",2048,1365,false],"covernews-featured":["https:\/\/quehacerpolitico.mx\/wp-content\/uploads\/2021\/12\/E54FAACC-DC42-4A85-BA29-B739C9EEBEAD.jpeg",1024,683,false],"covernews-medium":["https:\/\/quehacerpolitico.mx\/wp-content\/uploads\/2021\/12\/E54FAACC-DC42-4A85-BA29-B739C9EEBEAD.jpeg",510,340,false]},"author_info":{"display_name":"Redacci\u00f3n QP","author_link":"https:\/\/quehacerpolitico.mx\/?author=2"},"category_info":"<a href=\"https:\/\/quehacerpolitico.mx\/?cat=1\" rel=\"category\">Internacionales<\/a>","tag_info":"Internacionales","comment_count":"0","_links":{"self":[{"href":"https:\/\/quehacerpolitico.mx\/index.php?rest_route=\/wp\/v2\/posts\/87177","targetHints":{"allow":["GET"]}}],"collection":[{"href":"https:\/\/quehacerpolitico.mx\/index.php?rest_route=\/wp\/v2\/posts"}],"about":[{"href":"https:\/\/quehacerpolitico.mx\/index.php?rest_route=\/wp\/v2\/types\/post"}],"author":[{"embeddable":true,"href":"https:\/\/quehacerpolitico.mx\/index.php?rest_route=\/wp\/v2\/users\/2"}],"replies":[{"embeddable":true,"href":"https:\/\/quehacerpolitico.mx\/index.php?rest_route=%2Fwp%2Fv2%2Fcomments&post=87177"}],"version-history":[{"count":1,"href":"https:\/\/quehacerpolitico.mx\/index.php?rest_route=\/wp\/v2\/posts\/87177\/revisions"}],"predecessor-version":[{"id":87179,"href":"https:\/\/quehacerpolitico.mx\/index.php?rest_route=\/wp\/v2\/posts\/87177\/revisions\/87179"}],"wp:featuredmedia":[{"embeddable":true,"href":"https:\/\/quehacerpolitico.mx\/index.php?rest_route=\/wp\/v2\/media\/87178"}],"wp:attachment":[{"href":"https:\/\/quehacerpolitico.mx\/index.php?rest_route=%2Fwp%2Fv2%2Fmedia&parent=87177"}],"wp:term":[{"taxonomy":"category","embeddable":true,"href":"https:\/\/quehacerpolitico.mx\/index.php?rest_route=%2Fwp%2Fv2%2Fcategories&post=87177"},{"taxonomy":"post_tag","embeddable":true,"href":"https:\/\/quehacerpolitico.mx\/index.php?rest_route=%2Fwp%2Fv2%2Ftags&post=87177"}],"curies":[{"name":"wp","href":"https:\/\/api.w.org\/{rel}","templated":true}]}}