{"id":87174,"date":"2021-12-08T14:30:43","date_gmt":"2021-12-08T14:30:43","guid":{"rendered":"https:\/\/quehacerpolitico.mx\/?p=87174"},"modified":"2021-12-08T14:30:46","modified_gmt":"2021-12-08T14:30:46","slug":"las-marchas-bloqueos-y-manifestaciones-hoy-en-cdmx-99","status":"publish","type":"post","link":"https:\/\/quehacerpolitico.mx\/?p=87174","title":{"rendered":"Las marchas, bloqueos y manifestaciones hoy en CDMX"},"content":{"rendered":"\n<p>Por Redacci\u00f3n QP<\/p>\n\n\n\n<p>Autoridades de la\u00a0<strong>Ciudad de M\u00e9xico (CDMX)<\/strong>informaron que hoy, 8 de diciembre de 2021, habr\u00e1 siete\u00a0marchas en la capital del pa\u00eds; aqu\u00ed te damos todos los detalles donde se realizar\u00e1n las manifestaciones.<\/p>\n\n\n\n<figure class=\"wp-block-embed is-type-rich is-provider-twitter wp-block-embed-twitter\"><div class=\"wp-block-embed__wrapper\">\n<blockquote class=\"twitter-tweet\" data-width=\"550\" data-dnt=\"true\"><p lang=\"es\" dir=\"ltr\">\u26a0\ufe0f\ud83d\udce2Te compartimos las movilizaciones sociales previstas para este d\u00eda en la CDMX. <a href=\"https:\/\/twitter.com\/hashtag\/MovilidadCDMX?src=hash&amp;ref_src=twsrc%5Etfw\">#MovilidadCDMX<\/a> <a href=\"https:\/\/twitter.com\/hashtag\/C5?src=hash&amp;ref_src=twsrc%5Etfw\">#C5<\/a> <a href=\"https:\/\/t.co\/5GBiOMatTR\">pic.twitter.com\/5GBiOMatTR<\/a><\/p>&mdash; C5 CDMX (@C5_CDMX) <a href=\"https:\/\/twitter.com\/C5_CDMX\/status\/1468550640800575489?ref_src=twsrc%5Etfw\">December 8, 2021<\/a><\/blockquote><script async src=\"https:\/\/platform.twitter.com\/widgets.js\" charset=\"utf-8\"><\/script>\n<\/div><\/figure>\n\n\n\n<h2 class=\"wp-block-heading\">Alcald\u00eda Azcapotzalco<\/h2>\n\n\n\n<p>A las&nbsp;<strong>9:00 horas<\/strong>&nbsp;habr\u00e1 una concentraci\u00f3n de Comerciantes Independientes en:<\/p>\n\n\n\n<ul class=\"wp-block-list\"><li>Castilla Oriente sin n\u00famero, colonia Azcapotzalco<\/li><\/ul>\n\n\n\n<h2 class=\"wp-block-heading\">Alcald\u00eda Cuauht\u00e9moc<\/h2>\n\n\n\n<p>A las&nbsp;<strong>9:30 horas<\/strong>&nbsp;habr\u00e1 una concentraci\u00f3n de Colectiva \u2018Festival Feminista para Ni\u00f1as. Las Sonrisas de Bel\u00e9m do Par\u00e1\u2019 en:<\/p>\n\n\n\n<ul class=\"wp-block-list\"><li>Gabriel Hern\u00e1ndez 30, colonia Doctores<\/li><\/ul>\n\n\n\n<p>A las&nbsp;<strong>13:30 horas<\/strong>&nbsp;habr\u00e1 una concentraci\u00f3n de Sindicato de la Uni\u00f3n de Trabajadores del Instituto de Educaci\u00f3n Media Superior de Ciudad de M\u00e9xico (SUTIEMS) en Plaza de la Constituci\u00f3n 2, colonia Centro Hist\u00f3rico, para realizar una marcha rumbo a Donceles y Allende sin n\u00famero, colonia Centro Hist\u00f3rico, con posible ruta:<\/p>\n\n\n\n<ul class=\"wp-block-list\"><li>Plaza de la Constituci\u00f3n<\/li><li>Monte de Piedad<\/li><li>Donceles<\/li><\/ul>\n\n\n\n<p>A las&nbsp;<strong>15:00 horas<\/strong>&nbsp;habr\u00e1 una concentraci\u00f3n de Movimiento Antorchista Tl\u00e1huac en Plaza de la Rep\u00fablica sin n\u00famero, colonia Tabacalera, para realizar una marcha rumbo a Plaza de la Constituci\u00f3n sin n\u00famero, colonia Centro Hist\u00f3rico, con posible ruta:<\/p>\n\n\n\n<ul class=\"wp-block-list\"><li>Avenida Ju\u00e1rez<\/li><li>Eje Central L\u00e1zaro C\u00e1rdenas<\/li><li>Avenida 5 de Mayo<\/li><li>Plaza de la Constituci\u00f3n<\/li><\/ul>\n\n\n\n<h2 class=\"wp-block-heading\">Alcald\u00eda \u00c1lvaro Obreg\u00f3n<\/h2>\n\n\n\n<p>A las&nbsp;<strong>10:00 horas<\/strong>&nbsp;habr\u00e1 una concentraci\u00f3n de Bloque de Delegaciones Democr\u00e1ticas del Instituto Polit\u00e9cnico Nacional (IPN) en calzada Minas de Arena y Sur 122 sin n\u00famero, colonia Acueducto, para realizar una marcha rumbo avenida Constituyentes 1001, colonia Bel\u00e9n de las Flores, con posible ruta:<\/p>\n\n\n\n<ul class=\"wp-block-list\"><li>Calzada Minas de Arena<\/li><li>Avenida de las Torres<\/li><li>Avenida Constituyentes<\/li><\/ul>\n\n\n\n<h2 class=\"wp-block-heading\">Alcald\u00eda Venustiano Carranza<\/h2>\n\n\n\n<p>A las&nbsp;<strong>14:00 horas<\/strong>&nbsp;habr\u00e1 una concentraci\u00f3n de DXE Ciudad de M\u00e9xico en:<\/p>\n\n\n\n<ul class=\"wp-block-list\"><li>Avenida H. Congreso de la uni\u00f3n sin n\u00famero, colonia Candelaria<\/li><\/ul>\n\n\n\n<h2 class=\"wp-block-heading\">Alcald\u00eda Coyoac\u00e1n<\/h2>\n\n\n\n<p>A las&nbsp;<strong>15:00 horas<\/strong>&nbsp;habr\u00e1 una concentraci\u00f3n de Movimiento Universitario de V\u00edctimas de Violencia de G\u00e9nero en:<\/p>\n\n\n\n<ul class=\"wp-block-list\"><li>Avenida Insurgentes Sur 3000, colonia Ciudad Universitaria<\/li><\/ul>\n\n\n\n<p><em>Con informaci\u00f3n del Centro de Comando, Control, C\u00f3mputo, Comunicaciones y Contacto Ciudadano<\/em><\/p>\n","protected":false},"excerpt":{"rendered":"<p>Por Redacci\u00f3n QP Autoridades de la\u00a0Ciudad de M\u00e9xico (CDMX)informaron que hoy, 8 de diciembre de&#8230;<\/p>\n","protected":false},"author":2,"featured_media":87175,"comment_status":"open","ping_status":"open","sticky":false,"template":"","format":"standard","meta":{"_monsterinsights_skip_tracking":false,"_monsterinsights_sitenote_active":false,"_monsterinsights_sitenote_note":"","_monsterinsights_sitenote_category":0,"footnotes":""},"categories":[55],"tags":[],"class_list":["post-87174","post","type-post","status-publish","format-standard","has-post-thumbnail","hentry","category-cdmx"],"yoast_head":"<!-- This site is optimized with the Yoast SEO plugin v27.3 - https:\/\/yoast.com\/product\/yoast-seo-wordpress\/ -->\n<title>Las marchas, bloqueos y manifestaciones hoy en CDMX -<\/title>\n<meta name=\"robots\" content=\"index, follow, max-snippet:-1, max-image-preview:large, max-video-preview:-1\" \/>\n<link rel=\"canonical\" href=\"https:\/\/quehacerpolitico.mx\/?p=87174\" \/>\n<meta property=\"og:locale\" content=\"es_MX\" \/>\n<meta property=\"og:type\" content=\"article\" \/>\n<meta property=\"og:title\" content=\"Las marchas, bloqueos y manifestaciones hoy en CDMX -\" \/>\n<meta property=\"og:description\" content=\"Por Redacci\u00f3n QP Autoridades de la\u00a0Ciudad de M\u00e9xico (CDMX)informaron que hoy, 8 de diciembre de...\" \/>\n<meta property=\"og:url\" content=\"https:\/\/quehacerpolitico.mx\/?p=87174\" \/>\n<meta property=\"article:published_time\" content=\"2021-12-08T14:30:43+00:00\" \/>\n<meta property=\"article:modified_time\" content=\"2021-12-08T14:30:46+00:00\" \/>\n<meta property=\"og:image\" content=\"https:\/\/quehacerpolitico.mx\/wp-content\/uploads\/2021\/12\/ED1C2E26-74B2-4325-B2F6-49985036ABAC.jpeg\" \/>\n\t<meta property=\"og:image:width\" content=\"739\" \/>\n\t<meta property=\"og:image:height\" content=\"415\" \/>\n\t<meta property=\"og:image:type\" content=\"image\/jpeg\" \/>\n<meta name=\"author\" content=\"Redacci\u00f3n QP\" \/>\n<meta name=\"twitter:card\" content=\"summary_large_image\" \/>\n<meta name=\"twitter:label1\" content=\"Escrito por\" \/>\n\t<meta name=\"twitter:data1\" content=\"Redacci\u00f3n QP\" \/>\n\t<meta name=\"twitter:label2\" content=\"Tiempo de lectura\" \/>\n\t<meta name=\"twitter:data2\" content=\"2 minutos\" \/>\n<script type=\"application\/ld+json\" class=\"yoast-schema-graph\">{\"@context\":\"https:\\\/\\\/schema.org\",\"@graph\":[{\"@type\":\"Article\",\"@id\":\"https:\\\/\\\/quehacerpolitico.mx\\\/?p=87174#article\",\"isPartOf\":{\"@id\":\"https:\\\/\\\/quehacerpolitico.mx\\\/?p=87174\"},\"author\":{\"name\":\"Redacci\u00f3n QP\",\"@id\":\"https:\\\/\\\/quehacerpolitico.mx\\\/#\\\/schema\\\/person\\\/496d8ad2d1d3f8036101dca7ee39e585\"},\"headline\":\"Las marchas, bloqueos y manifestaciones hoy en CDMX\",\"datePublished\":\"2021-12-08T14:30:43+00:00\",\"dateModified\":\"2021-12-08T14:30:46+00:00\",\"mainEntityOfPage\":{\"@id\":\"https:\\\/\\\/quehacerpolitico.mx\\\/?p=87174\"},\"wordCount\":382,\"commentCount\":0,\"image\":{\"@id\":\"https:\\\/\\\/quehacerpolitico.mx\\\/?p=87174#primaryimage\"},\"thumbnailUrl\":\"https:\\\/\\\/quehacerpolitico.mx\\\/wp-content\\\/uploads\\\/2021\\\/12\\\/ED1C2E26-74B2-4325-B2F6-49985036ABAC.jpeg\",\"articleSection\":[\"CDMX\"],\"inLanguage\":\"es\",\"potentialAction\":[{\"@type\":\"CommentAction\",\"name\":\"Comment\",\"target\":[\"https:\\\/\\\/quehacerpolitico.mx\\\/?p=87174#respond\"]}]},{\"@type\":\"WebPage\",\"@id\":\"https:\\\/\\\/quehacerpolitico.mx\\\/?p=87174\",\"url\":\"https:\\\/\\\/quehacerpolitico.mx\\\/?p=87174\",\"name\":\"Las marchas, bloqueos y manifestaciones hoy en CDMX -\",\"isPartOf\":{\"@id\":\"https:\\\/\\\/quehacerpolitico.mx\\\/#website\"},\"primaryImageOfPage\":{\"@id\":\"https:\\\/\\\/quehacerpolitico.mx\\\/?p=87174#primaryimage\"},\"image\":{\"@id\":\"https:\\\/\\\/quehacerpolitico.mx\\\/?p=87174#primaryimage\"},\"thumbnailUrl\":\"https:\\\/\\\/quehacerpolitico.mx\\\/wp-content\\\/uploads\\\/2021\\\/12\\\/ED1C2E26-74B2-4325-B2F6-49985036ABAC.jpeg\",\"datePublished\":\"2021-12-08T14:30:43+00:00\",\"dateModified\":\"2021-12-08T14:30:46+00:00\",\"author\":{\"@id\":\"https:\\\/\\\/quehacerpolitico.mx\\\/#\\\/schema\\\/person\\\/496d8ad2d1d3f8036101dca7ee39e585\"},\"breadcrumb\":{\"@id\":\"https:\\\/\\\/quehacerpolitico.mx\\\/?p=87174#breadcrumb\"},\"inLanguage\":\"es\",\"potentialAction\":[{\"@type\":\"ReadAction\",\"target\":[\"https:\\\/\\\/quehacerpolitico.mx\\\/?p=87174\"]}]},{\"@type\":\"ImageObject\",\"inLanguage\":\"es\",\"@id\":\"https:\\\/\\\/quehacerpolitico.mx\\\/?p=87174#primaryimage\",\"url\":\"https:\\\/\\\/quehacerpolitico.mx\\\/wp-content\\\/uploads\\\/2021\\\/12\\\/ED1C2E26-74B2-4325-B2F6-49985036ABAC.jpeg\",\"contentUrl\":\"https:\\\/\\\/quehacerpolitico.mx\\\/wp-content\\\/uploads\\\/2021\\\/12\\\/ED1C2E26-74B2-4325-B2F6-49985036ABAC.jpeg\",\"width\":739,\"height\":415},{\"@type\":\"BreadcrumbList\",\"@id\":\"https:\\\/\\\/quehacerpolitico.mx\\\/?p=87174#breadcrumb\",\"itemListElement\":[{\"@type\":\"ListItem\",\"position\":1,\"name\":\"Inicio\",\"item\":\"https:\\\/\\\/quehacerpolitico.mx\\\/\"},{\"@type\":\"ListItem\",\"position\":2,\"name\":\"Las marchas, bloqueos y manifestaciones hoy en CDMX\"}]},{\"@type\":\"WebSite\",\"@id\":\"https:\\\/\\\/quehacerpolitico.mx\\\/#website\",\"url\":\"https:\\\/\\\/quehacerpolitico.mx\\\/\",\"name\":\"\",\"description\":\"\",\"potentialAction\":[{\"@type\":\"SearchAction\",\"target\":{\"@type\":\"EntryPoint\",\"urlTemplate\":\"https:\\\/\\\/quehacerpolitico.mx\\\/?s={search_term_string}\"},\"query-input\":{\"@type\":\"PropertyValueSpecification\",\"valueRequired\":true,\"valueName\":\"search_term_string\"}}],\"inLanguage\":\"es\"},{\"@type\":\"Person\",\"@id\":\"https:\\\/\\\/quehacerpolitico.mx\\\/#\\\/schema\\\/person\\\/496d8ad2d1d3f8036101dca7ee39e585\",\"name\":\"Redacci\u00f3n QP\",\"image\":{\"@type\":\"ImageObject\",\"inLanguage\":\"es\",\"@id\":\"https:\\\/\\\/secure.gravatar.com\\\/avatar\\\/c7164ed6fdec453195284ad24a5ae5b6e1eed2b848477fa2a4787ba9adf39a41?s=96&d=mm&r=g\",\"url\":\"https:\\\/\\\/secure.gravatar.com\\\/avatar\\\/c7164ed6fdec453195284ad24a5ae5b6e1eed2b848477fa2a4787ba9adf39a41?s=96&d=mm&r=g\",\"contentUrl\":\"https:\\\/\\\/secure.gravatar.com\\\/avatar\\\/c7164ed6fdec453195284ad24a5ae5b6e1eed2b848477fa2a4787ba9adf39a41?s=96&d=mm&r=g\",\"caption\":\"Redacci\u00f3n QP\"},\"url\":\"https:\\\/\\\/quehacerpolitico.mx\\\/?author=2\"}]}<\/script>\n<!-- \/ Yoast SEO plugin. -->","yoast_head_json":{"title":"Las marchas, bloqueos y manifestaciones hoy en CDMX -","robots":{"index":"index","follow":"follow","max-snippet":"max-snippet:-1","max-image-preview":"max-image-preview:large","max-video-preview":"max-video-preview:-1"},"canonical":"https:\/\/quehacerpolitico.mx\/?p=87174","og_locale":"es_MX","og_type":"article","og_title":"Las marchas, bloqueos y manifestaciones hoy en CDMX -","og_description":"Por Redacci\u00f3n QP Autoridades de la\u00a0Ciudad de M\u00e9xico (CDMX)informaron que hoy, 8 de diciembre de...","og_url":"https:\/\/quehacerpolitico.mx\/?p=87174","article_published_time":"2021-12-08T14:30:43+00:00","article_modified_time":"2021-12-08T14:30:46+00:00","og_image":[{"width":739,"height":415,"url":"https:\/\/quehacerpolitico.mx\/wp-content\/uploads\/2021\/12\/ED1C2E26-74B2-4325-B2F6-49985036ABAC.jpeg","type":"image\/jpeg"}],"author":"Redacci\u00f3n QP","twitter_card":"summary_large_image","twitter_misc":{"Escrito por":"Redacci\u00f3n QP","Tiempo de lectura":"2 minutos"},"schema":{"@context":"https:\/\/schema.org","@graph":[{"@type":"Article","@id":"https:\/\/quehacerpolitico.mx\/?p=87174#article","isPartOf":{"@id":"https:\/\/quehacerpolitico.mx\/?p=87174"},"author":{"name":"Redacci\u00f3n QP","@id":"https:\/\/quehacerpolitico.mx\/#\/schema\/person\/496d8ad2d1d3f8036101dca7ee39e585"},"headline":"Las marchas, bloqueos y manifestaciones hoy en CDMX","datePublished":"2021-12-08T14:30:43+00:00","dateModified":"2021-12-08T14:30:46+00:00","mainEntityOfPage":{"@id":"https:\/\/quehacerpolitico.mx\/?p=87174"},"wordCount":382,"commentCount":0,"image":{"@id":"https:\/\/quehacerpolitico.mx\/?p=87174#primaryimage"},"thumbnailUrl":"https:\/\/quehacerpolitico.mx\/wp-content\/uploads\/2021\/12\/ED1C2E26-74B2-4325-B2F6-49985036ABAC.jpeg","articleSection":["CDMX"],"inLanguage":"es","potentialAction":[{"@type":"CommentAction","name":"Comment","target":["https:\/\/quehacerpolitico.mx\/?p=87174#respond"]}]},{"@type":"WebPage","@id":"https:\/\/quehacerpolitico.mx\/?p=87174","url":"https:\/\/quehacerpolitico.mx\/?p=87174","name":"Las marchas, bloqueos y manifestaciones hoy en CDMX -","isPartOf":{"@id":"https:\/\/quehacerpolitico.mx\/#website"},"primaryImageOfPage":{"@id":"https:\/\/quehacerpolitico.mx\/?p=87174#primaryimage"},"image":{"@id":"https:\/\/quehacerpolitico.mx\/?p=87174#primaryimage"},"thumbnailUrl":"https:\/\/quehacerpolitico.mx\/wp-content\/uploads\/2021\/12\/ED1C2E26-74B2-4325-B2F6-49985036ABAC.jpeg","datePublished":"2021-12-08T14:30:43+00:00","dateModified":"2021-12-08T14:30:46+00:00","author":{"@id":"https:\/\/quehacerpolitico.mx\/#\/schema\/person\/496d8ad2d1d3f8036101dca7ee39e585"},"breadcrumb":{"@id":"https:\/\/quehacerpolitico.mx\/?p=87174#breadcrumb"},"inLanguage":"es","potentialAction":[{"@type":"ReadAction","target":["https:\/\/quehacerpolitico.mx\/?p=87174"]}]},{"@type":"ImageObject","inLanguage":"es","@id":"https:\/\/quehacerpolitico.mx\/?p=87174#primaryimage","url":"https:\/\/quehacerpolitico.mx\/wp-content\/uploads\/2021\/12\/ED1C2E26-74B2-4325-B2F6-49985036ABAC.jpeg","contentUrl":"https:\/\/quehacerpolitico.mx\/wp-content\/uploads\/2021\/12\/ED1C2E26-74B2-4325-B2F6-49985036ABAC.jpeg","width":739,"height":415},{"@type":"BreadcrumbList","@id":"https:\/\/quehacerpolitico.mx\/?p=87174#breadcrumb","itemListElement":[{"@type":"ListItem","position":1,"name":"Inicio","item":"https:\/\/quehacerpolitico.mx\/"},{"@type":"ListItem","position":2,"name":"Las marchas, bloqueos y manifestaciones hoy en CDMX"}]},{"@type":"WebSite","@id":"https:\/\/quehacerpolitico.mx\/#website","url":"https:\/\/quehacerpolitico.mx\/","name":"","description":"","potentialAction":[{"@type":"SearchAction","target":{"@type":"EntryPoint","urlTemplate":"https:\/\/quehacerpolitico.mx\/?s={search_term_string}"},"query-input":{"@type":"PropertyValueSpecification","valueRequired":true,"valueName":"search_term_string"}}],"inLanguage":"es"},{"@type":"Person","@id":"https:\/\/quehacerpolitico.mx\/#\/schema\/person\/496d8ad2d1d3f8036101dca7ee39e585","name":"Redacci\u00f3n QP","image":{"@type":"ImageObject","inLanguage":"es","@id":"https:\/\/secure.gravatar.com\/avatar\/c7164ed6fdec453195284ad24a5ae5b6e1eed2b848477fa2a4787ba9adf39a41?s=96&d=mm&r=g","url":"https:\/\/secure.gravatar.com\/avatar\/c7164ed6fdec453195284ad24a5ae5b6e1eed2b848477fa2a4787ba9adf39a41?s=96&d=mm&r=g","contentUrl":"https:\/\/secure.gravatar.com\/avatar\/c7164ed6fdec453195284ad24a5ae5b6e1eed2b848477fa2a4787ba9adf39a41?s=96&d=mm&r=g","caption":"Redacci\u00f3n QP"},"url":"https:\/\/quehacerpolitico.mx\/?author=2"}]}},"featured_image_urls":{"full":["https:\/\/quehacerpolitico.mx\/wp-content\/uploads\/2021\/12\/ED1C2E26-74B2-4325-B2F6-49985036ABAC.jpeg",739,415,false],"thumbnail":["https:\/\/quehacerpolitico.mx\/wp-content\/uploads\/2021\/12\/ED1C2E26-74B2-4325-B2F6-49985036ABAC-150x150.jpeg",150,150,true],"medium":["https:\/\/quehacerpolitico.mx\/wp-content\/uploads\/2021\/12\/ED1C2E26-74B2-4325-B2F6-49985036ABAC-300x168.jpeg",300,168,true],"medium_large":["https:\/\/quehacerpolitico.mx\/wp-content\/uploads\/2021\/12\/ED1C2E26-74B2-4325-B2F6-49985036ABAC.jpeg",640,359,false],"large":["https:\/\/quehacerpolitico.mx\/wp-content\/uploads\/2021\/12\/ED1C2E26-74B2-4325-B2F6-49985036ABAC.jpeg",640,359,false],"1536x1536":["https:\/\/quehacerpolitico.mx\/wp-content\/uploads\/2021\/12\/ED1C2E26-74B2-4325-B2F6-49985036ABAC.jpeg",739,415,false],"2048x2048":["https:\/\/quehacerpolitico.mx\/wp-content\/uploads\/2021\/12\/ED1C2E26-74B2-4325-B2F6-49985036ABAC.jpeg",739,415,false],"covernews-featured":["https:\/\/quehacerpolitico.mx\/wp-content\/uploads\/2021\/12\/ED1C2E26-74B2-4325-B2F6-49985036ABAC.jpeg",739,415,false],"covernews-medium":["https:\/\/quehacerpolitico.mx\/wp-content\/uploads\/2021\/12\/ED1C2E26-74B2-4325-B2F6-49985036ABAC.jpeg",540,303,false]},"author_info":{"display_name":"Redacci\u00f3n QP","author_link":"https:\/\/quehacerpolitico.mx\/?author=2"},"category_info":"<a href=\"https:\/\/quehacerpolitico.mx\/?cat=55\" rel=\"category\">CDMX<\/a>","tag_info":"CDMX","comment_count":"0","_links":{"self":[{"href":"https:\/\/quehacerpolitico.mx\/index.php?rest_route=\/wp\/v2\/posts\/87174","targetHints":{"allow":["GET"]}}],"collection":[{"href":"https:\/\/quehacerpolitico.mx\/index.php?rest_route=\/wp\/v2\/posts"}],"about":[{"href":"https:\/\/quehacerpolitico.mx\/index.php?rest_route=\/wp\/v2\/types\/post"}],"author":[{"embeddable":true,"href":"https:\/\/quehacerpolitico.mx\/index.php?rest_route=\/wp\/v2\/users\/2"}],"replies":[{"embeddable":true,"href":"https:\/\/quehacerpolitico.mx\/index.php?rest_route=%2Fwp%2Fv2%2Fcomments&post=87174"}],"version-history":[{"count":1,"href":"https:\/\/quehacerpolitico.mx\/index.php?rest_route=\/wp\/v2\/posts\/87174\/revisions"}],"predecessor-version":[{"id":87176,"href":"https:\/\/quehacerpolitico.mx\/index.php?rest_route=\/wp\/v2\/posts\/87174\/revisions\/87176"}],"wp:featuredmedia":[{"embeddable":true,"href":"https:\/\/quehacerpolitico.mx\/index.php?rest_route=\/wp\/v2\/media\/87175"}],"wp:attachment":[{"href":"https:\/\/quehacerpolitico.mx\/index.php?rest_route=%2Fwp%2Fv2%2Fmedia&parent=87174"}],"wp:term":[{"taxonomy":"category","embeddable":true,"href":"https:\/\/quehacerpolitico.mx\/index.php?rest_route=%2Fwp%2Fv2%2Fcategories&post=87174"},{"taxonomy":"post_tag","embeddable":true,"href":"https:\/\/quehacerpolitico.mx\/index.php?rest_route=%2Fwp%2Fv2%2Ftags&post=87174"}],"curies":[{"name":"wp","href":"https:\/\/api.w.org\/{rel}","templated":true}]}}