{"id":87171,"date":"2021-12-08T05:46:09","date_gmt":"2021-12-08T05:46:09","guid":{"rendered":"https:\/\/quehacerpolitico.mx\/?p=87171"},"modified":"2021-12-08T05:46:12","modified_gmt":"2021-12-08T05:46:12","slug":"gertz-manero-sin-nada-que-ocultar-ante-presunta-investigacion-de-la-uif-monreal","status":"publish","type":"post","link":"https:\/\/quehacerpolitico.mx\/?p=87171","title":{"rendered":"Gertz Manero, sin nada que ocultar ante presunta investigaci\u00f3n de la UIF: Monreal"},"content":{"rendered":"\n<p>Por Redacci\u00f3n QP<\/p>\n\n\n\n<p>El legislador asegur\u00f3 que en el Senado actuar\u00e1n con serenidad y cautela ante este caso<\/p>\n\n\n\n<p>El fiscal general de la Rep\u00fablica, Alejandro Gertz Manero, asegur\u00f3 que no tiene nada que esconder y que est\u00e1 limpio, ello luego de que se revelara que la Unidad de Inteligencia Financiera (UIF) se\u00f1ala que&nbsp;<strong>el funcionario recibi\u00f3 junto con su yerno transferencias millonarias a trav\u00e9s de una empresa inmobiliaria.<\/strong><\/p>\n\n\n\n<p>El presidente de la Junta de Coordinaci\u00f3n Pol\u00edtica del Senado, Ricardo Monreal, revel\u00f3 que esta ma\u00f1ana coincidi\u00f3 con Gertz Manero en el informe del presidente del Tribunal de Justicia de la Ciudad de M\u00e9xico, en donde le asegur\u00f3 que\u00a0<strong>&#8220;est\u00e1 limpio&#8221; y que adem\u00e1s dispuesto a comparecer ante la C\u00e1mara Alta por las investigaciones reveladas sobre su patrimonio.<\/strong><\/p>\n\n\n\n<p>&#8220;Hace un rato que estuve yo brevemente en el informe del Presidente del Tribunal Superior de Justicia de la Ciudad de M\u00e9xico, estuvimos sentados al lado, nos toc\u00f3 estar juntos. Y \u00e9l no se opone, me dijo, &#8216;p\u00f3nganse de acuerdo y yo estoy dispuesto a ir'&#8221;, dijo Monreal.<\/p>\n\n\n\n<p>El senador asegur\u00f3 adem\u00e1s que Gertz Manero le coment\u00f3: &#8220;No tengo nada que esconder, estoy limpio&#8221;.<\/p>\n\n\n\n<p>&#8220;Yo le creo, es decir, es cuesti\u00f3n de ponernos de acuerdo cuando pudiera acudir. Ayer (lunes) en la Junta de Coordinaci\u00f3n Pol\u00edtica se toc\u00f3 el tema, entonces vamos a revisar cu\u00e1ndo puede venir&#8221;, dijo el coordinador de Morena.<\/p>\n\n\n\n<p>Indic\u00f3 que en el Senado actuar\u00e1n con serenidad y cautela ante este caso, porque<strong>&nbsp;&#8220;yo no soy ministerio p\u00fablico, ni juez&#8221;, as\u00ed como tampoco se sumar\u00e1 &#8220;al coro de linchamiento contra Alejandro Gertz&#8221;.<\/strong><\/p>\n\n\n\n<p>Sin embargo, ante la insistencia de periodistas, no descart\u00f3 que el titular de la FGR sea llamado a comparecer ante la Comisi\u00f3n de Justicia o la Junta de Coordinaci\u00f3n Pol\u00edtica para que explique estos se\u00f1alamientos.<\/p>\n\n\n\n<p>Con Informaci\u00f3n de SUN <\/p>\n","protected":false},"excerpt":{"rendered":"<p>Por Redacci\u00f3n QP El legislador asegur\u00f3 que en el Senado actuar\u00e1n con serenidad y cautela&#8230;<\/p>\n","protected":false},"author":2,"featured_media":87172,"comment_status":"open","ping_status":"open","sticky":false,"template":"","format":"standard","meta":{"_monsterinsights_skip_tracking":false,"_monsterinsights_sitenote_active":false,"_monsterinsights_sitenote_note":"","_monsterinsights_sitenote_category":0,"footnotes":""},"categories":[2],"tags":[],"class_list":["post-87171","post","type-post","status-publish","format-standard","has-post-thumbnail","hentry","category-noticias"],"yoast_head":"<!-- This site is optimized with the Yoast SEO plugin v27.3 - https:\/\/yoast.com\/product\/yoast-seo-wordpress\/ -->\n<title>Gertz Manero, sin nada que ocultar ante presunta investigaci\u00f3n de la UIF: Monreal -<\/title>\n<meta name=\"robots\" content=\"index, follow, max-snippet:-1, max-image-preview:large, max-video-preview:-1\" \/>\n<link rel=\"canonical\" href=\"https:\/\/quehacerpolitico.mx\/?p=87171\" \/>\n<meta property=\"og:locale\" content=\"es_MX\" \/>\n<meta property=\"og:type\" content=\"article\" \/>\n<meta property=\"og:title\" content=\"Gertz Manero, sin nada que ocultar ante presunta investigaci\u00f3n de la UIF: Monreal -\" \/>\n<meta property=\"og:description\" content=\"Por Redacci\u00f3n QP El legislador asegur\u00f3 que en el Senado actuar\u00e1n con serenidad y cautela...\" \/>\n<meta property=\"og:url\" content=\"https:\/\/quehacerpolitico.mx\/?p=87171\" \/>\n<meta property=\"article:published_time\" content=\"2021-12-08T05:46:09+00:00\" \/>\n<meta property=\"article:modified_time\" content=\"2021-12-08T05:46:12+00:00\" \/>\n<meta property=\"og:image\" content=\"https:\/\/quehacerpolitico.mx\/wp-content\/uploads\/2021\/12\/4F57049B-6AE0-4793-8D9D-F992E709F2F4.jpeg\" \/>\n\t<meta property=\"og:image:width\" content=\"578\" \/>\n\t<meta property=\"og:image:height\" content=\"530\" \/>\n\t<meta property=\"og:image:type\" content=\"image\/jpeg\" \/>\n<meta name=\"author\" content=\"Redacci\u00f3n QP\" \/>\n<meta name=\"twitter:card\" content=\"summary_large_image\" \/>\n<meta name=\"twitter:label1\" content=\"Escrito por\" \/>\n\t<meta name=\"twitter:data1\" content=\"Redacci\u00f3n QP\" \/>\n\t<meta name=\"twitter:label2\" content=\"Tiempo de lectura\" \/>\n\t<meta name=\"twitter:data2\" content=\"2 minutos\" \/>\n<script type=\"application\/ld+json\" class=\"yoast-schema-graph\">{\"@context\":\"https:\\\/\\\/schema.org\",\"@graph\":[{\"@type\":\"Article\",\"@id\":\"https:\\\/\\\/quehacerpolitico.mx\\\/?p=87171#article\",\"isPartOf\":{\"@id\":\"https:\\\/\\\/quehacerpolitico.mx\\\/?p=87171\"},\"author\":{\"name\":\"Redacci\u00f3n QP\",\"@id\":\"https:\\\/\\\/quehacerpolitico.mx\\\/#\\\/schema\\\/person\\\/496d8ad2d1d3f8036101dca7ee39e585\"},\"headline\":\"Gertz Manero, sin nada que ocultar ante presunta investigaci\u00f3n de la UIF: Monreal\",\"datePublished\":\"2021-12-08T05:46:09+00:00\",\"dateModified\":\"2021-12-08T05:46:12+00:00\",\"mainEntityOfPage\":{\"@id\":\"https:\\\/\\\/quehacerpolitico.mx\\\/?p=87171\"},\"wordCount\":341,\"commentCount\":0,\"image\":{\"@id\":\"https:\\\/\\\/quehacerpolitico.mx\\\/?p=87171#primaryimage\"},\"thumbnailUrl\":\"https:\\\/\\\/quehacerpolitico.mx\\\/wp-content\\\/uploads\\\/2021\\\/12\\\/4F57049B-6AE0-4793-8D9D-F992E709F2F4.jpeg\",\"articleSection\":[\"Noticias\"],\"inLanguage\":\"es\",\"potentialAction\":[{\"@type\":\"CommentAction\",\"name\":\"Comment\",\"target\":[\"https:\\\/\\\/quehacerpolitico.mx\\\/?p=87171#respond\"]}]},{\"@type\":\"WebPage\",\"@id\":\"https:\\\/\\\/quehacerpolitico.mx\\\/?p=87171\",\"url\":\"https:\\\/\\\/quehacerpolitico.mx\\\/?p=87171\",\"name\":\"Gertz Manero, sin nada que ocultar ante presunta investigaci\u00f3n de la UIF: Monreal -\",\"isPartOf\":{\"@id\":\"https:\\\/\\\/quehacerpolitico.mx\\\/#website\"},\"primaryImageOfPage\":{\"@id\":\"https:\\\/\\\/quehacerpolitico.mx\\\/?p=87171#primaryimage\"},\"image\":{\"@id\":\"https:\\\/\\\/quehacerpolitico.mx\\\/?p=87171#primaryimage\"},\"thumbnailUrl\":\"https:\\\/\\\/quehacerpolitico.mx\\\/wp-content\\\/uploads\\\/2021\\\/12\\\/4F57049B-6AE0-4793-8D9D-F992E709F2F4.jpeg\",\"datePublished\":\"2021-12-08T05:46:09+00:00\",\"dateModified\":\"2021-12-08T05:46:12+00:00\",\"author\":{\"@id\":\"https:\\\/\\\/quehacerpolitico.mx\\\/#\\\/schema\\\/person\\\/496d8ad2d1d3f8036101dca7ee39e585\"},\"breadcrumb\":{\"@id\":\"https:\\\/\\\/quehacerpolitico.mx\\\/?p=87171#breadcrumb\"},\"inLanguage\":\"es\",\"potentialAction\":[{\"@type\":\"ReadAction\",\"target\":[\"https:\\\/\\\/quehacerpolitico.mx\\\/?p=87171\"]}]},{\"@type\":\"ImageObject\",\"inLanguage\":\"es\",\"@id\":\"https:\\\/\\\/quehacerpolitico.mx\\\/?p=87171#primaryimage\",\"url\":\"https:\\\/\\\/quehacerpolitico.mx\\\/wp-content\\\/uploads\\\/2021\\\/12\\\/4F57049B-6AE0-4793-8D9D-F992E709F2F4.jpeg\",\"contentUrl\":\"https:\\\/\\\/quehacerpolitico.mx\\\/wp-content\\\/uploads\\\/2021\\\/12\\\/4F57049B-6AE0-4793-8D9D-F992E709F2F4.jpeg\",\"width\":578,\"height\":530},{\"@type\":\"BreadcrumbList\",\"@id\":\"https:\\\/\\\/quehacerpolitico.mx\\\/?p=87171#breadcrumb\",\"itemListElement\":[{\"@type\":\"ListItem\",\"position\":1,\"name\":\"Inicio\",\"item\":\"https:\\\/\\\/quehacerpolitico.mx\\\/\"},{\"@type\":\"ListItem\",\"position\":2,\"name\":\"Gertz Manero, sin nada que ocultar ante presunta investigaci\u00f3n de la UIF: Monreal\"}]},{\"@type\":\"WebSite\",\"@id\":\"https:\\\/\\\/quehacerpolitico.mx\\\/#website\",\"url\":\"https:\\\/\\\/quehacerpolitico.mx\\\/\",\"name\":\"\",\"description\":\"\",\"potentialAction\":[{\"@type\":\"SearchAction\",\"target\":{\"@type\":\"EntryPoint\",\"urlTemplate\":\"https:\\\/\\\/quehacerpolitico.mx\\\/?s={search_term_string}\"},\"query-input\":{\"@type\":\"PropertyValueSpecification\",\"valueRequired\":true,\"valueName\":\"search_term_string\"}}],\"inLanguage\":\"es\"},{\"@type\":\"Person\",\"@id\":\"https:\\\/\\\/quehacerpolitico.mx\\\/#\\\/schema\\\/person\\\/496d8ad2d1d3f8036101dca7ee39e585\",\"name\":\"Redacci\u00f3n QP\",\"image\":{\"@type\":\"ImageObject\",\"inLanguage\":\"es\",\"@id\":\"https:\\\/\\\/secure.gravatar.com\\\/avatar\\\/c7164ed6fdec453195284ad24a5ae5b6e1eed2b848477fa2a4787ba9adf39a41?s=96&d=mm&r=g\",\"url\":\"https:\\\/\\\/secure.gravatar.com\\\/avatar\\\/c7164ed6fdec453195284ad24a5ae5b6e1eed2b848477fa2a4787ba9adf39a41?s=96&d=mm&r=g\",\"contentUrl\":\"https:\\\/\\\/secure.gravatar.com\\\/avatar\\\/c7164ed6fdec453195284ad24a5ae5b6e1eed2b848477fa2a4787ba9adf39a41?s=96&d=mm&r=g\",\"caption\":\"Redacci\u00f3n QP\"},\"url\":\"https:\\\/\\\/quehacerpolitico.mx\\\/?author=2\"}]}<\/script>\n<!-- \/ Yoast SEO plugin. -->","yoast_head_json":{"title":"Gertz Manero, sin nada que ocultar ante presunta investigaci\u00f3n de la UIF: Monreal -","robots":{"index":"index","follow":"follow","max-snippet":"max-snippet:-1","max-image-preview":"max-image-preview:large","max-video-preview":"max-video-preview:-1"},"canonical":"https:\/\/quehacerpolitico.mx\/?p=87171","og_locale":"es_MX","og_type":"article","og_title":"Gertz Manero, sin nada que ocultar ante presunta investigaci\u00f3n de la UIF: Monreal -","og_description":"Por Redacci\u00f3n QP El legislador asegur\u00f3 que en el Senado actuar\u00e1n con serenidad y cautela...","og_url":"https:\/\/quehacerpolitico.mx\/?p=87171","article_published_time":"2021-12-08T05:46:09+00:00","article_modified_time":"2021-12-08T05:46:12+00:00","og_image":[{"width":578,"height":530,"url":"https:\/\/quehacerpolitico.mx\/wp-content\/uploads\/2021\/12\/4F57049B-6AE0-4793-8D9D-F992E709F2F4.jpeg","type":"image\/jpeg"}],"author":"Redacci\u00f3n QP","twitter_card":"summary_large_image","twitter_misc":{"Escrito por":"Redacci\u00f3n QP","Tiempo de lectura":"2 minutos"},"schema":{"@context":"https:\/\/schema.org","@graph":[{"@type":"Article","@id":"https:\/\/quehacerpolitico.mx\/?p=87171#article","isPartOf":{"@id":"https:\/\/quehacerpolitico.mx\/?p=87171"},"author":{"name":"Redacci\u00f3n QP","@id":"https:\/\/quehacerpolitico.mx\/#\/schema\/person\/496d8ad2d1d3f8036101dca7ee39e585"},"headline":"Gertz Manero, sin nada que ocultar ante presunta investigaci\u00f3n de la UIF: Monreal","datePublished":"2021-12-08T05:46:09+00:00","dateModified":"2021-12-08T05:46:12+00:00","mainEntityOfPage":{"@id":"https:\/\/quehacerpolitico.mx\/?p=87171"},"wordCount":341,"commentCount":0,"image":{"@id":"https:\/\/quehacerpolitico.mx\/?p=87171#primaryimage"},"thumbnailUrl":"https:\/\/quehacerpolitico.mx\/wp-content\/uploads\/2021\/12\/4F57049B-6AE0-4793-8D9D-F992E709F2F4.jpeg","articleSection":["Noticias"],"inLanguage":"es","potentialAction":[{"@type":"CommentAction","name":"Comment","target":["https:\/\/quehacerpolitico.mx\/?p=87171#respond"]}]},{"@type":"WebPage","@id":"https:\/\/quehacerpolitico.mx\/?p=87171","url":"https:\/\/quehacerpolitico.mx\/?p=87171","name":"Gertz Manero, sin nada que ocultar ante presunta investigaci\u00f3n de la UIF: Monreal -","isPartOf":{"@id":"https:\/\/quehacerpolitico.mx\/#website"},"primaryImageOfPage":{"@id":"https:\/\/quehacerpolitico.mx\/?p=87171#primaryimage"},"image":{"@id":"https:\/\/quehacerpolitico.mx\/?p=87171#primaryimage"},"thumbnailUrl":"https:\/\/quehacerpolitico.mx\/wp-content\/uploads\/2021\/12\/4F57049B-6AE0-4793-8D9D-F992E709F2F4.jpeg","datePublished":"2021-12-08T05:46:09+00:00","dateModified":"2021-12-08T05:46:12+00:00","author":{"@id":"https:\/\/quehacerpolitico.mx\/#\/schema\/person\/496d8ad2d1d3f8036101dca7ee39e585"},"breadcrumb":{"@id":"https:\/\/quehacerpolitico.mx\/?p=87171#breadcrumb"},"inLanguage":"es","potentialAction":[{"@type":"ReadAction","target":["https:\/\/quehacerpolitico.mx\/?p=87171"]}]},{"@type":"ImageObject","inLanguage":"es","@id":"https:\/\/quehacerpolitico.mx\/?p=87171#primaryimage","url":"https:\/\/quehacerpolitico.mx\/wp-content\/uploads\/2021\/12\/4F57049B-6AE0-4793-8D9D-F992E709F2F4.jpeg","contentUrl":"https:\/\/quehacerpolitico.mx\/wp-content\/uploads\/2021\/12\/4F57049B-6AE0-4793-8D9D-F992E709F2F4.jpeg","width":578,"height":530},{"@type":"BreadcrumbList","@id":"https:\/\/quehacerpolitico.mx\/?p=87171#breadcrumb","itemListElement":[{"@type":"ListItem","position":1,"name":"Inicio","item":"https:\/\/quehacerpolitico.mx\/"},{"@type":"ListItem","position":2,"name":"Gertz Manero, sin nada que ocultar ante presunta investigaci\u00f3n de la UIF: Monreal"}]},{"@type":"WebSite","@id":"https:\/\/quehacerpolitico.mx\/#website","url":"https:\/\/quehacerpolitico.mx\/","name":"","description":"","potentialAction":[{"@type":"SearchAction","target":{"@type":"EntryPoint","urlTemplate":"https:\/\/quehacerpolitico.mx\/?s={search_term_string}"},"query-input":{"@type":"PropertyValueSpecification","valueRequired":true,"valueName":"search_term_string"}}],"inLanguage":"es"},{"@type":"Person","@id":"https:\/\/quehacerpolitico.mx\/#\/schema\/person\/496d8ad2d1d3f8036101dca7ee39e585","name":"Redacci\u00f3n QP","image":{"@type":"ImageObject","inLanguage":"es","@id":"https:\/\/secure.gravatar.com\/avatar\/c7164ed6fdec453195284ad24a5ae5b6e1eed2b848477fa2a4787ba9adf39a41?s=96&d=mm&r=g","url":"https:\/\/secure.gravatar.com\/avatar\/c7164ed6fdec453195284ad24a5ae5b6e1eed2b848477fa2a4787ba9adf39a41?s=96&d=mm&r=g","contentUrl":"https:\/\/secure.gravatar.com\/avatar\/c7164ed6fdec453195284ad24a5ae5b6e1eed2b848477fa2a4787ba9adf39a41?s=96&d=mm&r=g","caption":"Redacci\u00f3n QP"},"url":"https:\/\/quehacerpolitico.mx\/?author=2"}]}},"featured_image_urls":{"full":["https:\/\/quehacerpolitico.mx\/wp-content\/uploads\/2021\/12\/4F57049B-6AE0-4793-8D9D-F992E709F2F4.jpeg",578,530,false],"thumbnail":["https:\/\/quehacerpolitico.mx\/wp-content\/uploads\/2021\/12\/4F57049B-6AE0-4793-8D9D-F992E709F2F4-150x150.jpeg",150,150,true],"medium":["https:\/\/quehacerpolitico.mx\/wp-content\/uploads\/2021\/12\/4F57049B-6AE0-4793-8D9D-F992E709F2F4-300x275.jpeg",300,275,true],"medium_large":["https:\/\/quehacerpolitico.mx\/wp-content\/uploads\/2021\/12\/4F57049B-6AE0-4793-8D9D-F992E709F2F4.jpeg",578,530,false],"large":["https:\/\/quehacerpolitico.mx\/wp-content\/uploads\/2021\/12\/4F57049B-6AE0-4793-8D9D-F992E709F2F4.jpeg",578,530,false],"1536x1536":["https:\/\/quehacerpolitico.mx\/wp-content\/uploads\/2021\/12\/4F57049B-6AE0-4793-8D9D-F992E709F2F4.jpeg",578,530,false],"2048x2048":["https:\/\/quehacerpolitico.mx\/wp-content\/uploads\/2021\/12\/4F57049B-6AE0-4793-8D9D-F992E709F2F4.jpeg",578,530,false],"covernews-featured":["https:\/\/quehacerpolitico.mx\/wp-content\/uploads\/2021\/12\/4F57049B-6AE0-4793-8D9D-F992E709F2F4.jpeg",578,530,false],"covernews-medium":["https:\/\/quehacerpolitico.mx\/wp-content\/uploads\/2021\/12\/4F57049B-6AE0-4793-8D9D-F992E709F2F4.jpeg",371,340,false]},"author_info":{"display_name":"Redacci\u00f3n QP","author_link":"https:\/\/quehacerpolitico.mx\/?author=2"},"category_info":"<a href=\"https:\/\/quehacerpolitico.mx\/?cat=2\" rel=\"category\">Noticias<\/a>","tag_info":"Noticias","comment_count":"0","_links":{"self":[{"href":"https:\/\/quehacerpolitico.mx\/index.php?rest_route=\/wp\/v2\/posts\/87171","targetHints":{"allow":["GET"]}}],"collection":[{"href":"https:\/\/quehacerpolitico.mx\/index.php?rest_route=\/wp\/v2\/posts"}],"about":[{"href":"https:\/\/quehacerpolitico.mx\/index.php?rest_route=\/wp\/v2\/types\/post"}],"author":[{"embeddable":true,"href":"https:\/\/quehacerpolitico.mx\/index.php?rest_route=\/wp\/v2\/users\/2"}],"replies":[{"embeddable":true,"href":"https:\/\/quehacerpolitico.mx\/index.php?rest_route=%2Fwp%2Fv2%2Fcomments&post=87171"}],"version-history":[{"count":1,"href":"https:\/\/quehacerpolitico.mx\/index.php?rest_route=\/wp\/v2\/posts\/87171\/revisions"}],"predecessor-version":[{"id":87173,"href":"https:\/\/quehacerpolitico.mx\/index.php?rest_route=\/wp\/v2\/posts\/87171\/revisions\/87173"}],"wp:featuredmedia":[{"embeddable":true,"href":"https:\/\/quehacerpolitico.mx\/index.php?rest_route=\/wp\/v2\/media\/87172"}],"wp:attachment":[{"href":"https:\/\/quehacerpolitico.mx\/index.php?rest_route=%2Fwp%2Fv2%2Fmedia&parent=87171"}],"wp:term":[{"taxonomy":"category","embeddable":true,"href":"https:\/\/quehacerpolitico.mx\/index.php?rest_route=%2Fwp%2Fv2%2Fcategories&post=87171"},{"taxonomy":"post_tag","embeddable":true,"href":"https:\/\/quehacerpolitico.mx\/index.php?rest_route=%2Fwp%2Fv2%2Ftags&post=87171"}],"curies":[{"name":"wp","href":"https:\/\/api.w.org\/{rel}","templated":true}]}}