{"id":87168,"date":"2021-12-08T05:36:28","date_gmt":"2021-12-08T05:36:28","guid":{"rendered":"https:\/\/quehacerpolitico.mx\/?p=87168"},"modified":"2021-12-08T05:36:31","modified_gmt":"2021-12-08T05:36:31","slug":"gobierno-mexicano-viola-25-derechos-constitucionales-denuncia-ong","status":"publish","type":"post","link":"https:\/\/quehacerpolitico.mx\/?p=87168","title":{"rendered":"Gobierno mexicano viola 25 derechos constitucionales, denuncia ONG"},"content":{"rendered":"\n<p>Por Redacci\u00f3n QP<\/p>\n\n\n\n<p>Se puede ver en el aumento de muertes maternas en el pa\u00eds, el incremento de la violencia contra las mujeres y una mayor pobreza<\/p>\n\n\n\n<p>El actual Gobierno mexicano viola al menos 25 derechos constitucionales como los derechos a la propiedad privada, la seguridad y certeza jur\u00eddica y el debido proceso, revel\u00f3 un reporte presentado este martes por la organizaci\u00f3n civil&nbsp;<strong>Signos Vitales.<\/strong><\/p>\n\n\n\n<p>&#8220;Del recuento de un poco m\u00e1s de 50 derechos fundamentales que se ven reflejados en la Constituci\u00f3n, en pr\u00e1cticamente todos, existe o se sufre alg\u00fan tipo de quebrantamiento o incumplimiento de estos&#8221;, concluy\u00f3 la ONG tras la presentaci\u00f3n de documento\u00a0<em>&#8220;Balance Negativo: Los Derechos Humanos en M\u00e9xico&#8221;.<\/em><\/p>\n\n\n\n<p>La investigaci\u00f3n precis\u00f3 que en el\u00a0gobierno del Presidente<strong>\u00a0Andr\u00e9s Manuel L\u00f3pez Obrador<\/strong>\u00a0al menos 25 de estos derechos se violan.<\/p>\n\n\n\n<p>En el documento, se recuerda que 2018, 2019 y 2020 han sido los a\u00f1os con m\u00e1s homicidios dolosos en la historia de M\u00e9xico (33 mil 740, 34 mil 689 y 34 mil 558 respectivamente)&nbsp;<strong>&#8220;y de mantenerse la tendencia, 2021 podr\u00eda ser el m\u00e1s violento&#8221;<\/strong>, detall\u00f3.<\/p>\n\n\n\n<p>Asimismo, precis\u00f3 que &#8220;el desastre de la pandemia&#8221; aument\u00f3 12 puntos porcentuales respecto de 2018 la carencia por acceso a los servicios. \u201cEsto implica que casi tres\u00a0de cada 10 personas dejaron de tener alg\u00fan tipo de afiliaci\u00f3n a las instituciones p\u00fablicas de seguridad social&#8221;, apunt\u00f3.<\/p>\n\n\n\n<p>En el reporte tambi\u00e9n se revela que al menos 3.27 millones de personas de 5 a 17 a\u00f1os se encuentran en condiciones de trabajo infantil, pero el 27.1 % de ellos no percibe ingresos por su trabajo, adem\u00e1s de arriesgar su integridad f\u00edsica y mental.<\/p>\n\n\n\n<p><strong>Signos Vitales<\/strong>\u00a0afirm\u00f3 que este reporte permite ver c\u00f3mo est\u00e1 el pa\u00eds en materia de desacato de derechos humanos, al tiempo que permite tener una panor\u00e1mica de cu\u00e1ndo y d\u00f3nde se violan esos derechos.\u00a0<strong>En esto se tom\u00f3 en cuenta tanto a las instituciones que infringen estas violaciones, como la carencia de pol\u00edticas<\/strong>\u00a0y acciones que no permiten hacer efectivos estos mandatos legales.<\/p>\n\n\n\n<p>As\u00ed, la organizaci\u00f3n detall\u00f3 que 93.3 % de los delitos cometidos en M\u00e9xico durante 2020 no se denunciaron ni se investigaron.&nbsp;Mientras que en 2019 se registraron 7 mil 393 detenciones arbitrarias que violaron los derechos humanos y los principales involucrados fueron los polic\u00edas estatales y municipales.<\/p>\n\n\n\n<p>El reporte tambi\u00e9n acus\u00f3 al gobierno de&nbsp;<strong>AMLO<\/strong>de&nbsp;una &#8220;inacci\u00f3n&#8221; ante estas violaciones, la cual se ha exacerbado por la pandemia y por la falta de apoyos econ\u00f3micos a la poblaci\u00f3n en general. Esto, se puede ver en el aumento de muertes maternas en el pa\u00eds, el incremento de la violencia contra las mujeres y una mayor pobreza.<\/p>\n\n\n\n<p>Aunado a ello, puntualiz\u00f3 las pol\u00e9micas y denuncias que se han dado en torno a los trabajos de los megaproyectos&nbsp;como; el Aeropuerto Felipe \u00c1ngeles, el Tren Maya, el Corredor Trans\u00edstmico y la Refiner\u00eda de Dos Bocas.<\/p>\n\n\n\n<p>&#8220;Las obras de infraestructura m\u00e1s emblem\u00e1ticas de la administraci\u00f3n federal han estado plagadas de denuncias de distintos tipos, desde lo ambiental, econ\u00f3mico, presupuestal, humanitario y laborales&#8221;, apunt\u00f3.<\/p>\n\n\n\n<p>Con Informaci\u00f3n de EFE<\/p>\n","protected":false},"excerpt":{"rendered":"<p>Por Redacci\u00f3n QP Se puede ver en el aumento de muertes maternas en el pa\u00eds,&#8230;<\/p>\n","protected":false},"author":2,"featured_media":87169,"comment_status":"open","ping_status":"open","sticky":false,"template":"","format":"standard","meta":{"_monsterinsights_skip_tracking":false,"_monsterinsights_sitenote_active":false,"_monsterinsights_sitenote_note":"","_monsterinsights_sitenote_category":0,"footnotes":""},"categories":[2],"tags":[],"class_list":["post-87168","post","type-post","status-publish","format-standard","has-post-thumbnail","hentry","category-noticias"],"yoast_head":"<!-- This site is optimized with the Yoast SEO plugin v27.3 - https:\/\/yoast.com\/product\/yoast-seo-wordpress\/ -->\n<title>Gobierno mexicano viola 25 derechos constitucionales, denuncia ONG -<\/title>\n<meta name=\"robots\" content=\"index, follow, max-snippet:-1, max-image-preview:large, max-video-preview:-1\" \/>\n<link rel=\"canonical\" href=\"https:\/\/quehacerpolitico.mx\/?p=87168\" \/>\n<meta property=\"og:locale\" content=\"es_MX\" \/>\n<meta property=\"og:type\" content=\"article\" \/>\n<meta property=\"og:title\" content=\"Gobierno mexicano viola 25 derechos constitucionales, denuncia ONG -\" \/>\n<meta property=\"og:description\" content=\"Por Redacci\u00f3n QP Se puede ver en el aumento de muertes maternas en el pa\u00eds,...\" \/>\n<meta property=\"og:url\" content=\"https:\/\/quehacerpolitico.mx\/?p=87168\" \/>\n<meta property=\"article:published_time\" content=\"2021-12-08T05:36:28+00:00\" \/>\n<meta property=\"article:modified_time\" content=\"2021-12-08T05:36:31+00:00\" \/>\n<meta property=\"og:image\" content=\"https:\/\/quehacerpolitico.mx\/wp-content\/uploads\/2021\/12\/09E51729-519D-4429-886D-8EAAD82A6F6C.jpeg\" \/>\n\t<meta property=\"og:image:width\" content=\"600\" \/>\n\t<meta property=\"og:image:height\" content=\"399\" \/>\n\t<meta property=\"og:image:type\" content=\"image\/jpeg\" \/>\n<meta name=\"author\" content=\"Redacci\u00f3n QP\" \/>\n<meta name=\"twitter:card\" content=\"summary_large_image\" \/>\n<meta name=\"twitter:label1\" content=\"Escrito por\" \/>\n\t<meta name=\"twitter:data1\" content=\"Redacci\u00f3n QP\" \/>\n\t<meta name=\"twitter:label2\" content=\"Tiempo de lectura\" \/>\n\t<meta name=\"twitter:data2\" content=\"3 minutos\" \/>\n<script type=\"application\/ld+json\" class=\"yoast-schema-graph\">{\"@context\":\"https:\\\/\\\/schema.org\",\"@graph\":[{\"@type\":\"Article\",\"@id\":\"https:\\\/\\\/quehacerpolitico.mx\\\/?p=87168#article\",\"isPartOf\":{\"@id\":\"https:\\\/\\\/quehacerpolitico.mx\\\/?p=87168\"},\"author\":{\"name\":\"Redacci\u00f3n QP\",\"@id\":\"https:\\\/\\\/quehacerpolitico.mx\\\/#\\\/schema\\\/person\\\/496d8ad2d1d3f8036101dca7ee39e585\"},\"headline\":\"Gobierno mexicano viola 25 derechos constitucionales, denuncia ONG\",\"datePublished\":\"2021-12-08T05:36:28+00:00\",\"dateModified\":\"2021-12-08T05:36:31+00:00\",\"mainEntityOfPage\":{\"@id\":\"https:\\\/\\\/quehacerpolitico.mx\\\/?p=87168\"},\"wordCount\":539,\"commentCount\":0,\"image\":{\"@id\":\"https:\\\/\\\/quehacerpolitico.mx\\\/?p=87168#primaryimage\"},\"thumbnailUrl\":\"https:\\\/\\\/quehacerpolitico.mx\\\/wp-content\\\/uploads\\\/2021\\\/12\\\/09E51729-519D-4429-886D-8EAAD82A6F6C.jpeg\",\"articleSection\":[\"Noticias\"],\"inLanguage\":\"es\",\"potentialAction\":[{\"@type\":\"CommentAction\",\"name\":\"Comment\",\"target\":[\"https:\\\/\\\/quehacerpolitico.mx\\\/?p=87168#respond\"]}]},{\"@type\":\"WebPage\",\"@id\":\"https:\\\/\\\/quehacerpolitico.mx\\\/?p=87168\",\"url\":\"https:\\\/\\\/quehacerpolitico.mx\\\/?p=87168\",\"name\":\"Gobierno mexicano viola 25 derechos constitucionales, denuncia ONG -\",\"isPartOf\":{\"@id\":\"https:\\\/\\\/quehacerpolitico.mx\\\/#website\"},\"primaryImageOfPage\":{\"@id\":\"https:\\\/\\\/quehacerpolitico.mx\\\/?p=87168#primaryimage\"},\"image\":{\"@id\":\"https:\\\/\\\/quehacerpolitico.mx\\\/?p=87168#primaryimage\"},\"thumbnailUrl\":\"https:\\\/\\\/quehacerpolitico.mx\\\/wp-content\\\/uploads\\\/2021\\\/12\\\/09E51729-519D-4429-886D-8EAAD82A6F6C.jpeg\",\"datePublished\":\"2021-12-08T05:36:28+00:00\",\"dateModified\":\"2021-12-08T05:36:31+00:00\",\"author\":{\"@id\":\"https:\\\/\\\/quehacerpolitico.mx\\\/#\\\/schema\\\/person\\\/496d8ad2d1d3f8036101dca7ee39e585\"},\"breadcrumb\":{\"@id\":\"https:\\\/\\\/quehacerpolitico.mx\\\/?p=87168#breadcrumb\"},\"inLanguage\":\"es\",\"potentialAction\":[{\"@type\":\"ReadAction\",\"target\":[\"https:\\\/\\\/quehacerpolitico.mx\\\/?p=87168\"]}]},{\"@type\":\"ImageObject\",\"inLanguage\":\"es\",\"@id\":\"https:\\\/\\\/quehacerpolitico.mx\\\/?p=87168#primaryimage\",\"url\":\"https:\\\/\\\/quehacerpolitico.mx\\\/wp-content\\\/uploads\\\/2021\\\/12\\\/09E51729-519D-4429-886D-8EAAD82A6F6C.jpeg\",\"contentUrl\":\"https:\\\/\\\/quehacerpolitico.mx\\\/wp-content\\\/uploads\\\/2021\\\/12\\\/09E51729-519D-4429-886D-8EAAD82A6F6C.jpeg\",\"width\":600,\"height\":399},{\"@type\":\"BreadcrumbList\",\"@id\":\"https:\\\/\\\/quehacerpolitico.mx\\\/?p=87168#breadcrumb\",\"itemListElement\":[{\"@type\":\"ListItem\",\"position\":1,\"name\":\"Inicio\",\"item\":\"https:\\\/\\\/quehacerpolitico.mx\\\/\"},{\"@type\":\"ListItem\",\"position\":2,\"name\":\"Gobierno mexicano viola 25 derechos constitucionales, denuncia ONG\"}]},{\"@type\":\"WebSite\",\"@id\":\"https:\\\/\\\/quehacerpolitico.mx\\\/#website\",\"url\":\"https:\\\/\\\/quehacerpolitico.mx\\\/\",\"name\":\"\",\"description\":\"\",\"potentialAction\":[{\"@type\":\"SearchAction\",\"target\":{\"@type\":\"EntryPoint\",\"urlTemplate\":\"https:\\\/\\\/quehacerpolitico.mx\\\/?s={search_term_string}\"},\"query-input\":{\"@type\":\"PropertyValueSpecification\",\"valueRequired\":true,\"valueName\":\"search_term_string\"}}],\"inLanguage\":\"es\"},{\"@type\":\"Person\",\"@id\":\"https:\\\/\\\/quehacerpolitico.mx\\\/#\\\/schema\\\/person\\\/496d8ad2d1d3f8036101dca7ee39e585\",\"name\":\"Redacci\u00f3n QP\",\"image\":{\"@type\":\"ImageObject\",\"inLanguage\":\"es\",\"@id\":\"https:\\\/\\\/secure.gravatar.com\\\/avatar\\\/c7164ed6fdec453195284ad24a5ae5b6e1eed2b848477fa2a4787ba9adf39a41?s=96&d=mm&r=g\",\"url\":\"https:\\\/\\\/secure.gravatar.com\\\/avatar\\\/c7164ed6fdec453195284ad24a5ae5b6e1eed2b848477fa2a4787ba9adf39a41?s=96&d=mm&r=g\",\"contentUrl\":\"https:\\\/\\\/secure.gravatar.com\\\/avatar\\\/c7164ed6fdec453195284ad24a5ae5b6e1eed2b848477fa2a4787ba9adf39a41?s=96&d=mm&r=g\",\"caption\":\"Redacci\u00f3n QP\"},\"url\":\"https:\\\/\\\/quehacerpolitico.mx\\\/?author=2\"}]}<\/script>\n<!-- \/ Yoast SEO plugin. -->","yoast_head_json":{"title":"Gobierno mexicano viola 25 derechos constitucionales, denuncia ONG -","robots":{"index":"index","follow":"follow","max-snippet":"max-snippet:-1","max-image-preview":"max-image-preview:large","max-video-preview":"max-video-preview:-1"},"canonical":"https:\/\/quehacerpolitico.mx\/?p=87168","og_locale":"es_MX","og_type":"article","og_title":"Gobierno mexicano viola 25 derechos constitucionales, denuncia ONG -","og_description":"Por Redacci\u00f3n QP Se puede ver en el aumento de muertes maternas en el pa\u00eds,...","og_url":"https:\/\/quehacerpolitico.mx\/?p=87168","article_published_time":"2021-12-08T05:36:28+00:00","article_modified_time":"2021-12-08T05:36:31+00:00","og_image":[{"width":600,"height":399,"url":"https:\/\/quehacerpolitico.mx\/wp-content\/uploads\/2021\/12\/09E51729-519D-4429-886D-8EAAD82A6F6C.jpeg","type":"image\/jpeg"}],"author":"Redacci\u00f3n QP","twitter_card":"summary_large_image","twitter_misc":{"Escrito por":"Redacci\u00f3n QP","Tiempo de lectura":"3 minutos"},"schema":{"@context":"https:\/\/schema.org","@graph":[{"@type":"Article","@id":"https:\/\/quehacerpolitico.mx\/?p=87168#article","isPartOf":{"@id":"https:\/\/quehacerpolitico.mx\/?p=87168"},"author":{"name":"Redacci\u00f3n QP","@id":"https:\/\/quehacerpolitico.mx\/#\/schema\/person\/496d8ad2d1d3f8036101dca7ee39e585"},"headline":"Gobierno mexicano viola 25 derechos constitucionales, denuncia ONG","datePublished":"2021-12-08T05:36:28+00:00","dateModified":"2021-12-08T05:36:31+00:00","mainEntityOfPage":{"@id":"https:\/\/quehacerpolitico.mx\/?p=87168"},"wordCount":539,"commentCount":0,"image":{"@id":"https:\/\/quehacerpolitico.mx\/?p=87168#primaryimage"},"thumbnailUrl":"https:\/\/quehacerpolitico.mx\/wp-content\/uploads\/2021\/12\/09E51729-519D-4429-886D-8EAAD82A6F6C.jpeg","articleSection":["Noticias"],"inLanguage":"es","potentialAction":[{"@type":"CommentAction","name":"Comment","target":["https:\/\/quehacerpolitico.mx\/?p=87168#respond"]}]},{"@type":"WebPage","@id":"https:\/\/quehacerpolitico.mx\/?p=87168","url":"https:\/\/quehacerpolitico.mx\/?p=87168","name":"Gobierno mexicano viola 25 derechos constitucionales, denuncia ONG -","isPartOf":{"@id":"https:\/\/quehacerpolitico.mx\/#website"},"primaryImageOfPage":{"@id":"https:\/\/quehacerpolitico.mx\/?p=87168#primaryimage"},"image":{"@id":"https:\/\/quehacerpolitico.mx\/?p=87168#primaryimage"},"thumbnailUrl":"https:\/\/quehacerpolitico.mx\/wp-content\/uploads\/2021\/12\/09E51729-519D-4429-886D-8EAAD82A6F6C.jpeg","datePublished":"2021-12-08T05:36:28+00:00","dateModified":"2021-12-08T05:36:31+00:00","author":{"@id":"https:\/\/quehacerpolitico.mx\/#\/schema\/person\/496d8ad2d1d3f8036101dca7ee39e585"},"breadcrumb":{"@id":"https:\/\/quehacerpolitico.mx\/?p=87168#breadcrumb"},"inLanguage":"es","potentialAction":[{"@type":"ReadAction","target":["https:\/\/quehacerpolitico.mx\/?p=87168"]}]},{"@type":"ImageObject","inLanguage":"es","@id":"https:\/\/quehacerpolitico.mx\/?p=87168#primaryimage","url":"https:\/\/quehacerpolitico.mx\/wp-content\/uploads\/2021\/12\/09E51729-519D-4429-886D-8EAAD82A6F6C.jpeg","contentUrl":"https:\/\/quehacerpolitico.mx\/wp-content\/uploads\/2021\/12\/09E51729-519D-4429-886D-8EAAD82A6F6C.jpeg","width":600,"height":399},{"@type":"BreadcrumbList","@id":"https:\/\/quehacerpolitico.mx\/?p=87168#breadcrumb","itemListElement":[{"@type":"ListItem","position":1,"name":"Inicio","item":"https:\/\/quehacerpolitico.mx\/"},{"@type":"ListItem","position":2,"name":"Gobierno mexicano viola 25 derechos constitucionales, denuncia ONG"}]},{"@type":"WebSite","@id":"https:\/\/quehacerpolitico.mx\/#website","url":"https:\/\/quehacerpolitico.mx\/","name":"","description":"","potentialAction":[{"@type":"SearchAction","target":{"@type":"EntryPoint","urlTemplate":"https:\/\/quehacerpolitico.mx\/?s={search_term_string}"},"query-input":{"@type":"PropertyValueSpecification","valueRequired":true,"valueName":"search_term_string"}}],"inLanguage":"es"},{"@type":"Person","@id":"https:\/\/quehacerpolitico.mx\/#\/schema\/person\/496d8ad2d1d3f8036101dca7ee39e585","name":"Redacci\u00f3n QP","image":{"@type":"ImageObject","inLanguage":"es","@id":"https:\/\/secure.gravatar.com\/avatar\/c7164ed6fdec453195284ad24a5ae5b6e1eed2b848477fa2a4787ba9adf39a41?s=96&d=mm&r=g","url":"https:\/\/secure.gravatar.com\/avatar\/c7164ed6fdec453195284ad24a5ae5b6e1eed2b848477fa2a4787ba9adf39a41?s=96&d=mm&r=g","contentUrl":"https:\/\/secure.gravatar.com\/avatar\/c7164ed6fdec453195284ad24a5ae5b6e1eed2b848477fa2a4787ba9adf39a41?s=96&d=mm&r=g","caption":"Redacci\u00f3n QP"},"url":"https:\/\/quehacerpolitico.mx\/?author=2"}]}},"featured_image_urls":{"full":["https:\/\/quehacerpolitico.mx\/wp-content\/uploads\/2021\/12\/09E51729-519D-4429-886D-8EAAD82A6F6C.jpeg",600,399,false],"thumbnail":["https:\/\/quehacerpolitico.mx\/wp-content\/uploads\/2021\/12\/09E51729-519D-4429-886D-8EAAD82A6F6C-150x150.jpeg",150,150,true],"medium":["https:\/\/quehacerpolitico.mx\/wp-content\/uploads\/2021\/12\/09E51729-519D-4429-886D-8EAAD82A6F6C-300x200.jpeg",300,200,true],"medium_large":["https:\/\/quehacerpolitico.mx\/wp-content\/uploads\/2021\/12\/09E51729-519D-4429-886D-8EAAD82A6F6C.jpeg",600,399,false],"large":["https:\/\/quehacerpolitico.mx\/wp-content\/uploads\/2021\/12\/09E51729-519D-4429-886D-8EAAD82A6F6C.jpeg",600,399,false],"1536x1536":["https:\/\/quehacerpolitico.mx\/wp-content\/uploads\/2021\/12\/09E51729-519D-4429-886D-8EAAD82A6F6C.jpeg",600,399,false],"2048x2048":["https:\/\/quehacerpolitico.mx\/wp-content\/uploads\/2021\/12\/09E51729-519D-4429-886D-8EAAD82A6F6C.jpeg",600,399,false],"covernews-featured":["https:\/\/quehacerpolitico.mx\/wp-content\/uploads\/2021\/12\/09E51729-519D-4429-886D-8EAAD82A6F6C.jpeg",600,399,false],"covernews-medium":["https:\/\/quehacerpolitico.mx\/wp-content\/uploads\/2021\/12\/09E51729-519D-4429-886D-8EAAD82A6F6C.jpeg",511,340,false]},"author_info":{"display_name":"Redacci\u00f3n QP","author_link":"https:\/\/quehacerpolitico.mx\/?author=2"},"category_info":"<a href=\"https:\/\/quehacerpolitico.mx\/?cat=2\" rel=\"category\">Noticias<\/a>","tag_info":"Noticias","comment_count":"0","_links":{"self":[{"href":"https:\/\/quehacerpolitico.mx\/index.php?rest_route=\/wp\/v2\/posts\/87168","targetHints":{"allow":["GET"]}}],"collection":[{"href":"https:\/\/quehacerpolitico.mx\/index.php?rest_route=\/wp\/v2\/posts"}],"about":[{"href":"https:\/\/quehacerpolitico.mx\/index.php?rest_route=\/wp\/v2\/types\/post"}],"author":[{"embeddable":true,"href":"https:\/\/quehacerpolitico.mx\/index.php?rest_route=\/wp\/v2\/users\/2"}],"replies":[{"embeddable":true,"href":"https:\/\/quehacerpolitico.mx\/index.php?rest_route=%2Fwp%2Fv2%2Fcomments&post=87168"}],"version-history":[{"count":1,"href":"https:\/\/quehacerpolitico.mx\/index.php?rest_route=\/wp\/v2\/posts\/87168\/revisions"}],"predecessor-version":[{"id":87170,"href":"https:\/\/quehacerpolitico.mx\/index.php?rest_route=\/wp\/v2\/posts\/87168\/revisions\/87170"}],"wp:featuredmedia":[{"embeddable":true,"href":"https:\/\/quehacerpolitico.mx\/index.php?rest_route=\/wp\/v2\/media\/87169"}],"wp:attachment":[{"href":"https:\/\/quehacerpolitico.mx\/index.php?rest_route=%2Fwp%2Fv2%2Fmedia&parent=87168"}],"wp:term":[{"taxonomy":"category","embeddable":true,"href":"https:\/\/quehacerpolitico.mx\/index.php?rest_route=%2Fwp%2Fv2%2Fcategories&post=87168"},{"taxonomy":"post_tag","embeddable":true,"href":"https:\/\/quehacerpolitico.mx\/index.php?rest_route=%2Fwp%2Fv2%2Ftags&post=87168"}],"curies":[{"name":"wp","href":"https:\/\/api.w.org\/{rel}","templated":true}]}}